{"id":77072,"date":"2021-09-02T19:32:44","date_gmt":"2021-09-02T18:32:44","guid":{"rendered":"https:\/\/www.copealcoy.es\/?p=77072"},"modified":"2021-09-03T17:57:03","modified_gmt":"2021-09-03T16:57:03","slug":"la-fira-modernista-tornara-a-tindre-la-ruta-del-vermut","status":"publish","type":"post","link":"https:\/\/www.copealcoy.es\/es\/la-fira-modernista-tornara-a-tindre-la-ruta-del-vermut\/","title":{"rendered":"La Fira Modernista tornar\u00e0 a tindre la ruta del vermut"},"content":{"rendered":"<p style=\"text-align: justify;\">La <strong>Fira Modernista d&#8217;Alcoi<\/strong> en la seua edici\u00f3 2021 tornar\u00e0 a incorporar <strong>la ruta de la indument\u00e0ria<\/strong>, una iniciativa que permetr\u00e0 visualitzar <strong>els aparadors d&#8217;aquells comer\u00e7os del Centre<\/strong> de la ciutat que <strong>s&#8217;hagen decorat amb roba i objectes que evoquen l&#8217;\u00e8poca modernista<\/strong>. A m\u00e9s torna a posar-se en valor la gastronomia, en aquest cas amb els sentits posats en el <strong>vermut<\/strong>. Aquesta <strong>ruta de tapes<\/strong> s&#8217;especialitza en <strong>la beguda que les acompanya, el vi aromatitzat amb herbes i esp\u00e8cies<\/strong> &#8220;<em>aquesta Fira Modernista \u00e9s m\u00e9s especial que mai perqu\u00e8 ens permetr\u00e0 tornar una mica a la normalitat aix\u00ed com a poder realitzar activitats. La implicaci\u00f3 del comer\u00e7 \u00e9s imprescindible per a palpar el pols de la societat i tindre la grandesa que volem, amb la transversalitat econ\u00f2mica que busquem<\/em>&#8220;, asseguren l&#8217;edil de Turisme de l&#8217;Ajuntament; <strong>Lorena Zamonorano<\/strong>, i el President dels Comerciants del Centre, <strong>Alejandro Cerro<\/strong>.<\/p>\n<p style=\"text-align: justify;\">Recordar que totes aquestes iniciatives <strong>estan supeditades a l&#8217;evoluci\u00f3 que tinga la pand\u00e8mia del Coronavirus<\/strong> en les pr\u00f2ximes setmanes.<\/p>\n<p><iframe loading=\"lazy\" title=\"RP Setmana Modernista 2021 Al Centro\" width=\"1200\" height=\"675\" src=\"https:\/\/www.youtube.com\/embed\/tGkrzrBt-co?feature=oembed\" frameborder=\"0\" allow=\"accelerometer; autoplay; clipboard-write; encrypted-media; gyroscope; picture-in-picture\" allowfullscreen><\/iframe><\/p>\n","protected":false},"excerpt":{"rendered":"<p>La Fira Modernista d&#8217;Alcoi en la seua edici\u00f3 2021 tornar\u00e0 a incorporar la ruta de la indument\u00e0ria, una iniciativa que&#8230;<\/p>\n","protected":false},"author":1,"featured_media":77073,"comment_status":"open","ping_status":"open","sticky":false,"template":"","format":"standard","meta":{"footnotes":""},"categories":[97,78,75],"tags":[160,11696,4680,11695,1796,9810,11694],"class_list":["post-77072","post","type-post","status-publish","format-standard","has-post-thumbnail","hentry","category-alcoy","category-fiestaycultura","category-noticias","tag-alcoi","tag-alejandro-cerro","tag-fira-modernista","tag-indumentaria","tag-lorena-zamorano","tag-rutes","tag-vermut"],"yoast_head":"<!-- This site is optimized with the Yoast SEO plugin v27.3 - https:\/\/yoast.com\/product\/yoast-seo-wordpress\/ -->\n<title>La Fira Modernista tornar\u00e0 a tindre la ruta del vermut - COPE Alcoy<\/title>\n<meta name=\"robots\" content=\"index, follow, max-snippet:-1, max-image-preview:large, max-video-preview:-1\" \/>\n<link rel=\"canonical\" href=\"https:\/\/www.copealcoy.es\/es\/la-fira-modernista-tornara-a-tindre-la-ruta-del-vermut\/\" \/>\n<meta property=\"og:locale\" content=\"es_ES\" \/>\n<meta property=\"og:type\" content=\"article\" \/>\n<meta property=\"og:title\" content=\"La Fira Modernista tornar\u00e0 a tindre la ruta del vermut - COPE Alcoy\" \/>\n<meta property=\"og:description\" content=\"La Fira Modernista d&#8217;Alcoi en la seua edici\u00f3 2021 tornar\u00e0 a incorporar la ruta de la indument\u00e0ria, una iniciativa que...\" \/>\n<meta property=\"og:url\" content=\"https:\/\/www.copealcoy.es\/es\/la-fira-modernista-tornara-a-tindre-la-ruta-del-vermut\/\" \/>\n<meta property=\"og:site_name\" content=\"COPE Alcoy\" \/>\n<meta property=\"article:published_time\" content=\"2021-09-02T18:32:44+00:00\" \/>\n<meta property=\"article:modified_time\" content=\"2021-09-03T16:57:03+00:00\" \/>\n<meta property=\"og:image\" content=\"https:\/\/www.copealcoy.es\/wp-content\/uploads\/2021\/09\/Foto-de-la-roda-de-premsa-dAl-Centro-en-la-Setmana-Modernista-2021-1-980x588.png\" \/>\n\t<meta property=\"og:image:width\" content=\"980\" \/>\n\t<meta property=\"og:image:height\" content=\"588\" \/>\n\t<meta property=\"og:image:type\" content=\"image\/png\" \/>\n<meta name=\"author\" content=\"Cope Alcoy\" \/>\n<meta name=\"twitter:label1\" content=\"Escrito por\" \/>\n\t<meta name=\"twitter:data1\" content=\"Cope Alcoy\" \/>\n\t<meta name=\"twitter:label2\" content=\"Tiempo de lectura\" \/>\n\t<meta name=\"twitter:data2\" content=\"1 minuto\" \/>\n<script type=\"application\/ld+json\" class=\"yoast-schema-graph\">{\"@context\":\"https:\\\/\\\/schema.org\",\"@graph\":[{\"@type\":\"Article\",\"@id\":\"https:\\\/\\\/www.copealcoy.es\\\/es\\\/la-fira-modernista-tornara-a-tindre-la-ruta-del-vermut\\\/#article\",\"isPartOf\":{\"@id\":\"https:\\\/\\\/www.copealcoy.es\\\/es\\\/la-fira-modernista-tornara-a-tindre-la-ruta-del-vermut\\\/\"},\"author\":{\"name\":\"Cope Alcoy\",\"@id\":\"https:\\\/\\\/www.copealcoy.es\\\/es\\\/#\\\/schema\\\/person\\\/e777c87fa024e57d40170af9df39882c\"},\"headline\":\"La Fira Modernista tornar\u00e0 a tindre la ruta del vermut\",\"datePublished\":\"2021-09-02T18:32:44+00:00\",\"dateModified\":\"2021-09-03T16:57:03+00:00\",\"mainEntityOfPage\":{\"@id\":\"https:\\\/\\\/www.copealcoy.es\\\/es\\\/la-fira-modernista-tornara-a-tindre-la-ruta-del-vermut\\\/\"},\"wordCount\":196,\"commentCount\":0,\"image\":{\"@id\":\"https:\\\/\\\/www.copealcoy.es\\\/es\\\/la-fira-modernista-tornara-a-tindre-la-ruta-del-vermut\\\/#primaryimage\"},\"thumbnailUrl\":\"https:\\\/\\\/www.copealcoy.es\\\/wp-content\\\/uploads\\\/2021\\\/09\\\/Foto-de-la-roda-de-premsa-dAl-Centro-en-la-Setmana-Modernista-2021-1.png\",\"keywords\":[\"Alcoi\",\"Alejandro Cerro\",\"Fira Modernista\",\"indumentaria\",\"Lorena Zamorano\",\"Rutes\",\"vermut\"],\"articleSection\":[\"Alcoy\",\"Fiesta y Cultura\",\"Noticias\"],\"inLanguage\":\"es\"},{\"@type\":\"WebPage\",\"@id\":\"https:\\\/\\\/www.copealcoy.es\\\/es\\\/la-fira-modernista-tornara-a-tindre-la-ruta-del-vermut\\\/\",\"url\":\"https:\\\/\\\/www.copealcoy.es\\\/es\\\/la-fira-modernista-tornara-a-tindre-la-ruta-del-vermut\\\/\",\"name\":\"La Fira Modernista tornar\u00e0 a tindre la ruta del vermut - COPE Alcoy\",\"isPartOf\":{\"@id\":\"https:\\\/\\\/www.copealcoy.es\\\/es\\\/#website\"},\"primaryImageOfPage\":{\"@id\":\"https:\\\/\\\/www.copealcoy.es\\\/es\\\/la-fira-modernista-tornara-a-tindre-la-ruta-del-vermut\\\/#primaryimage\"},\"image\":{\"@id\":\"https:\\\/\\\/www.copealcoy.es\\\/es\\\/la-fira-modernista-tornara-a-tindre-la-ruta-del-vermut\\\/#primaryimage\"},\"thumbnailUrl\":\"https:\\\/\\\/www.copealcoy.es\\\/wp-content\\\/uploads\\\/2021\\\/09\\\/Foto-de-la-roda-de-premsa-dAl-Centro-en-la-Setmana-Modernista-2021-1.png\",\"datePublished\":\"2021-09-02T18:32:44+00:00\",\"dateModified\":\"2021-09-03T16:57:03+00:00\",\"author\":{\"@id\":\"https:\\\/\\\/www.copealcoy.es\\\/es\\\/#\\\/schema\\\/person\\\/e777c87fa024e57d40170af9df39882c\"},\"breadcrumb\":{\"@id\":\"https:\\\/\\\/www.copealcoy.es\\\/es\\\/la-fira-modernista-tornara-a-tindre-la-ruta-del-vermut\\\/#breadcrumb\"},\"inLanguage\":\"es\",\"potentialAction\":[{\"@type\":\"ReadAction\",\"target\":[\"https:\\\/\\\/www.copealcoy.es\\\/es\\\/la-fira-modernista-tornara-a-tindre-la-ruta-del-vermut\\\/\"]}]},{\"@type\":\"ImageObject\",\"inLanguage\":\"es\",\"@id\":\"https:\\\/\\\/www.copealcoy.es\\\/es\\\/la-fira-modernista-tornara-a-tindre-la-ruta-del-vermut\\\/#primaryimage\",\"url\":\"https:\\\/\\\/www.copealcoy.es\\\/wp-content\\\/uploads\\\/2021\\\/09\\\/Foto-de-la-roda-de-premsa-dAl-Centro-en-la-Setmana-Modernista-2021-1.png\",\"contentUrl\":\"https:\\\/\\\/www.copealcoy.es\\\/wp-content\\\/uploads\\\/2021\\\/09\\\/Foto-de-la-roda-de-premsa-dAl-Centro-en-la-Setmana-Modernista-2021-1.png\",\"width\":1920,\"height\":1080,\"caption\":\"Fira Modernista\"},{\"@type\":\"BreadcrumbList\",\"@id\":\"https:\\\/\\\/www.copealcoy.es\\\/es\\\/la-fira-modernista-tornara-a-tindre-la-ruta-del-vermut\\\/#breadcrumb\",\"itemListElement\":[{\"@type\":\"ListItem\",\"position\":1,\"name\":\"Portada\",\"item\":\"https:\\\/\\\/www.copealcoy.es\\\/es\\\/\"},{\"@type\":\"ListItem\",\"position\":2,\"name\":\"La Fira Modernista tornar\u00e0 a tindre la ruta del vermut\"}]},{\"@type\":\"WebSite\",\"@id\":\"https:\\\/\\\/www.copealcoy.es\\\/es\\\/#website\",\"url\":\"https:\\\/\\\/www.copealcoy.es\\\/es\\\/\",\"name\":\"COPE Alcoy\",\"description\":\"Emisora COPE de radio local con emisi\u00f3n online. Pont de Sant Jordi 8-10 03803 Alcoy\",\"potentialAction\":[{\"@type\":\"SearchAction\",\"target\":{\"@type\":\"EntryPoint\",\"urlTemplate\":\"https:\\\/\\\/www.copealcoy.es\\\/es\\\/?s={search_term_string}\"},\"query-input\":{\"@type\":\"PropertyValueSpecification\",\"valueRequired\":true,\"valueName\":\"search_term_string\"}}],\"inLanguage\":\"es\"},{\"@type\":\"Person\",\"@id\":\"https:\\\/\\\/www.copealcoy.es\\\/es\\\/#\\\/schema\\\/person\\\/e777c87fa024e57d40170af9df39882c\",\"name\":\"Cope Alcoy\",\"image\":{\"@type\":\"ImageObject\",\"inLanguage\":\"es\",\"@id\":\"https:\\\/\\\/secure.gravatar.com\\\/avatar\\\/bb65d0283347e303893ba14f0692005417c1e0e690a325a4c5d8bb2b3943ee14?s=96&d=mm&r=g\",\"url\":\"https:\\\/\\\/secure.gravatar.com\\\/avatar\\\/bb65d0283347e303893ba14f0692005417c1e0e690a325a4c5d8bb2b3943ee14?s=96&d=mm&r=g\",\"contentUrl\":\"https:\\\/\\\/secure.gravatar.com\\\/avatar\\\/bb65d0283347e303893ba14f0692005417c1e0e690a325a4c5d8bb2b3943ee14?s=96&d=mm&r=g\",\"caption\":\"Cope Alcoy\"}}]}<\/script>\n<!-- \/ Yoast SEO plugin. -->","yoast_head_json":{"title":"La Fira Modernista tornar\u00e0 a tindre la ruta del vermut - COPE Alcoy","robots":{"index":"index","follow":"follow","max-snippet":"max-snippet:-1","max-image-preview":"max-image-preview:large","max-video-preview":"max-video-preview:-1"},"canonical":"https:\/\/www.copealcoy.es\/es\/la-fira-modernista-tornara-a-tindre-la-ruta-del-vermut\/","og_locale":"es_ES","og_type":"article","og_title":"La Fira Modernista tornar\u00e0 a tindre la ruta del vermut - COPE Alcoy","og_description":"La Fira Modernista d&#8217;Alcoi en la seua edici\u00f3 2021 tornar\u00e0 a incorporar la ruta de la indument\u00e0ria, una iniciativa que...","og_url":"https:\/\/www.copealcoy.es\/es\/la-fira-modernista-tornara-a-tindre-la-ruta-del-vermut\/","og_site_name":"COPE Alcoy","article_published_time":"2021-09-02T18:32:44+00:00","article_modified_time":"2021-09-03T16:57:03+00:00","og_image":[{"width":980,"height":588,"url":"https:\/\/www.copealcoy.es\/wp-content\/uploads\/2021\/09\/Foto-de-la-roda-de-premsa-dAl-Centro-en-la-Setmana-Modernista-2021-1-980x588.png","type":"image\/png"}],"author":"Cope Alcoy","twitter_misc":{"Escrito por":"Cope Alcoy","Tiempo de lectura":"1 minuto"},"schema":{"@context":"https:\/\/schema.org","@graph":[{"@type":"Article","@id":"https:\/\/www.copealcoy.es\/es\/la-fira-modernista-tornara-a-tindre-la-ruta-del-vermut\/#article","isPartOf":{"@id":"https:\/\/www.copealcoy.es\/es\/la-fira-modernista-tornara-a-tindre-la-ruta-del-vermut\/"},"author":{"name":"Cope Alcoy","@id":"https:\/\/www.copealcoy.es\/es\/#\/schema\/person\/e777c87fa024e57d40170af9df39882c"},"headline":"La Fira Modernista tornar\u00e0 a tindre la ruta del vermut","datePublished":"2021-09-02T18:32:44+00:00","dateModified":"2021-09-03T16:57:03+00:00","mainEntityOfPage":{"@id":"https:\/\/www.copealcoy.es\/es\/la-fira-modernista-tornara-a-tindre-la-ruta-del-vermut\/"},"wordCount":196,"commentCount":0,"image":{"@id":"https:\/\/www.copealcoy.es\/es\/la-fira-modernista-tornara-a-tindre-la-ruta-del-vermut\/#primaryimage"},"thumbnailUrl":"https:\/\/www.copealcoy.es\/wp-content\/uploads\/2021\/09\/Foto-de-la-roda-de-premsa-dAl-Centro-en-la-Setmana-Modernista-2021-1.png","keywords":["Alcoi","Alejandro Cerro","Fira Modernista","indumentaria","Lorena Zamorano","Rutes","vermut"],"articleSection":["Alcoy","Fiesta y Cultura","Noticias"],"inLanguage":"es"},{"@type":"WebPage","@id":"https:\/\/www.copealcoy.es\/es\/la-fira-modernista-tornara-a-tindre-la-ruta-del-vermut\/","url":"https:\/\/www.copealcoy.es\/es\/la-fira-modernista-tornara-a-tindre-la-ruta-del-vermut\/","name":"La Fira Modernista tornar\u00e0 a tindre la ruta del vermut - COPE Alcoy","isPartOf":{"@id":"https:\/\/www.copealcoy.es\/es\/#website"},"primaryImageOfPage":{"@id":"https:\/\/www.copealcoy.es\/es\/la-fira-modernista-tornara-a-tindre-la-ruta-del-vermut\/#primaryimage"},"image":{"@id":"https:\/\/www.copealcoy.es\/es\/la-fira-modernista-tornara-a-tindre-la-ruta-del-vermut\/#primaryimage"},"thumbnailUrl":"https:\/\/www.copealcoy.es\/wp-content\/uploads\/2021\/09\/Foto-de-la-roda-de-premsa-dAl-Centro-en-la-Setmana-Modernista-2021-1.png","datePublished":"2021-09-02T18:32:44+00:00","dateModified":"2021-09-03T16:57:03+00:00","author":{"@id":"https:\/\/www.copealcoy.es\/es\/#\/schema\/person\/e777c87fa024e57d40170af9df39882c"},"breadcrumb":{"@id":"https:\/\/www.copealcoy.es\/es\/la-fira-modernista-tornara-a-tindre-la-ruta-del-vermut\/#breadcrumb"},"inLanguage":"es","potentialAction":[{"@type":"ReadAction","target":["https:\/\/www.copealcoy.es\/es\/la-fira-modernista-tornara-a-tindre-la-ruta-del-vermut\/"]}]},{"@type":"ImageObject","inLanguage":"es","@id":"https:\/\/www.copealcoy.es\/es\/la-fira-modernista-tornara-a-tindre-la-ruta-del-vermut\/#primaryimage","url":"https:\/\/www.copealcoy.es\/wp-content\/uploads\/2021\/09\/Foto-de-la-roda-de-premsa-dAl-Centro-en-la-Setmana-Modernista-2021-1.png","contentUrl":"https:\/\/www.copealcoy.es\/wp-content\/uploads\/2021\/09\/Foto-de-la-roda-de-premsa-dAl-Centro-en-la-Setmana-Modernista-2021-1.png","width":1920,"height":1080,"caption":"Fira Modernista"},{"@type":"BreadcrumbList","@id":"https:\/\/www.copealcoy.es\/es\/la-fira-modernista-tornara-a-tindre-la-ruta-del-vermut\/#breadcrumb","itemListElement":[{"@type":"ListItem","position":1,"name":"Portada","item":"https:\/\/www.copealcoy.es\/es\/"},{"@type":"ListItem","position":2,"name":"La Fira Modernista tornar\u00e0 a tindre la ruta del vermut"}]},{"@type":"WebSite","@id":"https:\/\/www.copealcoy.es\/es\/#website","url":"https:\/\/www.copealcoy.es\/es\/","name":"COPE Alcoy","description":"Emisora COPE de radio local con emisi\u00f3n online. Pont de Sant Jordi 8-10 03803 Alcoy","potentialAction":[{"@type":"SearchAction","target":{"@type":"EntryPoint","urlTemplate":"https:\/\/www.copealcoy.es\/es\/?s={search_term_string}"},"query-input":{"@type":"PropertyValueSpecification","valueRequired":true,"valueName":"search_term_string"}}],"inLanguage":"es"},{"@type":"Person","@id":"https:\/\/www.copealcoy.es\/es\/#\/schema\/person\/e777c87fa024e57d40170af9df39882c","name":"Cope Alcoy","image":{"@type":"ImageObject","inLanguage":"es","@id":"https:\/\/secure.gravatar.com\/avatar\/bb65d0283347e303893ba14f0692005417c1e0e690a325a4c5d8bb2b3943ee14?s=96&d=mm&r=g","url":"https:\/\/secure.gravatar.com\/avatar\/bb65d0283347e303893ba14f0692005417c1e0e690a325a4c5d8bb2b3943ee14?s=96&d=mm&r=g","contentUrl":"https:\/\/secure.gravatar.com\/avatar\/bb65d0283347e303893ba14f0692005417c1e0e690a325a4c5d8bb2b3943ee14?s=96&d=mm&r=g","caption":"Cope Alcoy"}}]}},"_links":{"self":[{"href":"https:\/\/www.copealcoy.es\/es\/wp-json\/wp\/v2\/posts\/77072","targetHints":{"allow":["GET"]}}],"collection":[{"href":"https:\/\/www.copealcoy.es\/es\/wp-json\/wp\/v2\/posts"}],"about":[{"href":"https:\/\/www.copealcoy.es\/es\/wp-json\/wp\/v2\/types\/post"}],"author":[{"embeddable":true,"href":"https:\/\/www.copealcoy.es\/es\/wp-json\/wp\/v2\/users\/1"}],"replies":[{"embeddable":true,"href":"https:\/\/www.copealcoy.es\/es\/wp-json\/wp\/v2\/comments?post=77072"}],"version-history":[{"count":0,"href":"https:\/\/www.copealcoy.es\/es\/wp-json\/wp\/v2\/posts\/77072\/revisions"}],"wp:featuredmedia":[{"embeddable":true,"href":"https:\/\/www.copealcoy.es\/es\/wp-json\/wp\/v2\/media\/77073"}],"wp:attachment":[{"href":"https:\/\/www.copealcoy.es\/es\/wp-json\/wp\/v2\/media?parent=77072"}],"wp:term":[{"taxonomy":"category","embeddable":true,"href":"https:\/\/www.copealcoy.es\/es\/wp-json\/wp\/v2\/categories?post=77072"},{"taxonomy":"post_tag","embeddable":true,"href":"https:\/\/www.copealcoy.es\/es\/wp-json\/wp\/v2\/tags?post=77072"}],"curies":[{"name":"wp","href":"https:\/\/api.w.org\/{rel}","templated":true}]}}