{"id":76643,"date":"2021-08-18T17:28:45","date_gmt":"2021-08-18T16:28:45","guid":{"rendered":"https:\/\/www.copealcoy.es\/?p=76643"},"modified":"2021-08-18T17:51:20","modified_gmt":"2021-08-18T16:51:20","slug":"gabriela-bravo-acif-es-un-ejemplo-de-compromiso-con-el-medio-ambiente","status":"publish","type":"post","link":"https:\/\/www.copealcoy.es\/es\/gabriela-bravo-acif-es-un-ejemplo-de-compromiso-con-el-medio-ambiente\/","title":{"rendered":"Gabriela Bravo: &#8220;ACIF es un ejemplo de compromiso con el Medio Ambiente&#8221;"},"content":{"rendered":"<p style=\"text-align: justify;\">La Consellera de Justicia, Interior y Administraci\u00f3n P\u00fablica, <strong>Gabriela Bravo<\/strong>, ha visitado este mi\u00e9rcoles <strong>la Agrupaci\u00f3n contra los Incendios Forestales (ACIF) de Alcoy<\/strong>. El colectivo, que desempe\u00f1a una importante labora a la hora de prevenir incendios forestales y actuar en la extinci\u00f3n de los mismos, <strong>celebra en este 2021 treinta a\u00f1os desde su fundaci\u00f3n<\/strong>.<\/p>\n<p style=\"text-align: justify;\">Hay que recordar que actualmente <strong>ACIF est\u00e1 formada por 35 personas durante todo el a\u00f1o y unas 40 m\u00e1s que se incorporan a las tareas de voluntariado durante el per\u00edodo estival<\/strong>, fecha en la que el riesgo de incendios es m\u00e1s alto. Asimismo desde 2019<strong> la agrupaci\u00f3n est\u00e1 acreditada por la Agencia de Seguridad y Respuesta a las Emergencias<\/strong> lo que la habilita para <strong>ser movilizada oficialmente como un servicio esencial de intervenci\u00f3n en emergencias<\/strong> y <strong>actuar bajo el mando de la jefatura de la emergencia y en coordinaci\u00f3n con otras agencias<\/strong> &#8220;<em>es un ejemplo de respuesta a la emergencia, de sensibilidad, de compromiso con el medio ambiente. Debemos entender que el medio ambiente es patrimonio de todas las personas, y que no solo deben protegerlo las personas profesionales, sino que tenemos la obligaci\u00f3n de protegerlo toda la sociedad civil porque nuestra naturaleza es insustituible y por eso debemos implicarnos en la prevenci\u00f3n y en la actuaci\u00f3n en las emergencias<\/em>&#8220;, ha afirmado Bravo.\u00a0 La misma Consellera <strong>ha realizado un llamamiento a la sociedad civil<\/strong> para sumarse al ejemplo de ACIF y el resto de las asociaciones de voluntarios y voluntarias que la Agencia Valenciana de Seguridad y Respuesta a las Emergencias ha certificado como agrupaciones capacitadas para atender cualquier eventualidad &#8220;<em>tan necesarias para cuidar nuestra naturaleza&#8221;. Estas asociaciones est\u00e1n preparadas para actuar en cualquier emergencia y forman parte de los servicios esenciales de la Generalitat<\/em>&#8220;, ha apuntado.<\/p>\n<p style=\"text-align: justify;\">Recordar que <strong>ACIF recibi\u00f3 recientemente la Medalla al M\u00e9rito de la Protecci\u00f3n Civil que concede el Ministerio de Interior<\/strong> coincidiendo con su 30 aniversario. Hace 5 a\u00f1os, <strong>con motivo de su 25 aniversario<\/strong>, le fue entregada por el President del Consell, <strong>Ximo Puig<\/strong>;\u00a0la <strong>Medalla de Plata de la Generalitat al M\u00e9rito de Protecci\u00f3n Civil<\/strong> en reconocimiento a su compromiso con la naturaleza y su trabajo activo frente a las llamas.<\/p>\n","protected":false},"excerpt":{"rendered":"<p>La Consellera de Justicia, Interior y Administraci\u00f3n P\u00fablica, Gabriela Bravo, ha visitado este mi\u00e9rcoles la Agrupaci\u00f3n contra los Incendios Forestales&#8230;<\/p>\n","protected":false},"author":1,"featured_media":76644,"comment_status":"open","ping_status":"open","sticky":false,"template":"","format":"standard","meta":{"footnotes":""},"categories":[97,75,79,125],"tags":[3800,11666,11665,3978,1154],"class_list":["post-76643","post","type-post","status-publish","format-standard","has-post-thumbnail","hentry","category-alcoy","category-noticias","category-politicayeconomia","category-portada","tag-aniversario","tag-consellera-de-justicia","tag-gabriela-bravo-acif","tag-treinta-anos","tag-visita"],"yoast_head":"<!-- This site is optimized with the Yoast SEO plugin v27.3 - https:\/\/yoast.com\/product\/yoast-seo-wordpress\/ -->\n<title>Gabriela Bravo: &quot;ACIF es un ejemplo de compromiso con el Medio Ambiente&quot; - COPE Alcoy<\/title>\n<meta name=\"robots\" content=\"index, follow, max-snippet:-1, max-image-preview:large, max-video-preview:-1\" \/>\n<link rel=\"canonical\" href=\"https:\/\/www.copealcoy.es\/es\/gabriela-bravo-acif-es-un-ejemplo-de-compromiso-con-el-medio-ambiente\/\" \/>\n<meta property=\"og:locale\" content=\"es_ES\" \/>\n<meta property=\"og:type\" content=\"article\" \/>\n<meta property=\"og:title\" content=\"Gabriela Bravo: &quot;ACIF es un ejemplo de compromiso con el Medio Ambiente&quot; - COPE Alcoy\" \/>\n<meta property=\"og:description\" content=\"La Consellera de Justicia, Interior y Administraci\u00f3n P\u00fablica, Gabriela Bravo, ha visitado este mi\u00e9rcoles la Agrupaci\u00f3n contra los Incendios Forestales...\" \/>\n<meta property=\"og:url\" content=\"https:\/\/www.copealcoy.es\/es\/gabriela-bravo-acif-es-un-ejemplo-de-compromiso-con-el-medio-ambiente\/\" \/>\n<meta property=\"og:site_name\" content=\"COPE Alcoy\" \/>\n<meta property=\"article:published_time\" content=\"2021-08-18T16:28:45+00:00\" \/>\n<meta property=\"article:modified_time\" content=\"2021-08-18T16:51:20+00:00\" \/>\n<meta property=\"og:image\" content=\"https:\/\/www.copealcoy.es\/wp-content\/uploads\/2021\/08\/Bravo_Alcoi.jpg\" \/>\n\t<meta property=\"og:image:width\" content=\"2048\" \/>\n\t<meta property=\"og:image:height\" content=\"1150\" \/>\n\t<meta property=\"og:image:type\" content=\"image\/jpeg\" \/>\n<meta name=\"author\" content=\"Cope Alcoy\" \/>\n<meta name=\"twitter:label1\" content=\"Escrito por\" \/>\n\t<meta name=\"twitter:data1\" content=\"Cope Alcoy\" \/>\n\t<meta name=\"twitter:label2\" content=\"Tiempo de lectura\" \/>\n\t<meta name=\"twitter:data2\" content=\"2 minutos\" \/>\n<script type=\"application\/ld+json\" class=\"yoast-schema-graph\">{\"@context\":\"https:\\\/\\\/schema.org\",\"@graph\":[{\"@type\":\"Article\",\"@id\":\"https:\\\/\\\/www.copealcoy.es\\\/es\\\/gabriela-bravo-acif-es-un-ejemplo-de-compromiso-con-el-medio-ambiente\\\/#article\",\"isPartOf\":{\"@id\":\"https:\\\/\\\/www.copealcoy.es\\\/es\\\/gabriela-bravo-acif-es-un-ejemplo-de-compromiso-con-el-medio-ambiente\\\/\"},\"author\":{\"name\":\"Cope Alcoy\",\"@id\":\"https:\\\/\\\/www.copealcoy.es\\\/es\\\/#\\\/schema\\\/person\\\/e777c87fa024e57d40170af9df39882c\"},\"headline\":\"Gabriela Bravo: &#8220;ACIF es un ejemplo de compromiso con el Medio Ambiente&#8221;\",\"datePublished\":\"2021-08-18T16:28:45+00:00\",\"dateModified\":\"2021-08-18T16:51:20+00:00\",\"mainEntityOfPage\":{\"@id\":\"https:\\\/\\\/www.copealcoy.es\\\/es\\\/gabriela-bravo-acif-es-un-ejemplo-de-compromiso-con-el-medio-ambiente\\\/\"},\"wordCount\":391,\"commentCount\":0,\"image\":{\"@id\":\"https:\\\/\\\/www.copealcoy.es\\\/es\\\/gabriela-bravo-acif-es-un-ejemplo-de-compromiso-con-el-medio-ambiente\\\/#primaryimage\"},\"thumbnailUrl\":\"https:\\\/\\\/www.copealcoy.es\\\/wp-content\\\/uploads\\\/2021\\\/08\\\/Bravo_Alcoi.jpg\",\"keywords\":[\"aniversario\",\"Consellera de Justicia\",\"Gabriela Bravo. ACIF\",\"treinta a\u00f1os\",\"Visita\"],\"articleSection\":[\"Alcoy\",\"Noticias\",\"Pol\u00edtica y Econom\u00eda\",\"Portada\"],\"inLanguage\":\"es\"},{\"@type\":\"WebPage\",\"@id\":\"https:\\\/\\\/www.copealcoy.es\\\/es\\\/gabriela-bravo-acif-es-un-ejemplo-de-compromiso-con-el-medio-ambiente\\\/\",\"url\":\"https:\\\/\\\/www.copealcoy.es\\\/es\\\/gabriela-bravo-acif-es-un-ejemplo-de-compromiso-con-el-medio-ambiente\\\/\",\"name\":\"Gabriela Bravo: \\\"ACIF es un ejemplo de compromiso con el Medio Ambiente\\\" - COPE Alcoy\",\"isPartOf\":{\"@id\":\"https:\\\/\\\/www.copealcoy.es\\\/es\\\/#website\"},\"primaryImageOfPage\":{\"@id\":\"https:\\\/\\\/www.copealcoy.es\\\/es\\\/gabriela-bravo-acif-es-un-ejemplo-de-compromiso-con-el-medio-ambiente\\\/#primaryimage\"},\"image\":{\"@id\":\"https:\\\/\\\/www.copealcoy.es\\\/es\\\/gabriela-bravo-acif-es-un-ejemplo-de-compromiso-con-el-medio-ambiente\\\/#primaryimage\"},\"thumbnailUrl\":\"https:\\\/\\\/www.copealcoy.es\\\/wp-content\\\/uploads\\\/2021\\\/08\\\/Bravo_Alcoi.jpg\",\"datePublished\":\"2021-08-18T16:28:45+00:00\",\"dateModified\":\"2021-08-18T16:51:20+00:00\",\"author\":{\"@id\":\"https:\\\/\\\/www.copealcoy.es\\\/es\\\/#\\\/schema\\\/person\\\/e777c87fa024e57d40170af9df39882c\"},\"breadcrumb\":{\"@id\":\"https:\\\/\\\/www.copealcoy.es\\\/es\\\/gabriela-bravo-acif-es-un-ejemplo-de-compromiso-con-el-medio-ambiente\\\/#breadcrumb\"},\"inLanguage\":\"es\",\"potentialAction\":[{\"@type\":\"ReadAction\",\"target\":[\"https:\\\/\\\/www.copealcoy.es\\\/es\\\/gabriela-bravo-acif-es-un-ejemplo-de-compromiso-con-el-medio-ambiente\\\/\"]}]},{\"@type\":\"ImageObject\",\"inLanguage\":\"es\",\"@id\":\"https:\\\/\\\/www.copealcoy.es\\\/es\\\/gabriela-bravo-acif-es-un-ejemplo-de-compromiso-con-el-medio-ambiente\\\/#primaryimage\",\"url\":\"https:\\\/\\\/www.copealcoy.es\\\/wp-content\\\/uploads\\\/2021\\\/08\\\/Bravo_Alcoi.jpg\",\"contentUrl\":\"https:\\\/\\\/www.copealcoy.es\\\/wp-content\\\/uploads\\\/2021\\\/08\\\/Bravo_Alcoi.jpg\",\"width\":2048,\"height\":1150},{\"@type\":\"BreadcrumbList\",\"@id\":\"https:\\\/\\\/www.copealcoy.es\\\/es\\\/gabriela-bravo-acif-es-un-ejemplo-de-compromiso-con-el-medio-ambiente\\\/#breadcrumb\",\"itemListElement\":[{\"@type\":\"ListItem\",\"position\":1,\"name\":\"Portada\",\"item\":\"https:\\\/\\\/www.copealcoy.es\\\/es\\\/\"},{\"@type\":\"ListItem\",\"position\":2,\"name\":\"Gabriela Bravo: &#8220;ACIF es un ejemplo de compromiso con el Medio Ambiente&#8221;\"}]},{\"@type\":\"WebSite\",\"@id\":\"https:\\\/\\\/www.copealcoy.es\\\/es\\\/#website\",\"url\":\"https:\\\/\\\/www.copealcoy.es\\\/es\\\/\",\"name\":\"COPE Alcoy\",\"description\":\"Emisora COPE de radio local con emisi\u00f3n online. Pont de Sant Jordi 8-10 03803 Alcoy\",\"potentialAction\":[{\"@type\":\"SearchAction\",\"target\":{\"@type\":\"EntryPoint\",\"urlTemplate\":\"https:\\\/\\\/www.copealcoy.es\\\/es\\\/?s={search_term_string}\"},\"query-input\":{\"@type\":\"PropertyValueSpecification\",\"valueRequired\":true,\"valueName\":\"search_term_string\"}}],\"inLanguage\":\"es\"},{\"@type\":\"Person\",\"@id\":\"https:\\\/\\\/www.copealcoy.es\\\/es\\\/#\\\/schema\\\/person\\\/e777c87fa024e57d40170af9df39882c\",\"name\":\"Cope Alcoy\",\"image\":{\"@type\":\"ImageObject\",\"inLanguage\":\"es\",\"@id\":\"https:\\\/\\\/secure.gravatar.com\\\/avatar\\\/bb65d0283347e303893ba14f0692005417c1e0e690a325a4c5d8bb2b3943ee14?s=96&d=mm&r=g\",\"url\":\"https:\\\/\\\/secure.gravatar.com\\\/avatar\\\/bb65d0283347e303893ba14f0692005417c1e0e690a325a4c5d8bb2b3943ee14?s=96&d=mm&r=g\",\"contentUrl\":\"https:\\\/\\\/secure.gravatar.com\\\/avatar\\\/bb65d0283347e303893ba14f0692005417c1e0e690a325a4c5d8bb2b3943ee14?s=96&d=mm&r=g\",\"caption\":\"Cope Alcoy\"}}]}<\/script>\n<!-- \/ Yoast SEO plugin. -->","yoast_head_json":{"title":"Gabriela Bravo: \"ACIF es un ejemplo de compromiso con el Medio Ambiente\" - COPE Alcoy","robots":{"index":"index","follow":"follow","max-snippet":"max-snippet:-1","max-image-preview":"max-image-preview:large","max-video-preview":"max-video-preview:-1"},"canonical":"https:\/\/www.copealcoy.es\/es\/gabriela-bravo-acif-es-un-ejemplo-de-compromiso-con-el-medio-ambiente\/","og_locale":"es_ES","og_type":"article","og_title":"Gabriela Bravo: \"ACIF es un ejemplo de compromiso con el Medio Ambiente\" - COPE Alcoy","og_description":"La Consellera de Justicia, Interior y Administraci\u00f3n P\u00fablica, Gabriela Bravo, ha visitado este mi\u00e9rcoles la Agrupaci\u00f3n contra los Incendios Forestales...","og_url":"https:\/\/www.copealcoy.es\/es\/gabriela-bravo-acif-es-un-ejemplo-de-compromiso-con-el-medio-ambiente\/","og_site_name":"COPE Alcoy","article_published_time":"2021-08-18T16:28:45+00:00","article_modified_time":"2021-08-18T16:51:20+00:00","og_image":[{"width":2048,"height":1150,"url":"https:\/\/www.copealcoy.es\/wp-content\/uploads\/2021\/08\/Bravo_Alcoi.jpg","type":"image\/jpeg"}],"author":"Cope Alcoy","twitter_misc":{"Escrito por":"Cope Alcoy","Tiempo de lectura":"2 minutos"},"schema":{"@context":"https:\/\/schema.org","@graph":[{"@type":"Article","@id":"https:\/\/www.copealcoy.es\/es\/gabriela-bravo-acif-es-un-ejemplo-de-compromiso-con-el-medio-ambiente\/#article","isPartOf":{"@id":"https:\/\/www.copealcoy.es\/es\/gabriela-bravo-acif-es-un-ejemplo-de-compromiso-con-el-medio-ambiente\/"},"author":{"name":"Cope Alcoy","@id":"https:\/\/www.copealcoy.es\/es\/#\/schema\/person\/e777c87fa024e57d40170af9df39882c"},"headline":"Gabriela Bravo: &#8220;ACIF es un ejemplo de compromiso con el Medio Ambiente&#8221;","datePublished":"2021-08-18T16:28:45+00:00","dateModified":"2021-08-18T16:51:20+00:00","mainEntityOfPage":{"@id":"https:\/\/www.copealcoy.es\/es\/gabriela-bravo-acif-es-un-ejemplo-de-compromiso-con-el-medio-ambiente\/"},"wordCount":391,"commentCount":0,"image":{"@id":"https:\/\/www.copealcoy.es\/es\/gabriela-bravo-acif-es-un-ejemplo-de-compromiso-con-el-medio-ambiente\/#primaryimage"},"thumbnailUrl":"https:\/\/www.copealcoy.es\/wp-content\/uploads\/2021\/08\/Bravo_Alcoi.jpg","keywords":["aniversario","Consellera de Justicia","Gabriela Bravo. ACIF","treinta a\u00f1os","Visita"],"articleSection":["Alcoy","Noticias","Pol\u00edtica y Econom\u00eda","Portada"],"inLanguage":"es"},{"@type":"WebPage","@id":"https:\/\/www.copealcoy.es\/es\/gabriela-bravo-acif-es-un-ejemplo-de-compromiso-con-el-medio-ambiente\/","url":"https:\/\/www.copealcoy.es\/es\/gabriela-bravo-acif-es-un-ejemplo-de-compromiso-con-el-medio-ambiente\/","name":"Gabriela Bravo: \"ACIF es un ejemplo de compromiso con el Medio Ambiente\" - COPE Alcoy","isPartOf":{"@id":"https:\/\/www.copealcoy.es\/es\/#website"},"primaryImageOfPage":{"@id":"https:\/\/www.copealcoy.es\/es\/gabriela-bravo-acif-es-un-ejemplo-de-compromiso-con-el-medio-ambiente\/#primaryimage"},"image":{"@id":"https:\/\/www.copealcoy.es\/es\/gabriela-bravo-acif-es-un-ejemplo-de-compromiso-con-el-medio-ambiente\/#primaryimage"},"thumbnailUrl":"https:\/\/www.copealcoy.es\/wp-content\/uploads\/2021\/08\/Bravo_Alcoi.jpg","datePublished":"2021-08-18T16:28:45+00:00","dateModified":"2021-08-18T16:51:20+00:00","author":{"@id":"https:\/\/www.copealcoy.es\/es\/#\/schema\/person\/e777c87fa024e57d40170af9df39882c"},"breadcrumb":{"@id":"https:\/\/www.copealcoy.es\/es\/gabriela-bravo-acif-es-un-ejemplo-de-compromiso-con-el-medio-ambiente\/#breadcrumb"},"inLanguage":"es","potentialAction":[{"@type":"ReadAction","target":["https:\/\/www.copealcoy.es\/es\/gabriela-bravo-acif-es-un-ejemplo-de-compromiso-con-el-medio-ambiente\/"]}]},{"@type":"ImageObject","inLanguage":"es","@id":"https:\/\/www.copealcoy.es\/es\/gabriela-bravo-acif-es-un-ejemplo-de-compromiso-con-el-medio-ambiente\/#primaryimage","url":"https:\/\/www.copealcoy.es\/wp-content\/uploads\/2021\/08\/Bravo_Alcoi.jpg","contentUrl":"https:\/\/www.copealcoy.es\/wp-content\/uploads\/2021\/08\/Bravo_Alcoi.jpg","width":2048,"height":1150},{"@type":"BreadcrumbList","@id":"https:\/\/www.copealcoy.es\/es\/gabriela-bravo-acif-es-un-ejemplo-de-compromiso-con-el-medio-ambiente\/#breadcrumb","itemListElement":[{"@type":"ListItem","position":1,"name":"Portada","item":"https:\/\/www.copealcoy.es\/es\/"},{"@type":"ListItem","position":2,"name":"Gabriela Bravo: &#8220;ACIF es un ejemplo de compromiso con el Medio Ambiente&#8221;"}]},{"@type":"WebSite","@id":"https:\/\/www.copealcoy.es\/es\/#website","url":"https:\/\/www.copealcoy.es\/es\/","name":"COPE Alcoy","description":"Emisora COPE de radio local con emisi\u00f3n online. Pont de Sant Jordi 8-10 03803 Alcoy","potentialAction":[{"@type":"SearchAction","target":{"@type":"EntryPoint","urlTemplate":"https:\/\/www.copealcoy.es\/es\/?s={search_term_string}"},"query-input":{"@type":"PropertyValueSpecification","valueRequired":true,"valueName":"search_term_string"}}],"inLanguage":"es"},{"@type":"Person","@id":"https:\/\/www.copealcoy.es\/es\/#\/schema\/person\/e777c87fa024e57d40170af9df39882c","name":"Cope Alcoy","image":{"@type":"ImageObject","inLanguage":"es","@id":"https:\/\/secure.gravatar.com\/avatar\/bb65d0283347e303893ba14f0692005417c1e0e690a325a4c5d8bb2b3943ee14?s=96&d=mm&r=g","url":"https:\/\/secure.gravatar.com\/avatar\/bb65d0283347e303893ba14f0692005417c1e0e690a325a4c5d8bb2b3943ee14?s=96&d=mm&r=g","contentUrl":"https:\/\/secure.gravatar.com\/avatar\/bb65d0283347e303893ba14f0692005417c1e0e690a325a4c5d8bb2b3943ee14?s=96&d=mm&r=g","caption":"Cope Alcoy"}}]}},"_links":{"self":[{"href":"https:\/\/www.copealcoy.es\/es\/wp-json\/wp\/v2\/posts\/76643","targetHints":{"allow":["GET"]}}],"collection":[{"href":"https:\/\/www.copealcoy.es\/es\/wp-json\/wp\/v2\/posts"}],"about":[{"href":"https:\/\/www.copealcoy.es\/es\/wp-json\/wp\/v2\/types\/post"}],"author":[{"embeddable":true,"href":"https:\/\/www.copealcoy.es\/es\/wp-json\/wp\/v2\/users\/1"}],"replies":[{"embeddable":true,"href":"https:\/\/www.copealcoy.es\/es\/wp-json\/wp\/v2\/comments?post=76643"}],"version-history":[{"count":0,"href":"https:\/\/www.copealcoy.es\/es\/wp-json\/wp\/v2\/posts\/76643\/revisions"}],"wp:featuredmedia":[{"embeddable":true,"href":"https:\/\/www.copealcoy.es\/es\/wp-json\/wp\/v2\/media\/76644"}],"wp:attachment":[{"href":"https:\/\/www.copealcoy.es\/es\/wp-json\/wp\/v2\/media?parent=76643"}],"wp:term":[{"taxonomy":"category","embeddable":true,"href":"https:\/\/www.copealcoy.es\/es\/wp-json\/wp\/v2\/categories?post=76643"},{"taxonomy":"post_tag","embeddable":true,"href":"https:\/\/www.copealcoy.es\/es\/wp-json\/wp\/v2\/tags?post=76643"}],"curies":[{"name":"wp","href":"https:\/\/api.w.org\/{rel}","templated":true}]}}