{"id":76506,"date":"2021-08-05T18:47:26","date_gmt":"2021-08-05T17:47:26","guid":{"rendered":"https:\/\/www.copealcoy.es\/?p=76506"},"modified":"2021-08-06T19:05:27","modified_gmt":"2021-08-06T18:05:27","slug":"700-000-euros-para-rehabilitar-dos-edificios-municipales-del-centro","status":"publish","type":"post","link":"https:\/\/www.copealcoy.es\/es\/700-000-euros-para-rehabilitar-dos-edificios-municipales-del-centro\/","title":{"rendered":"700.000 euros para rehabilitar dos edificios municipales del Centro"},"content":{"rendered":"<p style=\"text-align: justify;\">La <strong>Junta de Gobierno del Ayuntamiento de Alcoy<\/strong> ha aprobado recientemente <strong>la rehabilitaci\u00f3n de dos inmuebles que permitir\u00e1n la regeneraci\u00f3n urbana del Centro y la zona de El Partidor<\/strong>. Las acciones, seg\u00fan informaba d\u00edas atr\u00e1s el Consistorio, <strong>permitir\u00e1n invertir 700.000 euros<\/strong> en la adecuaci\u00f3n de dos edificios de propiedad municipal que supondr\u00e1n la creaci\u00f3n de 13 nuevas viviendas.<\/p>\n<p style=\"text-align: justify;\">Los inmuebles <strong>se encuentran en la c\u00e9ntrica Calle Sant Maure n\u00famero 13<\/strong>, donde se habilitar\u00e1n cuatro viviendas, y en <strong>la Calle La Sardina 14<\/strong>\u00a0 en las inmediaciones de El Partidor; lugar donde se habilitar\u00e1n nueve viviendas aplic\u00e1ndose un modelo que comprende alojamientos de uso particular y espacios con servicios comunes de uso colectivo. Hay que se\u00f1alar que <strong>esta intervenci\u00f3n se enmarca dentro de la Estrategia de Desarrollo Urbano Sostenible e Integrado (EDUSI)<\/strong>, un hecho que permitir\u00e1 que aproximadamente <strong>el 50% de la cantidad venga financiado por fondos FEDER de la Uni\u00f3n Europea<\/strong>. Adem\u00e1s <strong>el proyecto se incluye en un \u00c1rea de Regeneraci\u00f3n y Renovaci\u00f3n Urbana (ARRU)<\/strong>, contando con <strong>otra ayuda de 88.000 euros<\/strong>. Finalmente <strong>la cantidad restante ser\u00e1 aportada por las arcas municipales<\/strong> &#8220;<em>con estos dos proyectos aprobados ahora, incidimos en acciones que consideramos prioritarias en las pol\u00edticas de viviendas, como es la ampliaci\u00f3n del parque p\u00fablico y la mejora del acceso a la vivienda de colectivos que tienen mayores dificultades, como son los menores de 35 a\u00f1os y mayores de 65 a\u00f1os<\/em>&#8220;, afirma la edil de Vivienda; <strong>Mar\u00eda Baca<\/strong>.<\/p>\n<p style=\"text-align: justify;\">Desde el Ejecutivo Local significan que <strong>la inversi\u00f3n p\u00fablica prevista en el Centro y\u00a0 El Partidor para la construcci\u00f3n o rehabilitaci\u00f3n de viviendas se sit\u00faa en los 12 millones de euros<\/strong>. En este sentido detallan que <strong>ahora mismo hay unos 220 pisos aprobados<\/strong>, abarcando proyectos que ya est\u00e1n finalizados o bien se encuentran aprobados y <strong>ultim\u00e1ndose los procesos para ejecutar las diferentes actuaciones<\/strong>. Por \u00faltimo a\u00f1aden que a todo lo enumerado <strong>se podr\u00edan sumar tambi\u00e9n otros dos millones de euros dentro del Plan de Resiliencia<\/strong>, una iniciativa destinada a <strong>construir un edificio eficiente<\/strong> que tendr\u00eda uso social.<\/p>\n","protected":false},"excerpt":{"rendered":"<p>La Junta de Gobierno del Ayuntamiento de Alcoy ha aprobado recientemente la rehabilitaci\u00f3n de dos inmuebles que permitir\u00e1n la regeneraci\u00f3n&#8230;<\/p>\n","protected":false},"author":1,"featured_media":76507,"comment_status":"open","ping_status":"open","sticky":false,"template":"","format":"standard","meta":{"footnotes":""},"categories":[6909,97,75,79,125],"tags":[4840,295,4568,162,145,525,4122,258],"class_list":["post-76506","post","type-post","status-publish","format-standard","has-post-thumbnail","hentry","category-actualidad","category-alcoy","category-noticias","category-politicayeconomia","category-portada","tag-700-000-euros","tag-centro","tag-edificios-municipales","tag-inversion","tag-obras","tag-proyecto","tag-regeneracion-urbana","tag-rehabilitacion"],"yoast_head":"<!-- This site is optimized with the Yoast SEO plugin v27.3 - https:\/\/yoast.com\/product\/yoast-seo-wordpress\/ -->\n<title>700.000 euros para rehabilitar dos edificios municipales del Centro - COPE Alcoy<\/title>\n<meta name=\"robots\" content=\"index, follow, max-snippet:-1, max-image-preview:large, max-video-preview:-1\" \/>\n<link rel=\"canonical\" href=\"https:\/\/www.copealcoy.es\/es\/700-000-euros-para-rehabilitar-dos-edificios-municipales-del-centro\/\" \/>\n<meta property=\"og:locale\" content=\"es_ES\" \/>\n<meta property=\"og:type\" content=\"article\" \/>\n<meta property=\"og:title\" content=\"700.000 euros para rehabilitar dos edificios municipales del Centro - COPE Alcoy\" \/>\n<meta property=\"og:description\" content=\"La Junta de Gobierno del Ayuntamiento de Alcoy ha aprobado recientemente la rehabilitaci\u00f3n de dos inmuebles que permitir\u00e1n la regeneraci\u00f3n...\" \/>\n<meta property=\"og:url\" content=\"https:\/\/www.copealcoy.es\/es\/700-000-euros-para-rehabilitar-dos-edificios-municipales-del-centro\/\" \/>\n<meta property=\"og:site_name\" content=\"COPE Alcoy\" \/>\n<meta property=\"article:published_time\" content=\"2021-08-05T17:47:26+00:00\" \/>\n<meta property=\"article:modified_time\" content=\"2021-08-06T18:05:27+00:00\" \/>\n<meta property=\"og:image\" content=\"https:\/\/www.copealcoy.es\/wp-content\/uploads\/2021\/08\/20210730_SANT-MAURE-13-scaled.jpg\" \/>\n\t<meta property=\"og:image:width\" content=\"2560\" \/>\n\t<meta property=\"og:image:height\" content=\"1920\" \/>\n\t<meta property=\"og:image:type\" content=\"image\/jpeg\" \/>\n<meta name=\"author\" content=\"Cope Alcoy\" \/>\n<meta name=\"twitter:label1\" content=\"Escrito por\" \/>\n\t<meta name=\"twitter:data1\" content=\"Cope Alcoy\" \/>\n\t<meta name=\"twitter:label2\" content=\"Tiempo de lectura\" \/>\n\t<meta name=\"twitter:data2\" content=\"2 minutos\" \/>\n<script type=\"application\/ld+json\" class=\"yoast-schema-graph\">{\"@context\":\"https:\\\/\\\/schema.org\",\"@graph\":[{\"@type\":\"Article\",\"@id\":\"https:\\\/\\\/www.copealcoy.es\\\/es\\\/700-000-euros-para-rehabilitar-dos-edificios-municipales-del-centro\\\/#article\",\"isPartOf\":{\"@id\":\"https:\\\/\\\/www.copealcoy.es\\\/es\\\/700-000-euros-para-rehabilitar-dos-edificios-municipales-del-centro\\\/\"},\"author\":{\"name\":\"Cope Alcoy\",\"@id\":\"https:\\\/\\\/www.copealcoy.es\\\/es\\\/#\\\/schema\\\/person\\\/e777c87fa024e57d40170af9df39882c\"},\"headline\":\"700.000 euros para rehabilitar dos edificios municipales del Centro\",\"datePublished\":\"2021-08-05T17:47:26+00:00\",\"dateModified\":\"2021-08-06T18:05:27+00:00\",\"mainEntityOfPage\":{\"@id\":\"https:\\\/\\\/www.copealcoy.es\\\/es\\\/700-000-euros-para-rehabilitar-dos-edificios-municipales-del-centro\\\/\"},\"wordCount\":371,\"commentCount\":0,\"image\":{\"@id\":\"https:\\\/\\\/www.copealcoy.es\\\/es\\\/700-000-euros-para-rehabilitar-dos-edificios-municipales-del-centro\\\/#primaryimage\"},\"thumbnailUrl\":\"https:\\\/\\\/www.copealcoy.es\\\/wp-content\\\/uploads\\\/2021\\\/08\\\/20210730_SANT-MAURE-13-scaled.jpg\",\"keywords\":[\"700.000 euros\",\"Centro\",\"edificios municipales\",\"Inversi\u00f3n\",\"Obras\",\"Proyecto\",\"regeneraci\u00f3n urbana\",\"Rehabilitaci\u00f3n\"],\"articleSection\":[\"Actualidad\",\"Alcoy\",\"Noticias\",\"Pol\u00edtica y Econom\u00eda\",\"Portada\"],\"inLanguage\":\"es\"},{\"@type\":\"WebPage\",\"@id\":\"https:\\\/\\\/www.copealcoy.es\\\/es\\\/700-000-euros-para-rehabilitar-dos-edificios-municipales-del-centro\\\/\",\"url\":\"https:\\\/\\\/www.copealcoy.es\\\/es\\\/700-000-euros-para-rehabilitar-dos-edificios-municipales-del-centro\\\/\",\"name\":\"700.000 euros para rehabilitar dos edificios municipales del Centro - COPE Alcoy\",\"isPartOf\":{\"@id\":\"https:\\\/\\\/www.copealcoy.es\\\/es\\\/#website\"},\"primaryImageOfPage\":{\"@id\":\"https:\\\/\\\/www.copealcoy.es\\\/es\\\/700-000-euros-para-rehabilitar-dos-edificios-municipales-del-centro\\\/#primaryimage\"},\"image\":{\"@id\":\"https:\\\/\\\/www.copealcoy.es\\\/es\\\/700-000-euros-para-rehabilitar-dos-edificios-municipales-del-centro\\\/#primaryimage\"},\"thumbnailUrl\":\"https:\\\/\\\/www.copealcoy.es\\\/wp-content\\\/uploads\\\/2021\\\/08\\\/20210730_SANT-MAURE-13-scaled.jpg\",\"datePublished\":\"2021-08-05T17:47:26+00:00\",\"dateModified\":\"2021-08-06T18:05:27+00:00\",\"author\":{\"@id\":\"https:\\\/\\\/www.copealcoy.es\\\/es\\\/#\\\/schema\\\/person\\\/e777c87fa024e57d40170af9df39882c\"},\"breadcrumb\":{\"@id\":\"https:\\\/\\\/www.copealcoy.es\\\/es\\\/700-000-euros-para-rehabilitar-dos-edificios-municipales-del-centro\\\/#breadcrumb\"},\"inLanguage\":\"es\",\"potentialAction\":[{\"@type\":\"ReadAction\",\"target\":[\"https:\\\/\\\/www.copealcoy.es\\\/es\\\/700-000-euros-para-rehabilitar-dos-edificios-municipales-del-centro\\\/\"]}]},{\"@type\":\"ImageObject\",\"inLanguage\":\"es\",\"@id\":\"https:\\\/\\\/www.copealcoy.es\\\/es\\\/700-000-euros-para-rehabilitar-dos-edificios-municipales-del-centro\\\/#primaryimage\",\"url\":\"https:\\\/\\\/www.copealcoy.es\\\/wp-content\\\/uploads\\\/2021\\\/08\\\/20210730_SANT-MAURE-13-scaled.jpg\",\"contentUrl\":\"https:\\\/\\\/www.copealcoy.es\\\/wp-content\\\/uploads\\\/2021\\\/08\\\/20210730_SANT-MAURE-13-scaled.jpg\",\"width\":2560,\"height\":1920},{\"@type\":\"BreadcrumbList\",\"@id\":\"https:\\\/\\\/www.copealcoy.es\\\/es\\\/700-000-euros-para-rehabilitar-dos-edificios-municipales-del-centro\\\/#breadcrumb\",\"itemListElement\":[{\"@type\":\"ListItem\",\"position\":1,\"name\":\"Portada\",\"item\":\"https:\\\/\\\/www.copealcoy.es\\\/es\\\/\"},{\"@type\":\"ListItem\",\"position\":2,\"name\":\"700.000 euros para rehabilitar dos edificios municipales del Centro\"}]},{\"@type\":\"WebSite\",\"@id\":\"https:\\\/\\\/www.copealcoy.es\\\/es\\\/#website\",\"url\":\"https:\\\/\\\/www.copealcoy.es\\\/es\\\/\",\"name\":\"COPE Alcoy\",\"description\":\"Emisora COPE de radio local con emisi\u00f3n online. Pont de Sant Jordi 8-10 03803 Alcoy\",\"potentialAction\":[{\"@type\":\"SearchAction\",\"target\":{\"@type\":\"EntryPoint\",\"urlTemplate\":\"https:\\\/\\\/www.copealcoy.es\\\/es\\\/?s={search_term_string}\"},\"query-input\":{\"@type\":\"PropertyValueSpecification\",\"valueRequired\":true,\"valueName\":\"search_term_string\"}}],\"inLanguage\":\"es\"},{\"@type\":\"Person\",\"@id\":\"https:\\\/\\\/www.copealcoy.es\\\/es\\\/#\\\/schema\\\/person\\\/e777c87fa024e57d40170af9df39882c\",\"name\":\"Cope Alcoy\",\"image\":{\"@type\":\"ImageObject\",\"inLanguage\":\"es\",\"@id\":\"https:\\\/\\\/secure.gravatar.com\\\/avatar\\\/bb65d0283347e303893ba14f0692005417c1e0e690a325a4c5d8bb2b3943ee14?s=96&d=mm&r=g\",\"url\":\"https:\\\/\\\/secure.gravatar.com\\\/avatar\\\/bb65d0283347e303893ba14f0692005417c1e0e690a325a4c5d8bb2b3943ee14?s=96&d=mm&r=g\",\"contentUrl\":\"https:\\\/\\\/secure.gravatar.com\\\/avatar\\\/bb65d0283347e303893ba14f0692005417c1e0e690a325a4c5d8bb2b3943ee14?s=96&d=mm&r=g\",\"caption\":\"Cope Alcoy\"}}]}<\/script>\n<!-- \/ Yoast SEO plugin. -->","yoast_head_json":{"title":"700.000 euros para rehabilitar dos edificios municipales del Centro - COPE Alcoy","robots":{"index":"index","follow":"follow","max-snippet":"max-snippet:-1","max-image-preview":"max-image-preview:large","max-video-preview":"max-video-preview:-1"},"canonical":"https:\/\/www.copealcoy.es\/es\/700-000-euros-para-rehabilitar-dos-edificios-municipales-del-centro\/","og_locale":"es_ES","og_type":"article","og_title":"700.000 euros para rehabilitar dos edificios municipales del Centro - COPE Alcoy","og_description":"La Junta de Gobierno del Ayuntamiento de Alcoy ha aprobado recientemente la rehabilitaci\u00f3n de dos inmuebles que permitir\u00e1n la regeneraci\u00f3n...","og_url":"https:\/\/www.copealcoy.es\/es\/700-000-euros-para-rehabilitar-dos-edificios-municipales-del-centro\/","og_site_name":"COPE Alcoy","article_published_time":"2021-08-05T17:47:26+00:00","article_modified_time":"2021-08-06T18:05:27+00:00","og_image":[{"width":2560,"height":1920,"url":"https:\/\/www.copealcoy.es\/wp-content\/uploads\/2021\/08\/20210730_SANT-MAURE-13-scaled.jpg","type":"image\/jpeg"}],"author":"Cope Alcoy","twitter_misc":{"Escrito por":"Cope Alcoy","Tiempo de lectura":"2 minutos"},"schema":{"@context":"https:\/\/schema.org","@graph":[{"@type":"Article","@id":"https:\/\/www.copealcoy.es\/es\/700-000-euros-para-rehabilitar-dos-edificios-municipales-del-centro\/#article","isPartOf":{"@id":"https:\/\/www.copealcoy.es\/es\/700-000-euros-para-rehabilitar-dos-edificios-municipales-del-centro\/"},"author":{"name":"Cope Alcoy","@id":"https:\/\/www.copealcoy.es\/es\/#\/schema\/person\/e777c87fa024e57d40170af9df39882c"},"headline":"700.000 euros para rehabilitar dos edificios municipales del Centro","datePublished":"2021-08-05T17:47:26+00:00","dateModified":"2021-08-06T18:05:27+00:00","mainEntityOfPage":{"@id":"https:\/\/www.copealcoy.es\/es\/700-000-euros-para-rehabilitar-dos-edificios-municipales-del-centro\/"},"wordCount":371,"commentCount":0,"image":{"@id":"https:\/\/www.copealcoy.es\/es\/700-000-euros-para-rehabilitar-dos-edificios-municipales-del-centro\/#primaryimage"},"thumbnailUrl":"https:\/\/www.copealcoy.es\/wp-content\/uploads\/2021\/08\/20210730_SANT-MAURE-13-scaled.jpg","keywords":["700.000 euros","Centro","edificios municipales","Inversi\u00f3n","Obras","Proyecto","regeneraci\u00f3n urbana","Rehabilitaci\u00f3n"],"articleSection":["Actualidad","Alcoy","Noticias","Pol\u00edtica y Econom\u00eda","Portada"],"inLanguage":"es"},{"@type":"WebPage","@id":"https:\/\/www.copealcoy.es\/es\/700-000-euros-para-rehabilitar-dos-edificios-municipales-del-centro\/","url":"https:\/\/www.copealcoy.es\/es\/700-000-euros-para-rehabilitar-dos-edificios-municipales-del-centro\/","name":"700.000 euros para rehabilitar dos edificios municipales del Centro - COPE Alcoy","isPartOf":{"@id":"https:\/\/www.copealcoy.es\/es\/#website"},"primaryImageOfPage":{"@id":"https:\/\/www.copealcoy.es\/es\/700-000-euros-para-rehabilitar-dos-edificios-municipales-del-centro\/#primaryimage"},"image":{"@id":"https:\/\/www.copealcoy.es\/es\/700-000-euros-para-rehabilitar-dos-edificios-municipales-del-centro\/#primaryimage"},"thumbnailUrl":"https:\/\/www.copealcoy.es\/wp-content\/uploads\/2021\/08\/20210730_SANT-MAURE-13-scaled.jpg","datePublished":"2021-08-05T17:47:26+00:00","dateModified":"2021-08-06T18:05:27+00:00","author":{"@id":"https:\/\/www.copealcoy.es\/es\/#\/schema\/person\/e777c87fa024e57d40170af9df39882c"},"breadcrumb":{"@id":"https:\/\/www.copealcoy.es\/es\/700-000-euros-para-rehabilitar-dos-edificios-municipales-del-centro\/#breadcrumb"},"inLanguage":"es","potentialAction":[{"@type":"ReadAction","target":["https:\/\/www.copealcoy.es\/es\/700-000-euros-para-rehabilitar-dos-edificios-municipales-del-centro\/"]}]},{"@type":"ImageObject","inLanguage":"es","@id":"https:\/\/www.copealcoy.es\/es\/700-000-euros-para-rehabilitar-dos-edificios-municipales-del-centro\/#primaryimage","url":"https:\/\/www.copealcoy.es\/wp-content\/uploads\/2021\/08\/20210730_SANT-MAURE-13-scaled.jpg","contentUrl":"https:\/\/www.copealcoy.es\/wp-content\/uploads\/2021\/08\/20210730_SANT-MAURE-13-scaled.jpg","width":2560,"height":1920},{"@type":"BreadcrumbList","@id":"https:\/\/www.copealcoy.es\/es\/700-000-euros-para-rehabilitar-dos-edificios-municipales-del-centro\/#breadcrumb","itemListElement":[{"@type":"ListItem","position":1,"name":"Portada","item":"https:\/\/www.copealcoy.es\/es\/"},{"@type":"ListItem","position":2,"name":"700.000 euros para rehabilitar dos edificios municipales del Centro"}]},{"@type":"WebSite","@id":"https:\/\/www.copealcoy.es\/es\/#website","url":"https:\/\/www.copealcoy.es\/es\/","name":"COPE Alcoy","description":"Emisora COPE de radio local con emisi\u00f3n online. Pont de Sant Jordi 8-10 03803 Alcoy","potentialAction":[{"@type":"SearchAction","target":{"@type":"EntryPoint","urlTemplate":"https:\/\/www.copealcoy.es\/es\/?s={search_term_string}"},"query-input":{"@type":"PropertyValueSpecification","valueRequired":true,"valueName":"search_term_string"}}],"inLanguage":"es"},{"@type":"Person","@id":"https:\/\/www.copealcoy.es\/es\/#\/schema\/person\/e777c87fa024e57d40170af9df39882c","name":"Cope Alcoy","image":{"@type":"ImageObject","inLanguage":"es","@id":"https:\/\/secure.gravatar.com\/avatar\/bb65d0283347e303893ba14f0692005417c1e0e690a325a4c5d8bb2b3943ee14?s=96&d=mm&r=g","url":"https:\/\/secure.gravatar.com\/avatar\/bb65d0283347e303893ba14f0692005417c1e0e690a325a4c5d8bb2b3943ee14?s=96&d=mm&r=g","contentUrl":"https:\/\/secure.gravatar.com\/avatar\/bb65d0283347e303893ba14f0692005417c1e0e690a325a4c5d8bb2b3943ee14?s=96&d=mm&r=g","caption":"Cope Alcoy"}}]}},"_links":{"self":[{"href":"https:\/\/www.copealcoy.es\/es\/wp-json\/wp\/v2\/posts\/76506","targetHints":{"allow":["GET"]}}],"collection":[{"href":"https:\/\/www.copealcoy.es\/es\/wp-json\/wp\/v2\/posts"}],"about":[{"href":"https:\/\/www.copealcoy.es\/es\/wp-json\/wp\/v2\/types\/post"}],"author":[{"embeddable":true,"href":"https:\/\/www.copealcoy.es\/es\/wp-json\/wp\/v2\/users\/1"}],"replies":[{"embeddable":true,"href":"https:\/\/www.copealcoy.es\/es\/wp-json\/wp\/v2\/comments?post=76506"}],"version-history":[{"count":0,"href":"https:\/\/www.copealcoy.es\/es\/wp-json\/wp\/v2\/posts\/76506\/revisions"}],"wp:featuredmedia":[{"embeddable":true,"href":"https:\/\/www.copealcoy.es\/es\/wp-json\/wp\/v2\/media\/76507"}],"wp:attachment":[{"href":"https:\/\/www.copealcoy.es\/es\/wp-json\/wp\/v2\/media?parent=76506"}],"wp:term":[{"taxonomy":"category","embeddable":true,"href":"https:\/\/www.copealcoy.es\/es\/wp-json\/wp\/v2\/categories?post=76506"},{"taxonomy":"post_tag","embeddable":true,"href":"https:\/\/www.copealcoy.es\/es\/wp-json\/wp\/v2\/tags?post=76506"}],"curies":[{"name":"wp","href":"https:\/\/api.w.org\/{rel}","templated":true}]}}