{"id":76314,"date":"2021-07-28T16:51:10","date_gmt":"2021-07-28T15:51:10","guid":{"rendered":"https:\/\/www.copealcoy.es\/?p=76314"},"modified":"2021-07-28T16:53:20","modified_gmt":"2021-07-28T15:53:20","slug":"la-generalitat-valenciana-solo-tramita-el-10-por-ciento-de-multas-anticovid-y-explica-el-por-que","status":"publish","type":"post","link":"https:\/\/www.copealcoy.es\/es\/la-generalitat-valenciana-solo-tramita-el-10-por-ciento-de-multas-anticovid-y-explica-el-por-que\/","title":{"rendered":"La Generalitat Valenciana s\u00f3lo tramita el 10 por ciento de multas anticovid&#8230;y explica el por qu\u00e9"},"content":{"rendered":"<p style=\"text-align: justify;\">Las actas de denuncias impuestas en la Comunidad por incumplir las normas anti Covid-19 <strong>ascienden a 208.000, aunque de ellas s\u00f3lo se han tramitado 26.826 denuncias,<\/strong>\u00a0por un importe global de 1.132.000., seg\u00fan datos de la Conseller\u00eda de Justicia e Interior que ha reconocido impl\u00edcitamente, que no previ\u00f3 semejante avalancha de sanciones y que el personal se vi\u00f3 superado.<\/p>\n<p style=\"text-align: justify;\">En tota<strong>l han sido sancionadas 25.586 personas f\u00edsicas y 1.240 negocios o establecimientos.<\/strong><\/p>\n<p style=\"text-align: justify;\">Seg\u00fan fuentes de la Conselleria deJusticia e Interior, de las 208.000 denuncias, 88.000 se han impuesto en la provincia de Valencia, 89.000 en la de Alicante y 31.000 en la de Castell\u00f3n.<\/p>\n<p style=\"text-align: justify;\">Del conjunto de denuncias,<strong>\u00a0el 96 % son infracciones leves impuestas a personas que no llevaban mascarilla o hac\u00edan un uso incorrecto de este elemento<\/strong>. El 4% restante son\u00a0<strong>sanciones graves o muy graves<\/strong>\u00a0que, de acuerdo con el decreto sancionador en vigor desde el pasado 25 de julio, se imponen por superar los l\u00edmites del aforo en los establecimientos p\u00fablicos, organizar o participar en reuniones, fiestas o cualquier otro acto p\u00fablico o privado no autorizado o no mantener la distancia de seguridad.<\/p>\n<p style=\"text-align: justify;\">De las 26.826 propuestas de sanci\u00f3n,<strong>\u00a01.880 infractores han reconocido la falta y tendr\u00e1n una rebaja del 40 % en el importe de la sanci\u00f3n.<\/strong><\/p>\n<p style=\"text-align: justify;\">La Conseller\u00eda ha precisado que la plantilla para la tramitaci\u00f3n de las denuncias est\u00e1 compuesta por 52 personas (25 t\u00e9cnicos jur\u00eddicos, 10 administrativos y 17 auxiliares) que se incorporaron para reforzar a los 4 funcionarios con los que contaba inicialmente el Servicio de Espect\u00e1culos y Establecimientos P\u00fablicos. Este servicio<strong>\u00a0estaba dimensionado para absorber entre 250 y 300 denuncias al a\u00f1o en el \u00e1mbito de su competencia<\/strong>.<\/p>\n<p style=\"text-align: justify;\">A partir del mes de noviembre, con la introducci\u00f3n de nuevas medidas restrictivas para frenar los contagios, el n\u00famero de denuncias aument\u00f3 de manera exponencial, y especialmente en el mes de diciembre cuando, al aumentar los controles por parte de las Fuerzas y Cuerpos de Seguridad,<strong>\u00a0el n\u00famero de denuncias diario aumenta hasta las m\u00e1s de 500 al d\u00eda,<\/strong>\u00a0han indicado desde la Conselleria de Justicia e interior.<\/p>\n","protected":false},"excerpt":{"rendered":"<p>Las actas de denuncias impuestas en la Comunidad por incumplir las normas anti Covid-19 ascienden a 208.000, aunque de ellas&#8230;<\/p>\n","protected":false},"author":1,"featured_media":76315,"comment_status":"open","ping_status":"open","sticky":false,"template":"","format":"standard","meta":{"footnotes":""},"categories":[6909,75,79],"tags":[11632,7281,10050,994,3991],"class_list":["post-76314","post","type-post","status-publish","format-standard","has-post-thumbnail","hentry","category-actualidad","category-noticias","category-politicayeconomia","tag-anticovid","tag-coronavirus","tag-crisis-sanitaria","tag-generalitat-valenciana","tag-multas"],"yoast_head":"<!-- This site is optimized with the Yoast SEO plugin v27.3 - https:\/\/yoast.com\/product\/yoast-seo-wordpress\/ -->\n<title>La Generalitat Valenciana s\u00f3lo tramita el 10 por ciento de multas anticovid...y explica el por qu\u00e9 - COPE Alcoy<\/title>\n<meta name=\"robots\" content=\"index, follow, max-snippet:-1, max-image-preview:large, max-video-preview:-1\" \/>\n<link rel=\"canonical\" href=\"https:\/\/www.copealcoy.es\/es\/la-generalitat-valenciana-solo-tramita-el-10-por-ciento-de-multas-anticovid-y-explica-el-por-que\/\" \/>\n<meta property=\"og:locale\" content=\"es_ES\" \/>\n<meta property=\"og:type\" content=\"article\" \/>\n<meta property=\"og:title\" content=\"La Generalitat Valenciana s\u00f3lo tramita el 10 por ciento de multas anticovid...y explica el por qu\u00e9 - COPE Alcoy\" \/>\n<meta property=\"og:description\" content=\"Las actas de denuncias impuestas en la Comunidad por incumplir las normas anti Covid-19 ascienden a 208.000, aunque de ellas...\" \/>\n<meta property=\"og:url\" content=\"https:\/\/www.copealcoy.es\/es\/la-generalitat-valenciana-solo-tramita-el-10-por-ciento-de-multas-anticovid-y-explica-el-por-que\/\" \/>\n<meta property=\"og:site_name\" content=\"COPE Alcoy\" \/>\n<meta property=\"article:published_time\" content=\"2021-07-28T15:51:10+00:00\" \/>\n<meta property=\"article:modified_time\" content=\"2021-07-28T15:53:20+00:00\" \/>\n<meta property=\"og:image\" content=\"https:\/\/www.copealcoy.es\/wp-content\/uploads\/2021\/07\/1627455218874.jpg\" \/>\n\t<meta property=\"og:image:width\" content=\"976\" \/>\n\t<meta property=\"og:image:height\" content=\"549\" \/>\n\t<meta property=\"og:image:type\" content=\"image\/jpeg\" \/>\n<meta name=\"author\" content=\"Cope Alcoy\" \/>\n<meta name=\"twitter:label1\" content=\"Escrito por\" \/>\n\t<meta name=\"twitter:data1\" content=\"Cope Alcoy\" \/>\n\t<meta name=\"twitter:label2\" content=\"Tiempo de lectura\" \/>\n\t<meta name=\"twitter:data2\" content=\"2 minutos\" \/>\n<script type=\"application\/ld+json\" class=\"yoast-schema-graph\">{\"@context\":\"https:\\\/\\\/schema.org\",\"@graph\":[{\"@type\":\"Article\",\"@id\":\"https:\\\/\\\/www.copealcoy.es\\\/es\\\/la-generalitat-valenciana-solo-tramita-el-10-por-ciento-de-multas-anticovid-y-explica-el-por-que\\\/#article\",\"isPartOf\":{\"@id\":\"https:\\\/\\\/www.copealcoy.es\\\/es\\\/la-generalitat-valenciana-solo-tramita-el-10-por-ciento-de-multas-anticovid-y-explica-el-por-que\\\/\"},\"author\":{\"name\":\"Cope Alcoy\",\"@id\":\"https:\\\/\\\/www.copealcoy.es\\\/es\\\/#\\\/schema\\\/person\\\/e777c87fa024e57d40170af9df39882c\"},\"headline\":\"La Generalitat Valenciana s\u00f3lo tramita el 10 por ciento de multas anticovid&#8230;y explica el por qu\u00e9\",\"datePublished\":\"2021-07-28T15:51:10+00:00\",\"dateModified\":\"2021-07-28T15:53:20+00:00\",\"mainEntityOfPage\":{\"@id\":\"https:\\\/\\\/www.copealcoy.es\\\/es\\\/la-generalitat-valenciana-solo-tramita-el-10-por-ciento-de-multas-anticovid-y-explica-el-por-que\\\/\"},\"wordCount\":364,\"commentCount\":0,\"image\":{\"@id\":\"https:\\\/\\\/www.copealcoy.es\\\/es\\\/la-generalitat-valenciana-solo-tramita-el-10-por-ciento-de-multas-anticovid-y-explica-el-por-que\\\/#primaryimage\"},\"thumbnailUrl\":\"https:\\\/\\\/www.copealcoy.es\\\/wp-content\\\/uploads\\\/2021\\\/07\\\/1627455218874.jpg\",\"keywords\":[\"anticovid\",\"Coronavirus\",\"crisis sanitaria\",\"Generalitat Valenciana\",\"multas\"],\"articleSection\":[\"Actualidad\",\"Noticias\",\"Pol\u00edtica y Econom\u00eda\"],\"inLanguage\":\"es\"},{\"@type\":\"WebPage\",\"@id\":\"https:\\\/\\\/www.copealcoy.es\\\/es\\\/la-generalitat-valenciana-solo-tramita-el-10-por-ciento-de-multas-anticovid-y-explica-el-por-que\\\/\",\"url\":\"https:\\\/\\\/www.copealcoy.es\\\/es\\\/la-generalitat-valenciana-solo-tramita-el-10-por-ciento-de-multas-anticovid-y-explica-el-por-que\\\/\",\"name\":\"La Generalitat Valenciana s\u00f3lo tramita el 10 por ciento de multas anticovid...y explica el por qu\u00e9 - COPE Alcoy\",\"isPartOf\":{\"@id\":\"https:\\\/\\\/www.copealcoy.es\\\/es\\\/#website\"},\"primaryImageOfPage\":{\"@id\":\"https:\\\/\\\/www.copealcoy.es\\\/es\\\/la-generalitat-valenciana-solo-tramita-el-10-por-ciento-de-multas-anticovid-y-explica-el-por-que\\\/#primaryimage\"},\"image\":{\"@id\":\"https:\\\/\\\/www.copealcoy.es\\\/es\\\/la-generalitat-valenciana-solo-tramita-el-10-por-ciento-de-multas-anticovid-y-explica-el-por-que\\\/#primaryimage\"},\"thumbnailUrl\":\"https:\\\/\\\/www.copealcoy.es\\\/wp-content\\\/uploads\\\/2021\\\/07\\\/1627455218874.jpg\",\"datePublished\":\"2021-07-28T15:51:10+00:00\",\"dateModified\":\"2021-07-28T15:53:20+00:00\",\"author\":{\"@id\":\"https:\\\/\\\/www.copealcoy.es\\\/es\\\/#\\\/schema\\\/person\\\/e777c87fa024e57d40170af9df39882c\"},\"breadcrumb\":{\"@id\":\"https:\\\/\\\/www.copealcoy.es\\\/es\\\/la-generalitat-valenciana-solo-tramita-el-10-por-ciento-de-multas-anticovid-y-explica-el-por-que\\\/#breadcrumb\"},\"inLanguage\":\"es\",\"potentialAction\":[{\"@type\":\"ReadAction\",\"target\":[\"https:\\\/\\\/www.copealcoy.es\\\/es\\\/la-generalitat-valenciana-solo-tramita-el-10-por-ciento-de-multas-anticovid-y-explica-el-por-que\\\/\"]}]},{\"@type\":\"ImageObject\",\"inLanguage\":\"es\",\"@id\":\"https:\\\/\\\/www.copealcoy.es\\\/es\\\/la-generalitat-valenciana-solo-tramita-el-10-por-ciento-de-multas-anticovid-y-explica-el-por-que\\\/#primaryimage\",\"url\":\"https:\\\/\\\/www.copealcoy.es\\\/wp-content\\\/uploads\\\/2021\\\/07\\\/1627455218874.jpg\",\"contentUrl\":\"https:\\\/\\\/www.copealcoy.es\\\/wp-content\\\/uploads\\\/2021\\\/07\\\/1627455218874.jpg\",\"width\":976,\"height\":549},{\"@type\":\"BreadcrumbList\",\"@id\":\"https:\\\/\\\/www.copealcoy.es\\\/es\\\/la-generalitat-valenciana-solo-tramita-el-10-por-ciento-de-multas-anticovid-y-explica-el-por-que\\\/#breadcrumb\",\"itemListElement\":[{\"@type\":\"ListItem\",\"position\":1,\"name\":\"Portada\",\"item\":\"https:\\\/\\\/www.copealcoy.es\\\/es\\\/\"},{\"@type\":\"ListItem\",\"position\":2,\"name\":\"La Generalitat Valenciana s\u00f3lo tramita el 10 por ciento de multas anticovid&#8230;y explica el por qu\u00e9\"}]},{\"@type\":\"WebSite\",\"@id\":\"https:\\\/\\\/www.copealcoy.es\\\/es\\\/#website\",\"url\":\"https:\\\/\\\/www.copealcoy.es\\\/es\\\/\",\"name\":\"COPE Alcoy\",\"description\":\"Emisora COPE de radio local con emisi\u00f3n online. Pont de Sant Jordi 8-10 03803 Alcoy\",\"potentialAction\":[{\"@type\":\"SearchAction\",\"target\":{\"@type\":\"EntryPoint\",\"urlTemplate\":\"https:\\\/\\\/www.copealcoy.es\\\/es\\\/?s={search_term_string}\"},\"query-input\":{\"@type\":\"PropertyValueSpecification\",\"valueRequired\":true,\"valueName\":\"search_term_string\"}}],\"inLanguage\":\"es\"},{\"@type\":\"Person\",\"@id\":\"https:\\\/\\\/www.copealcoy.es\\\/es\\\/#\\\/schema\\\/person\\\/e777c87fa024e57d40170af9df39882c\",\"name\":\"Cope Alcoy\",\"image\":{\"@type\":\"ImageObject\",\"inLanguage\":\"es\",\"@id\":\"https:\\\/\\\/secure.gravatar.com\\\/avatar\\\/bb65d0283347e303893ba14f0692005417c1e0e690a325a4c5d8bb2b3943ee14?s=96&d=mm&r=g\",\"url\":\"https:\\\/\\\/secure.gravatar.com\\\/avatar\\\/bb65d0283347e303893ba14f0692005417c1e0e690a325a4c5d8bb2b3943ee14?s=96&d=mm&r=g\",\"contentUrl\":\"https:\\\/\\\/secure.gravatar.com\\\/avatar\\\/bb65d0283347e303893ba14f0692005417c1e0e690a325a4c5d8bb2b3943ee14?s=96&d=mm&r=g\",\"caption\":\"Cope Alcoy\"}}]}<\/script>\n<!-- \/ Yoast SEO plugin. -->","yoast_head_json":{"title":"La Generalitat Valenciana s\u00f3lo tramita el 10 por ciento de multas anticovid...y explica el por qu\u00e9 - COPE Alcoy","robots":{"index":"index","follow":"follow","max-snippet":"max-snippet:-1","max-image-preview":"max-image-preview:large","max-video-preview":"max-video-preview:-1"},"canonical":"https:\/\/www.copealcoy.es\/es\/la-generalitat-valenciana-solo-tramita-el-10-por-ciento-de-multas-anticovid-y-explica-el-por-que\/","og_locale":"es_ES","og_type":"article","og_title":"La Generalitat Valenciana s\u00f3lo tramita el 10 por ciento de multas anticovid...y explica el por qu\u00e9 - COPE Alcoy","og_description":"Las actas de denuncias impuestas en la Comunidad por incumplir las normas anti Covid-19 ascienden a 208.000, aunque de ellas...","og_url":"https:\/\/www.copealcoy.es\/es\/la-generalitat-valenciana-solo-tramita-el-10-por-ciento-de-multas-anticovid-y-explica-el-por-que\/","og_site_name":"COPE Alcoy","article_published_time":"2021-07-28T15:51:10+00:00","article_modified_time":"2021-07-28T15:53:20+00:00","og_image":[{"width":976,"height":549,"url":"https:\/\/www.copealcoy.es\/wp-content\/uploads\/2021\/07\/1627455218874.jpg","type":"image\/jpeg"}],"author":"Cope Alcoy","twitter_misc":{"Escrito por":"Cope Alcoy","Tiempo de lectura":"2 minutos"},"schema":{"@context":"https:\/\/schema.org","@graph":[{"@type":"Article","@id":"https:\/\/www.copealcoy.es\/es\/la-generalitat-valenciana-solo-tramita-el-10-por-ciento-de-multas-anticovid-y-explica-el-por-que\/#article","isPartOf":{"@id":"https:\/\/www.copealcoy.es\/es\/la-generalitat-valenciana-solo-tramita-el-10-por-ciento-de-multas-anticovid-y-explica-el-por-que\/"},"author":{"name":"Cope Alcoy","@id":"https:\/\/www.copealcoy.es\/es\/#\/schema\/person\/e777c87fa024e57d40170af9df39882c"},"headline":"La Generalitat Valenciana s\u00f3lo tramita el 10 por ciento de multas anticovid&#8230;y explica el por qu\u00e9","datePublished":"2021-07-28T15:51:10+00:00","dateModified":"2021-07-28T15:53:20+00:00","mainEntityOfPage":{"@id":"https:\/\/www.copealcoy.es\/es\/la-generalitat-valenciana-solo-tramita-el-10-por-ciento-de-multas-anticovid-y-explica-el-por-que\/"},"wordCount":364,"commentCount":0,"image":{"@id":"https:\/\/www.copealcoy.es\/es\/la-generalitat-valenciana-solo-tramita-el-10-por-ciento-de-multas-anticovid-y-explica-el-por-que\/#primaryimage"},"thumbnailUrl":"https:\/\/www.copealcoy.es\/wp-content\/uploads\/2021\/07\/1627455218874.jpg","keywords":["anticovid","Coronavirus","crisis sanitaria","Generalitat Valenciana","multas"],"articleSection":["Actualidad","Noticias","Pol\u00edtica y Econom\u00eda"],"inLanguage":"es"},{"@type":"WebPage","@id":"https:\/\/www.copealcoy.es\/es\/la-generalitat-valenciana-solo-tramita-el-10-por-ciento-de-multas-anticovid-y-explica-el-por-que\/","url":"https:\/\/www.copealcoy.es\/es\/la-generalitat-valenciana-solo-tramita-el-10-por-ciento-de-multas-anticovid-y-explica-el-por-que\/","name":"La Generalitat Valenciana s\u00f3lo tramita el 10 por ciento de multas anticovid...y explica el por qu\u00e9 - COPE Alcoy","isPartOf":{"@id":"https:\/\/www.copealcoy.es\/es\/#website"},"primaryImageOfPage":{"@id":"https:\/\/www.copealcoy.es\/es\/la-generalitat-valenciana-solo-tramita-el-10-por-ciento-de-multas-anticovid-y-explica-el-por-que\/#primaryimage"},"image":{"@id":"https:\/\/www.copealcoy.es\/es\/la-generalitat-valenciana-solo-tramita-el-10-por-ciento-de-multas-anticovid-y-explica-el-por-que\/#primaryimage"},"thumbnailUrl":"https:\/\/www.copealcoy.es\/wp-content\/uploads\/2021\/07\/1627455218874.jpg","datePublished":"2021-07-28T15:51:10+00:00","dateModified":"2021-07-28T15:53:20+00:00","author":{"@id":"https:\/\/www.copealcoy.es\/es\/#\/schema\/person\/e777c87fa024e57d40170af9df39882c"},"breadcrumb":{"@id":"https:\/\/www.copealcoy.es\/es\/la-generalitat-valenciana-solo-tramita-el-10-por-ciento-de-multas-anticovid-y-explica-el-por-que\/#breadcrumb"},"inLanguage":"es","potentialAction":[{"@type":"ReadAction","target":["https:\/\/www.copealcoy.es\/es\/la-generalitat-valenciana-solo-tramita-el-10-por-ciento-de-multas-anticovid-y-explica-el-por-que\/"]}]},{"@type":"ImageObject","inLanguage":"es","@id":"https:\/\/www.copealcoy.es\/es\/la-generalitat-valenciana-solo-tramita-el-10-por-ciento-de-multas-anticovid-y-explica-el-por-que\/#primaryimage","url":"https:\/\/www.copealcoy.es\/wp-content\/uploads\/2021\/07\/1627455218874.jpg","contentUrl":"https:\/\/www.copealcoy.es\/wp-content\/uploads\/2021\/07\/1627455218874.jpg","width":976,"height":549},{"@type":"BreadcrumbList","@id":"https:\/\/www.copealcoy.es\/es\/la-generalitat-valenciana-solo-tramita-el-10-por-ciento-de-multas-anticovid-y-explica-el-por-que\/#breadcrumb","itemListElement":[{"@type":"ListItem","position":1,"name":"Portada","item":"https:\/\/www.copealcoy.es\/es\/"},{"@type":"ListItem","position":2,"name":"La Generalitat Valenciana s\u00f3lo tramita el 10 por ciento de multas anticovid&#8230;y explica el por qu\u00e9"}]},{"@type":"WebSite","@id":"https:\/\/www.copealcoy.es\/es\/#website","url":"https:\/\/www.copealcoy.es\/es\/","name":"COPE Alcoy","description":"Emisora COPE de radio local con emisi\u00f3n online. Pont de Sant Jordi 8-10 03803 Alcoy","potentialAction":[{"@type":"SearchAction","target":{"@type":"EntryPoint","urlTemplate":"https:\/\/www.copealcoy.es\/es\/?s={search_term_string}"},"query-input":{"@type":"PropertyValueSpecification","valueRequired":true,"valueName":"search_term_string"}}],"inLanguage":"es"},{"@type":"Person","@id":"https:\/\/www.copealcoy.es\/es\/#\/schema\/person\/e777c87fa024e57d40170af9df39882c","name":"Cope Alcoy","image":{"@type":"ImageObject","inLanguage":"es","@id":"https:\/\/secure.gravatar.com\/avatar\/bb65d0283347e303893ba14f0692005417c1e0e690a325a4c5d8bb2b3943ee14?s=96&d=mm&r=g","url":"https:\/\/secure.gravatar.com\/avatar\/bb65d0283347e303893ba14f0692005417c1e0e690a325a4c5d8bb2b3943ee14?s=96&d=mm&r=g","contentUrl":"https:\/\/secure.gravatar.com\/avatar\/bb65d0283347e303893ba14f0692005417c1e0e690a325a4c5d8bb2b3943ee14?s=96&d=mm&r=g","caption":"Cope Alcoy"}}]}},"_links":{"self":[{"href":"https:\/\/www.copealcoy.es\/es\/wp-json\/wp\/v2\/posts\/76314","targetHints":{"allow":["GET"]}}],"collection":[{"href":"https:\/\/www.copealcoy.es\/es\/wp-json\/wp\/v2\/posts"}],"about":[{"href":"https:\/\/www.copealcoy.es\/es\/wp-json\/wp\/v2\/types\/post"}],"author":[{"embeddable":true,"href":"https:\/\/www.copealcoy.es\/es\/wp-json\/wp\/v2\/users\/1"}],"replies":[{"embeddable":true,"href":"https:\/\/www.copealcoy.es\/es\/wp-json\/wp\/v2\/comments?post=76314"}],"version-history":[{"count":0,"href":"https:\/\/www.copealcoy.es\/es\/wp-json\/wp\/v2\/posts\/76314\/revisions"}],"wp:featuredmedia":[{"embeddable":true,"href":"https:\/\/www.copealcoy.es\/es\/wp-json\/wp\/v2\/media\/76315"}],"wp:attachment":[{"href":"https:\/\/www.copealcoy.es\/es\/wp-json\/wp\/v2\/media?parent=76314"}],"wp:term":[{"taxonomy":"category","embeddable":true,"href":"https:\/\/www.copealcoy.es\/es\/wp-json\/wp\/v2\/categories?post=76314"},{"taxonomy":"post_tag","embeddable":true,"href":"https:\/\/www.copealcoy.es\/es\/wp-json\/wp\/v2\/tags?post=76314"}],"curies":[{"name":"wp","href":"https:\/\/api.w.org\/{rel}","templated":true}]}}