{"id":76292,"date":"2021-07-27T17:17:13","date_gmt":"2021-07-27T16:17:13","guid":{"rendered":"https:\/\/www.copealcoy.es\/?p=76292"},"modified":"2021-07-27T17:33:55","modified_gmt":"2021-07-27T16:33:55","slug":"la-mancomunitat-presenta-novetats-en-el-transport-universitari","status":"publish","type":"post","link":"https:\/\/www.copealcoy.es\/es\/la-mancomunitat-presenta-novetats-en-el-transport-universitari\/","title":{"rendered":"La Mancomunitat presenta novetats en el Transport Universitari"},"content":{"rendered":"<p style=\"text-align: justify;\">La Mancomunitat de l&#8217;Alcoi\u00e0 i el Comtat ha presentat les novetats que tindr\u00e0 el transport universitari de les nostres comarques a partir del mes de setembre. El nou servei cobrir\u00e0 tamb\u00e9 les necessitats de l\u2019alumnat dels centres de Formaci\u00f3 Professional i d\u2019aquesta manera les persones que residisquen a les poblacions que integren la Manco disposaran d\u2019una l\u00ednia de bus que connectar\u00e0 Muro, l\u2019Alqueria d\u2019Asnar, Cocentaina i Alcoi amb Ibi, Onil i Castalla.<\/p>\n<p style=\"text-align: justify;\">Per a fer \u00fas del bus cal estar matriculat a un centre formatiu oficial i estar empadronat a qualsevol dels municipis de la Mancomunitat de l\u2019Alcoi\u00e0 i el Comtat.\u00a0 Tamb\u00e9 s&#8217;ha de sol\u00b7licitar la targeta de transport de l\u2019STU+ <strong><span style=\"color: #0000ff;\">mitjan\u00e7ant la<\/span><\/strong><a href=\"https:\/\/macalcoiaicomtat.sedelectronica.es\/\"><strong><span style=\"color: #0000ff;\"> seu electr\u00f2nica de la Mancomunitat<\/span><\/strong> i l<\/a>es persones que no reunisquen els requisits tamb\u00e9 podran emprar el transport, sense necessitat de fer cap sol\u00b7licitud, i abonant les tarifes ordin\u00e0ries estipulades &#8220;<em>es tracta d\u2019un servei demanat per la ciutadania des de fa anys. Amb l\u2019augment de la demanda dels estudis d\u2019FP, hem detectat que hi havia persones que optaven per centres m\u00e9s allunyats nom\u00e9s perqu\u00e8 hi havia millors connexions en transport p\u00fablic. Un dels serveis m\u00e9s importants per a complir l\u2019objectiu primordial de la Mancomunitat, que \u00e9s millorar la qualitat de vida de la ciutadania, \u00e9s el transport p\u00fablic<\/em>\u201d, indicava en COPE ALCOY Blas Calbo; President de la Mancomunitat.<\/p>\n<p style=\"text-align: justify;\">Enguany s\u2019afegir\u00e0 l\u2019opci\u00f3 de recarregar la targeta adquirint viatges directament a l\u2019autob\u00fas, una opci\u00f3 m\u00e9s c\u00f2moda per a les persones usu\u00e0ries. Aix\u00ed i tot, es seguir\u00e0 mantenint l\u2019opci\u00f3 de recarregar als centres de joventut de diferents municipis, aix\u00ed com a l\u2019estaci\u00f3 d\u2019autobusos d\u2019Alcoi i l\u2019aplicaci\u00f3 m\u00f2bil habilitada a tal efecte. Les persones que encara no disposen de la seua targeta STU+ poden sol\u00b7licitar-la de forma gratu\u00efta en qualsevol moment. Aquelles que hagen estat usu\u00e0ries durant el curs 2020\/2021 podran seguir emprant la seua targeta tramitant la renovaci\u00f3 amb la nova matr\u00edcula a la<strong><span style=\"color: #0000ff;\"><a style=\"color: #0000ff;\" href=\"https:\/\/macalcoiaicomtat.sedelectronica.es\/\">\u00a0seu electr\u00f2nica de la Mancomunitat<\/a>\u00a0<\/span><\/strong>abans del 31 d\u2019octubre de 2021.<\/p>\n","protected":false},"excerpt":{"rendered":"<p>La Mancomunitat de l&#8217;Alcoi\u00e0 i el Comtat ha presentat les novetats que tindr\u00e0 el transport universitari de les nostres comarques&#8230;<\/p>\n","protected":false},"author":1,"featured_media":76293,"comment_status":"open","ping_status":"open","sticky":false,"template":"","format":"standard","meta":{"footnotes":""},"categories":[98,75],"tags":[482,236,237,1800,1745,11628,10113,11359],"class_list":["post-76292","post","type-post","status-publish","format-standard","has-post-thumbnail","hentry","category-comarcas","category-noticias","tag-alcoia","tag-comarca","tag-comtat","tag-fp","tag-mancomunitat","tag-novetats","tag-servei","tag-transport-universitari"],"yoast_head":"<!-- This site is optimized with the Yoast SEO plugin v27.3 - https:\/\/yoast.com\/product\/yoast-seo-wordpress\/ -->\n<title>La Mancomunitat presenta novetats en el Transport Universitari - COPE Alcoy<\/title>\n<meta name=\"robots\" content=\"index, follow, max-snippet:-1, max-image-preview:large, max-video-preview:-1\" \/>\n<link rel=\"canonical\" href=\"https:\/\/www.copealcoy.es\/es\/la-mancomunitat-presenta-novetats-en-el-transport-universitari\/\" \/>\n<meta property=\"og:locale\" content=\"es_ES\" \/>\n<meta property=\"og:type\" content=\"article\" \/>\n<meta property=\"og:title\" content=\"La Mancomunitat presenta novetats en el Transport Universitari - COPE Alcoy\" \/>\n<meta property=\"og:description\" content=\"La Mancomunitat de l&#8217;Alcoi\u00e0 i el Comtat ha presentat les novetats que tindr\u00e0 el transport universitari de les nostres comarques...\" \/>\n<meta property=\"og:url\" content=\"https:\/\/www.copealcoy.es\/es\/la-mancomunitat-presenta-novetats-en-el-transport-universitari\/\" \/>\n<meta property=\"og:site_name\" content=\"COPE Alcoy\" \/>\n<meta property=\"article:published_time\" content=\"2021-07-27T16:17:13+00:00\" \/>\n<meta property=\"article:modified_time\" content=\"2021-07-27T16:33:55+00:00\" \/>\n<meta property=\"og:image\" content=\"https:\/\/www.copealcoy.es\/wp-content\/uploads\/2021\/07\/Roda-de-premsa-STU-1049x640-1.jpg\" \/>\n\t<meta property=\"og:image:width\" content=\"1049\" \/>\n\t<meta property=\"og:image:height\" content=\"640\" \/>\n\t<meta property=\"og:image:type\" content=\"image\/jpeg\" \/>\n<meta name=\"author\" content=\"Cope Alcoy\" \/>\n<meta name=\"twitter:label1\" content=\"Escrito por\" \/>\n\t<meta name=\"twitter:data1\" content=\"Cope Alcoy\" \/>\n\t<meta name=\"twitter:label2\" content=\"Tiempo de lectura\" \/>\n\t<meta name=\"twitter:data2\" content=\"2 minutos\" \/>\n<script type=\"application\/ld+json\" class=\"yoast-schema-graph\">{\"@context\":\"https:\\\/\\\/schema.org\",\"@graph\":[{\"@type\":\"Article\",\"@id\":\"https:\\\/\\\/www.copealcoy.es\\\/es\\\/la-mancomunitat-presenta-novetats-en-el-transport-universitari\\\/#article\",\"isPartOf\":{\"@id\":\"https:\\\/\\\/www.copealcoy.es\\\/es\\\/la-mancomunitat-presenta-novetats-en-el-transport-universitari\\\/\"},\"author\":{\"name\":\"Cope Alcoy\",\"@id\":\"https:\\\/\\\/www.copealcoy.es\\\/es\\\/#\\\/schema\\\/person\\\/e777c87fa024e57d40170af9df39882c\"},\"headline\":\"La Mancomunitat presenta novetats en el Transport Universitari\",\"datePublished\":\"2021-07-27T16:17:13+00:00\",\"dateModified\":\"2021-07-27T16:33:55+00:00\",\"mainEntityOfPage\":{\"@id\":\"https:\\\/\\\/www.copealcoy.es\\\/es\\\/la-mancomunitat-presenta-novetats-en-el-transport-universitari\\\/\"},\"wordCount\":373,\"commentCount\":0,\"image\":{\"@id\":\"https:\\\/\\\/www.copealcoy.es\\\/es\\\/la-mancomunitat-presenta-novetats-en-el-transport-universitari\\\/#primaryimage\"},\"thumbnailUrl\":\"https:\\\/\\\/www.copealcoy.es\\\/wp-content\\\/uploads\\\/2021\\\/07\\\/Roda-de-premsa-STU-1049x640-1.jpg\",\"keywords\":[\"Alcoi\u00e0\",\"Comarca\",\"Comtat\",\"FP\",\"Mancomunitat\",\"novetats\",\"servei\",\"transport universitari\"],\"articleSection\":[\"Comarcas\",\"Noticias\"],\"inLanguage\":\"es\"},{\"@type\":\"WebPage\",\"@id\":\"https:\\\/\\\/www.copealcoy.es\\\/es\\\/la-mancomunitat-presenta-novetats-en-el-transport-universitari\\\/\",\"url\":\"https:\\\/\\\/www.copealcoy.es\\\/es\\\/la-mancomunitat-presenta-novetats-en-el-transport-universitari\\\/\",\"name\":\"La Mancomunitat presenta novetats en el Transport Universitari - COPE Alcoy\",\"isPartOf\":{\"@id\":\"https:\\\/\\\/www.copealcoy.es\\\/es\\\/#website\"},\"primaryImageOfPage\":{\"@id\":\"https:\\\/\\\/www.copealcoy.es\\\/es\\\/la-mancomunitat-presenta-novetats-en-el-transport-universitari\\\/#primaryimage\"},\"image\":{\"@id\":\"https:\\\/\\\/www.copealcoy.es\\\/es\\\/la-mancomunitat-presenta-novetats-en-el-transport-universitari\\\/#primaryimage\"},\"thumbnailUrl\":\"https:\\\/\\\/www.copealcoy.es\\\/wp-content\\\/uploads\\\/2021\\\/07\\\/Roda-de-premsa-STU-1049x640-1.jpg\",\"datePublished\":\"2021-07-27T16:17:13+00:00\",\"dateModified\":\"2021-07-27T16:33:55+00:00\",\"author\":{\"@id\":\"https:\\\/\\\/www.copealcoy.es\\\/es\\\/#\\\/schema\\\/person\\\/e777c87fa024e57d40170af9df39882c\"},\"breadcrumb\":{\"@id\":\"https:\\\/\\\/www.copealcoy.es\\\/es\\\/la-mancomunitat-presenta-novetats-en-el-transport-universitari\\\/#breadcrumb\"},\"inLanguage\":\"es\",\"potentialAction\":[{\"@type\":\"ReadAction\",\"target\":[\"https:\\\/\\\/www.copealcoy.es\\\/es\\\/la-mancomunitat-presenta-novetats-en-el-transport-universitari\\\/\"]}]},{\"@type\":\"ImageObject\",\"inLanguage\":\"es\",\"@id\":\"https:\\\/\\\/www.copealcoy.es\\\/es\\\/la-mancomunitat-presenta-novetats-en-el-transport-universitari\\\/#primaryimage\",\"url\":\"https:\\\/\\\/www.copealcoy.es\\\/wp-content\\\/uploads\\\/2021\\\/07\\\/Roda-de-premsa-STU-1049x640-1.jpg\",\"contentUrl\":\"https:\\\/\\\/www.copealcoy.es\\\/wp-content\\\/uploads\\\/2021\\\/07\\\/Roda-de-premsa-STU-1049x640-1.jpg\",\"width\":1049,\"height\":640},{\"@type\":\"BreadcrumbList\",\"@id\":\"https:\\\/\\\/www.copealcoy.es\\\/es\\\/la-mancomunitat-presenta-novetats-en-el-transport-universitari\\\/#breadcrumb\",\"itemListElement\":[{\"@type\":\"ListItem\",\"position\":1,\"name\":\"Portada\",\"item\":\"https:\\\/\\\/www.copealcoy.es\\\/es\\\/\"},{\"@type\":\"ListItem\",\"position\":2,\"name\":\"La Mancomunitat presenta novetats en el Transport Universitari\"}]},{\"@type\":\"WebSite\",\"@id\":\"https:\\\/\\\/www.copealcoy.es\\\/es\\\/#website\",\"url\":\"https:\\\/\\\/www.copealcoy.es\\\/es\\\/\",\"name\":\"COPE Alcoy\",\"description\":\"Emisora COPE de radio local con emisi\u00f3n online. Pont de Sant Jordi 8-10 03803 Alcoy\",\"potentialAction\":[{\"@type\":\"SearchAction\",\"target\":{\"@type\":\"EntryPoint\",\"urlTemplate\":\"https:\\\/\\\/www.copealcoy.es\\\/es\\\/?s={search_term_string}\"},\"query-input\":{\"@type\":\"PropertyValueSpecification\",\"valueRequired\":true,\"valueName\":\"search_term_string\"}}],\"inLanguage\":\"es\"},{\"@type\":\"Person\",\"@id\":\"https:\\\/\\\/www.copealcoy.es\\\/es\\\/#\\\/schema\\\/person\\\/e777c87fa024e57d40170af9df39882c\",\"name\":\"Cope Alcoy\",\"image\":{\"@type\":\"ImageObject\",\"inLanguage\":\"es\",\"@id\":\"https:\\\/\\\/secure.gravatar.com\\\/avatar\\\/bb65d0283347e303893ba14f0692005417c1e0e690a325a4c5d8bb2b3943ee14?s=96&d=mm&r=g\",\"url\":\"https:\\\/\\\/secure.gravatar.com\\\/avatar\\\/bb65d0283347e303893ba14f0692005417c1e0e690a325a4c5d8bb2b3943ee14?s=96&d=mm&r=g\",\"contentUrl\":\"https:\\\/\\\/secure.gravatar.com\\\/avatar\\\/bb65d0283347e303893ba14f0692005417c1e0e690a325a4c5d8bb2b3943ee14?s=96&d=mm&r=g\",\"caption\":\"Cope Alcoy\"}}]}<\/script>\n<!-- \/ Yoast SEO plugin. -->","yoast_head_json":{"title":"La Mancomunitat presenta novetats en el Transport Universitari - COPE Alcoy","robots":{"index":"index","follow":"follow","max-snippet":"max-snippet:-1","max-image-preview":"max-image-preview:large","max-video-preview":"max-video-preview:-1"},"canonical":"https:\/\/www.copealcoy.es\/es\/la-mancomunitat-presenta-novetats-en-el-transport-universitari\/","og_locale":"es_ES","og_type":"article","og_title":"La Mancomunitat presenta novetats en el Transport Universitari - COPE Alcoy","og_description":"La Mancomunitat de l&#8217;Alcoi\u00e0 i el Comtat ha presentat les novetats que tindr\u00e0 el transport universitari de les nostres comarques...","og_url":"https:\/\/www.copealcoy.es\/es\/la-mancomunitat-presenta-novetats-en-el-transport-universitari\/","og_site_name":"COPE Alcoy","article_published_time":"2021-07-27T16:17:13+00:00","article_modified_time":"2021-07-27T16:33:55+00:00","og_image":[{"width":1049,"height":640,"url":"https:\/\/www.copealcoy.es\/wp-content\/uploads\/2021\/07\/Roda-de-premsa-STU-1049x640-1.jpg","type":"image\/jpeg"}],"author":"Cope Alcoy","twitter_misc":{"Escrito por":"Cope Alcoy","Tiempo de lectura":"2 minutos"},"schema":{"@context":"https:\/\/schema.org","@graph":[{"@type":"Article","@id":"https:\/\/www.copealcoy.es\/es\/la-mancomunitat-presenta-novetats-en-el-transport-universitari\/#article","isPartOf":{"@id":"https:\/\/www.copealcoy.es\/es\/la-mancomunitat-presenta-novetats-en-el-transport-universitari\/"},"author":{"name":"Cope Alcoy","@id":"https:\/\/www.copealcoy.es\/es\/#\/schema\/person\/e777c87fa024e57d40170af9df39882c"},"headline":"La Mancomunitat presenta novetats en el Transport Universitari","datePublished":"2021-07-27T16:17:13+00:00","dateModified":"2021-07-27T16:33:55+00:00","mainEntityOfPage":{"@id":"https:\/\/www.copealcoy.es\/es\/la-mancomunitat-presenta-novetats-en-el-transport-universitari\/"},"wordCount":373,"commentCount":0,"image":{"@id":"https:\/\/www.copealcoy.es\/es\/la-mancomunitat-presenta-novetats-en-el-transport-universitari\/#primaryimage"},"thumbnailUrl":"https:\/\/www.copealcoy.es\/wp-content\/uploads\/2021\/07\/Roda-de-premsa-STU-1049x640-1.jpg","keywords":["Alcoi\u00e0","Comarca","Comtat","FP","Mancomunitat","novetats","servei","transport universitari"],"articleSection":["Comarcas","Noticias"],"inLanguage":"es"},{"@type":"WebPage","@id":"https:\/\/www.copealcoy.es\/es\/la-mancomunitat-presenta-novetats-en-el-transport-universitari\/","url":"https:\/\/www.copealcoy.es\/es\/la-mancomunitat-presenta-novetats-en-el-transport-universitari\/","name":"La Mancomunitat presenta novetats en el Transport Universitari - COPE Alcoy","isPartOf":{"@id":"https:\/\/www.copealcoy.es\/es\/#website"},"primaryImageOfPage":{"@id":"https:\/\/www.copealcoy.es\/es\/la-mancomunitat-presenta-novetats-en-el-transport-universitari\/#primaryimage"},"image":{"@id":"https:\/\/www.copealcoy.es\/es\/la-mancomunitat-presenta-novetats-en-el-transport-universitari\/#primaryimage"},"thumbnailUrl":"https:\/\/www.copealcoy.es\/wp-content\/uploads\/2021\/07\/Roda-de-premsa-STU-1049x640-1.jpg","datePublished":"2021-07-27T16:17:13+00:00","dateModified":"2021-07-27T16:33:55+00:00","author":{"@id":"https:\/\/www.copealcoy.es\/es\/#\/schema\/person\/e777c87fa024e57d40170af9df39882c"},"breadcrumb":{"@id":"https:\/\/www.copealcoy.es\/es\/la-mancomunitat-presenta-novetats-en-el-transport-universitari\/#breadcrumb"},"inLanguage":"es","potentialAction":[{"@type":"ReadAction","target":["https:\/\/www.copealcoy.es\/es\/la-mancomunitat-presenta-novetats-en-el-transport-universitari\/"]}]},{"@type":"ImageObject","inLanguage":"es","@id":"https:\/\/www.copealcoy.es\/es\/la-mancomunitat-presenta-novetats-en-el-transport-universitari\/#primaryimage","url":"https:\/\/www.copealcoy.es\/wp-content\/uploads\/2021\/07\/Roda-de-premsa-STU-1049x640-1.jpg","contentUrl":"https:\/\/www.copealcoy.es\/wp-content\/uploads\/2021\/07\/Roda-de-premsa-STU-1049x640-1.jpg","width":1049,"height":640},{"@type":"BreadcrumbList","@id":"https:\/\/www.copealcoy.es\/es\/la-mancomunitat-presenta-novetats-en-el-transport-universitari\/#breadcrumb","itemListElement":[{"@type":"ListItem","position":1,"name":"Portada","item":"https:\/\/www.copealcoy.es\/es\/"},{"@type":"ListItem","position":2,"name":"La Mancomunitat presenta novetats en el Transport Universitari"}]},{"@type":"WebSite","@id":"https:\/\/www.copealcoy.es\/es\/#website","url":"https:\/\/www.copealcoy.es\/es\/","name":"COPE Alcoy","description":"Emisora COPE de radio local con emisi\u00f3n online. Pont de Sant Jordi 8-10 03803 Alcoy","potentialAction":[{"@type":"SearchAction","target":{"@type":"EntryPoint","urlTemplate":"https:\/\/www.copealcoy.es\/es\/?s={search_term_string}"},"query-input":{"@type":"PropertyValueSpecification","valueRequired":true,"valueName":"search_term_string"}}],"inLanguage":"es"},{"@type":"Person","@id":"https:\/\/www.copealcoy.es\/es\/#\/schema\/person\/e777c87fa024e57d40170af9df39882c","name":"Cope Alcoy","image":{"@type":"ImageObject","inLanguage":"es","@id":"https:\/\/secure.gravatar.com\/avatar\/bb65d0283347e303893ba14f0692005417c1e0e690a325a4c5d8bb2b3943ee14?s=96&d=mm&r=g","url":"https:\/\/secure.gravatar.com\/avatar\/bb65d0283347e303893ba14f0692005417c1e0e690a325a4c5d8bb2b3943ee14?s=96&d=mm&r=g","contentUrl":"https:\/\/secure.gravatar.com\/avatar\/bb65d0283347e303893ba14f0692005417c1e0e690a325a4c5d8bb2b3943ee14?s=96&d=mm&r=g","caption":"Cope Alcoy"}}]}},"_links":{"self":[{"href":"https:\/\/www.copealcoy.es\/es\/wp-json\/wp\/v2\/posts\/76292","targetHints":{"allow":["GET"]}}],"collection":[{"href":"https:\/\/www.copealcoy.es\/es\/wp-json\/wp\/v2\/posts"}],"about":[{"href":"https:\/\/www.copealcoy.es\/es\/wp-json\/wp\/v2\/types\/post"}],"author":[{"embeddable":true,"href":"https:\/\/www.copealcoy.es\/es\/wp-json\/wp\/v2\/users\/1"}],"replies":[{"embeddable":true,"href":"https:\/\/www.copealcoy.es\/es\/wp-json\/wp\/v2\/comments?post=76292"}],"version-history":[{"count":0,"href":"https:\/\/www.copealcoy.es\/es\/wp-json\/wp\/v2\/posts\/76292\/revisions"}],"wp:featuredmedia":[{"embeddable":true,"href":"https:\/\/www.copealcoy.es\/es\/wp-json\/wp\/v2\/media\/76293"}],"wp:attachment":[{"href":"https:\/\/www.copealcoy.es\/es\/wp-json\/wp\/v2\/media?parent=76292"}],"wp:term":[{"taxonomy":"category","embeddable":true,"href":"https:\/\/www.copealcoy.es\/es\/wp-json\/wp\/v2\/categories?post=76292"},{"taxonomy":"post_tag","embeddable":true,"href":"https:\/\/www.copealcoy.es\/es\/wp-json\/wp\/v2\/tags?post=76292"}],"curies":[{"name":"wp","href":"https:\/\/api.w.org\/{rel}","templated":true}]}}