{"id":76281,"date":"2021-07-27T16:26:30","date_gmt":"2021-07-27T15:26:30","guid":{"rendered":"https:\/\/www.copealcoy.es\/?p=76281"},"modified":"2021-07-27T16:42:17","modified_gmt":"2021-07-27T15:42:17","slug":"presentada-la-tercera-edicion-de-la-feria-alicante-gastronomica","status":"publish","type":"post","link":"https:\/\/www.copealcoy.es\/es\/presentada-la-tercera-edicion-de-la-feria-alicante-gastronomica\/","title":{"rendered":"Presentada la tercera edici\u00f3n de la Feria \u2018Alicante Gastron\u00f3mica\u2019"},"content":{"rendered":"<p style=\"text-align: justify;\">El ADDA de Alicante ha acogido esta semana\u00a0la presentaci\u00f3n de la tercera edici\u00f3n de la Feria<b>\u00a0\u2018Alicante Gastron\u00f3mica. Estilo de vida Mediterr\u00e1neo\u2019<\/b>, un evento que se celebrar\u00e1 <b>en IFA del 24 al 27 de septiembre.<\/b> La cita <b>duplica este a\u00f1o el espacio expositivo con dos pabellones<\/b>\u00a0y\u00a0<b>pasa de 150 a m\u00e1s de 250 expositores<\/b>.<\/p>\n<p style=\"text-align: justify;\">En ocasi\u00f3n &#8216;Alicante Gastron\u00f3mica. Estilo de Vida Mediterr\u00e1neo&#8217; incrementa el n\u00famero de expositores y cuenta con <b>tres escenarios para la realizaci\u00f3n de talleres, showcookings, degustaciones y ponencias<\/b>. Asimismo, se ha\u00a0<b>ampliado el horario del fin de semana<\/b>\u00a0hasta la medianoche para ofrecer cenas y m\u00fasica en directo, as\u00ed como el n\u00famero de\u00a0<b>plazas de aparcamiento y los accesos\u00a0<\/b>&#8220;<em>con una mejor situaci\u00f3n ante la pandemia podremos poder volver as\u00ed a mostrar al mundo, salvaguardando por supuesto la salud de la gente, nuestra gastronom\u00eda, tanto la tradicional como la de vanguardia, y nuestros excelentes productos. Quiero remarcar tambi\u00e9n la labor de Alicante Gastron\u00f3mica Solidaria que durante estos meses de pandemia ha ofrecido m\u00e1s de 300.000 men\u00fas y se prepara para seguir atendiendo a los m\u00e1s necesitados. Es un ejemplo de solidaridad, adem\u00e1s de una escuela formativa que ofrece posibilidades de empleabilidad a los mas j\u00f3venes<\/em>\u201d, ha afirmado el Presidente de la Diputaci\u00f3n de Alicante; Carlos Maz\u00f3n.<\/p>\n<p style=\"text-align: justify;\">En la presentaci\u00f3n de la Feria estuvieron presentes el Director General de Turismo, <b>Herick Campos<\/b>, el Presidente de la C\u00e1mara de Comercio de Alicante, <b>Juan Bautista Riera<\/b>, el Presidente del Certamen, <b>Carlos Ba\u00f1o<\/b>, la Coordinadora de Contenidos de la Feria, <b>Mar\u00eda Jos\u00e9 Mart\u00ednez<\/b>, as\u00ed como representantes del sector. Tambi\u00e9n asistieron al acto reputados cocineros y profesionales del mundo de la gastronom\u00eda de la provincia, alcaldes y concejales de los municipios que participar\u00e1n en la Feria, y diputados provinciales como <b>Sebasti\u00e1n Ca\u00f1adas, Mar\u00eda G\u00f3mez, Mari Carmen Jover, Juan Bautista Rosell\u00f3 o Javier Guti\u00e9rrez.\u00a0<\/b><\/p>\n","protected":false},"excerpt":{"rendered":"<p>El ADDA de Alicante ha acogido esta semana\u00a0la presentaci\u00f3n de la tercera edici\u00f3n de la Feria\u00a0\u2018Alicante Gastron\u00f3mica. Estilo de vida&#8230;<\/p>\n","protected":false},"author":1,"featured_media":76282,"comment_status":"open","ping_status":"open","sticky":false,"template":"","format":"standard","meta":{"footnotes":""},"categories":[98,75],"tags":[5702,6922,947,1120,8031],"class_list":["post-76281","post","type-post","status-publish","format-standard","has-post-thumbnail","hentry","category-comarcas","category-noticias","tag-alicante-gastronomica","tag-carlos-mazon","tag-diputacion-de-alicante","tag-feria","tag-tercera-edicion"],"yoast_head":"<!-- This site is optimized with the Yoast SEO plugin v27.3 - https:\/\/yoast.com\/product\/yoast-seo-wordpress\/ -->\n<title>Presentada la tercera edici\u00f3n de la Feria \u2018Alicante Gastron\u00f3mica\u2019 - COPE Alcoy<\/title>\n<meta name=\"robots\" content=\"index, follow, max-snippet:-1, max-image-preview:large, max-video-preview:-1\" \/>\n<link rel=\"canonical\" href=\"https:\/\/www.copealcoy.es\/es\/presentada-la-tercera-edicion-de-la-feria-alicante-gastronomica\/\" \/>\n<meta property=\"og:locale\" content=\"es_ES\" \/>\n<meta property=\"og:type\" content=\"article\" \/>\n<meta property=\"og:title\" content=\"Presentada la tercera edici\u00f3n de la Feria \u2018Alicante Gastron\u00f3mica\u2019 - COPE Alcoy\" \/>\n<meta property=\"og:description\" content=\"El ADDA de Alicante ha acogido esta semana\u00a0la presentaci\u00f3n de la tercera edici\u00f3n de la Feria\u00a0\u2018Alicante Gastron\u00f3mica. Estilo de vida...\" \/>\n<meta property=\"og:url\" content=\"https:\/\/www.copealcoy.es\/es\/presentada-la-tercera-edicion-de-la-feria-alicante-gastronomica\/\" \/>\n<meta property=\"og:site_name\" content=\"COPE Alcoy\" \/>\n<meta property=\"article:published_time\" content=\"2021-07-27T15:26:30+00:00\" \/>\n<meta property=\"article:modified_time\" content=\"2021-07-27T15:42:17+00:00\" \/>\n<meta property=\"og:image\" content=\"https:\/\/www.copealcoy.es\/wp-content\/uploads\/2021\/07\/072621-Alicante-Gastronomica-01.jpg\" \/>\n\t<meta property=\"og:image:width\" content=\"1920\" \/>\n\t<meta property=\"og:image:height\" content=\"1280\" \/>\n\t<meta property=\"og:image:type\" content=\"image\/jpeg\" \/>\n<meta name=\"author\" content=\"Cope Alcoy\" \/>\n<meta name=\"twitter:label1\" content=\"Escrito por\" \/>\n\t<meta name=\"twitter:data1\" content=\"Cope Alcoy\" \/>\n\t<meta name=\"twitter:label2\" content=\"Tiempo de lectura\" \/>\n\t<meta name=\"twitter:data2\" content=\"2 minutos\" \/>\n<script type=\"application\/ld+json\" class=\"yoast-schema-graph\">{\"@context\":\"https:\\\/\\\/schema.org\",\"@graph\":[{\"@type\":\"Article\",\"@id\":\"https:\\\/\\\/www.copealcoy.es\\\/es\\\/presentada-la-tercera-edicion-de-la-feria-alicante-gastronomica\\\/#article\",\"isPartOf\":{\"@id\":\"https:\\\/\\\/www.copealcoy.es\\\/es\\\/presentada-la-tercera-edicion-de-la-feria-alicante-gastronomica\\\/\"},\"author\":{\"name\":\"Cope Alcoy\",\"@id\":\"https:\\\/\\\/www.copealcoy.es\\\/es\\\/#\\\/schema\\\/person\\\/e777c87fa024e57d40170af9df39882c\"},\"headline\":\"Presentada la tercera edici\u00f3n de la Feria \u2018Alicante Gastron\u00f3mica\u2019\",\"datePublished\":\"2021-07-27T15:26:30+00:00\",\"dateModified\":\"2021-07-27T15:42:17+00:00\",\"mainEntityOfPage\":{\"@id\":\"https:\\\/\\\/www.copealcoy.es\\\/es\\\/presentada-la-tercera-edicion-de-la-feria-alicante-gastronomica\\\/\"},\"wordCount\":346,\"commentCount\":0,\"image\":{\"@id\":\"https:\\\/\\\/www.copealcoy.es\\\/es\\\/presentada-la-tercera-edicion-de-la-feria-alicante-gastronomica\\\/#primaryimage\"},\"thumbnailUrl\":\"https:\\\/\\\/www.copealcoy.es\\\/wp-content\\\/uploads\\\/2021\\\/07\\\/072621-Alicante-Gastronomica-01.jpg\",\"keywords\":[\"Alicante Gastron\u00f3mica\",\"Carlos Maz\u00f3n\",\"Diputaci\u00f3n de Alicante\",\"Feria\",\"tercera edici\u00f3n\"],\"articleSection\":[\"Comarcas\",\"Noticias\"],\"inLanguage\":\"es\"},{\"@type\":\"WebPage\",\"@id\":\"https:\\\/\\\/www.copealcoy.es\\\/es\\\/presentada-la-tercera-edicion-de-la-feria-alicante-gastronomica\\\/\",\"url\":\"https:\\\/\\\/www.copealcoy.es\\\/es\\\/presentada-la-tercera-edicion-de-la-feria-alicante-gastronomica\\\/\",\"name\":\"Presentada la tercera edici\u00f3n de la Feria \u2018Alicante Gastron\u00f3mica\u2019 - COPE Alcoy\",\"isPartOf\":{\"@id\":\"https:\\\/\\\/www.copealcoy.es\\\/es\\\/#website\"},\"primaryImageOfPage\":{\"@id\":\"https:\\\/\\\/www.copealcoy.es\\\/es\\\/presentada-la-tercera-edicion-de-la-feria-alicante-gastronomica\\\/#primaryimage\"},\"image\":{\"@id\":\"https:\\\/\\\/www.copealcoy.es\\\/es\\\/presentada-la-tercera-edicion-de-la-feria-alicante-gastronomica\\\/#primaryimage\"},\"thumbnailUrl\":\"https:\\\/\\\/www.copealcoy.es\\\/wp-content\\\/uploads\\\/2021\\\/07\\\/072621-Alicante-Gastronomica-01.jpg\",\"datePublished\":\"2021-07-27T15:26:30+00:00\",\"dateModified\":\"2021-07-27T15:42:17+00:00\",\"author\":{\"@id\":\"https:\\\/\\\/www.copealcoy.es\\\/es\\\/#\\\/schema\\\/person\\\/e777c87fa024e57d40170af9df39882c\"},\"breadcrumb\":{\"@id\":\"https:\\\/\\\/www.copealcoy.es\\\/es\\\/presentada-la-tercera-edicion-de-la-feria-alicante-gastronomica\\\/#breadcrumb\"},\"inLanguage\":\"es\",\"potentialAction\":[{\"@type\":\"ReadAction\",\"target\":[\"https:\\\/\\\/www.copealcoy.es\\\/es\\\/presentada-la-tercera-edicion-de-la-feria-alicante-gastronomica\\\/\"]}]},{\"@type\":\"ImageObject\",\"inLanguage\":\"es\",\"@id\":\"https:\\\/\\\/www.copealcoy.es\\\/es\\\/presentada-la-tercera-edicion-de-la-feria-alicante-gastronomica\\\/#primaryimage\",\"url\":\"https:\\\/\\\/www.copealcoy.es\\\/wp-content\\\/uploads\\\/2021\\\/07\\\/072621-Alicante-Gastronomica-01.jpg\",\"contentUrl\":\"https:\\\/\\\/www.copealcoy.es\\\/wp-content\\\/uploads\\\/2021\\\/07\\\/072621-Alicante-Gastronomica-01.jpg\",\"width\":1920,\"height\":1280},{\"@type\":\"BreadcrumbList\",\"@id\":\"https:\\\/\\\/www.copealcoy.es\\\/es\\\/presentada-la-tercera-edicion-de-la-feria-alicante-gastronomica\\\/#breadcrumb\",\"itemListElement\":[{\"@type\":\"ListItem\",\"position\":1,\"name\":\"Portada\",\"item\":\"https:\\\/\\\/www.copealcoy.es\\\/es\\\/\"},{\"@type\":\"ListItem\",\"position\":2,\"name\":\"Presentada la tercera edici\u00f3n de la Feria \u2018Alicante Gastron\u00f3mica\u2019\"}]},{\"@type\":\"WebSite\",\"@id\":\"https:\\\/\\\/www.copealcoy.es\\\/es\\\/#website\",\"url\":\"https:\\\/\\\/www.copealcoy.es\\\/es\\\/\",\"name\":\"COPE Alcoy\",\"description\":\"Emisora COPE de radio local con emisi\u00f3n online. Pont de Sant Jordi 8-10 03803 Alcoy\",\"potentialAction\":[{\"@type\":\"SearchAction\",\"target\":{\"@type\":\"EntryPoint\",\"urlTemplate\":\"https:\\\/\\\/www.copealcoy.es\\\/es\\\/?s={search_term_string}\"},\"query-input\":{\"@type\":\"PropertyValueSpecification\",\"valueRequired\":true,\"valueName\":\"search_term_string\"}}],\"inLanguage\":\"es\"},{\"@type\":\"Person\",\"@id\":\"https:\\\/\\\/www.copealcoy.es\\\/es\\\/#\\\/schema\\\/person\\\/e777c87fa024e57d40170af9df39882c\",\"name\":\"Cope Alcoy\",\"image\":{\"@type\":\"ImageObject\",\"inLanguage\":\"es\",\"@id\":\"https:\\\/\\\/secure.gravatar.com\\\/avatar\\\/bb65d0283347e303893ba14f0692005417c1e0e690a325a4c5d8bb2b3943ee14?s=96&d=mm&r=g\",\"url\":\"https:\\\/\\\/secure.gravatar.com\\\/avatar\\\/bb65d0283347e303893ba14f0692005417c1e0e690a325a4c5d8bb2b3943ee14?s=96&d=mm&r=g\",\"contentUrl\":\"https:\\\/\\\/secure.gravatar.com\\\/avatar\\\/bb65d0283347e303893ba14f0692005417c1e0e690a325a4c5d8bb2b3943ee14?s=96&d=mm&r=g\",\"caption\":\"Cope Alcoy\"}}]}<\/script>\n<!-- \/ Yoast SEO plugin. -->","yoast_head_json":{"title":"Presentada la tercera edici\u00f3n de la Feria \u2018Alicante Gastron\u00f3mica\u2019 - COPE Alcoy","robots":{"index":"index","follow":"follow","max-snippet":"max-snippet:-1","max-image-preview":"max-image-preview:large","max-video-preview":"max-video-preview:-1"},"canonical":"https:\/\/www.copealcoy.es\/es\/presentada-la-tercera-edicion-de-la-feria-alicante-gastronomica\/","og_locale":"es_ES","og_type":"article","og_title":"Presentada la tercera edici\u00f3n de la Feria \u2018Alicante Gastron\u00f3mica\u2019 - COPE Alcoy","og_description":"El ADDA de Alicante ha acogido esta semana\u00a0la presentaci\u00f3n de la tercera edici\u00f3n de la Feria\u00a0\u2018Alicante Gastron\u00f3mica. Estilo de vida...","og_url":"https:\/\/www.copealcoy.es\/es\/presentada-la-tercera-edicion-de-la-feria-alicante-gastronomica\/","og_site_name":"COPE Alcoy","article_published_time":"2021-07-27T15:26:30+00:00","article_modified_time":"2021-07-27T15:42:17+00:00","og_image":[{"width":1920,"height":1280,"url":"https:\/\/www.copealcoy.es\/wp-content\/uploads\/2021\/07\/072621-Alicante-Gastronomica-01.jpg","type":"image\/jpeg"}],"author":"Cope Alcoy","twitter_misc":{"Escrito por":"Cope Alcoy","Tiempo de lectura":"2 minutos"},"schema":{"@context":"https:\/\/schema.org","@graph":[{"@type":"Article","@id":"https:\/\/www.copealcoy.es\/es\/presentada-la-tercera-edicion-de-la-feria-alicante-gastronomica\/#article","isPartOf":{"@id":"https:\/\/www.copealcoy.es\/es\/presentada-la-tercera-edicion-de-la-feria-alicante-gastronomica\/"},"author":{"name":"Cope Alcoy","@id":"https:\/\/www.copealcoy.es\/es\/#\/schema\/person\/e777c87fa024e57d40170af9df39882c"},"headline":"Presentada la tercera edici\u00f3n de la Feria \u2018Alicante Gastron\u00f3mica\u2019","datePublished":"2021-07-27T15:26:30+00:00","dateModified":"2021-07-27T15:42:17+00:00","mainEntityOfPage":{"@id":"https:\/\/www.copealcoy.es\/es\/presentada-la-tercera-edicion-de-la-feria-alicante-gastronomica\/"},"wordCount":346,"commentCount":0,"image":{"@id":"https:\/\/www.copealcoy.es\/es\/presentada-la-tercera-edicion-de-la-feria-alicante-gastronomica\/#primaryimage"},"thumbnailUrl":"https:\/\/www.copealcoy.es\/wp-content\/uploads\/2021\/07\/072621-Alicante-Gastronomica-01.jpg","keywords":["Alicante Gastron\u00f3mica","Carlos Maz\u00f3n","Diputaci\u00f3n de Alicante","Feria","tercera edici\u00f3n"],"articleSection":["Comarcas","Noticias"],"inLanguage":"es"},{"@type":"WebPage","@id":"https:\/\/www.copealcoy.es\/es\/presentada-la-tercera-edicion-de-la-feria-alicante-gastronomica\/","url":"https:\/\/www.copealcoy.es\/es\/presentada-la-tercera-edicion-de-la-feria-alicante-gastronomica\/","name":"Presentada la tercera edici\u00f3n de la Feria \u2018Alicante Gastron\u00f3mica\u2019 - COPE Alcoy","isPartOf":{"@id":"https:\/\/www.copealcoy.es\/es\/#website"},"primaryImageOfPage":{"@id":"https:\/\/www.copealcoy.es\/es\/presentada-la-tercera-edicion-de-la-feria-alicante-gastronomica\/#primaryimage"},"image":{"@id":"https:\/\/www.copealcoy.es\/es\/presentada-la-tercera-edicion-de-la-feria-alicante-gastronomica\/#primaryimage"},"thumbnailUrl":"https:\/\/www.copealcoy.es\/wp-content\/uploads\/2021\/07\/072621-Alicante-Gastronomica-01.jpg","datePublished":"2021-07-27T15:26:30+00:00","dateModified":"2021-07-27T15:42:17+00:00","author":{"@id":"https:\/\/www.copealcoy.es\/es\/#\/schema\/person\/e777c87fa024e57d40170af9df39882c"},"breadcrumb":{"@id":"https:\/\/www.copealcoy.es\/es\/presentada-la-tercera-edicion-de-la-feria-alicante-gastronomica\/#breadcrumb"},"inLanguage":"es","potentialAction":[{"@type":"ReadAction","target":["https:\/\/www.copealcoy.es\/es\/presentada-la-tercera-edicion-de-la-feria-alicante-gastronomica\/"]}]},{"@type":"ImageObject","inLanguage":"es","@id":"https:\/\/www.copealcoy.es\/es\/presentada-la-tercera-edicion-de-la-feria-alicante-gastronomica\/#primaryimage","url":"https:\/\/www.copealcoy.es\/wp-content\/uploads\/2021\/07\/072621-Alicante-Gastronomica-01.jpg","contentUrl":"https:\/\/www.copealcoy.es\/wp-content\/uploads\/2021\/07\/072621-Alicante-Gastronomica-01.jpg","width":1920,"height":1280},{"@type":"BreadcrumbList","@id":"https:\/\/www.copealcoy.es\/es\/presentada-la-tercera-edicion-de-la-feria-alicante-gastronomica\/#breadcrumb","itemListElement":[{"@type":"ListItem","position":1,"name":"Portada","item":"https:\/\/www.copealcoy.es\/es\/"},{"@type":"ListItem","position":2,"name":"Presentada la tercera edici\u00f3n de la Feria \u2018Alicante Gastron\u00f3mica\u2019"}]},{"@type":"WebSite","@id":"https:\/\/www.copealcoy.es\/es\/#website","url":"https:\/\/www.copealcoy.es\/es\/","name":"COPE Alcoy","description":"Emisora COPE de radio local con emisi\u00f3n online. Pont de Sant Jordi 8-10 03803 Alcoy","potentialAction":[{"@type":"SearchAction","target":{"@type":"EntryPoint","urlTemplate":"https:\/\/www.copealcoy.es\/es\/?s={search_term_string}"},"query-input":{"@type":"PropertyValueSpecification","valueRequired":true,"valueName":"search_term_string"}}],"inLanguage":"es"},{"@type":"Person","@id":"https:\/\/www.copealcoy.es\/es\/#\/schema\/person\/e777c87fa024e57d40170af9df39882c","name":"Cope Alcoy","image":{"@type":"ImageObject","inLanguage":"es","@id":"https:\/\/secure.gravatar.com\/avatar\/bb65d0283347e303893ba14f0692005417c1e0e690a325a4c5d8bb2b3943ee14?s=96&d=mm&r=g","url":"https:\/\/secure.gravatar.com\/avatar\/bb65d0283347e303893ba14f0692005417c1e0e690a325a4c5d8bb2b3943ee14?s=96&d=mm&r=g","contentUrl":"https:\/\/secure.gravatar.com\/avatar\/bb65d0283347e303893ba14f0692005417c1e0e690a325a4c5d8bb2b3943ee14?s=96&d=mm&r=g","caption":"Cope Alcoy"}}]}},"_links":{"self":[{"href":"https:\/\/www.copealcoy.es\/es\/wp-json\/wp\/v2\/posts\/76281","targetHints":{"allow":["GET"]}}],"collection":[{"href":"https:\/\/www.copealcoy.es\/es\/wp-json\/wp\/v2\/posts"}],"about":[{"href":"https:\/\/www.copealcoy.es\/es\/wp-json\/wp\/v2\/types\/post"}],"author":[{"embeddable":true,"href":"https:\/\/www.copealcoy.es\/es\/wp-json\/wp\/v2\/users\/1"}],"replies":[{"embeddable":true,"href":"https:\/\/www.copealcoy.es\/es\/wp-json\/wp\/v2\/comments?post=76281"}],"version-history":[{"count":0,"href":"https:\/\/www.copealcoy.es\/es\/wp-json\/wp\/v2\/posts\/76281\/revisions"}],"wp:featuredmedia":[{"embeddable":true,"href":"https:\/\/www.copealcoy.es\/es\/wp-json\/wp\/v2\/media\/76282"}],"wp:attachment":[{"href":"https:\/\/www.copealcoy.es\/es\/wp-json\/wp\/v2\/media?parent=76281"}],"wp:term":[{"taxonomy":"category","embeddable":true,"href":"https:\/\/www.copealcoy.es\/es\/wp-json\/wp\/v2\/categories?post=76281"},{"taxonomy":"post_tag","embeddable":true,"href":"https:\/\/www.copealcoy.es\/es\/wp-json\/wp\/v2\/tags?post=76281"}],"curies":[{"name":"wp","href":"https:\/\/api.w.org\/{rel}","templated":true}]}}