{"id":76226,"date":"2021-07-26T10:03:00","date_gmt":"2021-07-26T09:03:00","guid":{"rendered":"https:\/\/www.copealcoy.es\/?p=76226"},"modified":"2021-07-27T07:54:55","modified_gmt":"2021-07-27T06:54:55","slug":"frances-vos-demane-continuar-amb-eixe-esforc-per-a-complir-amb-totes-les-normes-sanitaries","status":"publish","type":"post","link":"https:\/\/www.copealcoy.es\/es\/frances-vos-demane-continuar-amb-eixe-esforc-per-a-complir-amb-totes-les-normes-sanitaries\/","title":{"rendered":"Franc\u00e9s: &#8220;vos demane continuar amb eixe esfor\u00e7 per a complir amb totes les normes sanit\u00e0ries&#8221;"},"content":{"rendered":"<p style=\"text-align: justify;\">La <strong>incid\u00e8ncia acumulada per Coronavirus<\/strong> a la ciutat d\u2019Alcoi cont\u00ednua augmentant i <strong>aquesta superava els 450 casos per cada 100.000 habitants<\/strong> amb les dades que la Conselleria de Sanitat va actualitzar el passat divendres. En aquests moments <strong>la capital de l&#8217;Alcoi\u00e0<\/strong>, i a l&#8217;espera de les dades que sabrem dem\u00e0, <strong>t\u00e9 un total de 274 casos positius de\u00a0<span class=\"hiddenSpellError\">Covid<\/span>-19 actius despr\u00e9s de sumar 98 contagis m\u00e9s<\/strong> abans del cap de setmana que acabem de deixar enrere.<\/p>\n<p style=\"text-align: justify;\">Per aquest motiu <strong>l&#8217;Ajuntament fa una crida a la responsabilitat<\/strong> per tal que <strong>seguim complint les mesures establides de cara a frenar la cinquena onada de la pand\u00e8mia<\/strong>. En aquest sentit l&#8217;alcalde assegura que <strong>la nostra ciutat est\u00e0 per sota de la mitja de la Comunitat Valenciana<\/strong> per\u00f2 en <strong>uns nivells que ara mateix s\u00f3n molt preocupants<\/strong> &#8220;<em>la pressi\u00f3 de l\u2019atenci\u00f3 prim\u00e0ria \u00e9s molt elevada, per aix\u00f2 us demane continuar amb\u00a0<span class=\"hiddenSuggestion\">eixe<\/span>\u00a0esfor\u00e7 per a complir amb totes les normes sanit\u00e0ries i evitar situacions de contagi amb l\u2019\u00fas de la mascareta, amb el distanciament social, evitant reunions de m\u00e9s de 10 persones tant en l\u2019\u00e0mbit privat com en el p\u00fablic. Un esfor\u00e7 que permetr\u00e0 que gr\u00e0cies al compliment de les normes puguem reduir aquesta incid\u00e8ncia d\u2019una forma r\u00e0pida. Val la pena despr\u00e9s d\u2019haver patit tant, complir amb les recomanacions, complir amb la normativa per a v\u00e9ncer tots junts aquesta pand\u00e8mia<\/em>&#8220;, afirma.<\/p>\n<p style=\"text-align: justify;\">Recordar que les mesures que estan en vigor en la Comunitat Valenciana en la recta final del mes de juliol s\u00f3n <strong>l&#8217;aplicaci\u00f3 de toc de queda<\/strong> entre la 1 i les 6 del mat\u00ed en 77 municipis de la Comunitat. Tamb\u00e9 s\u2019ha aprovat <strong>reduir l\u2019aforament<\/strong> en els casos dels espectacles, esdeveniments esportius o piscines recreatives al 50% per interior amb un m\u00e0xim de 1.500 persones, recordant que l\u2019hora de finalitzaci\u00f3 com a m\u00e0xim seran les 00:<span class=\"hiddenGrammarError\">30h<\/span>. Finalment <strong>segueixen en vigor les mesures decretades del tancament de l\u2019oci nocturn i l\u2019avan\u00e7 del tancament de l&#8217;hostaleria<\/strong>, fins a les 00:<span class=\"hiddenGrammarError\">30h<\/span>, mentre que <strong>les taules de l&#8217;hostaleria<\/strong> podran estar ocupades per un m\u00e0xim de 10 persones en exteriors i 6 persones en interiors.<\/p>\n","protected":false},"excerpt":{"rendered":"<p>La incid\u00e8ncia acumulada per Coronavirus a la ciutat d\u2019Alcoi cont\u00ednua augmentant i aquesta superava els 450 casos per cada 100.000&#8230;<\/p>\n","protected":false},"author":1,"featured_media":69343,"comment_status":"open","ping_status":"open","sticky":false,"template":"","format":"standard","meta":{"footnotes":""},"categories":[6909,97,75,79],"tags":[7397,10125,9711,11621,10126,681],"class_list":["post-76226","post","type-post","status-publish","format-standard","has-post-thumbnail","hentry","category-actualidad","category-alcoy","category-noticias","category-politicayeconomia","tag-covid-19","tag-crida","tag-esforc","tag-normes-sanitaries","tag-responsabilitat","tag-toni-frances"],"yoast_head":"<!-- This site is optimized with the Yoast SEO plugin v27.3 - https:\/\/yoast.com\/product\/yoast-seo-wordpress\/ -->\n<title>Franc\u00e9s: &quot;vos demane continuar amb eixe esfor\u00e7 per a complir amb totes les normes sanit\u00e0ries&quot; - COPE Alcoy<\/title>\n<meta name=\"robots\" content=\"index, follow, max-snippet:-1, max-image-preview:large, max-video-preview:-1\" \/>\n<link rel=\"canonical\" href=\"https:\/\/www.copealcoy.es\/es\/frances-vos-demane-continuar-amb-eixe-esforc-per-a-complir-amb-totes-les-normes-sanitaries\/\" \/>\n<meta property=\"og:locale\" content=\"es_ES\" \/>\n<meta property=\"og:type\" content=\"article\" \/>\n<meta property=\"og:title\" content=\"Franc\u00e9s: &quot;vos demane continuar amb eixe esfor\u00e7 per a complir amb totes les normes sanit\u00e0ries&quot; - COPE Alcoy\" \/>\n<meta property=\"og:description\" content=\"La incid\u00e8ncia acumulada per Coronavirus a la ciutat d\u2019Alcoi cont\u00ednua augmentant i aquesta superava els 450 casos per cada 100.000...\" \/>\n<meta property=\"og:url\" content=\"https:\/\/www.copealcoy.es\/es\/frances-vos-demane-continuar-amb-eixe-esforc-per-a-complir-amb-totes-les-normes-sanitaries\/\" \/>\n<meta property=\"og:site_name\" content=\"COPE Alcoy\" \/>\n<meta property=\"article:published_time\" content=\"2021-07-26T09:03:00+00:00\" \/>\n<meta property=\"article:modified_time\" content=\"2021-07-27T06:54:55+00:00\" \/>\n<meta property=\"og:image\" content=\"https:\/\/www.copealcoy.es\/wp-content\/uploads\/2021\/01\/IMG_3720-scaled-e1609701794929.jpeg\" \/>\n\t<meta property=\"og:image:width\" content=\"2528\" \/>\n\t<meta property=\"og:image:height\" content=\"1452\" \/>\n\t<meta property=\"og:image:type\" content=\"image\/jpeg\" \/>\n<meta name=\"author\" content=\"Cope Alcoy\" \/>\n<meta name=\"twitter:label1\" content=\"Escrito por\" \/>\n\t<meta name=\"twitter:data1\" content=\"Cope Alcoy\" \/>\n\t<meta name=\"twitter:label2\" content=\"Tiempo de lectura\" \/>\n\t<meta name=\"twitter:data2\" content=\"2 minutos\" \/>\n<script type=\"application\/ld+json\" class=\"yoast-schema-graph\">{\"@context\":\"https:\\\/\\\/schema.org\",\"@graph\":[{\"@type\":\"Article\",\"@id\":\"https:\\\/\\\/www.copealcoy.es\\\/es\\\/frances-vos-demane-continuar-amb-eixe-esforc-per-a-complir-amb-totes-les-normes-sanitaries\\\/#article\",\"isPartOf\":{\"@id\":\"https:\\\/\\\/www.copealcoy.es\\\/es\\\/frances-vos-demane-continuar-amb-eixe-esforc-per-a-complir-amb-totes-les-normes-sanitaries\\\/\"},\"author\":{\"name\":\"Cope Alcoy\",\"@id\":\"https:\\\/\\\/www.copealcoy.es\\\/es\\\/#\\\/schema\\\/person\\\/e777c87fa024e57d40170af9df39882c\"},\"headline\":\"Franc\u00e9s: &#8220;vos demane continuar amb eixe esfor\u00e7 per a complir amb totes les normes sanit\u00e0ries&#8221;\",\"datePublished\":\"2021-07-26T09:03:00+00:00\",\"dateModified\":\"2021-07-27T06:54:55+00:00\",\"mainEntityOfPage\":{\"@id\":\"https:\\\/\\\/www.copealcoy.es\\\/es\\\/frances-vos-demane-continuar-amb-eixe-esforc-per-a-complir-amb-totes-les-normes-sanitaries\\\/\"},\"wordCount\":390,\"commentCount\":0,\"image\":{\"@id\":\"https:\\\/\\\/www.copealcoy.es\\\/es\\\/frances-vos-demane-continuar-amb-eixe-esforc-per-a-complir-amb-totes-les-normes-sanitaries\\\/#primaryimage\"},\"thumbnailUrl\":\"https:\\\/\\\/www.copealcoy.es\\\/wp-content\\\/uploads\\\/2021\\\/01\\\/IMG_3720-scaled-e1609701794929.jpeg\",\"keywords\":[\"Covid-19\",\"crida\",\"esfor\u00e7\",\"normes sanit\u00e0ries\",\"responsabilitat\",\"Toni Franc\u00e9s\"],\"articleSection\":[\"Actualidad\",\"Alcoy\",\"Noticias\",\"Pol\u00edtica y Econom\u00eda\"],\"inLanguage\":\"es\"},{\"@type\":\"WebPage\",\"@id\":\"https:\\\/\\\/www.copealcoy.es\\\/es\\\/frances-vos-demane-continuar-amb-eixe-esforc-per-a-complir-amb-totes-les-normes-sanitaries\\\/\",\"url\":\"https:\\\/\\\/www.copealcoy.es\\\/es\\\/frances-vos-demane-continuar-amb-eixe-esforc-per-a-complir-amb-totes-les-normes-sanitaries\\\/\",\"name\":\"Franc\u00e9s: \\\"vos demane continuar amb eixe esfor\u00e7 per a complir amb totes les normes sanit\u00e0ries\\\" - COPE Alcoy\",\"isPartOf\":{\"@id\":\"https:\\\/\\\/www.copealcoy.es\\\/es\\\/#website\"},\"primaryImageOfPage\":{\"@id\":\"https:\\\/\\\/www.copealcoy.es\\\/es\\\/frances-vos-demane-continuar-amb-eixe-esforc-per-a-complir-amb-totes-les-normes-sanitaries\\\/#primaryimage\"},\"image\":{\"@id\":\"https:\\\/\\\/www.copealcoy.es\\\/es\\\/frances-vos-demane-continuar-amb-eixe-esforc-per-a-complir-amb-totes-les-normes-sanitaries\\\/#primaryimage\"},\"thumbnailUrl\":\"https:\\\/\\\/www.copealcoy.es\\\/wp-content\\\/uploads\\\/2021\\\/01\\\/IMG_3720-scaled-e1609701794929.jpeg\",\"datePublished\":\"2021-07-26T09:03:00+00:00\",\"dateModified\":\"2021-07-27T06:54:55+00:00\",\"author\":{\"@id\":\"https:\\\/\\\/www.copealcoy.es\\\/es\\\/#\\\/schema\\\/person\\\/e777c87fa024e57d40170af9df39882c\"},\"breadcrumb\":{\"@id\":\"https:\\\/\\\/www.copealcoy.es\\\/es\\\/frances-vos-demane-continuar-amb-eixe-esforc-per-a-complir-amb-totes-les-normes-sanitaries\\\/#breadcrumb\"},\"inLanguage\":\"es\",\"potentialAction\":[{\"@type\":\"ReadAction\",\"target\":[\"https:\\\/\\\/www.copealcoy.es\\\/es\\\/frances-vos-demane-continuar-amb-eixe-esforc-per-a-complir-amb-totes-les-normes-sanitaries\\\/\"]}]},{\"@type\":\"ImageObject\",\"inLanguage\":\"es\",\"@id\":\"https:\\\/\\\/www.copealcoy.es\\\/es\\\/frances-vos-demane-continuar-amb-eixe-esforc-per-a-complir-amb-totes-les-normes-sanitaries\\\/#primaryimage\",\"url\":\"https:\\\/\\\/www.copealcoy.es\\\/wp-content\\\/uploads\\\/2021\\\/01\\\/IMG_3720-scaled-e1609701794929.jpeg\",\"contentUrl\":\"https:\\\/\\\/www.copealcoy.es\\\/wp-content\\\/uploads\\\/2021\\\/01\\\/IMG_3720-scaled-e1609701794929.jpeg\",\"width\":2528,\"height\":1452},{\"@type\":\"BreadcrumbList\",\"@id\":\"https:\\\/\\\/www.copealcoy.es\\\/es\\\/frances-vos-demane-continuar-amb-eixe-esforc-per-a-complir-amb-totes-les-normes-sanitaries\\\/#breadcrumb\",\"itemListElement\":[{\"@type\":\"ListItem\",\"position\":1,\"name\":\"Portada\",\"item\":\"https:\\\/\\\/www.copealcoy.es\\\/es\\\/\"},{\"@type\":\"ListItem\",\"position\":2,\"name\":\"Franc\u00e9s: &#8220;vos demane continuar amb eixe esfor\u00e7 per a complir amb totes les normes sanit\u00e0ries&#8221;\"}]},{\"@type\":\"WebSite\",\"@id\":\"https:\\\/\\\/www.copealcoy.es\\\/es\\\/#website\",\"url\":\"https:\\\/\\\/www.copealcoy.es\\\/es\\\/\",\"name\":\"COPE Alcoy\",\"description\":\"Emisora COPE de radio local con emisi\u00f3n online. Pont de Sant Jordi 8-10 03803 Alcoy\",\"potentialAction\":[{\"@type\":\"SearchAction\",\"target\":{\"@type\":\"EntryPoint\",\"urlTemplate\":\"https:\\\/\\\/www.copealcoy.es\\\/es\\\/?s={search_term_string}\"},\"query-input\":{\"@type\":\"PropertyValueSpecification\",\"valueRequired\":true,\"valueName\":\"search_term_string\"}}],\"inLanguage\":\"es\"},{\"@type\":\"Person\",\"@id\":\"https:\\\/\\\/www.copealcoy.es\\\/es\\\/#\\\/schema\\\/person\\\/e777c87fa024e57d40170af9df39882c\",\"name\":\"Cope Alcoy\",\"image\":{\"@type\":\"ImageObject\",\"inLanguage\":\"es\",\"@id\":\"https:\\\/\\\/secure.gravatar.com\\\/avatar\\\/bb65d0283347e303893ba14f0692005417c1e0e690a325a4c5d8bb2b3943ee14?s=96&d=mm&r=g\",\"url\":\"https:\\\/\\\/secure.gravatar.com\\\/avatar\\\/bb65d0283347e303893ba14f0692005417c1e0e690a325a4c5d8bb2b3943ee14?s=96&d=mm&r=g\",\"contentUrl\":\"https:\\\/\\\/secure.gravatar.com\\\/avatar\\\/bb65d0283347e303893ba14f0692005417c1e0e690a325a4c5d8bb2b3943ee14?s=96&d=mm&r=g\",\"caption\":\"Cope Alcoy\"}}]}<\/script>\n<!-- \/ Yoast SEO plugin. -->","yoast_head_json":{"title":"Franc\u00e9s: \"vos demane continuar amb eixe esfor\u00e7 per a complir amb totes les normes sanit\u00e0ries\" - COPE Alcoy","robots":{"index":"index","follow":"follow","max-snippet":"max-snippet:-1","max-image-preview":"max-image-preview:large","max-video-preview":"max-video-preview:-1"},"canonical":"https:\/\/www.copealcoy.es\/es\/frances-vos-demane-continuar-amb-eixe-esforc-per-a-complir-amb-totes-les-normes-sanitaries\/","og_locale":"es_ES","og_type":"article","og_title":"Franc\u00e9s: \"vos demane continuar amb eixe esfor\u00e7 per a complir amb totes les normes sanit\u00e0ries\" - COPE Alcoy","og_description":"La incid\u00e8ncia acumulada per Coronavirus a la ciutat d\u2019Alcoi cont\u00ednua augmentant i aquesta superava els 450 casos per cada 100.000...","og_url":"https:\/\/www.copealcoy.es\/es\/frances-vos-demane-continuar-amb-eixe-esforc-per-a-complir-amb-totes-les-normes-sanitaries\/","og_site_name":"COPE Alcoy","article_published_time":"2021-07-26T09:03:00+00:00","article_modified_time":"2021-07-27T06:54:55+00:00","og_image":[{"width":2528,"height":1452,"url":"https:\/\/www.copealcoy.es\/wp-content\/uploads\/2021\/01\/IMG_3720-scaled-e1609701794929.jpeg","type":"image\/jpeg"}],"author":"Cope Alcoy","twitter_misc":{"Escrito por":"Cope Alcoy","Tiempo de lectura":"2 minutos"},"schema":{"@context":"https:\/\/schema.org","@graph":[{"@type":"Article","@id":"https:\/\/www.copealcoy.es\/es\/frances-vos-demane-continuar-amb-eixe-esforc-per-a-complir-amb-totes-les-normes-sanitaries\/#article","isPartOf":{"@id":"https:\/\/www.copealcoy.es\/es\/frances-vos-demane-continuar-amb-eixe-esforc-per-a-complir-amb-totes-les-normes-sanitaries\/"},"author":{"name":"Cope Alcoy","@id":"https:\/\/www.copealcoy.es\/es\/#\/schema\/person\/e777c87fa024e57d40170af9df39882c"},"headline":"Franc\u00e9s: &#8220;vos demane continuar amb eixe esfor\u00e7 per a complir amb totes les normes sanit\u00e0ries&#8221;","datePublished":"2021-07-26T09:03:00+00:00","dateModified":"2021-07-27T06:54:55+00:00","mainEntityOfPage":{"@id":"https:\/\/www.copealcoy.es\/es\/frances-vos-demane-continuar-amb-eixe-esforc-per-a-complir-amb-totes-les-normes-sanitaries\/"},"wordCount":390,"commentCount":0,"image":{"@id":"https:\/\/www.copealcoy.es\/es\/frances-vos-demane-continuar-amb-eixe-esforc-per-a-complir-amb-totes-les-normes-sanitaries\/#primaryimage"},"thumbnailUrl":"https:\/\/www.copealcoy.es\/wp-content\/uploads\/2021\/01\/IMG_3720-scaled-e1609701794929.jpeg","keywords":["Covid-19","crida","esfor\u00e7","normes sanit\u00e0ries","responsabilitat","Toni Franc\u00e9s"],"articleSection":["Actualidad","Alcoy","Noticias","Pol\u00edtica y Econom\u00eda"],"inLanguage":"es"},{"@type":"WebPage","@id":"https:\/\/www.copealcoy.es\/es\/frances-vos-demane-continuar-amb-eixe-esforc-per-a-complir-amb-totes-les-normes-sanitaries\/","url":"https:\/\/www.copealcoy.es\/es\/frances-vos-demane-continuar-amb-eixe-esforc-per-a-complir-amb-totes-les-normes-sanitaries\/","name":"Franc\u00e9s: \"vos demane continuar amb eixe esfor\u00e7 per a complir amb totes les normes sanit\u00e0ries\" - COPE Alcoy","isPartOf":{"@id":"https:\/\/www.copealcoy.es\/es\/#website"},"primaryImageOfPage":{"@id":"https:\/\/www.copealcoy.es\/es\/frances-vos-demane-continuar-amb-eixe-esforc-per-a-complir-amb-totes-les-normes-sanitaries\/#primaryimage"},"image":{"@id":"https:\/\/www.copealcoy.es\/es\/frances-vos-demane-continuar-amb-eixe-esforc-per-a-complir-amb-totes-les-normes-sanitaries\/#primaryimage"},"thumbnailUrl":"https:\/\/www.copealcoy.es\/wp-content\/uploads\/2021\/01\/IMG_3720-scaled-e1609701794929.jpeg","datePublished":"2021-07-26T09:03:00+00:00","dateModified":"2021-07-27T06:54:55+00:00","author":{"@id":"https:\/\/www.copealcoy.es\/es\/#\/schema\/person\/e777c87fa024e57d40170af9df39882c"},"breadcrumb":{"@id":"https:\/\/www.copealcoy.es\/es\/frances-vos-demane-continuar-amb-eixe-esforc-per-a-complir-amb-totes-les-normes-sanitaries\/#breadcrumb"},"inLanguage":"es","potentialAction":[{"@type":"ReadAction","target":["https:\/\/www.copealcoy.es\/es\/frances-vos-demane-continuar-amb-eixe-esforc-per-a-complir-amb-totes-les-normes-sanitaries\/"]}]},{"@type":"ImageObject","inLanguage":"es","@id":"https:\/\/www.copealcoy.es\/es\/frances-vos-demane-continuar-amb-eixe-esforc-per-a-complir-amb-totes-les-normes-sanitaries\/#primaryimage","url":"https:\/\/www.copealcoy.es\/wp-content\/uploads\/2021\/01\/IMG_3720-scaled-e1609701794929.jpeg","contentUrl":"https:\/\/www.copealcoy.es\/wp-content\/uploads\/2021\/01\/IMG_3720-scaled-e1609701794929.jpeg","width":2528,"height":1452},{"@type":"BreadcrumbList","@id":"https:\/\/www.copealcoy.es\/es\/frances-vos-demane-continuar-amb-eixe-esforc-per-a-complir-amb-totes-les-normes-sanitaries\/#breadcrumb","itemListElement":[{"@type":"ListItem","position":1,"name":"Portada","item":"https:\/\/www.copealcoy.es\/es\/"},{"@type":"ListItem","position":2,"name":"Franc\u00e9s: &#8220;vos demane continuar amb eixe esfor\u00e7 per a complir amb totes les normes sanit\u00e0ries&#8221;"}]},{"@type":"WebSite","@id":"https:\/\/www.copealcoy.es\/es\/#website","url":"https:\/\/www.copealcoy.es\/es\/","name":"COPE Alcoy","description":"Emisora COPE de radio local con emisi\u00f3n online. Pont de Sant Jordi 8-10 03803 Alcoy","potentialAction":[{"@type":"SearchAction","target":{"@type":"EntryPoint","urlTemplate":"https:\/\/www.copealcoy.es\/es\/?s={search_term_string}"},"query-input":{"@type":"PropertyValueSpecification","valueRequired":true,"valueName":"search_term_string"}}],"inLanguage":"es"},{"@type":"Person","@id":"https:\/\/www.copealcoy.es\/es\/#\/schema\/person\/e777c87fa024e57d40170af9df39882c","name":"Cope Alcoy","image":{"@type":"ImageObject","inLanguage":"es","@id":"https:\/\/secure.gravatar.com\/avatar\/bb65d0283347e303893ba14f0692005417c1e0e690a325a4c5d8bb2b3943ee14?s=96&d=mm&r=g","url":"https:\/\/secure.gravatar.com\/avatar\/bb65d0283347e303893ba14f0692005417c1e0e690a325a4c5d8bb2b3943ee14?s=96&d=mm&r=g","contentUrl":"https:\/\/secure.gravatar.com\/avatar\/bb65d0283347e303893ba14f0692005417c1e0e690a325a4c5d8bb2b3943ee14?s=96&d=mm&r=g","caption":"Cope Alcoy"}}]}},"_links":{"self":[{"href":"https:\/\/www.copealcoy.es\/es\/wp-json\/wp\/v2\/posts\/76226","targetHints":{"allow":["GET"]}}],"collection":[{"href":"https:\/\/www.copealcoy.es\/es\/wp-json\/wp\/v2\/posts"}],"about":[{"href":"https:\/\/www.copealcoy.es\/es\/wp-json\/wp\/v2\/types\/post"}],"author":[{"embeddable":true,"href":"https:\/\/www.copealcoy.es\/es\/wp-json\/wp\/v2\/users\/1"}],"replies":[{"embeddable":true,"href":"https:\/\/www.copealcoy.es\/es\/wp-json\/wp\/v2\/comments?post=76226"}],"version-history":[{"count":0,"href":"https:\/\/www.copealcoy.es\/es\/wp-json\/wp\/v2\/posts\/76226\/revisions"}],"wp:featuredmedia":[{"embeddable":true,"href":"https:\/\/www.copealcoy.es\/es\/wp-json\/wp\/v2\/media\/69343"}],"wp:attachment":[{"href":"https:\/\/www.copealcoy.es\/es\/wp-json\/wp\/v2\/media?parent=76226"}],"wp:term":[{"taxonomy":"category","embeddable":true,"href":"https:\/\/www.copealcoy.es\/es\/wp-json\/wp\/v2\/categories?post=76226"},{"taxonomy":"post_tag","embeddable":true,"href":"https:\/\/www.copealcoy.es\/es\/wp-json\/wp\/v2\/tags?post=76226"}],"curies":[{"name":"wp","href":"https:\/\/api.w.org\/{rel}","templated":true}]}}