{"id":76080,"date":"2021-07-21T16:19:33","date_gmt":"2021-07-21T15:19:33","guid":{"rendered":"https:\/\/www.copealcoy.es\/?p=76080"},"modified":"2021-07-21T16:33:07","modified_gmt":"2021-07-21T15:33:07","slug":"ajornat-el-sent-me-de-cocentaina-a-2022","status":"publish","type":"post","link":"https:\/\/www.copealcoy.es\/es\/ajornat-el-sent-me-de-cocentaina-a-2022\/","title":{"rendered":"Ajornat el Sent-me de Cocentaina a 2022"},"content":{"rendered":"<p style=\"text-align: justify;\">L&#8217;Ajuntament de Cocentaina ha comunicat que <strong>el\u00a0<span class=\"hiddenGrammarError\">Sent<\/span>-me queda ajornat a 2022<\/strong>, una iniciativa cultural i musical que <strong>s&#8217;hauria celebrat durant aquests dies de juliol<\/strong>. La pand\u00e8mia de la\u00a0<span class=\"hiddenSpellError\">Covid<\/span>-19 <strong>impedeix portar endavant en el seu format habitual<\/strong> un esdeveniment que va n\u00e0ixer l&#8217;any 2014.<\/p>\n<p style=\"text-align: justify;\">La crisi sanit\u00e0ria del Coronavirus <strong>provoca que siga impossible poder fer la conviv\u00e8ncia entre professors i estudiants de m\u00fasica<\/strong> i per aix\u00f2 <strong>s&#8217;ha decidit ajornar la huitena edici\u00f3 l&#8217;any 2022<\/strong>. Des de l&#8217;organitzaci\u00f3 confien en el fet que a l&#8217;estiu que ve <strong>es puga portar endavant amb normalitat el Sent-me<\/strong> i esperen que el poble<strong> puga tornar a tindre actiu l&#8217;alberg municipal o un lloc alternatiu<\/strong> per a acollir als estudiants &#8220;<em>no \u00e9s un acomiadament, el 8\u00e9 Sent-me es far\u00e0, tan sols un poc m\u00e9s tard: el 2022<\/em>&#8220;, indica <strong><span class=\"hiddenSpellError\">Ignacio<\/span>\u00a0Garcia Vidal<\/strong>; Director Art\u00edstic del projecte.<\/p>\n<p style=\"text-align: justify;\">Recordar que l&#8217;any passat <strong>ja va ser una edici\u00f3 at\u00edpica<\/strong>, en la que no es van poder activitats, per\u00f2 s\u00ed que se celebraren dos concerts a l&#8217;aire lliure en el marc del Pati d&#8217;Armes del Palau Comtal.<\/p>\n","protected":false},"excerpt":{"rendered":"<p>L&#8217;Ajuntament de Cocentaina ha comunicat que el\u00a0Sent-me queda ajornat a 2022, una iniciativa cultural i musical que s&#8217;hauria celebrat durant&#8230;<\/p>\n","protected":false},"author":1,"featured_media":44176,"comment_status":"open","ping_status":"open","sticky":false,"template":"","format":"standard","meta":{"footnotes":""},"categories":[98,75],"tags":[11168,11599,132,2222,973],"class_list":["post-76080","post","type-post","status-publish","format-standard","has-post-thumbnail","hentry","category-comarcas","category-noticias","tag-11168","tag-ajornat","tag-cocentaina","tag-ignacio-garcia-vidal","tag-sent-me"],"yoast_head":"<!-- This site is optimized with the Yoast SEO plugin v27.3 - https:\/\/yoast.com\/product\/yoast-seo-wordpress\/ -->\n<title>Ajornat el Sent-me de Cocentaina a 2022 - COPE Alcoy<\/title>\n<meta name=\"robots\" content=\"index, follow, max-snippet:-1, max-image-preview:large, max-video-preview:-1\" \/>\n<link rel=\"canonical\" href=\"https:\/\/www.copealcoy.es\/es\/ajornat-el-sent-me-de-cocentaina-a-2022\/\" \/>\n<meta property=\"og:locale\" content=\"es_ES\" \/>\n<meta property=\"og:type\" content=\"article\" \/>\n<meta property=\"og:title\" content=\"Ajornat el Sent-me de Cocentaina a 2022 - COPE Alcoy\" \/>\n<meta property=\"og:description\" content=\"L&#8217;Ajuntament de Cocentaina ha comunicat que el\u00a0Sent-me queda ajornat a 2022, una iniciativa cultural i musical que s&#8217;hauria celebrat durant...\" \/>\n<meta property=\"og:url\" content=\"https:\/\/www.copealcoy.es\/es\/ajornat-el-sent-me-de-cocentaina-a-2022\/\" \/>\n<meta property=\"og:site_name\" content=\"COPE Alcoy\" \/>\n<meta property=\"article:published_time\" content=\"2021-07-21T15:19:33+00:00\" \/>\n<meta property=\"article:modified_time\" content=\"2021-07-21T15:33:07+00:00\" \/>\n<meta property=\"og:image\" content=\"https:\/\/www.copealcoy.es\/wp-content\/uploads\/2018\/07\/8-La-novena-sinfon\u00eda-de-Beethoven-cauti\u00f3-el-Palau-Foto-Agrupaci\u00f3-Fotogr\u00e1fica-Contestana-e1532104553634.jpg\" \/>\n\t<meta property=\"og:image:width\" content=\"960\" \/>\n\t<meta property=\"og:image:height\" content=\"544\" \/>\n\t<meta property=\"og:image:type\" content=\"image\/jpeg\" \/>\n<meta name=\"author\" content=\"Cope Alcoy\" \/>\n<meta name=\"twitter:label1\" content=\"Escrito por\" \/>\n\t<meta name=\"twitter:data1\" content=\"Cope Alcoy\" \/>\n\t<meta name=\"twitter:label2\" content=\"Tiempo de lectura\" \/>\n\t<meta name=\"twitter:data2\" content=\"1 minuto\" \/>\n<script type=\"application\/ld+json\" class=\"yoast-schema-graph\">{\"@context\":\"https:\\\/\\\/schema.org\",\"@graph\":[{\"@type\":\"Article\",\"@id\":\"https:\\\/\\\/www.copealcoy.es\\\/es\\\/ajornat-el-sent-me-de-cocentaina-a-2022\\\/#article\",\"isPartOf\":{\"@id\":\"https:\\\/\\\/www.copealcoy.es\\\/es\\\/ajornat-el-sent-me-de-cocentaina-a-2022\\\/\"},\"author\":{\"name\":\"Cope Alcoy\",\"@id\":\"https:\\\/\\\/www.copealcoy.es\\\/es\\\/#\\\/schema\\\/person\\\/e777c87fa024e57d40170af9df39882c\"},\"headline\":\"Ajornat el Sent-me de Cocentaina a 2022\",\"datePublished\":\"2021-07-21T15:19:33+00:00\",\"dateModified\":\"2021-07-21T15:33:07+00:00\",\"mainEntityOfPage\":{\"@id\":\"https:\\\/\\\/www.copealcoy.es\\\/es\\\/ajornat-el-sent-me-de-cocentaina-a-2022\\\/\"},\"wordCount\":198,\"commentCount\":0,\"image\":{\"@id\":\"https:\\\/\\\/www.copealcoy.es\\\/es\\\/ajornat-el-sent-me-de-cocentaina-a-2022\\\/#primaryimage\"},\"thumbnailUrl\":\"https:\\\/\\\/www.copealcoy.es\\\/wp-content\\\/uploads\\\/2018\\\/07\\\/8-La-novena-sinfon\u00eda-de-Beethoven-cauti\u00f3-el-Palau-Foto-Agrupaci\u00f3-Fotogr\u00e1fica-Contestana-e1532104553634.jpg\",\"keywords\":[\"2022\",\"Ajornat\",\"Cocentaina\",\"Ignacio Garc\u00eda Vidal\",\"Sent-Me\"],\"articleSection\":[\"Comarcas\",\"Noticias\"],\"inLanguage\":\"es\"},{\"@type\":\"WebPage\",\"@id\":\"https:\\\/\\\/www.copealcoy.es\\\/es\\\/ajornat-el-sent-me-de-cocentaina-a-2022\\\/\",\"url\":\"https:\\\/\\\/www.copealcoy.es\\\/es\\\/ajornat-el-sent-me-de-cocentaina-a-2022\\\/\",\"name\":\"Ajornat el Sent-me de Cocentaina a 2022 - COPE Alcoy\",\"isPartOf\":{\"@id\":\"https:\\\/\\\/www.copealcoy.es\\\/es\\\/#website\"},\"primaryImageOfPage\":{\"@id\":\"https:\\\/\\\/www.copealcoy.es\\\/es\\\/ajornat-el-sent-me-de-cocentaina-a-2022\\\/#primaryimage\"},\"image\":{\"@id\":\"https:\\\/\\\/www.copealcoy.es\\\/es\\\/ajornat-el-sent-me-de-cocentaina-a-2022\\\/#primaryimage\"},\"thumbnailUrl\":\"https:\\\/\\\/www.copealcoy.es\\\/wp-content\\\/uploads\\\/2018\\\/07\\\/8-La-novena-sinfon\u00eda-de-Beethoven-cauti\u00f3-el-Palau-Foto-Agrupaci\u00f3-Fotogr\u00e1fica-Contestana-e1532104553634.jpg\",\"datePublished\":\"2021-07-21T15:19:33+00:00\",\"dateModified\":\"2021-07-21T15:33:07+00:00\",\"author\":{\"@id\":\"https:\\\/\\\/www.copealcoy.es\\\/es\\\/#\\\/schema\\\/person\\\/e777c87fa024e57d40170af9df39882c\"},\"breadcrumb\":{\"@id\":\"https:\\\/\\\/www.copealcoy.es\\\/es\\\/ajornat-el-sent-me-de-cocentaina-a-2022\\\/#breadcrumb\"},\"inLanguage\":\"es\",\"potentialAction\":[{\"@type\":\"ReadAction\",\"target\":[\"https:\\\/\\\/www.copealcoy.es\\\/es\\\/ajornat-el-sent-me-de-cocentaina-a-2022\\\/\"]}]},{\"@type\":\"ImageObject\",\"inLanguage\":\"es\",\"@id\":\"https:\\\/\\\/www.copealcoy.es\\\/es\\\/ajornat-el-sent-me-de-cocentaina-a-2022\\\/#primaryimage\",\"url\":\"https:\\\/\\\/www.copealcoy.es\\\/wp-content\\\/uploads\\\/2018\\\/07\\\/8-La-novena-sinfon\u00eda-de-Beethoven-cauti\u00f3-el-Palau-Foto-Agrupaci\u00f3-Fotogr\u00e1fica-Contestana-e1532104553634.jpg\",\"contentUrl\":\"https:\\\/\\\/www.copealcoy.es\\\/wp-content\\\/uploads\\\/2018\\\/07\\\/8-La-novena-sinfon\u00eda-de-Beethoven-cauti\u00f3-el-Palau-Foto-Agrupaci\u00f3-Fotogr\u00e1fica-Contestana-e1532104553634.jpg\",\"width\":960,\"height\":544,\"caption\":\"La novena sinfon\u00eda de Beethoven cauti\u00f3 el Palau (Foto Agrupaci\u00f3 Fotogr\u00e1fica Contestana)\"},{\"@type\":\"BreadcrumbList\",\"@id\":\"https:\\\/\\\/www.copealcoy.es\\\/es\\\/ajornat-el-sent-me-de-cocentaina-a-2022\\\/#breadcrumb\",\"itemListElement\":[{\"@type\":\"ListItem\",\"position\":1,\"name\":\"Portada\",\"item\":\"https:\\\/\\\/www.copealcoy.es\\\/es\\\/\"},{\"@type\":\"ListItem\",\"position\":2,\"name\":\"Ajornat el Sent-me de Cocentaina a 2022\"}]},{\"@type\":\"WebSite\",\"@id\":\"https:\\\/\\\/www.copealcoy.es\\\/es\\\/#website\",\"url\":\"https:\\\/\\\/www.copealcoy.es\\\/es\\\/\",\"name\":\"COPE Alcoy\",\"description\":\"Emisora COPE de radio local con emisi\u00f3n online. Pont de Sant Jordi 8-10 03803 Alcoy\",\"potentialAction\":[{\"@type\":\"SearchAction\",\"target\":{\"@type\":\"EntryPoint\",\"urlTemplate\":\"https:\\\/\\\/www.copealcoy.es\\\/es\\\/?s={search_term_string}\"},\"query-input\":{\"@type\":\"PropertyValueSpecification\",\"valueRequired\":true,\"valueName\":\"search_term_string\"}}],\"inLanguage\":\"es\"},{\"@type\":\"Person\",\"@id\":\"https:\\\/\\\/www.copealcoy.es\\\/es\\\/#\\\/schema\\\/person\\\/e777c87fa024e57d40170af9df39882c\",\"name\":\"Cope Alcoy\",\"image\":{\"@type\":\"ImageObject\",\"inLanguage\":\"es\",\"@id\":\"https:\\\/\\\/secure.gravatar.com\\\/avatar\\\/bb65d0283347e303893ba14f0692005417c1e0e690a325a4c5d8bb2b3943ee14?s=96&d=mm&r=g\",\"url\":\"https:\\\/\\\/secure.gravatar.com\\\/avatar\\\/bb65d0283347e303893ba14f0692005417c1e0e690a325a4c5d8bb2b3943ee14?s=96&d=mm&r=g\",\"contentUrl\":\"https:\\\/\\\/secure.gravatar.com\\\/avatar\\\/bb65d0283347e303893ba14f0692005417c1e0e690a325a4c5d8bb2b3943ee14?s=96&d=mm&r=g\",\"caption\":\"Cope Alcoy\"}}]}<\/script>\n<!-- \/ Yoast SEO plugin. -->","yoast_head_json":{"title":"Ajornat el Sent-me de Cocentaina a 2022 - COPE Alcoy","robots":{"index":"index","follow":"follow","max-snippet":"max-snippet:-1","max-image-preview":"max-image-preview:large","max-video-preview":"max-video-preview:-1"},"canonical":"https:\/\/www.copealcoy.es\/es\/ajornat-el-sent-me-de-cocentaina-a-2022\/","og_locale":"es_ES","og_type":"article","og_title":"Ajornat el Sent-me de Cocentaina a 2022 - COPE Alcoy","og_description":"L&#8217;Ajuntament de Cocentaina ha comunicat que el\u00a0Sent-me queda ajornat a 2022, una iniciativa cultural i musical que s&#8217;hauria celebrat durant...","og_url":"https:\/\/www.copealcoy.es\/es\/ajornat-el-sent-me-de-cocentaina-a-2022\/","og_site_name":"COPE Alcoy","article_published_time":"2021-07-21T15:19:33+00:00","article_modified_time":"2021-07-21T15:33:07+00:00","og_image":[{"width":960,"height":544,"url":"https:\/\/www.copealcoy.es\/wp-content\/uploads\/2018\/07\/8-La-novena-sinfon\u00eda-de-Beethoven-cauti\u00f3-el-Palau-Foto-Agrupaci\u00f3-Fotogr\u00e1fica-Contestana-e1532104553634.jpg","type":"image\/jpeg"}],"author":"Cope Alcoy","twitter_misc":{"Escrito por":"Cope Alcoy","Tiempo de lectura":"1 minuto"},"schema":{"@context":"https:\/\/schema.org","@graph":[{"@type":"Article","@id":"https:\/\/www.copealcoy.es\/es\/ajornat-el-sent-me-de-cocentaina-a-2022\/#article","isPartOf":{"@id":"https:\/\/www.copealcoy.es\/es\/ajornat-el-sent-me-de-cocentaina-a-2022\/"},"author":{"name":"Cope Alcoy","@id":"https:\/\/www.copealcoy.es\/es\/#\/schema\/person\/e777c87fa024e57d40170af9df39882c"},"headline":"Ajornat el Sent-me de Cocentaina a 2022","datePublished":"2021-07-21T15:19:33+00:00","dateModified":"2021-07-21T15:33:07+00:00","mainEntityOfPage":{"@id":"https:\/\/www.copealcoy.es\/es\/ajornat-el-sent-me-de-cocentaina-a-2022\/"},"wordCount":198,"commentCount":0,"image":{"@id":"https:\/\/www.copealcoy.es\/es\/ajornat-el-sent-me-de-cocentaina-a-2022\/#primaryimage"},"thumbnailUrl":"https:\/\/www.copealcoy.es\/wp-content\/uploads\/2018\/07\/8-La-novena-sinfon\u00eda-de-Beethoven-cauti\u00f3-el-Palau-Foto-Agrupaci\u00f3-Fotogr\u00e1fica-Contestana-e1532104553634.jpg","keywords":["2022","Ajornat","Cocentaina","Ignacio Garc\u00eda Vidal","Sent-Me"],"articleSection":["Comarcas","Noticias"],"inLanguage":"es"},{"@type":"WebPage","@id":"https:\/\/www.copealcoy.es\/es\/ajornat-el-sent-me-de-cocentaina-a-2022\/","url":"https:\/\/www.copealcoy.es\/es\/ajornat-el-sent-me-de-cocentaina-a-2022\/","name":"Ajornat el Sent-me de Cocentaina a 2022 - COPE Alcoy","isPartOf":{"@id":"https:\/\/www.copealcoy.es\/es\/#website"},"primaryImageOfPage":{"@id":"https:\/\/www.copealcoy.es\/es\/ajornat-el-sent-me-de-cocentaina-a-2022\/#primaryimage"},"image":{"@id":"https:\/\/www.copealcoy.es\/es\/ajornat-el-sent-me-de-cocentaina-a-2022\/#primaryimage"},"thumbnailUrl":"https:\/\/www.copealcoy.es\/wp-content\/uploads\/2018\/07\/8-La-novena-sinfon\u00eda-de-Beethoven-cauti\u00f3-el-Palau-Foto-Agrupaci\u00f3-Fotogr\u00e1fica-Contestana-e1532104553634.jpg","datePublished":"2021-07-21T15:19:33+00:00","dateModified":"2021-07-21T15:33:07+00:00","author":{"@id":"https:\/\/www.copealcoy.es\/es\/#\/schema\/person\/e777c87fa024e57d40170af9df39882c"},"breadcrumb":{"@id":"https:\/\/www.copealcoy.es\/es\/ajornat-el-sent-me-de-cocentaina-a-2022\/#breadcrumb"},"inLanguage":"es","potentialAction":[{"@type":"ReadAction","target":["https:\/\/www.copealcoy.es\/es\/ajornat-el-sent-me-de-cocentaina-a-2022\/"]}]},{"@type":"ImageObject","inLanguage":"es","@id":"https:\/\/www.copealcoy.es\/es\/ajornat-el-sent-me-de-cocentaina-a-2022\/#primaryimage","url":"https:\/\/www.copealcoy.es\/wp-content\/uploads\/2018\/07\/8-La-novena-sinfon\u00eda-de-Beethoven-cauti\u00f3-el-Palau-Foto-Agrupaci\u00f3-Fotogr\u00e1fica-Contestana-e1532104553634.jpg","contentUrl":"https:\/\/www.copealcoy.es\/wp-content\/uploads\/2018\/07\/8-La-novena-sinfon\u00eda-de-Beethoven-cauti\u00f3-el-Palau-Foto-Agrupaci\u00f3-Fotogr\u00e1fica-Contestana-e1532104553634.jpg","width":960,"height":544,"caption":"La novena sinfon\u00eda de Beethoven cauti\u00f3 el Palau (Foto Agrupaci\u00f3 Fotogr\u00e1fica Contestana)"},{"@type":"BreadcrumbList","@id":"https:\/\/www.copealcoy.es\/es\/ajornat-el-sent-me-de-cocentaina-a-2022\/#breadcrumb","itemListElement":[{"@type":"ListItem","position":1,"name":"Portada","item":"https:\/\/www.copealcoy.es\/es\/"},{"@type":"ListItem","position":2,"name":"Ajornat el Sent-me de Cocentaina a 2022"}]},{"@type":"WebSite","@id":"https:\/\/www.copealcoy.es\/es\/#website","url":"https:\/\/www.copealcoy.es\/es\/","name":"COPE Alcoy","description":"Emisora COPE de radio local con emisi\u00f3n online. Pont de Sant Jordi 8-10 03803 Alcoy","potentialAction":[{"@type":"SearchAction","target":{"@type":"EntryPoint","urlTemplate":"https:\/\/www.copealcoy.es\/es\/?s={search_term_string}"},"query-input":{"@type":"PropertyValueSpecification","valueRequired":true,"valueName":"search_term_string"}}],"inLanguage":"es"},{"@type":"Person","@id":"https:\/\/www.copealcoy.es\/es\/#\/schema\/person\/e777c87fa024e57d40170af9df39882c","name":"Cope Alcoy","image":{"@type":"ImageObject","inLanguage":"es","@id":"https:\/\/secure.gravatar.com\/avatar\/bb65d0283347e303893ba14f0692005417c1e0e690a325a4c5d8bb2b3943ee14?s=96&d=mm&r=g","url":"https:\/\/secure.gravatar.com\/avatar\/bb65d0283347e303893ba14f0692005417c1e0e690a325a4c5d8bb2b3943ee14?s=96&d=mm&r=g","contentUrl":"https:\/\/secure.gravatar.com\/avatar\/bb65d0283347e303893ba14f0692005417c1e0e690a325a4c5d8bb2b3943ee14?s=96&d=mm&r=g","caption":"Cope Alcoy"}}]}},"_links":{"self":[{"href":"https:\/\/www.copealcoy.es\/es\/wp-json\/wp\/v2\/posts\/76080","targetHints":{"allow":["GET"]}}],"collection":[{"href":"https:\/\/www.copealcoy.es\/es\/wp-json\/wp\/v2\/posts"}],"about":[{"href":"https:\/\/www.copealcoy.es\/es\/wp-json\/wp\/v2\/types\/post"}],"author":[{"embeddable":true,"href":"https:\/\/www.copealcoy.es\/es\/wp-json\/wp\/v2\/users\/1"}],"replies":[{"embeddable":true,"href":"https:\/\/www.copealcoy.es\/es\/wp-json\/wp\/v2\/comments?post=76080"}],"version-history":[{"count":0,"href":"https:\/\/www.copealcoy.es\/es\/wp-json\/wp\/v2\/posts\/76080\/revisions"}],"wp:featuredmedia":[{"embeddable":true,"href":"https:\/\/www.copealcoy.es\/es\/wp-json\/wp\/v2\/media\/44176"}],"wp:attachment":[{"href":"https:\/\/www.copealcoy.es\/es\/wp-json\/wp\/v2\/media?parent=76080"}],"wp:term":[{"taxonomy":"category","embeddable":true,"href":"https:\/\/www.copealcoy.es\/es\/wp-json\/wp\/v2\/categories?post=76080"},{"taxonomy":"post_tag","embeddable":true,"href":"https:\/\/www.copealcoy.es\/es\/wp-json\/wp\/v2\/tags?post=76080"}],"curies":[{"name":"wp","href":"https:\/\/api.w.org\/{rel}","templated":true}]}}