{"id":75838,"date":"2021-07-15T10:24:18","date_gmt":"2021-07-15T09:24:18","guid":{"rendered":"https:\/\/www.copealcoy.es\/?p=75838"},"modified":"2021-07-15T22:37:50","modified_gmt":"2021-07-15T21:37:50","slug":"els-transportistes-de-cocentaina-celebraren-la-festivitat-de-sant-cristofol","status":"publish","type":"post","link":"https:\/\/www.copealcoy.es\/es\/els-transportistes-de-cocentaina-celebraren-la-festivitat-de-sant-cristofol\/","title":{"rendered":"Els transportistes de Cocentaina celebraren la festivitat de Sant Crist\u00f2fol"},"content":{"rendered":"<p style=\"text-align: justify;\">Els <strong>transportistes de Cocentaina<\/strong> van tornar al paratge de Sant Crist\u00f2fol el passat cap de setmana per tal de <strong>celebrar la tradicional festivitat del patr\u00f3 dels conductors.<\/strong>\u00a0Els actes van tindre lloc el <strong>dissabte 10 de juliol<\/strong>, coincidint amb el dia en el qual es commemora <strong>la festa lit\u00fargica del Sant<\/strong>, i les celebracions van comptar amb <strong>les oportunes mesures de seguretat<\/strong> per tal de previndre el Coronavirus.<\/p>\n<p style=\"text-align: justify;\">La jornada va arrancar amb <strong>el volteig de la campana de l&#8217;ermitori<\/strong> dedicat al mateix Sant Crist\u00f2fol i des de bon mat\u00ed el seu so alegre es va poder escoltar des de les casetes situades als peus de la Serra de Mariola i des de la partida de La Plana. Ja a les 09:<span class=\"hiddenGrammarError\">00h<\/span>\u00a0<strong>es va oficiar la missa solemne davant el retaule dedicat al patr\u00f3 dels conductors<\/strong> i l&#8217;ofici religi\u00f3s va anar a c\u00e0rrec del titular de la Parr\u00f2quia de Santa Maria, <strong>Moss\u00e9n\u00a0<span class=\"hiddenSpellError\">Eduardo<\/span>\u00a0<span class=\"hiddenSpellError\">Rengel<\/span><\/strong>. En finalitzar la mateixa, a la repla\u00e7a central del paratge i davant de l&#8217;ermita, es va efectuar <strong>la benedicci\u00f3 dels vehicles<\/strong> per tal que Sant Crist\u00f2fol done protecci\u00f3 als x\u00f2fers al llarg del pr\u00f2xim any. D&#8217;aquesta forma <strong>va concloure una festa \u00edntima per\u00f2 que tamb\u00e9 est\u00e0 molt arrelada a Cocentaina<\/strong>, municipi on el <strong>sector del transport<\/strong> compta amb una extensa tradici\u00f3.<\/p>\n<p style=\"text-align: justify;\">Recordar que Sant Crist\u00f2fol tamb\u00e9 t\u00e9 a la Vila Comtal amb <strong>una Confraria<\/strong>, que aglutina al gremi, i que <strong>participa cada any en la Setmana Santa Contestana<\/strong>. De fet Cocentaina \u00e9s l&#8217;\u00fanic municipi d&#8217;Espanya on la process\u00f3 del Sant Soterrar del Divendres Sant <strong>\u00e9s iniciada per una creu dedicada a Sant Crist\u00f2fol i per la seua imatge.\u00a0<\/strong><\/p>\n","protected":false},"excerpt":{"rendered":"<p>Els transportistes de Cocentaina van tornar al paratge de Sant Crist\u00f2fol el passat cap de setmana per tal de celebrar&#8230;<\/p>\n","protected":false},"author":1,"featured_media":75839,"comment_status":"open","ping_status":"open","sticky":false,"template":"","format":"standard","meta":{"footnotes":""},"categories":[98,75],"tags":[11567,132,11170,11566,1901,11565],"class_list":["post-75838","post","type-post","status-publish","format-standard","has-post-thumbnail","hentry","category-comarcas","category-noticias","tag-celebracio-religiosa","tag-cocentaina","tag-missa","tag-patro-dels-conductors","tag-sant-cristofol","tag-transportistes"],"yoast_head":"<!-- This site is optimized with the Yoast SEO plugin v27.3 - https:\/\/yoast.com\/product\/yoast-seo-wordpress\/ -->\n<title>Els transportistes de Cocentaina celebraren la festivitat de Sant Crist\u00f2fol - COPE Alcoy<\/title>\n<meta name=\"robots\" content=\"index, follow, max-snippet:-1, max-image-preview:large, max-video-preview:-1\" \/>\n<link rel=\"canonical\" href=\"https:\/\/www.copealcoy.es\/es\/els-transportistes-de-cocentaina-celebraren-la-festivitat-de-sant-cristofol\/\" \/>\n<meta property=\"og:locale\" content=\"es_ES\" \/>\n<meta property=\"og:type\" content=\"article\" \/>\n<meta property=\"og:title\" content=\"Els transportistes de Cocentaina celebraren la festivitat de Sant Crist\u00f2fol - COPE Alcoy\" \/>\n<meta property=\"og:description\" content=\"Els transportistes de Cocentaina van tornar al paratge de Sant Crist\u00f2fol el passat cap de setmana per tal de celebrar...\" \/>\n<meta property=\"og:url\" content=\"https:\/\/www.copealcoy.es\/es\/els-transportistes-de-cocentaina-celebraren-la-festivitat-de-sant-cristofol\/\" \/>\n<meta property=\"og:site_name\" content=\"COPE Alcoy\" \/>\n<meta property=\"article:published_time\" content=\"2021-07-15T09:24:18+00:00\" \/>\n<meta property=\"article:modified_time\" content=\"2021-07-15T21:37:50+00:00\" \/>\n<meta property=\"og:image\" content=\"https:\/\/www.copealcoy.es\/wp-content\/uploads\/2021\/07\/212681311_4901830086499024_5675966845919570929_n-e1626341040618.jpg\" \/>\n\t<meta property=\"og:image:width\" content=\"720\" \/>\n\t<meta property=\"og:image:height\" content=\"460\" \/>\n\t<meta property=\"og:image:type\" content=\"image\/jpeg\" \/>\n<meta name=\"author\" content=\"Cope Alcoy\" \/>\n<meta name=\"twitter:label1\" content=\"Escrito por\" \/>\n\t<meta name=\"twitter:data1\" content=\"Cope Alcoy\" \/>\n\t<meta name=\"twitter:label2\" content=\"Tiempo de lectura\" \/>\n\t<meta name=\"twitter:data2\" content=\"1 minuto\" \/>\n<script type=\"application\/ld+json\" class=\"yoast-schema-graph\">{\"@context\":\"https:\\\/\\\/schema.org\",\"@graph\":[{\"@type\":\"Article\",\"@id\":\"https:\\\/\\\/www.copealcoy.es\\\/es\\\/els-transportistes-de-cocentaina-celebraren-la-festivitat-de-sant-cristofol\\\/#article\",\"isPartOf\":{\"@id\":\"https:\\\/\\\/www.copealcoy.es\\\/es\\\/els-transportistes-de-cocentaina-celebraren-la-festivitat-de-sant-cristofol\\\/\"},\"author\":{\"name\":\"Cope Alcoy\",\"@id\":\"https:\\\/\\\/www.copealcoy.es\\\/es\\\/#\\\/schema\\\/person\\\/e777c87fa024e57d40170af9df39882c\"},\"headline\":\"Els transportistes de Cocentaina celebraren la festivitat de Sant Crist\u00f2fol\",\"datePublished\":\"2021-07-15T09:24:18+00:00\",\"dateModified\":\"2021-07-15T21:37:50+00:00\",\"mainEntityOfPage\":{\"@id\":\"https:\\\/\\\/www.copealcoy.es\\\/es\\\/els-transportistes-de-cocentaina-celebraren-la-festivitat-de-sant-cristofol\\\/\"},\"wordCount\":301,\"commentCount\":0,\"image\":{\"@id\":\"https:\\\/\\\/www.copealcoy.es\\\/es\\\/els-transportistes-de-cocentaina-celebraren-la-festivitat-de-sant-cristofol\\\/#primaryimage\"},\"thumbnailUrl\":\"https:\\\/\\\/www.copealcoy.es\\\/wp-content\\\/uploads\\\/2021\\\/07\\\/212681311_4901830086499024_5675966845919570929_n-e1626341040618.jpg\",\"keywords\":[\"celebraci\u00f3 religiosa\",\"Cocentaina\",\"missa\",\"patr\u00f3 dels conductors\",\"Sant Crist\u00f2fol\",\"transportistes\"],\"articleSection\":[\"Comarcas\",\"Noticias\"],\"inLanguage\":\"es\"},{\"@type\":\"WebPage\",\"@id\":\"https:\\\/\\\/www.copealcoy.es\\\/es\\\/els-transportistes-de-cocentaina-celebraren-la-festivitat-de-sant-cristofol\\\/\",\"url\":\"https:\\\/\\\/www.copealcoy.es\\\/es\\\/els-transportistes-de-cocentaina-celebraren-la-festivitat-de-sant-cristofol\\\/\",\"name\":\"Els transportistes de Cocentaina celebraren la festivitat de Sant Crist\u00f2fol - COPE Alcoy\",\"isPartOf\":{\"@id\":\"https:\\\/\\\/www.copealcoy.es\\\/es\\\/#website\"},\"primaryImageOfPage\":{\"@id\":\"https:\\\/\\\/www.copealcoy.es\\\/es\\\/els-transportistes-de-cocentaina-celebraren-la-festivitat-de-sant-cristofol\\\/#primaryimage\"},\"image\":{\"@id\":\"https:\\\/\\\/www.copealcoy.es\\\/es\\\/els-transportistes-de-cocentaina-celebraren-la-festivitat-de-sant-cristofol\\\/#primaryimage\"},\"thumbnailUrl\":\"https:\\\/\\\/www.copealcoy.es\\\/wp-content\\\/uploads\\\/2021\\\/07\\\/212681311_4901830086499024_5675966845919570929_n-e1626341040618.jpg\",\"datePublished\":\"2021-07-15T09:24:18+00:00\",\"dateModified\":\"2021-07-15T21:37:50+00:00\",\"author\":{\"@id\":\"https:\\\/\\\/www.copealcoy.es\\\/es\\\/#\\\/schema\\\/person\\\/e777c87fa024e57d40170af9df39882c\"},\"breadcrumb\":{\"@id\":\"https:\\\/\\\/www.copealcoy.es\\\/es\\\/els-transportistes-de-cocentaina-celebraren-la-festivitat-de-sant-cristofol\\\/#breadcrumb\"},\"inLanguage\":\"es\",\"potentialAction\":[{\"@type\":\"ReadAction\",\"target\":[\"https:\\\/\\\/www.copealcoy.es\\\/es\\\/els-transportistes-de-cocentaina-celebraren-la-festivitat-de-sant-cristofol\\\/\"]}]},{\"@type\":\"ImageObject\",\"inLanguage\":\"es\",\"@id\":\"https:\\\/\\\/www.copealcoy.es\\\/es\\\/els-transportistes-de-cocentaina-celebraren-la-festivitat-de-sant-cristofol\\\/#primaryimage\",\"url\":\"https:\\\/\\\/www.copealcoy.es\\\/wp-content\\\/uploads\\\/2021\\\/07\\\/212681311_4901830086499024_5675966845919570929_n-e1626341040618.jpg\",\"contentUrl\":\"https:\\\/\\\/www.copealcoy.es\\\/wp-content\\\/uploads\\\/2021\\\/07\\\/212681311_4901830086499024_5675966845919570929_n-e1626341040618.jpg\",\"width\":720,\"height\":460},{\"@type\":\"BreadcrumbList\",\"@id\":\"https:\\\/\\\/www.copealcoy.es\\\/es\\\/els-transportistes-de-cocentaina-celebraren-la-festivitat-de-sant-cristofol\\\/#breadcrumb\",\"itemListElement\":[{\"@type\":\"ListItem\",\"position\":1,\"name\":\"Portada\",\"item\":\"https:\\\/\\\/www.copealcoy.es\\\/es\\\/\"},{\"@type\":\"ListItem\",\"position\":2,\"name\":\"Els transportistes de Cocentaina celebraren la festivitat de Sant Crist\u00f2fol\"}]},{\"@type\":\"WebSite\",\"@id\":\"https:\\\/\\\/www.copealcoy.es\\\/es\\\/#website\",\"url\":\"https:\\\/\\\/www.copealcoy.es\\\/es\\\/\",\"name\":\"COPE Alcoy\",\"description\":\"Emisora COPE de radio local con emisi\u00f3n online. Pont de Sant Jordi 8-10 03803 Alcoy\",\"potentialAction\":[{\"@type\":\"SearchAction\",\"target\":{\"@type\":\"EntryPoint\",\"urlTemplate\":\"https:\\\/\\\/www.copealcoy.es\\\/es\\\/?s={search_term_string}\"},\"query-input\":{\"@type\":\"PropertyValueSpecification\",\"valueRequired\":true,\"valueName\":\"search_term_string\"}}],\"inLanguage\":\"es\"},{\"@type\":\"Person\",\"@id\":\"https:\\\/\\\/www.copealcoy.es\\\/es\\\/#\\\/schema\\\/person\\\/e777c87fa024e57d40170af9df39882c\",\"name\":\"Cope Alcoy\",\"image\":{\"@type\":\"ImageObject\",\"inLanguage\":\"es\",\"@id\":\"https:\\\/\\\/secure.gravatar.com\\\/avatar\\\/bb65d0283347e303893ba14f0692005417c1e0e690a325a4c5d8bb2b3943ee14?s=96&d=mm&r=g\",\"url\":\"https:\\\/\\\/secure.gravatar.com\\\/avatar\\\/bb65d0283347e303893ba14f0692005417c1e0e690a325a4c5d8bb2b3943ee14?s=96&d=mm&r=g\",\"contentUrl\":\"https:\\\/\\\/secure.gravatar.com\\\/avatar\\\/bb65d0283347e303893ba14f0692005417c1e0e690a325a4c5d8bb2b3943ee14?s=96&d=mm&r=g\",\"caption\":\"Cope Alcoy\"}}]}<\/script>\n<!-- \/ Yoast SEO plugin. -->","yoast_head_json":{"title":"Els transportistes de Cocentaina celebraren la festivitat de Sant Crist\u00f2fol - COPE Alcoy","robots":{"index":"index","follow":"follow","max-snippet":"max-snippet:-1","max-image-preview":"max-image-preview:large","max-video-preview":"max-video-preview:-1"},"canonical":"https:\/\/www.copealcoy.es\/es\/els-transportistes-de-cocentaina-celebraren-la-festivitat-de-sant-cristofol\/","og_locale":"es_ES","og_type":"article","og_title":"Els transportistes de Cocentaina celebraren la festivitat de Sant Crist\u00f2fol - COPE Alcoy","og_description":"Els transportistes de Cocentaina van tornar al paratge de Sant Crist\u00f2fol el passat cap de setmana per tal de celebrar...","og_url":"https:\/\/www.copealcoy.es\/es\/els-transportistes-de-cocentaina-celebraren-la-festivitat-de-sant-cristofol\/","og_site_name":"COPE Alcoy","article_published_time":"2021-07-15T09:24:18+00:00","article_modified_time":"2021-07-15T21:37:50+00:00","og_image":[{"width":720,"height":460,"url":"https:\/\/www.copealcoy.es\/wp-content\/uploads\/2021\/07\/212681311_4901830086499024_5675966845919570929_n-e1626341040618.jpg","type":"image\/jpeg"}],"author":"Cope Alcoy","twitter_misc":{"Escrito por":"Cope Alcoy","Tiempo de lectura":"1 minuto"},"schema":{"@context":"https:\/\/schema.org","@graph":[{"@type":"Article","@id":"https:\/\/www.copealcoy.es\/es\/els-transportistes-de-cocentaina-celebraren-la-festivitat-de-sant-cristofol\/#article","isPartOf":{"@id":"https:\/\/www.copealcoy.es\/es\/els-transportistes-de-cocentaina-celebraren-la-festivitat-de-sant-cristofol\/"},"author":{"name":"Cope Alcoy","@id":"https:\/\/www.copealcoy.es\/es\/#\/schema\/person\/e777c87fa024e57d40170af9df39882c"},"headline":"Els transportistes de Cocentaina celebraren la festivitat de Sant Crist\u00f2fol","datePublished":"2021-07-15T09:24:18+00:00","dateModified":"2021-07-15T21:37:50+00:00","mainEntityOfPage":{"@id":"https:\/\/www.copealcoy.es\/es\/els-transportistes-de-cocentaina-celebraren-la-festivitat-de-sant-cristofol\/"},"wordCount":301,"commentCount":0,"image":{"@id":"https:\/\/www.copealcoy.es\/es\/els-transportistes-de-cocentaina-celebraren-la-festivitat-de-sant-cristofol\/#primaryimage"},"thumbnailUrl":"https:\/\/www.copealcoy.es\/wp-content\/uploads\/2021\/07\/212681311_4901830086499024_5675966845919570929_n-e1626341040618.jpg","keywords":["celebraci\u00f3 religiosa","Cocentaina","missa","patr\u00f3 dels conductors","Sant Crist\u00f2fol","transportistes"],"articleSection":["Comarcas","Noticias"],"inLanguage":"es"},{"@type":"WebPage","@id":"https:\/\/www.copealcoy.es\/es\/els-transportistes-de-cocentaina-celebraren-la-festivitat-de-sant-cristofol\/","url":"https:\/\/www.copealcoy.es\/es\/els-transportistes-de-cocentaina-celebraren-la-festivitat-de-sant-cristofol\/","name":"Els transportistes de Cocentaina celebraren la festivitat de Sant Crist\u00f2fol - COPE Alcoy","isPartOf":{"@id":"https:\/\/www.copealcoy.es\/es\/#website"},"primaryImageOfPage":{"@id":"https:\/\/www.copealcoy.es\/es\/els-transportistes-de-cocentaina-celebraren-la-festivitat-de-sant-cristofol\/#primaryimage"},"image":{"@id":"https:\/\/www.copealcoy.es\/es\/els-transportistes-de-cocentaina-celebraren-la-festivitat-de-sant-cristofol\/#primaryimage"},"thumbnailUrl":"https:\/\/www.copealcoy.es\/wp-content\/uploads\/2021\/07\/212681311_4901830086499024_5675966845919570929_n-e1626341040618.jpg","datePublished":"2021-07-15T09:24:18+00:00","dateModified":"2021-07-15T21:37:50+00:00","author":{"@id":"https:\/\/www.copealcoy.es\/es\/#\/schema\/person\/e777c87fa024e57d40170af9df39882c"},"breadcrumb":{"@id":"https:\/\/www.copealcoy.es\/es\/els-transportistes-de-cocentaina-celebraren-la-festivitat-de-sant-cristofol\/#breadcrumb"},"inLanguage":"es","potentialAction":[{"@type":"ReadAction","target":["https:\/\/www.copealcoy.es\/es\/els-transportistes-de-cocentaina-celebraren-la-festivitat-de-sant-cristofol\/"]}]},{"@type":"ImageObject","inLanguage":"es","@id":"https:\/\/www.copealcoy.es\/es\/els-transportistes-de-cocentaina-celebraren-la-festivitat-de-sant-cristofol\/#primaryimage","url":"https:\/\/www.copealcoy.es\/wp-content\/uploads\/2021\/07\/212681311_4901830086499024_5675966845919570929_n-e1626341040618.jpg","contentUrl":"https:\/\/www.copealcoy.es\/wp-content\/uploads\/2021\/07\/212681311_4901830086499024_5675966845919570929_n-e1626341040618.jpg","width":720,"height":460},{"@type":"BreadcrumbList","@id":"https:\/\/www.copealcoy.es\/es\/els-transportistes-de-cocentaina-celebraren-la-festivitat-de-sant-cristofol\/#breadcrumb","itemListElement":[{"@type":"ListItem","position":1,"name":"Portada","item":"https:\/\/www.copealcoy.es\/es\/"},{"@type":"ListItem","position":2,"name":"Els transportistes de Cocentaina celebraren la festivitat de Sant Crist\u00f2fol"}]},{"@type":"WebSite","@id":"https:\/\/www.copealcoy.es\/es\/#website","url":"https:\/\/www.copealcoy.es\/es\/","name":"COPE Alcoy","description":"Emisora COPE de radio local con emisi\u00f3n online. Pont de Sant Jordi 8-10 03803 Alcoy","potentialAction":[{"@type":"SearchAction","target":{"@type":"EntryPoint","urlTemplate":"https:\/\/www.copealcoy.es\/es\/?s={search_term_string}"},"query-input":{"@type":"PropertyValueSpecification","valueRequired":true,"valueName":"search_term_string"}}],"inLanguage":"es"},{"@type":"Person","@id":"https:\/\/www.copealcoy.es\/es\/#\/schema\/person\/e777c87fa024e57d40170af9df39882c","name":"Cope Alcoy","image":{"@type":"ImageObject","inLanguage":"es","@id":"https:\/\/secure.gravatar.com\/avatar\/bb65d0283347e303893ba14f0692005417c1e0e690a325a4c5d8bb2b3943ee14?s=96&d=mm&r=g","url":"https:\/\/secure.gravatar.com\/avatar\/bb65d0283347e303893ba14f0692005417c1e0e690a325a4c5d8bb2b3943ee14?s=96&d=mm&r=g","contentUrl":"https:\/\/secure.gravatar.com\/avatar\/bb65d0283347e303893ba14f0692005417c1e0e690a325a4c5d8bb2b3943ee14?s=96&d=mm&r=g","caption":"Cope Alcoy"}}]}},"_links":{"self":[{"href":"https:\/\/www.copealcoy.es\/es\/wp-json\/wp\/v2\/posts\/75838","targetHints":{"allow":["GET"]}}],"collection":[{"href":"https:\/\/www.copealcoy.es\/es\/wp-json\/wp\/v2\/posts"}],"about":[{"href":"https:\/\/www.copealcoy.es\/es\/wp-json\/wp\/v2\/types\/post"}],"author":[{"embeddable":true,"href":"https:\/\/www.copealcoy.es\/es\/wp-json\/wp\/v2\/users\/1"}],"replies":[{"embeddable":true,"href":"https:\/\/www.copealcoy.es\/es\/wp-json\/wp\/v2\/comments?post=75838"}],"version-history":[{"count":0,"href":"https:\/\/www.copealcoy.es\/es\/wp-json\/wp\/v2\/posts\/75838\/revisions"}],"wp:featuredmedia":[{"embeddable":true,"href":"https:\/\/www.copealcoy.es\/es\/wp-json\/wp\/v2\/media\/75839"}],"wp:attachment":[{"href":"https:\/\/www.copealcoy.es\/es\/wp-json\/wp\/v2\/media?parent=75838"}],"wp:term":[{"taxonomy":"category","embeddable":true,"href":"https:\/\/www.copealcoy.es\/es\/wp-json\/wp\/v2\/categories?post=75838"},{"taxonomy":"post_tag","embeddable":true,"href":"https:\/\/www.copealcoy.es\/es\/wp-json\/wp\/v2\/tags?post=75838"}],"curies":[{"name":"wp","href":"https:\/\/api.w.org\/{rel}","templated":true}]}}