{"id":75817,"date":"2021-07-14T13:05:10","date_gmt":"2021-07-14T12:05:10","guid":{"rendered":"https:\/\/www.copealcoy.es\/?p=75817"},"modified":"2021-07-14T13:58:24","modified_gmt":"2021-07-14T12:58:24","slug":"el-departamento-de-salud-pide-responsabilidad-ante-el-incremento-de-contagios","status":"publish","type":"post","link":"https:\/\/www.copealcoy.es\/es\/el-departamento-de-salud-pide-responsabilidad-ante-el-incremento-de-contagios\/","title":{"rendered":"El Departamento de Salud pide responsabilidad ante el incremento de contagios"},"content":{"rendered":"<p style=\"text-align: justify;\">El <strong>Departamento de Salud de Alcoy<\/strong> pide de nuevo <strong>m\u00e1xima responsabilidad<\/strong> a la ciudadan\u00eda, especialmente a la gente m\u00e1s joven, ante <strong>el incremento de contagios<\/strong> por Coronavirus que se est\u00e1 dando en nuestras comarcas de l\u2019Alcoi\u00e0 y el Comtat. Ahora mismo <strong>en el Hospital Virgen de los Lirios hay ingresadas cuatro personas en planta por Covid-19<\/strong>, seg\u00fan la informaci\u00f3n facilitada, y <strong>no hay ning\u00fan paciente en UCI<\/strong> en estos momentos &#8220;<em>no bajemos la guardia y sigamos cumpliendo las normas marcadas por Sanitat porque, aunque estemos avanzando en el proceso de vacunaci\u00f3n, el virus no se ha ido y sigue ah\u00ed<\/em>&#8220;, afirmaba en la antena de COPE ALCOY.<\/p>\n<p style=\"text-align: justify;\">Indicar que esta semana <strong>se van a administrar 7258 dosis de vacunas en los centros habilitados para ello<\/strong> tanto en el Complejo Deportivo Municipal Eduardo Latorre y en el Polideportivo Municipal de Ibi.<\/p>\n","protected":false},"excerpt":{"rendered":"<p>El Departamento de Salud de Alcoy pide de nuevo m\u00e1xima responsabilidad a la ciudadan\u00eda, especialmente a la gente m\u00e1s joven,&#8230;<\/p>\n","protected":false},"author":1,"featured_media":0,"comment_status":"open","ping_status":"open","sticky":false,"template":"","format":"standard","meta":{"footnotes":""},"categories":[6909,75,125],"tags":[1494,7281,7397,1527,11015,11561],"class_list":["post-75817","post","type-post","status-publish","format-standard","hentry","category-actualidad","category-noticias","category-portada","tag-alcoy","tag-coronavirus","tag-covid-19","tag-departamento-de-salud","tag-enrique-barbeito","tag-responsabilidad"],"yoast_head":"<!-- This site is optimized with the Yoast SEO plugin v27.3 - https:\/\/yoast.com\/product\/yoast-seo-wordpress\/ -->\n<title>El Departamento de Salud pide responsabilidad ante el incremento de contagios - COPE Alcoy<\/title>\n<meta name=\"robots\" content=\"index, follow, max-snippet:-1, max-image-preview:large, max-video-preview:-1\" \/>\n<link rel=\"canonical\" href=\"https:\/\/www.copealcoy.es\/es\/el-departamento-de-salud-pide-responsabilidad-ante-el-incremento-de-contagios\/\" \/>\n<meta property=\"og:locale\" content=\"es_ES\" \/>\n<meta property=\"og:type\" content=\"article\" \/>\n<meta property=\"og:title\" content=\"El Departamento de Salud pide responsabilidad ante el incremento de contagios - COPE Alcoy\" \/>\n<meta property=\"og:description\" content=\"El Departamento de Salud de Alcoy pide de nuevo m\u00e1xima responsabilidad a la ciudadan\u00eda, especialmente a la gente m\u00e1s joven,...\" \/>\n<meta property=\"og:url\" content=\"https:\/\/www.copealcoy.es\/es\/el-departamento-de-salud-pide-responsabilidad-ante-el-incremento-de-contagios\/\" \/>\n<meta property=\"og:site_name\" content=\"COPE Alcoy\" \/>\n<meta property=\"article:published_time\" content=\"2021-07-14T12:05:10+00:00\" \/>\n<meta property=\"article:modified_time\" content=\"2021-07-14T12:58:24+00:00\" \/>\n<meta property=\"og:image\" content=\"https:\/\/www.copealcoy.es\/wp-content\/uploads\/2021\/07\/hospital-alcoy-RxCqDIDfPJHVBgR05K7IbGL-624x385@Las-Provincias.jpg\" \/>\n\t<meta property=\"og:image:width\" content=\"624\" \/>\n\t<meta property=\"og:image:height\" content=\"385\" \/>\n\t<meta property=\"og:image:type\" content=\"image\/jpeg\" \/>\n<meta name=\"author\" content=\"Cope Alcoy\" \/>\n<meta name=\"twitter:label1\" content=\"Escrito por\" \/>\n\t<meta name=\"twitter:data1\" content=\"Cope Alcoy\" \/>\n\t<meta name=\"twitter:label2\" content=\"Tiempo de lectura\" \/>\n\t<meta name=\"twitter:data2\" content=\"1 minuto\" \/>\n<script type=\"application\/ld+json\" class=\"yoast-schema-graph\">{\"@context\":\"https:\\\/\\\/schema.org\",\"@graph\":[{\"@type\":\"Article\",\"@id\":\"https:\\\/\\\/www.copealcoy.es\\\/es\\\/el-departamento-de-salud-pide-responsabilidad-ante-el-incremento-de-contagios\\\/#article\",\"isPartOf\":{\"@id\":\"https:\\\/\\\/www.copealcoy.es\\\/es\\\/el-departamento-de-salud-pide-responsabilidad-ante-el-incremento-de-contagios\\\/\"},\"author\":{\"name\":\"Cope Alcoy\",\"@id\":\"https:\\\/\\\/www.copealcoy.es\\\/es\\\/#\\\/schema\\\/person\\\/e777c87fa024e57d40170af9df39882c\"},\"headline\":\"El Departamento de Salud pide responsabilidad ante el incremento de contagios\",\"datePublished\":\"2021-07-14T12:05:10+00:00\",\"dateModified\":\"2021-07-14T12:58:24+00:00\",\"mainEntityOfPage\":{\"@id\":\"https:\\\/\\\/www.copealcoy.es\\\/es\\\/el-departamento-de-salud-pide-responsabilidad-ante-el-incremento-de-contagios\\\/\"},\"wordCount\":158,\"commentCount\":0,\"keywords\":[\"Alcoy\",\"Coronavirus\",\"Covid-19\",\"Departamento de Salud\",\"Enrique Barbeito\",\"responsabilidad\"],\"articleSection\":[\"Actualidad\",\"Noticias\",\"Portada\"],\"inLanguage\":\"es\"},{\"@type\":\"WebPage\",\"@id\":\"https:\\\/\\\/www.copealcoy.es\\\/es\\\/el-departamento-de-salud-pide-responsabilidad-ante-el-incremento-de-contagios\\\/\",\"url\":\"https:\\\/\\\/www.copealcoy.es\\\/es\\\/el-departamento-de-salud-pide-responsabilidad-ante-el-incremento-de-contagios\\\/\",\"name\":\"El Departamento de Salud pide responsabilidad ante el incremento de contagios - COPE Alcoy\",\"isPartOf\":{\"@id\":\"https:\\\/\\\/www.copealcoy.es\\\/es\\\/#website\"},\"datePublished\":\"2021-07-14T12:05:10+00:00\",\"dateModified\":\"2021-07-14T12:58:24+00:00\",\"author\":{\"@id\":\"https:\\\/\\\/www.copealcoy.es\\\/es\\\/#\\\/schema\\\/person\\\/e777c87fa024e57d40170af9df39882c\"},\"breadcrumb\":{\"@id\":\"https:\\\/\\\/www.copealcoy.es\\\/es\\\/el-departamento-de-salud-pide-responsabilidad-ante-el-incremento-de-contagios\\\/#breadcrumb\"},\"inLanguage\":\"es\",\"potentialAction\":[{\"@type\":\"ReadAction\",\"target\":[\"https:\\\/\\\/www.copealcoy.es\\\/es\\\/el-departamento-de-salud-pide-responsabilidad-ante-el-incremento-de-contagios\\\/\"]}]},{\"@type\":\"BreadcrumbList\",\"@id\":\"https:\\\/\\\/www.copealcoy.es\\\/es\\\/el-departamento-de-salud-pide-responsabilidad-ante-el-incremento-de-contagios\\\/#breadcrumb\",\"itemListElement\":[{\"@type\":\"ListItem\",\"position\":1,\"name\":\"Portada\",\"item\":\"https:\\\/\\\/www.copealcoy.es\\\/es\\\/\"},{\"@type\":\"ListItem\",\"position\":2,\"name\":\"El Departamento de Salud pide responsabilidad ante el incremento de contagios\"}]},{\"@type\":\"WebSite\",\"@id\":\"https:\\\/\\\/www.copealcoy.es\\\/es\\\/#website\",\"url\":\"https:\\\/\\\/www.copealcoy.es\\\/es\\\/\",\"name\":\"COPE Alcoy\",\"description\":\"Emisora COPE de radio local con emisi\u00f3n online. Pont de Sant Jordi 8-10 03803 Alcoy\",\"potentialAction\":[{\"@type\":\"SearchAction\",\"target\":{\"@type\":\"EntryPoint\",\"urlTemplate\":\"https:\\\/\\\/www.copealcoy.es\\\/es\\\/?s={search_term_string}\"},\"query-input\":{\"@type\":\"PropertyValueSpecification\",\"valueRequired\":true,\"valueName\":\"search_term_string\"}}],\"inLanguage\":\"es\"},{\"@type\":\"Person\",\"@id\":\"https:\\\/\\\/www.copealcoy.es\\\/es\\\/#\\\/schema\\\/person\\\/e777c87fa024e57d40170af9df39882c\",\"name\":\"Cope Alcoy\",\"image\":{\"@type\":\"ImageObject\",\"inLanguage\":\"es\",\"@id\":\"https:\\\/\\\/secure.gravatar.com\\\/avatar\\\/bb65d0283347e303893ba14f0692005417c1e0e690a325a4c5d8bb2b3943ee14?s=96&d=mm&r=g\",\"url\":\"https:\\\/\\\/secure.gravatar.com\\\/avatar\\\/bb65d0283347e303893ba14f0692005417c1e0e690a325a4c5d8bb2b3943ee14?s=96&d=mm&r=g\",\"contentUrl\":\"https:\\\/\\\/secure.gravatar.com\\\/avatar\\\/bb65d0283347e303893ba14f0692005417c1e0e690a325a4c5d8bb2b3943ee14?s=96&d=mm&r=g\",\"caption\":\"Cope Alcoy\"}}]}<\/script>\n<!-- \/ Yoast SEO plugin. -->","yoast_head_json":{"title":"El Departamento de Salud pide responsabilidad ante el incremento de contagios - COPE Alcoy","robots":{"index":"index","follow":"follow","max-snippet":"max-snippet:-1","max-image-preview":"max-image-preview:large","max-video-preview":"max-video-preview:-1"},"canonical":"https:\/\/www.copealcoy.es\/es\/el-departamento-de-salud-pide-responsabilidad-ante-el-incremento-de-contagios\/","og_locale":"es_ES","og_type":"article","og_title":"El Departamento de Salud pide responsabilidad ante el incremento de contagios - COPE Alcoy","og_description":"El Departamento de Salud de Alcoy pide de nuevo m\u00e1xima responsabilidad a la ciudadan\u00eda, especialmente a la gente m\u00e1s joven,...","og_url":"https:\/\/www.copealcoy.es\/es\/el-departamento-de-salud-pide-responsabilidad-ante-el-incremento-de-contagios\/","og_site_name":"COPE Alcoy","article_published_time":"2021-07-14T12:05:10+00:00","article_modified_time":"2021-07-14T12:58:24+00:00","og_image":[{"width":624,"height":385,"url":"https:\/\/www.copealcoy.es\/wp-content\/uploads\/2021\/07\/hospital-alcoy-RxCqDIDfPJHVBgR05K7IbGL-624x385@Las-Provincias.jpg","type":"image\/jpeg"}],"author":"Cope Alcoy","twitter_misc":{"Escrito por":"Cope Alcoy","Tiempo de lectura":"1 minuto"},"schema":{"@context":"https:\/\/schema.org","@graph":[{"@type":"Article","@id":"https:\/\/www.copealcoy.es\/es\/el-departamento-de-salud-pide-responsabilidad-ante-el-incremento-de-contagios\/#article","isPartOf":{"@id":"https:\/\/www.copealcoy.es\/es\/el-departamento-de-salud-pide-responsabilidad-ante-el-incremento-de-contagios\/"},"author":{"name":"Cope Alcoy","@id":"https:\/\/www.copealcoy.es\/es\/#\/schema\/person\/e777c87fa024e57d40170af9df39882c"},"headline":"El Departamento de Salud pide responsabilidad ante el incremento de contagios","datePublished":"2021-07-14T12:05:10+00:00","dateModified":"2021-07-14T12:58:24+00:00","mainEntityOfPage":{"@id":"https:\/\/www.copealcoy.es\/es\/el-departamento-de-salud-pide-responsabilidad-ante-el-incremento-de-contagios\/"},"wordCount":158,"commentCount":0,"keywords":["Alcoy","Coronavirus","Covid-19","Departamento de Salud","Enrique Barbeito","responsabilidad"],"articleSection":["Actualidad","Noticias","Portada"],"inLanguage":"es"},{"@type":"WebPage","@id":"https:\/\/www.copealcoy.es\/es\/el-departamento-de-salud-pide-responsabilidad-ante-el-incremento-de-contagios\/","url":"https:\/\/www.copealcoy.es\/es\/el-departamento-de-salud-pide-responsabilidad-ante-el-incremento-de-contagios\/","name":"El Departamento de Salud pide responsabilidad ante el incremento de contagios - COPE Alcoy","isPartOf":{"@id":"https:\/\/www.copealcoy.es\/es\/#website"},"datePublished":"2021-07-14T12:05:10+00:00","dateModified":"2021-07-14T12:58:24+00:00","author":{"@id":"https:\/\/www.copealcoy.es\/es\/#\/schema\/person\/e777c87fa024e57d40170af9df39882c"},"breadcrumb":{"@id":"https:\/\/www.copealcoy.es\/es\/el-departamento-de-salud-pide-responsabilidad-ante-el-incremento-de-contagios\/#breadcrumb"},"inLanguage":"es","potentialAction":[{"@type":"ReadAction","target":["https:\/\/www.copealcoy.es\/es\/el-departamento-de-salud-pide-responsabilidad-ante-el-incremento-de-contagios\/"]}]},{"@type":"BreadcrumbList","@id":"https:\/\/www.copealcoy.es\/es\/el-departamento-de-salud-pide-responsabilidad-ante-el-incremento-de-contagios\/#breadcrumb","itemListElement":[{"@type":"ListItem","position":1,"name":"Portada","item":"https:\/\/www.copealcoy.es\/es\/"},{"@type":"ListItem","position":2,"name":"El Departamento de Salud pide responsabilidad ante el incremento de contagios"}]},{"@type":"WebSite","@id":"https:\/\/www.copealcoy.es\/es\/#website","url":"https:\/\/www.copealcoy.es\/es\/","name":"COPE Alcoy","description":"Emisora COPE de radio local con emisi\u00f3n online. Pont de Sant Jordi 8-10 03803 Alcoy","potentialAction":[{"@type":"SearchAction","target":{"@type":"EntryPoint","urlTemplate":"https:\/\/www.copealcoy.es\/es\/?s={search_term_string}"},"query-input":{"@type":"PropertyValueSpecification","valueRequired":true,"valueName":"search_term_string"}}],"inLanguage":"es"},{"@type":"Person","@id":"https:\/\/www.copealcoy.es\/es\/#\/schema\/person\/e777c87fa024e57d40170af9df39882c","name":"Cope Alcoy","image":{"@type":"ImageObject","inLanguage":"es","@id":"https:\/\/secure.gravatar.com\/avatar\/bb65d0283347e303893ba14f0692005417c1e0e690a325a4c5d8bb2b3943ee14?s=96&d=mm&r=g","url":"https:\/\/secure.gravatar.com\/avatar\/bb65d0283347e303893ba14f0692005417c1e0e690a325a4c5d8bb2b3943ee14?s=96&d=mm&r=g","contentUrl":"https:\/\/secure.gravatar.com\/avatar\/bb65d0283347e303893ba14f0692005417c1e0e690a325a4c5d8bb2b3943ee14?s=96&d=mm&r=g","caption":"Cope Alcoy"}}]}},"_links":{"self":[{"href":"https:\/\/www.copealcoy.es\/es\/wp-json\/wp\/v2\/posts\/75817","targetHints":{"allow":["GET"]}}],"collection":[{"href":"https:\/\/www.copealcoy.es\/es\/wp-json\/wp\/v2\/posts"}],"about":[{"href":"https:\/\/www.copealcoy.es\/es\/wp-json\/wp\/v2\/types\/post"}],"author":[{"embeddable":true,"href":"https:\/\/www.copealcoy.es\/es\/wp-json\/wp\/v2\/users\/1"}],"replies":[{"embeddable":true,"href":"https:\/\/www.copealcoy.es\/es\/wp-json\/wp\/v2\/comments?post=75817"}],"version-history":[{"count":0,"href":"https:\/\/www.copealcoy.es\/es\/wp-json\/wp\/v2\/posts\/75817\/revisions"}],"wp:attachment":[{"href":"https:\/\/www.copealcoy.es\/es\/wp-json\/wp\/v2\/media?parent=75817"}],"wp:term":[{"taxonomy":"category","embeddable":true,"href":"https:\/\/www.copealcoy.es\/es\/wp-json\/wp\/v2\/categories?post=75817"},{"taxonomy":"post_tag","embeddable":true,"href":"https:\/\/www.copealcoy.es\/es\/wp-json\/wp\/v2\/tags?post=75817"}],"curies":[{"name":"wp","href":"https:\/\/api.w.org\/{rel}","templated":true}]}}