{"id":75811,"date":"2021-07-14T12:48:28","date_gmt":"2021-07-14T11:48:28","guid":{"rendered":"https:\/\/www.copealcoy.es\/?p=75811"},"modified":"2021-07-14T12:56:54","modified_gmt":"2021-07-14T11:56:54","slug":"rafael-miralles-asume-la-presidencia-del-rotary-font-roja","status":"publish","type":"post","link":"https:\/\/www.copealcoy.es\/es\/rafael-miralles-asume-la-presidencia-del-rotary-font-roja\/","title":{"rendered":"Rafael Miralles asume la presidencia del Rotary Font Roja"},"content":{"rendered":"<p style=\"text-align: justify;\">El pasado s\u00e1bado 26 de junio tuvo lugar e<strong>l cambio en la presidencia del Rotary Club Font Roja<\/strong> en el transcurso de un emotivo acto celebrado en el <strong>Hostal Savoy de Alcoy<\/strong>. <strong>Rafael Miralles Sab\u00e1n<\/strong> coge el testigo de Lalo Blanes y desempe\u00f1ar\u00e1 esta funci\u00f3n durante el pr\u00f3ximo a\u00f1o.<\/p>\n<p style=\"text-align: justify;\">Durante el discurso de toma de posesi\u00f3n el nuevo Presidente <strong>se\u00f1al\u00f3 que afronta este reto especial con muchas ganas e ilusi\u00f3n<\/strong>. Adem\u00e1s valor\u00f3 de manera especial <strong>la implicaci\u00f3n de los socios de Rotary Club Alcoy Font Roja con la sociedad de la comarca<\/strong> &#8220;<em>somos un club rotario con muy pocos a\u00f1os de andadura, pero con un equipo muy implicado. Eso y la gran solidaridad de las personas de nuestras comarcas nos permitir\u00e1 llevar adelante muchos proyectos para ayudar a quien m\u00e1s lo necesita<\/em>&#8220;, sentenci\u00f3. Por su parte el Presidente saliente, <strong>Lalo Blanes<\/strong>, agradeci\u00f3 la asistencia al acto, que tambi\u00e9n <strong>ten\u00eda finalidad solidaria destinada al PAE Don Bosco<\/strong> y mostr\u00f3 su satisfacci\u00f3n &#8220;<em>porque no pare la rueda rotaria que permite que se inicien unos proyectos y comiencen otros<\/em>&#8220;, dijo.<\/p>\n<p style=\"text-align: justify;\">Indicar que como secretario acompa\u00f1ar\u00e1 al nuevo presidente <strong>Xavi Colomer<\/strong>, quien sustituye a Ignacio Mir\u00f3. El <strong>resto de la Junta Directiva<\/strong> para el pr\u00f3ximo a\u00f1o estar\u00e1 formada, adem\u00e1s, por Aroa Torregrosa, Santiago Cano, Carolina Gisbert, Pablo Vilar, Javier Torregrosa, Lalo Blanes, Pedro Garc\u00eda Belenguer, Ignacio Mir\u00f3, Rafael Dom\u00e9nech y Ram\u00f3n Requena.<\/p>\n","protected":false},"excerpt":{"rendered":"<p>El pasado s\u00e1bado 26 de junio tuvo lugar el cambio en la presidencia del Rotary Club Font Roja en el&#8230;<\/p>\n","protected":false},"author":1,"featured_media":75812,"comment_status":"open","ping_status":"open","sticky":false,"template":"","format":"standard","meta":{"footnotes":""},"categories":[97,75,79],"tags":[437,7024,1089,11559,11560],"class_list":["post-75811","post","type-post","status-publish","format-standard","has-post-thumbnail","hentry","category-alcoy","category-noticias","category-politicayeconomia","tag-font-roja","tag-lalo-blanes","tag-presidencia","tag-rafael-miralles","tag-rotary-club-alcoy"],"yoast_head":"<!-- This site is optimized with the Yoast SEO plugin v27.3 - https:\/\/yoast.com\/product\/yoast-seo-wordpress\/ -->\n<title>Rafael Miralles asume la presidencia del Rotary Font Roja - COPE Alcoy<\/title>\n<meta name=\"robots\" content=\"index, follow, max-snippet:-1, max-image-preview:large, max-video-preview:-1\" \/>\n<link rel=\"canonical\" href=\"https:\/\/www.copealcoy.es\/es\/rafael-miralles-asume-la-presidencia-del-rotary-font-roja\/\" \/>\n<meta property=\"og:locale\" content=\"es_ES\" \/>\n<meta property=\"og:type\" content=\"article\" \/>\n<meta property=\"og:title\" content=\"Rafael Miralles asume la presidencia del Rotary Font Roja - COPE Alcoy\" \/>\n<meta property=\"og:description\" content=\"El pasado s\u00e1bado 26 de junio tuvo lugar el cambio en la presidencia del Rotary Club Font Roja en el...\" \/>\n<meta property=\"og:url\" content=\"https:\/\/www.copealcoy.es\/es\/rafael-miralles-asume-la-presidencia-del-rotary-font-roja\/\" \/>\n<meta property=\"og:site_name\" content=\"COPE Alcoy\" \/>\n<meta property=\"article:published_time\" content=\"2021-07-14T11:48:28+00:00\" \/>\n<meta property=\"article:modified_time\" content=\"2021-07-14T11:56:54+00:00\" \/>\n<meta property=\"og:image\" content=\"https:\/\/www.copealcoy.es\/wp-content\/uploads\/2021\/07\/204808801_2934259320224857_360180828924336927_n.jpg\" \/>\n\t<meta property=\"og:image:width\" content=\"2048\" \/>\n\t<meta property=\"og:image:height\" content=\"1365\" \/>\n\t<meta property=\"og:image:type\" content=\"image\/jpeg\" \/>\n<meta name=\"author\" content=\"Cope Alcoy\" \/>\n<meta name=\"twitter:label1\" content=\"Escrito por\" \/>\n\t<meta name=\"twitter:data1\" content=\"Cope Alcoy\" \/>\n\t<meta name=\"twitter:label2\" content=\"Tiempo de lectura\" \/>\n\t<meta name=\"twitter:data2\" content=\"1 minuto\" \/>\n<script type=\"application\/ld+json\" class=\"yoast-schema-graph\">{\"@context\":\"https:\\\/\\\/schema.org\",\"@graph\":[{\"@type\":\"Article\",\"@id\":\"https:\\\/\\\/www.copealcoy.es\\\/es\\\/rafael-miralles-asume-la-presidencia-del-rotary-font-roja\\\/#article\",\"isPartOf\":{\"@id\":\"https:\\\/\\\/www.copealcoy.es\\\/es\\\/rafael-miralles-asume-la-presidencia-del-rotary-font-roja\\\/\"},\"author\":{\"name\":\"Cope Alcoy\",\"@id\":\"https:\\\/\\\/www.copealcoy.es\\\/es\\\/#\\\/schema\\\/person\\\/e777c87fa024e57d40170af9df39882c\"},\"headline\":\"Rafael Miralles asume la presidencia del Rotary Font Roja\",\"datePublished\":\"2021-07-14T11:48:28+00:00\",\"dateModified\":\"2021-07-14T11:56:54+00:00\",\"mainEntityOfPage\":{\"@id\":\"https:\\\/\\\/www.copealcoy.es\\\/es\\\/rafael-miralles-asume-la-presidencia-del-rotary-font-roja\\\/\"},\"wordCount\":259,\"commentCount\":0,\"image\":{\"@id\":\"https:\\\/\\\/www.copealcoy.es\\\/es\\\/rafael-miralles-asume-la-presidencia-del-rotary-font-roja\\\/#primaryimage\"},\"thumbnailUrl\":\"https:\\\/\\\/www.copealcoy.es\\\/wp-content\\\/uploads\\\/2021\\\/07\\\/204808801_2934259320224857_360180828924336927_n.jpg\",\"keywords\":[\"Font Roja\",\"Lalo Blanes\",\"presidencia\",\"Rafael Miralles\",\"Rotary Club Alcoy\"],\"articleSection\":[\"Alcoy\",\"Noticias\",\"Pol\u00edtica y Econom\u00eda\"],\"inLanguage\":\"es\"},{\"@type\":\"WebPage\",\"@id\":\"https:\\\/\\\/www.copealcoy.es\\\/es\\\/rafael-miralles-asume-la-presidencia-del-rotary-font-roja\\\/\",\"url\":\"https:\\\/\\\/www.copealcoy.es\\\/es\\\/rafael-miralles-asume-la-presidencia-del-rotary-font-roja\\\/\",\"name\":\"Rafael Miralles asume la presidencia del Rotary Font Roja - COPE Alcoy\",\"isPartOf\":{\"@id\":\"https:\\\/\\\/www.copealcoy.es\\\/es\\\/#website\"},\"primaryImageOfPage\":{\"@id\":\"https:\\\/\\\/www.copealcoy.es\\\/es\\\/rafael-miralles-asume-la-presidencia-del-rotary-font-roja\\\/#primaryimage\"},\"image\":{\"@id\":\"https:\\\/\\\/www.copealcoy.es\\\/es\\\/rafael-miralles-asume-la-presidencia-del-rotary-font-roja\\\/#primaryimage\"},\"thumbnailUrl\":\"https:\\\/\\\/www.copealcoy.es\\\/wp-content\\\/uploads\\\/2021\\\/07\\\/204808801_2934259320224857_360180828924336927_n.jpg\",\"datePublished\":\"2021-07-14T11:48:28+00:00\",\"dateModified\":\"2021-07-14T11:56:54+00:00\",\"author\":{\"@id\":\"https:\\\/\\\/www.copealcoy.es\\\/es\\\/#\\\/schema\\\/person\\\/e777c87fa024e57d40170af9df39882c\"},\"breadcrumb\":{\"@id\":\"https:\\\/\\\/www.copealcoy.es\\\/es\\\/rafael-miralles-asume-la-presidencia-del-rotary-font-roja\\\/#breadcrumb\"},\"inLanguage\":\"es\",\"potentialAction\":[{\"@type\":\"ReadAction\",\"target\":[\"https:\\\/\\\/www.copealcoy.es\\\/es\\\/rafael-miralles-asume-la-presidencia-del-rotary-font-roja\\\/\"]}]},{\"@type\":\"ImageObject\",\"inLanguage\":\"es\",\"@id\":\"https:\\\/\\\/www.copealcoy.es\\\/es\\\/rafael-miralles-asume-la-presidencia-del-rotary-font-roja\\\/#primaryimage\",\"url\":\"https:\\\/\\\/www.copealcoy.es\\\/wp-content\\\/uploads\\\/2021\\\/07\\\/204808801_2934259320224857_360180828924336927_n.jpg\",\"contentUrl\":\"https:\\\/\\\/www.copealcoy.es\\\/wp-content\\\/uploads\\\/2021\\\/07\\\/204808801_2934259320224857_360180828924336927_n.jpg\",\"width\":2048,\"height\":1365},{\"@type\":\"BreadcrumbList\",\"@id\":\"https:\\\/\\\/www.copealcoy.es\\\/es\\\/rafael-miralles-asume-la-presidencia-del-rotary-font-roja\\\/#breadcrumb\",\"itemListElement\":[{\"@type\":\"ListItem\",\"position\":1,\"name\":\"Portada\",\"item\":\"https:\\\/\\\/www.copealcoy.es\\\/es\\\/\"},{\"@type\":\"ListItem\",\"position\":2,\"name\":\"Rafael Miralles asume la presidencia del Rotary Font Roja\"}]},{\"@type\":\"WebSite\",\"@id\":\"https:\\\/\\\/www.copealcoy.es\\\/es\\\/#website\",\"url\":\"https:\\\/\\\/www.copealcoy.es\\\/es\\\/\",\"name\":\"COPE Alcoy\",\"description\":\"Emisora COPE de radio local con emisi\u00f3n online. Pont de Sant Jordi 8-10 03803 Alcoy\",\"potentialAction\":[{\"@type\":\"SearchAction\",\"target\":{\"@type\":\"EntryPoint\",\"urlTemplate\":\"https:\\\/\\\/www.copealcoy.es\\\/es\\\/?s={search_term_string}\"},\"query-input\":{\"@type\":\"PropertyValueSpecification\",\"valueRequired\":true,\"valueName\":\"search_term_string\"}}],\"inLanguage\":\"es\"},{\"@type\":\"Person\",\"@id\":\"https:\\\/\\\/www.copealcoy.es\\\/es\\\/#\\\/schema\\\/person\\\/e777c87fa024e57d40170af9df39882c\",\"name\":\"Cope Alcoy\",\"image\":{\"@type\":\"ImageObject\",\"inLanguage\":\"es\",\"@id\":\"https:\\\/\\\/secure.gravatar.com\\\/avatar\\\/bb65d0283347e303893ba14f0692005417c1e0e690a325a4c5d8bb2b3943ee14?s=96&d=mm&r=g\",\"url\":\"https:\\\/\\\/secure.gravatar.com\\\/avatar\\\/bb65d0283347e303893ba14f0692005417c1e0e690a325a4c5d8bb2b3943ee14?s=96&d=mm&r=g\",\"contentUrl\":\"https:\\\/\\\/secure.gravatar.com\\\/avatar\\\/bb65d0283347e303893ba14f0692005417c1e0e690a325a4c5d8bb2b3943ee14?s=96&d=mm&r=g\",\"caption\":\"Cope Alcoy\"}}]}<\/script>\n<!-- \/ Yoast SEO plugin. -->","yoast_head_json":{"title":"Rafael Miralles asume la presidencia del Rotary Font Roja - COPE Alcoy","robots":{"index":"index","follow":"follow","max-snippet":"max-snippet:-1","max-image-preview":"max-image-preview:large","max-video-preview":"max-video-preview:-1"},"canonical":"https:\/\/www.copealcoy.es\/es\/rafael-miralles-asume-la-presidencia-del-rotary-font-roja\/","og_locale":"es_ES","og_type":"article","og_title":"Rafael Miralles asume la presidencia del Rotary Font Roja - COPE Alcoy","og_description":"El pasado s\u00e1bado 26 de junio tuvo lugar el cambio en la presidencia del Rotary Club Font Roja en el...","og_url":"https:\/\/www.copealcoy.es\/es\/rafael-miralles-asume-la-presidencia-del-rotary-font-roja\/","og_site_name":"COPE Alcoy","article_published_time":"2021-07-14T11:48:28+00:00","article_modified_time":"2021-07-14T11:56:54+00:00","og_image":[{"width":2048,"height":1365,"url":"https:\/\/www.copealcoy.es\/wp-content\/uploads\/2021\/07\/204808801_2934259320224857_360180828924336927_n.jpg","type":"image\/jpeg"}],"author":"Cope Alcoy","twitter_misc":{"Escrito por":"Cope Alcoy","Tiempo de lectura":"1 minuto"},"schema":{"@context":"https:\/\/schema.org","@graph":[{"@type":"Article","@id":"https:\/\/www.copealcoy.es\/es\/rafael-miralles-asume-la-presidencia-del-rotary-font-roja\/#article","isPartOf":{"@id":"https:\/\/www.copealcoy.es\/es\/rafael-miralles-asume-la-presidencia-del-rotary-font-roja\/"},"author":{"name":"Cope Alcoy","@id":"https:\/\/www.copealcoy.es\/es\/#\/schema\/person\/e777c87fa024e57d40170af9df39882c"},"headline":"Rafael Miralles asume la presidencia del Rotary Font Roja","datePublished":"2021-07-14T11:48:28+00:00","dateModified":"2021-07-14T11:56:54+00:00","mainEntityOfPage":{"@id":"https:\/\/www.copealcoy.es\/es\/rafael-miralles-asume-la-presidencia-del-rotary-font-roja\/"},"wordCount":259,"commentCount":0,"image":{"@id":"https:\/\/www.copealcoy.es\/es\/rafael-miralles-asume-la-presidencia-del-rotary-font-roja\/#primaryimage"},"thumbnailUrl":"https:\/\/www.copealcoy.es\/wp-content\/uploads\/2021\/07\/204808801_2934259320224857_360180828924336927_n.jpg","keywords":["Font Roja","Lalo Blanes","presidencia","Rafael Miralles","Rotary Club Alcoy"],"articleSection":["Alcoy","Noticias","Pol\u00edtica y Econom\u00eda"],"inLanguage":"es"},{"@type":"WebPage","@id":"https:\/\/www.copealcoy.es\/es\/rafael-miralles-asume-la-presidencia-del-rotary-font-roja\/","url":"https:\/\/www.copealcoy.es\/es\/rafael-miralles-asume-la-presidencia-del-rotary-font-roja\/","name":"Rafael Miralles asume la presidencia del Rotary Font Roja - COPE Alcoy","isPartOf":{"@id":"https:\/\/www.copealcoy.es\/es\/#website"},"primaryImageOfPage":{"@id":"https:\/\/www.copealcoy.es\/es\/rafael-miralles-asume-la-presidencia-del-rotary-font-roja\/#primaryimage"},"image":{"@id":"https:\/\/www.copealcoy.es\/es\/rafael-miralles-asume-la-presidencia-del-rotary-font-roja\/#primaryimage"},"thumbnailUrl":"https:\/\/www.copealcoy.es\/wp-content\/uploads\/2021\/07\/204808801_2934259320224857_360180828924336927_n.jpg","datePublished":"2021-07-14T11:48:28+00:00","dateModified":"2021-07-14T11:56:54+00:00","author":{"@id":"https:\/\/www.copealcoy.es\/es\/#\/schema\/person\/e777c87fa024e57d40170af9df39882c"},"breadcrumb":{"@id":"https:\/\/www.copealcoy.es\/es\/rafael-miralles-asume-la-presidencia-del-rotary-font-roja\/#breadcrumb"},"inLanguage":"es","potentialAction":[{"@type":"ReadAction","target":["https:\/\/www.copealcoy.es\/es\/rafael-miralles-asume-la-presidencia-del-rotary-font-roja\/"]}]},{"@type":"ImageObject","inLanguage":"es","@id":"https:\/\/www.copealcoy.es\/es\/rafael-miralles-asume-la-presidencia-del-rotary-font-roja\/#primaryimage","url":"https:\/\/www.copealcoy.es\/wp-content\/uploads\/2021\/07\/204808801_2934259320224857_360180828924336927_n.jpg","contentUrl":"https:\/\/www.copealcoy.es\/wp-content\/uploads\/2021\/07\/204808801_2934259320224857_360180828924336927_n.jpg","width":2048,"height":1365},{"@type":"BreadcrumbList","@id":"https:\/\/www.copealcoy.es\/es\/rafael-miralles-asume-la-presidencia-del-rotary-font-roja\/#breadcrumb","itemListElement":[{"@type":"ListItem","position":1,"name":"Portada","item":"https:\/\/www.copealcoy.es\/es\/"},{"@type":"ListItem","position":2,"name":"Rafael Miralles asume la presidencia del Rotary Font Roja"}]},{"@type":"WebSite","@id":"https:\/\/www.copealcoy.es\/es\/#website","url":"https:\/\/www.copealcoy.es\/es\/","name":"COPE Alcoy","description":"Emisora COPE de radio local con emisi\u00f3n online. Pont de Sant Jordi 8-10 03803 Alcoy","potentialAction":[{"@type":"SearchAction","target":{"@type":"EntryPoint","urlTemplate":"https:\/\/www.copealcoy.es\/es\/?s={search_term_string}"},"query-input":{"@type":"PropertyValueSpecification","valueRequired":true,"valueName":"search_term_string"}}],"inLanguage":"es"},{"@type":"Person","@id":"https:\/\/www.copealcoy.es\/es\/#\/schema\/person\/e777c87fa024e57d40170af9df39882c","name":"Cope Alcoy","image":{"@type":"ImageObject","inLanguage":"es","@id":"https:\/\/secure.gravatar.com\/avatar\/bb65d0283347e303893ba14f0692005417c1e0e690a325a4c5d8bb2b3943ee14?s=96&d=mm&r=g","url":"https:\/\/secure.gravatar.com\/avatar\/bb65d0283347e303893ba14f0692005417c1e0e690a325a4c5d8bb2b3943ee14?s=96&d=mm&r=g","contentUrl":"https:\/\/secure.gravatar.com\/avatar\/bb65d0283347e303893ba14f0692005417c1e0e690a325a4c5d8bb2b3943ee14?s=96&d=mm&r=g","caption":"Cope Alcoy"}}]}},"_links":{"self":[{"href":"https:\/\/www.copealcoy.es\/es\/wp-json\/wp\/v2\/posts\/75811","targetHints":{"allow":["GET"]}}],"collection":[{"href":"https:\/\/www.copealcoy.es\/es\/wp-json\/wp\/v2\/posts"}],"about":[{"href":"https:\/\/www.copealcoy.es\/es\/wp-json\/wp\/v2\/types\/post"}],"author":[{"embeddable":true,"href":"https:\/\/www.copealcoy.es\/es\/wp-json\/wp\/v2\/users\/1"}],"replies":[{"embeddable":true,"href":"https:\/\/www.copealcoy.es\/es\/wp-json\/wp\/v2\/comments?post=75811"}],"version-history":[{"count":0,"href":"https:\/\/www.copealcoy.es\/es\/wp-json\/wp\/v2\/posts\/75811\/revisions"}],"wp:featuredmedia":[{"embeddable":true,"href":"https:\/\/www.copealcoy.es\/es\/wp-json\/wp\/v2\/media\/75812"}],"wp:attachment":[{"href":"https:\/\/www.copealcoy.es\/es\/wp-json\/wp\/v2\/media?parent=75811"}],"wp:term":[{"taxonomy":"category","embeddable":true,"href":"https:\/\/www.copealcoy.es\/es\/wp-json\/wp\/v2\/categories?post=75811"},{"taxonomy":"post_tag","embeddable":true,"href":"https:\/\/www.copealcoy.es\/es\/wp-json\/wp\/v2\/tags?post=75811"}],"curies":[{"name":"wp","href":"https:\/\/api.w.org\/{rel}","templated":true}]}}