{"id":75716,"date":"2021-07-12T10:17:04","date_gmt":"2021-07-12T09:17:04","guid":{"rendered":"https:\/\/www.copealcoy.es\/?p=75716"},"modified":"2021-07-12T17:23:46","modified_gmt":"2021-07-12T16:23:46","slug":"el-toque-de-queda-mas-cerca-en-la-comunidad-valenciana","status":"publish","type":"post","link":"https:\/\/www.copealcoy.es\/es\/el-toque-de-queda-mas-cerca-en-la-comunidad-valenciana\/","title":{"rendered":"El toque de queda m\u00e1s cerca en la Comunidad Valenciana"},"content":{"rendered":"<p style=\"text-align: justify;\"><strong>La Fiscal\u00eda Superior de la Comunitat Valenciana avala las nuevas restricciones solicitadas por la Generalitat<\/strong> ante la evoluci\u00f3n de la pandemia de Coronavirus. Seg\u00fan han informado desde el ministerio p\u00fablico, la Fiscal\u00eda no se opone a las medidas requeridas y\u00a0<strong>ahora ser\u00e1 la sala de lo Contencioso del Tribunal Superior de Justicia de la Comunitat Valenciana (TSJCV) la que resolver\u00e1 este asunto.<\/strong><\/p>\n<p style=\"text-align: justify;\">Los jueces recibieron la petici\u00f3n de la Generalitat el pasado viernes y, seg\u00fan los tr\u00e1mites oficiales, se remiti\u00f3 a la Fiscal\u00eda para que se pronunciase, algo que acaba de hacer en un sentido favorable. Las medidas requeridas por el Consell hacen referencia al\u00a0<strong>toque de queda nocturno entre la 1.00 y las 6.00 horas en 40 municipios con alta incidencia de coronavirus y la limitaci\u00f3n de las reuniones sociales a diez personas en todos los espacios.<\/strong><\/p>\n<p style=\"text-align: justify;\">Estas nuevas medidas que aprobar\u00e1 el TSJCV <strong>se sumar\u00e1n as\u00ed a las\u00a0restricciones<\/strong> que ya entraron en vigor el pasado s\u00e1bado\u00a0y que se alargar\u00e1n hasta el 25 de julio. Dichas medidas impuestas por el President de la Generalitat, Ximo Puig, buscan frenar una\u00a0<strong>nueva curva de contagios preocupante en la Comunidad Valenciana<\/strong>\u00a0y no poner en riesgo la salud de los m\u00e1s j\u00f3venes que son los que a\u00fan no han recibido ninguna dosis de la vacuna.<\/p>\n<p style=\"text-align: justify;\">De este modo,\u00a0los 40 municipios afectados por estas nuevas medidas\u00a0volver\u00e1n a\u00a0<strong>un toque de queda a partir de la una de la madrugada que no estaba vigente desde que se acabase el pasado 7 de junio<\/strong>. Tambi\u00e9n se aplicar\u00e1 para todo el territorio de la Comunitat la restricci\u00f3n de participantes en reuniones tanto en espacios p\u00fablicos como privados con un total de 10 personas que tampoco se ve\u00eda desde la misma fecha que se dejaba de lado el toque de queda en la Comunidad Valenciana.<\/p>\n","protected":false},"excerpt":{"rendered":"<p>La Fiscal\u00eda Superior de la Comunitat Valenciana avala las nuevas restricciones solicitadas por la Generalitat ante la evoluci\u00f3n de la&#8230;<\/p>\n","protected":false},"author":1,"featured_media":74241,"comment_status":"open","ping_status":"open","sticky":false,"template":"","format":"standard","meta":{"footnotes":""},"categories":[97,75,79],"tags":[639,7281,541,7477,400,11109,658],"class_list":["post-75716","post","type-post","status-publish","format-standard","has-post-thumbnail","hentry","category-alcoy","category-noticias","category-politicayeconomia","tag-comunidad-valenciana","tag-coronavirus","tag-fiscalia","tag-pandemia","tag-restricciones","tag-toque-de-queda","tag-tsj"],"yoast_head":"<!-- This site is optimized with the Yoast SEO plugin v27.3 - https:\/\/yoast.com\/product\/yoast-seo-wordpress\/ -->\n<title>El toque de queda m\u00e1s cerca en la Comunidad Valenciana - COPE Alcoy<\/title>\n<meta name=\"robots\" content=\"index, follow, max-snippet:-1, max-image-preview:large, max-video-preview:-1\" \/>\n<link rel=\"canonical\" href=\"https:\/\/www.copealcoy.es\/es\/el-toque-de-queda-mas-cerca-en-la-comunidad-valenciana\/\" \/>\n<meta property=\"og:locale\" content=\"es_ES\" \/>\n<meta property=\"og:type\" content=\"article\" \/>\n<meta property=\"og:title\" content=\"El toque de queda m\u00e1s cerca en la Comunidad Valenciana - COPE Alcoy\" \/>\n<meta property=\"og:description\" content=\"La Fiscal\u00eda Superior de la Comunitat Valenciana avala las nuevas restricciones solicitadas por la Generalitat ante la evoluci\u00f3n de la...\" \/>\n<meta property=\"og:url\" content=\"https:\/\/www.copealcoy.es\/es\/el-toque-de-queda-mas-cerca-en-la-comunidad-valenciana\/\" \/>\n<meta property=\"og:site_name\" content=\"COPE Alcoy\" \/>\n<meta property=\"article:published_time\" content=\"2021-07-12T09:17:04+00:00\" \/>\n<meta property=\"article:modified_time\" content=\"2021-07-12T16:23:46+00:00\" \/>\n<meta property=\"og:image\" content=\"https:\/\/www.copealcoy.es\/wp-content\/uploads\/2021\/06\/1608291871692.jpg\" \/>\n\t<meta property=\"og:image:width\" content=\"976\" \/>\n\t<meta property=\"og:image:height\" content=\"622\" \/>\n\t<meta property=\"og:image:type\" content=\"image\/jpeg\" \/>\n<meta name=\"author\" content=\"Cope Alcoy\" \/>\n<meta name=\"twitter:label1\" content=\"Escrito por\" \/>\n\t<meta name=\"twitter:data1\" content=\"Cope Alcoy\" \/>\n\t<meta name=\"twitter:label2\" content=\"Tiempo de lectura\" \/>\n\t<meta name=\"twitter:data2\" content=\"2 minutos\" \/>\n<script type=\"application\/ld+json\" class=\"yoast-schema-graph\">{\"@context\":\"https:\\\/\\\/schema.org\",\"@graph\":[{\"@type\":\"Article\",\"@id\":\"https:\\\/\\\/www.copealcoy.es\\\/es\\\/el-toque-de-queda-mas-cerca-en-la-comunidad-valenciana\\\/#article\",\"isPartOf\":{\"@id\":\"https:\\\/\\\/www.copealcoy.es\\\/es\\\/el-toque-de-queda-mas-cerca-en-la-comunidad-valenciana\\\/\"},\"author\":{\"name\":\"Cope Alcoy\",\"@id\":\"https:\\\/\\\/www.copealcoy.es\\\/es\\\/#\\\/schema\\\/person\\\/e777c87fa024e57d40170af9df39882c\"},\"headline\":\"El toque de queda m\u00e1s cerca en la Comunidad Valenciana\",\"datePublished\":\"2021-07-12T09:17:04+00:00\",\"dateModified\":\"2021-07-12T16:23:46+00:00\",\"mainEntityOfPage\":{\"@id\":\"https:\\\/\\\/www.copealcoy.es\\\/es\\\/el-toque-de-queda-mas-cerca-en-la-comunidad-valenciana\\\/\"},\"wordCount\":327,\"commentCount\":0,\"image\":{\"@id\":\"https:\\\/\\\/www.copealcoy.es\\\/es\\\/el-toque-de-queda-mas-cerca-en-la-comunidad-valenciana\\\/#primaryimage\"},\"thumbnailUrl\":\"https:\\\/\\\/www.copealcoy.es\\\/wp-content\\\/uploads\\\/2021\\\/06\\\/1608291871692.jpg\",\"keywords\":[\"Comunidad Valenciana\",\"Coronavirus\",\"Fiscal\u00eda\",\"pandemia\",\"Restricciones\",\"toque de queda\",\"TSJ\"],\"articleSection\":[\"Alcoy\",\"Noticias\",\"Pol\u00edtica y Econom\u00eda\"],\"inLanguage\":\"es\"},{\"@type\":\"WebPage\",\"@id\":\"https:\\\/\\\/www.copealcoy.es\\\/es\\\/el-toque-de-queda-mas-cerca-en-la-comunidad-valenciana\\\/\",\"url\":\"https:\\\/\\\/www.copealcoy.es\\\/es\\\/el-toque-de-queda-mas-cerca-en-la-comunidad-valenciana\\\/\",\"name\":\"El toque de queda m\u00e1s cerca en la Comunidad Valenciana - COPE Alcoy\",\"isPartOf\":{\"@id\":\"https:\\\/\\\/www.copealcoy.es\\\/es\\\/#website\"},\"primaryImageOfPage\":{\"@id\":\"https:\\\/\\\/www.copealcoy.es\\\/es\\\/el-toque-de-queda-mas-cerca-en-la-comunidad-valenciana\\\/#primaryimage\"},\"image\":{\"@id\":\"https:\\\/\\\/www.copealcoy.es\\\/es\\\/el-toque-de-queda-mas-cerca-en-la-comunidad-valenciana\\\/#primaryimage\"},\"thumbnailUrl\":\"https:\\\/\\\/www.copealcoy.es\\\/wp-content\\\/uploads\\\/2021\\\/06\\\/1608291871692.jpg\",\"datePublished\":\"2021-07-12T09:17:04+00:00\",\"dateModified\":\"2021-07-12T16:23:46+00:00\",\"author\":{\"@id\":\"https:\\\/\\\/www.copealcoy.es\\\/es\\\/#\\\/schema\\\/person\\\/e777c87fa024e57d40170af9df39882c\"},\"breadcrumb\":{\"@id\":\"https:\\\/\\\/www.copealcoy.es\\\/es\\\/el-toque-de-queda-mas-cerca-en-la-comunidad-valenciana\\\/#breadcrumb\"},\"inLanguage\":\"es\",\"potentialAction\":[{\"@type\":\"ReadAction\",\"target\":[\"https:\\\/\\\/www.copealcoy.es\\\/es\\\/el-toque-de-queda-mas-cerca-en-la-comunidad-valenciana\\\/\"]}]},{\"@type\":\"ImageObject\",\"inLanguage\":\"es\",\"@id\":\"https:\\\/\\\/www.copealcoy.es\\\/es\\\/el-toque-de-queda-mas-cerca-en-la-comunidad-valenciana\\\/#primaryimage\",\"url\":\"https:\\\/\\\/www.copealcoy.es\\\/wp-content\\\/uploads\\\/2021\\\/06\\\/1608291871692.jpg\",\"contentUrl\":\"https:\\\/\\\/www.copealcoy.es\\\/wp-content\\\/uploads\\\/2021\\\/06\\\/1608291871692.jpg\",\"width\":976,\"height\":622},{\"@type\":\"BreadcrumbList\",\"@id\":\"https:\\\/\\\/www.copealcoy.es\\\/es\\\/el-toque-de-queda-mas-cerca-en-la-comunidad-valenciana\\\/#breadcrumb\",\"itemListElement\":[{\"@type\":\"ListItem\",\"position\":1,\"name\":\"Portada\",\"item\":\"https:\\\/\\\/www.copealcoy.es\\\/es\\\/\"},{\"@type\":\"ListItem\",\"position\":2,\"name\":\"El toque de queda m\u00e1s cerca en la Comunidad Valenciana\"}]},{\"@type\":\"WebSite\",\"@id\":\"https:\\\/\\\/www.copealcoy.es\\\/es\\\/#website\",\"url\":\"https:\\\/\\\/www.copealcoy.es\\\/es\\\/\",\"name\":\"COPE Alcoy\",\"description\":\"Emisora COPE de radio local con emisi\u00f3n online. Pont de Sant Jordi 8-10 03803 Alcoy\",\"potentialAction\":[{\"@type\":\"SearchAction\",\"target\":{\"@type\":\"EntryPoint\",\"urlTemplate\":\"https:\\\/\\\/www.copealcoy.es\\\/es\\\/?s={search_term_string}\"},\"query-input\":{\"@type\":\"PropertyValueSpecification\",\"valueRequired\":true,\"valueName\":\"search_term_string\"}}],\"inLanguage\":\"es\"},{\"@type\":\"Person\",\"@id\":\"https:\\\/\\\/www.copealcoy.es\\\/es\\\/#\\\/schema\\\/person\\\/e777c87fa024e57d40170af9df39882c\",\"name\":\"Cope Alcoy\",\"image\":{\"@type\":\"ImageObject\",\"inLanguage\":\"es\",\"@id\":\"https:\\\/\\\/secure.gravatar.com\\\/avatar\\\/bb65d0283347e303893ba14f0692005417c1e0e690a325a4c5d8bb2b3943ee14?s=96&d=mm&r=g\",\"url\":\"https:\\\/\\\/secure.gravatar.com\\\/avatar\\\/bb65d0283347e303893ba14f0692005417c1e0e690a325a4c5d8bb2b3943ee14?s=96&d=mm&r=g\",\"contentUrl\":\"https:\\\/\\\/secure.gravatar.com\\\/avatar\\\/bb65d0283347e303893ba14f0692005417c1e0e690a325a4c5d8bb2b3943ee14?s=96&d=mm&r=g\",\"caption\":\"Cope Alcoy\"}}]}<\/script>\n<!-- \/ Yoast SEO plugin. -->","yoast_head_json":{"title":"El toque de queda m\u00e1s cerca en la Comunidad Valenciana - COPE Alcoy","robots":{"index":"index","follow":"follow","max-snippet":"max-snippet:-1","max-image-preview":"max-image-preview:large","max-video-preview":"max-video-preview:-1"},"canonical":"https:\/\/www.copealcoy.es\/es\/el-toque-de-queda-mas-cerca-en-la-comunidad-valenciana\/","og_locale":"es_ES","og_type":"article","og_title":"El toque de queda m\u00e1s cerca en la Comunidad Valenciana - COPE Alcoy","og_description":"La Fiscal\u00eda Superior de la Comunitat Valenciana avala las nuevas restricciones solicitadas por la Generalitat ante la evoluci\u00f3n de la...","og_url":"https:\/\/www.copealcoy.es\/es\/el-toque-de-queda-mas-cerca-en-la-comunidad-valenciana\/","og_site_name":"COPE Alcoy","article_published_time":"2021-07-12T09:17:04+00:00","article_modified_time":"2021-07-12T16:23:46+00:00","og_image":[{"width":976,"height":622,"url":"https:\/\/www.copealcoy.es\/wp-content\/uploads\/2021\/06\/1608291871692.jpg","type":"image\/jpeg"}],"author":"Cope Alcoy","twitter_misc":{"Escrito por":"Cope Alcoy","Tiempo de lectura":"2 minutos"},"schema":{"@context":"https:\/\/schema.org","@graph":[{"@type":"Article","@id":"https:\/\/www.copealcoy.es\/es\/el-toque-de-queda-mas-cerca-en-la-comunidad-valenciana\/#article","isPartOf":{"@id":"https:\/\/www.copealcoy.es\/es\/el-toque-de-queda-mas-cerca-en-la-comunidad-valenciana\/"},"author":{"name":"Cope Alcoy","@id":"https:\/\/www.copealcoy.es\/es\/#\/schema\/person\/e777c87fa024e57d40170af9df39882c"},"headline":"El toque de queda m\u00e1s cerca en la Comunidad Valenciana","datePublished":"2021-07-12T09:17:04+00:00","dateModified":"2021-07-12T16:23:46+00:00","mainEntityOfPage":{"@id":"https:\/\/www.copealcoy.es\/es\/el-toque-de-queda-mas-cerca-en-la-comunidad-valenciana\/"},"wordCount":327,"commentCount":0,"image":{"@id":"https:\/\/www.copealcoy.es\/es\/el-toque-de-queda-mas-cerca-en-la-comunidad-valenciana\/#primaryimage"},"thumbnailUrl":"https:\/\/www.copealcoy.es\/wp-content\/uploads\/2021\/06\/1608291871692.jpg","keywords":["Comunidad Valenciana","Coronavirus","Fiscal\u00eda","pandemia","Restricciones","toque de queda","TSJ"],"articleSection":["Alcoy","Noticias","Pol\u00edtica y Econom\u00eda"],"inLanguage":"es"},{"@type":"WebPage","@id":"https:\/\/www.copealcoy.es\/es\/el-toque-de-queda-mas-cerca-en-la-comunidad-valenciana\/","url":"https:\/\/www.copealcoy.es\/es\/el-toque-de-queda-mas-cerca-en-la-comunidad-valenciana\/","name":"El toque de queda m\u00e1s cerca en la Comunidad Valenciana - COPE Alcoy","isPartOf":{"@id":"https:\/\/www.copealcoy.es\/es\/#website"},"primaryImageOfPage":{"@id":"https:\/\/www.copealcoy.es\/es\/el-toque-de-queda-mas-cerca-en-la-comunidad-valenciana\/#primaryimage"},"image":{"@id":"https:\/\/www.copealcoy.es\/es\/el-toque-de-queda-mas-cerca-en-la-comunidad-valenciana\/#primaryimage"},"thumbnailUrl":"https:\/\/www.copealcoy.es\/wp-content\/uploads\/2021\/06\/1608291871692.jpg","datePublished":"2021-07-12T09:17:04+00:00","dateModified":"2021-07-12T16:23:46+00:00","author":{"@id":"https:\/\/www.copealcoy.es\/es\/#\/schema\/person\/e777c87fa024e57d40170af9df39882c"},"breadcrumb":{"@id":"https:\/\/www.copealcoy.es\/es\/el-toque-de-queda-mas-cerca-en-la-comunidad-valenciana\/#breadcrumb"},"inLanguage":"es","potentialAction":[{"@type":"ReadAction","target":["https:\/\/www.copealcoy.es\/es\/el-toque-de-queda-mas-cerca-en-la-comunidad-valenciana\/"]}]},{"@type":"ImageObject","inLanguage":"es","@id":"https:\/\/www.copealcoy.es\/es\/el-toque-de-queda-mas-cerca-en-la-comunidad-valenciana\/#primaryimage","url":"https:\/\/www.copealcoy.es\/wp-content\/uploads\/2021\/06\/1608291871692.jpg","contentUrl":"https:\/\/www.copealcoy.es\/wp-content\/uploads\/2021\/06\/1608291871692.jpg","width":976,"height":622},{"@type":"BreadcrumbList","@id":"https:\/\/www.copealcoy.es\/es\/el-toque-de-queda-mas-cerca-en-la-comunidad-valenciana\/#breadcrumb","itemListElement":[{"@type":"ListItem","position":1,"name":"Portada","item":"https:\/\/www.copealcoy.es\/es\/"},{"@type":"ListItem","position":2,"name":"El toque de queda m\u00e1s cerca en la Comunidad Valenciana"}]},{"@type":"WebSite","@id":"https:\/\/www.copealcoy.es\/es\/#website","url":"https:\/\/www.copealcoy.es\/es\/","name":"COPE Alcoy","description":"Emisora COPE de radio local con emisi\u00f3n online. Pont de Sant Jordi 8-10 03803 Alcoy","potentialAction":[{"@type":"SearchAction","target":{"@type":"EntryPoint","urlTemplate":"https:\/\/www.copealcoy.es\/es\/?s={search_term_string}"},"query-input":{"@type":"PropertyValueSpecification","valueRequired":true,"valueName":"search_term_string"}}],"inLanguage":"es"},{"@type":"Person","@id":"https:\/\/www.copealcoy.es\/es\/#\/schema\/person\/e777c87fa024e57d40170af9df39882c","name":"Cope Alcoy","image":{"@type":"ImageObject","inLanguage":"es","@id":"https:\/\/secure.gravatar.com\/avatar\/bb65d0283347e303893ba14f0692005417c1e0e690a325a4c5d8bb2b3943ee14?s=96&d=mm&r=g","url":"https:\/\/secure.gravatar.com\/avatar\/bb65d0283347e303893ba14f0692005417c1e0e690a325a4c5d8bb2b3943ee14?s=96&d=mm&r=g","contentUrl":"https:\/\/secure.gravatar.com\/avatar\/bb65d0283347e303893ba14f0692005417c1e0e690a325a4c5d8bb2b3943ee14?s=96&d=mm&r=g","caption":"Cope Alcoy"}}]}},"_links":{"self":[{"href":"https:\/\/www.copealcoy.es\/es\/wp-json\/wp\/v2\/posts\/75716","targetHints":{"allow":["GET"]}}],"collection":[{"href":"https:\/\/www.copealcoy.es\/es\/wp-json\/wp\/v2\/posts"}],"about":[{"href":"https:\/\/www.copealcoy.es\/es\/wp-json\/wp\/v2\/types\/post"}],"author":[{"embeddable":true,"href":"https:\/\/www.copealcoy.es\/es\/wp-json\/wp\/v2\/users\/1"}],"replies":[{"embeddable":true,"href":"https:\/\/www.copealcoy.es\/es\/wp-json\/wp\/v2\/comments?post=75716"}],"version-history":[{"count":0,"href":"https:\/\/www.copealcoy.es\/es\/wp-json\/wp\/v2\/posts\/75716\/revisions"}],"wp:featuredmedia":[{"embeddable":true,"href":"https:\/\/www.copealcoy.es\/es\/wp-json\/wp\/v2\/media\/74241"}],"wp:attachment":[{"href":"https:\/\/www.copealcoy.es\/es\/wp-json\/wp\/v2\/media?parent=75716"}],"wp:term":[{"taxonomy":"category","embeddable":true,"href":"https:\/\/www.copealcoy.es\/es\/wp-json\/wp\/v2\/categories?post=75716"},{"taxonomy":"post_tag","embeddable":true,"href":"https:\/\/www.copealcoy.es\/es\/wp-json\/wp\/v2\/tags?post=75716"}],"curies":[{"name":"wp","href":"https:\/\/api.w.org\/{rel}","templated":true}]}}