{"id":75686,"date":"2021-07-09T19:35:26","date_gmt":"2021-07-09T18:35:26","guid":{"rendered":"https:\/\/www.copealcoy.es\/?p=75686"},"modified":"2021-07-09T19:44:39","modified_gmt":"2021-07-09T18:44:39","slug":"alcoy-prepara-la-semana-modernista-para-septiembre","status":"publish","type":"post","link":"https:\/\/www.copealcoy.es\/es\/alcoy-prepara-la-semana-modernista-para-septiembre\/","title":{"rendered":"Alcoy prepara la Semana Modernista para septiembre"},"content":{"rendered":"<p style=\"text-align: justify;\">Alcoy ha presentado <strong>la imagen de la IV Feria y Semana Modernista<\/strong> que <strong>llevar\u00e1 por lema \u2018La M\u00e0gia del Passat\u2019<\/strong>. La misma <strong>es obra de Fran Miranda<\/strong> y en ella <strong>se reproduce a un mago con indumentaria de la \u00e9poca<\/strong>, una figura que recrea el dise\u00f1ador alcoyano <strong>Germ\u00e1n Moll\u00e0<\/strong>.<\/p>\n<p style=\"text-align: justify;\">El Certamen <strong>no estar\u00e1 dedicado en esta ocasi\u00f3n a ning\u00fan personaje en concreto<\/strong> ya que desde el Ayuntamiento <strong>son conscientes<\/strong> de que el evento <strong>no tendr\u00e1 las caracter\u00edsticas habituales<\/strong> y se desarrollar\u00e1 a\u00fan <strong>con restricciones<\/strong> frente a la pandemia. De hecho a\u00fan <strong>no hay concretada una programaci\u00f3n<\/strong> aunque todo apunta que <strong>las actividades culturales<\/strong>, como exposiciones y conferencias, ser\u00e1n uno de los platos fuertes del evento seg\u00fan ha informado la edil de Turismo; <strong>Lorena Zamorano<\/strong>.<\/p>\n<p style=\"text-align: justify;\">Recordar que la Feria Modernista del pasado a\u00f1o, cuya imagen fue presentada en noviembre de 2019, <strong>estaba dedicada a Lorenzo Ridaura<\/strong> y no se pudo llevar a cabo <strong>a causa de la pandemia<\/strong> del Coronavirus.<\/p>\n","protected":false},"excerpt":{"rendered":"<p>Alcoy ha presentado la imagen de la IV Feria y Semana Modernista que llevar\u00e1 por lema \u2018La M\u00e0gia del Passat\u2019&#8230;.<\/p>\n","protected":false},"author":1,"featured_media":75687,"comment_status":"open","ping_status":"open","sticky":false,"template":"","format":"standard","meta":{"footnotes":""},"categories":[97,78,75],"tags":[1494,4643,1796,4644,4250],"class_list":["post-75686","post","type-post","status-publish","format-standard","has-post-thumbnail","hentry","category-alcoy","category-fiestaycultura","category-noticias","tag-alcoy","tag-feria-modernista","tag-lorena-zamorano","tag-semana-modernista","tag-septiembre"],"yoast_head":"<!-- This site is optimized with the Yoast SEO plugin v27.3 - https:\/\/yoast.com\/product\/yoast-seo-wordpress\/ -->\n<title>Alcoy prepara la Semana Modernista para septiembre - COPE Alcoy<\/title>\n<meta name=\"robots\" content=\"index, follow, max-snippet:-1, max-image-preview:large, max-video-preview:-1\" \/>\n<link rel=\"canonical\" href=\"https:\/\/www.copealcoy.es\/es\/alcoy-prepara-la-semana-modernista-para-septiembre\/\" \/>\n<meta property=\"og:locale\" content=\"es_ES\" \/>\n<meta property=\"og:type\" content=\"article\" \/>\n<meta property=\"og:title\" content=\"Alcoy prepara la Semana Modernista para septiembre - COPE Alcoy\" \/>\n<meta property=\"og:description\" content=\"Alcoy ha presentado la imagen de la IV Feria y Semana Modernista que llevar\u00e1 por lema \u2018La M\u00e0gia del Passat\u2019....\" \/>\n<meta property=\"og:url\" content=\"https:\/\/www.copealcoy.es\/es\/alcoy-prepara-la-semana-modernista-para-septiembre\/\" \/>\n<meta property=\"og:site_name\" content=\"COPE Alcoy\" \/>\n<meta property=\"article:published_time\" content=\"2021-07-09T18:35:26+00:00\" \/>\n<meta property=\"article:modified_time\" content=\"2021-07-09T18:44:39+00:00\" \/>\n<meta property=\"og:image\" content=\"https:\/\/www.copealcoy.es\/wp-content\/uploads\/2021\/07\/1625838291_950901_1625838842_noticia_normal_recorte1.jpeg\" \/>\n\t<meta property=\"og:image:width\" content=\"1300\" \/>\n\t<meta property=\"og:image:height\" content=\"731\" \/>\n\t<meta property=\"og:image:type\" content=\"image\/jpeg\" \/>\n<meta name=\"author\" content=\"Cope Alcoy\" \/>\n<meta name=\"twitter:label1\" content=\"Escrito por\" \/>\n\t<meta name=\"twitter:data1\" content=\"Cope Alcoy\" \/>\n\t<meta name=\"twitter:label2\" content=\"Tiempo de lectura\" \/>\n\t<meta name=\"twitter:data2\" content=\"1 minuto\" \/>\n<script type=\"application\/ld+json\" class=\"yoast-schema-graph\">{\"@context\":\"https:\\\/\\\/schema.org\",\"@graph\":[{\"@type\":\"Article\",\"@id\":\"https:\\\/\\\/www.copealcoy.es\\\/es\\\/alcoy-prepara-la-semana-modernista-para-septiembre\\\/#article\",\"isPartOf\":{\"@id\":\"https:\\\/\\\/www.copealcoy.es\\\/es\\\/alcoy-prepara-la-semana-modernista-para-septiembre\\\/\"},\"author\":{\"name\":\"Cope Alcoy\",\"@id\":\"https:\\\/\\\/www.copealcoy.es\\\/es\\\/#\\\/schema\\\/person\\\/e777c87fa024e57d40170af9df39882c\"},\"headline\":\"Alcoy prepara la Semana Modernista para septiembre\",\"datePublished\":\"2021-07-09T18:35:26+00:00\",\"dateModified\":\"2021-07-09T18:44:39+00:00\",\"mainEntityOfPage\":{\"@id\":\"https:\\\/\\\/www.copealcoy.es\\\/es\\\/alcoy-prepara-la-semana-modernista-para-septiembre\\\/\"},\"wordCount\":177,\"commentCount\":0,\"image\":{\"@id\":\"https:\\\/\\\/www.copealcoy.es\\\/es\\\/alcoy-prepara-la-semana-modernista-para-septiembre\\\/#primaryimage\"},\"thumbnailUrl\":\"https:\\\/\\\/www.copealcoy.es\\\/wp-content\\\/uploads\\\/2021\\\/07\\\/1625838291_950901_1625838842_noticia_normal_recorte1.jpeg\",\"keywords\":[\"Alcoy\",\"Feria Modernista\",\"Lorena Zamorano\",\"Semana Modernista\",\"septiembre\"],\"articleSection\":[\"Alcoy\",\"Fiesta y Cultura\",\"Noticias\"],\"inLanguage\":\"es\"},{\"@type\":\"WebPage\",\"@id\":\"https:\\\/\\\/www.copealcoy.es\\\/es\\\/alcoy-prepara-la-semana-modernista-para-septiembre\\\/\",\"url\":\"https:\\\/\\\/www.copealcoy.es\\\/es\\\/alcoy-prepara-la-semana-modernista-para-septiembre\\\/\",\"name\":\"Alcoy prepara la Semana Modernista para septiembre - COPE Alcoy\",\"isPartOf\":{\"@id\":\"https:\\\/\\\/www.copealcoy.es\\\/es\\\/#website\"},\"primaryImageOfPage\":{\"@id\":\"https:\\\/\\\/www.copealcoy.es\\\/es\\\/alcoy-prepara-la-semana-modernista-para-septiembre\\\/#primaryimage\"},\"image\":{\"@id\":\"https:\\\/\\\/www.copealcoy.es\\\/es\\\/alcoy-prepara-la-semana-modernista-para-septiembre\\\/#primaryimage\"},\"thumbnailUrl\":\"https:\\\/\\\/www.copealcoy.es\\\/wp-content\\\/uploads\\\/2021\\\/07\\\/1625838291_950901_1625838842_noticia_normal_recorte1.jpeg\",\"datePublished\":\"2021-07-09T18:35:26+00:00\",\"dateModified\":\"2021-07-09T18:44:39+00:00\",\"author\":{\"@id\":\"https:\\\/\\\/www.copealcoy.es\\\/es\\\/#\\\/schema\\\/person\\\/e777c87fa024e57d40170af9df39882c\"},\"breadcrumb\":{\"@id\":\"https:\\\/\\\/www.copealcoy.es\\\/es\\\/alcoy-prepara-la-semana-modernista-para-septiembre\\\/#breadcrumb\"},\"inLanguage\":\"es\",\"potentialAction\":[{\"@type\":\"ReadAction\",\"target\":[\"https:\\\/\\\/www.copealcoy.es\\\/es\\\/alcoy-prepara-la-semana-modernista-para-septiembre\\\/\"]}]},{\"@type\":\"ImageObject\",\"inLanguage\":\"es\",\"@id\":\"https:\\\/\\\/www.copealcoy.es\\\/es\\\/alcoy-prepara-la-semana-modernista-para-septiembre\\\/#primaryimage\",\"url\":\"https:\\\/\\\/www.copealcoy.es\\\/wp-content\\\/uploads\\\/2021\\\/07\\\/1625838291_950901_1625838842_noticia_normal_recorte1.jpeg\",\"contentUrl\":\"https:\\\/\\\/www.copealcoy.es\\\/wp-content\\\/uploads\\\/2021\\\/07\\\/1625838291_950901_1625838842_noticia_normal_recorte1.jpeg\",\"width\":1300,\"height\":731},{\"@type\":\"BreadcrumbList\",\"@id\":\"https:\\\/\\\/www.copealcoy.es\\\/es\\\/alcoy-prepara-la-semana-modernista-para-septiembre\\\/#breadcrumb\",\"itemListElement\":[{\"@type\":\"ListItem\",\"position\":1,\"name\":\"Portada\",\"item\":\"https:\\\/\\\/www.copealcoy.es\\\/es\\\/\"},{\"@type\":\"ListItem\",\"position\":2,\"name\":\"Alcoy prepara la Semana Modernista para septiembre\"}]},{\"@type\":\"WebSite\",\"@id\":\"https:\\\/\\\/www.copealcoy.es\\\/es\\\/#website\",\"url\":\"https:\\\/\\\/www.copealcoy.es\\\/es\\\/\",\"name\":\"COPE Alcoy\",\"description\":\"Emisora COPE de radio local con emisi\u00f3n online. Pont de Sant Jordi 8-10 03803 Alcoy\",\"potentialAction\":[{\"@type\":\"SearchAction\",\"target\":{\"@type\":\"EntryPoint\",\"urlTemplate\":\"https:\\\/\\\/www.copealcoy.es\\\/es\\\/?s={search_term_string}\"},\"query-input\":{\"@type\":\"PropertyValueSpecification\",\"valueRequired\":true,\"valueName\":\"search_term_string\"}}],\"inLanguage\":\"es\"},{\"@type\":\"Person\",\"@id\":\"https:\\\/\\\/www.copealcoy.es\\\/es\\\/#\\\/schema\\\/person\\\/e777c87fa024e57d40170af9df39882c\",\"name\":\"Cope Alcoy\",\"image\":{\"@type\":\"ImageObject\",\"inLanguage\":\"es\",\"@id\":\"https:\\\/\\\/secure.gravatar.com\\\/avatar\\\/bb65d0283347e303893ba14f0692005417c1e0e690a325a4c5d8bb2b3943ee14?s=96&d=mm&r=g\",\"url\":\"https:\\\/\\\/secure.gravatar.com\\\/avatar\\\/bb65d0283347e303893ba14f0692005417c1e0e690a325a4c5d8bb2b3943ee14?s=96&d=mm&r=g\",\"contentUrl\":\"https:\\\/\\\/secure.gravatar.com\\\/avatar\\\/bb65d0283347e303893ba14f0692005417c1e0e690a325a4c5d8bb2b3943ee14?s=96&d=mm&r=g\",\"caption\":\"Cope Alcoy\"}}]}<\/script>\n<!-- \/ Yoast SEO plugin. -->","yoast_head_json":{"title":"Alcoy prepara la Semana Modernista para septiembre - COPE Alcoy","robots":{"index":"index","follow":"follow","max-snippet":"max-snippet:-1","max-image-preview":"max-image-preview:large","max-video-preview":"max-video-preview:-1"},"canonical":"https:\/\/www.copealcoy.es\/es\/alcoy-prepara-la-semana-modernista-para-septiembre\/","og_locale":"es_ES","og_type":"article","og_title":"Alcoy prepara la Semana Modernista para septiembre - COPE Alcoy","og_description":"Alcoy ha presentado la imagen de la IV Feria y Semana Modernista que llevar\u00e1 por lema \u2018La M\u00e0gia del Passat\u2019....","og_url":"https:\/\/www.copealcoy.es\/es\/alcoy-prepara-la-semana-modernista-para-septiembre\/","og_site_name":"COPE Alcoy","article_published_time":"2021-07-09T18:35:26+00:00","article_modified_time":"2021-07-09T18:44:39+00:00","og_image":[{"width":1300,"height":731,"url":"https:\/\/www.copealcoy.es\/wp-content\/uploads\/2021\/07\/1625838291_950901_1625838842_noticia_normal_recorte1.jpeg","type":"image\/jpeg"}],"author":"Cope Alcoy","twitter_misc":{"Escrito por":"Cope Alcoy","Tiempo de lectura":"1 minuto"},"schema":{"@context":"https:\/\/schema.org","@graph":[{"@type":"Article","@id":"https:\/\/www.copealcoy.es\/es\/alcoy-prepara-la-semana-modernista-para-septiembre\/#article","isPartOf":{"@id":"https:\/\/www.copealcoy.es\/es\/alcoy-prepara-la-semana-modernista-para-septiembre\/"},"author":{"name":"Cope Alcoy","@id":"https:\/\/www.copealcoy.es\/es\/#\/schema\/person\/e777c87fa024e57d40170af9df39882c"},"headline":"Alcoy prepara la Semana Modernista para septiembre","datePublished":"2021-07-09T18:35:26+00:00","dateModified":"2021-07-09T18:44:39+00:00","mainEntityOfPage":{"@id":"https:\/\/www.copealcoy.es\/es\/alcoy-prepara-la-semana-modernista-para-septiembre\/"},"wordCount":177,"commentCount":0,"image":{"@id":"https:\/\/www.copealcoy.es\/es\/alcoy-prepara-la-semana-modernista-para-septiembre\/#primaryimage"},"thumbnailUrl":"https:\/\/www.copealcoy.es\/wp-content\/uploads\/2021\/07\/1625838291_950901_1625838842_noticia_normal_recorte1.jpeg","keywords":["Alcoy","Feria Modernista","Lorena Zamorano","Semana Modernista","septiembre"],"articleSection":["Alcoy","Fiesta y Cultura","Noticias"],"inLanguage":"es"},{"@type":"WebPage","@id":"https:\/\/www.copealcoy.es\/es\/alcoy-prepara-la-semana-modernista-para-septiembre\/","url":"https:\/\/www.copealcoy.es\/es\/alcoy-prepara-la-semana-modernista-para-septiembre\/","name":"Alcoy prepara la Semana Modernista para septiembre - COPE Alcoy","isPartOf":{"@id":"https:\/\/www.copealcoy.es\/es\/#website"},"primaryImageOfPage":{"@id":"https:\/\/www.copealcoy.es\/es\/alcoy-prepara-la-semana-modernista-para-septiembre\/#primaryimage"},"image":{"@id":"https:\/\/www.copealcoy.es\/es\/alcoy-prepara-la-semana-modernista-para-septiembre\/#primaryimage"},"thumbnailUrl":"https:\/\/www.copealcoy.es\/wp-content\/uploads\/2021\/07\/1625838291_950901_1625838842_noticia_normal_recorte1.jpeg","datePublished":"2021-07-09T18:35:26+00:00","dateModified":"2021-07-09T18:44:39+00:00","author":{"@id":"https:\/\/www.copealcoy.es\/es\/#\/schema\/person\/e777c87fa024e57d40170af9df39882c"},"breadcrumb":{"@id":"https:\/\/www.copealcoy.es\/es\/alcoy-prepara-la-semana-modernista-para-septiembre\/#breadcrumb"},"inLanguage":"es","potentialAction":[{"@type":"ReadAction","target":["https:\/\/www.copealcoy.es\/es\/alcoy-prepara-la-semana-modernista-para-septiembre\/"]}]},{"@type":"ImageObject","inLanguage":"es","@id":"https:\/\/www.copealcoy.es\/es\/alcoy-prepara-la-semana-modernista-para-septiembre\/#primaryimage","url":"https:\/\/www.copealcoy.es\/wp-content\/uploads\/2021\/07\/1625838291_950901_1625838842_noticia_normal_recorte1.jpeg","contentUrl":"https:\/\/www.copealcoy.es\/wp-content\/uploads\/2021\/07\/1625838291_950901_1625838842_noticia_normal_recorte1.jpeg","width":1300,"height":731},{"@type":"BreadcrumbList","@id":"https:\/\/www.copealcoy.es\/es\/alcoy-prepara-la-semana-modernista-para-septiembre\/#breadcrumb","itemListElement":[{"@type":"ListItem","position":1,"name":"Portada","item":"https:\/\/www.copealcoy.es\/es\/"},{"@type":"ListItem","position":2,"name":"Alcoy prepara la Semana Modernista para septiembre"}]},{"@type":"WebSite","@id":"https:\/\/www.copealcoy.es\/es\/#website","url":"https:\/\/www.copealcoy.es\/es\/","name":"COPE Alcoy","description":"Emisora COPE de radio local con emisi\u00f3n online. Pont de Sant Jordi 8-10 03803 Alcoy","potentialAction":[{"@type":"SearchAction","target":{"@type":"EntryPoint","urlTemplate":"https:\/\/www.copealcoy.es\/es\/?s={search_term_string}"},"query-input":{"@type":"PropertyValueSpecification","valueRequired":true,"valueName":"search_term_string"}}],"inLanguage":"es"},{"@type":"Person","@id":"https:\/\/www.copealcoy.es\/es\/#\/schema\/person\/e777c87fa024e57d40170af9df39882c","name":"Cope Alcoy","image":{"@type":"ImageObject","inLanguage":"es","@id":"https:\/\/secure.gravatar.com\/avatar\/bb65d0283347e303893ba14f0692005417c1e0e690a325a4c5d8bb2b3943ee14?s=96&d=mm&r=g","url":"https:\/\/secure.gravatar.com\/avatar\/bb65d0283347e303893ba14f0692005417c1e0e690a325a4c5d8bb2b3943ee14?s=96&d=mm&r=g","contentUrl":"https:\/\/secure.gravatar.com\/avatar\/bb65d0283347e303893ba14f0692005417c1e0e690a325a4c5d8bb2b3943ee14?s=96&d=mm&r=g","caption":"Cope Alcoy"}}]}},"_links":{"self":[{"href":"https:\/\/www.copealcoy.es\/es\/wp-json\/wp\/v2\/posts\/75686","targetHints":{"allow":["GET"]}}],"collection":[{"href":"https:\/\/www.copealcoy.es\/es\/wp-json\/wp\/v2\/posts"}],"about":[{"href":"https:\/\/www.copealcoy.es\/es\/wp-json\/wp\/v2\/types\/post"}],"author":[{"embeddable":true,"href":"https:\/\/www.copealcoy.es\/es\/wp-json\/wp\/v2\/users\/1"}],"replies":[{"embeddable":true,"href":"https:\/\/www.copealcoy.es\/es\/wp-json\/wp\/v2\/comments?post=75686"}],"version-history":[{"count":0,"href":"https:\/\/www.copealcoy.es\/es\/wp-json\/wp\/v2\/posts\/75686\/revisions"}],"wp:featuredmedia":[{"embeddable":true,"href":"https:\/\/www.copealcoy.es\/es\/wp-json\/wp\/v2\/media\/75687"}],"wp:attachment":[{"href":"https:\/\/www.copealcoy.es\/es\/wp-json\/wp\/v2\/media?parent=75686"}],"wp:term":[{"taxonomy":"category","embeddable":true,"href":"https:\/\/www.copealcoy.es\/es\/wp-json\/wp\/v2\/categories?post=75686"},{"taxonomy":"post_tag","embeddable":true,"href":"https:\/\/www.copealcoy.es\/es\/wp-json\/wp\/v2\/tags?post=75686"}],"curies":[{"name":"wp","href":"https:\/\/api.w.org\/{rel}","templated":true}]}}