{"id":75539,"date":"2021-07-07T10:28:45","date_gmt":"2021-07-07T09:28:45","guid":{"rendered":"https:\/\/www.copealcoy.es\/?p=75539"},"modified":"2021-07-07T21:38:26","modified_gmt":"2021-07-07T20:38:26","slug":"joves-de-portugal-i-croacia-arriben-a-agres-amb-el-programa-erasmus","status":"publish","type":"post","link":"https:\/\/www.copealcoy.es\/es\/joves-de-portugal-i-croacia-arriben-a-agres-amb-el-programa-erasmus\/","title":{"rendered":"Joves de Portugal i Cro\u00e0cia arriben a Agres amb el programa Erasmus+"},"content":{"rendered":"<p style=\"text-align: justify;\">Un total de <strong>37 joves procedents de Portugal i Cro\u00e0cia<\/strong> han arribat aquesta setmana a <strong>Agres<\/strong> per a participar en <strong>diferents activitats<\/strong> i <strong>gaudir de l&#8217;entorn natural<\/strong> d&#8217;aquest municipi del Comtat. La iniciativa <strong>forma part del projecte Erasmus+<\/strong> i els participants, <strong>d&#8217;entre 13 i 17 anys<\/strong>, estaran al poble<strong> fins al pr\u00f2xim 11 de juliol<\/strong> abans de tornar al seu pa\u00eds d&#8217;origen.<\/p>\n<p style=\"text-align: justify;\">Els protagonistes d&#8217;aquesta experi\u00e8ncia <strong>foren rebuts per la Corporaci\u00f3 Municipal el passat dilluns a migdia<\/strong> en un breu acte celebrat a l&#8217;aire lliure a la Pla\u00e7a de l&#8217;Ajuntament. A partir d&#8217;<span class=\"hiddenSuggestion\">ah\u00ed<\/span>\u00a0<strong>va comen\u00e7ar una aventura<\/strong> en la qual els estudiants han pogut descobrir la Serra de Mariola, el patrimoni o la hist\u00f2ria del municipi aix\u00ed com la gastronomia tradicional del poble. Tamb\u00e9 <strong>han participat<\/strong> en activitats esportives o han estat a la piscina amb totes les mesures de seguretat pertinents fronts a la <span class=\"hiddenSpellError\">Covid<\/span>-19 i sense deixar de banda<strong> la pr\u00e0ctica de l&#8217;angl\u00e9s i l&#8217;espanyol<\/strong> &#8220;<em>estem molt contents davant el fet que Agres aculla un programa d&#8217;aquestes caracter\u00edstiques i els joves estan molt satisfets pel tracte que estan rebent al nostre poble. Esperem que aquest intercanvi d&#8217;estiu siga el primer de molts per als pr\u00f2xims anys<\/em>&#8220;, explicava en COPE\u00a0<span class=\"hiddenSpellError\">ALCOY<\/span>\u00a0aquesta setmana la regidora de Joventut de la localitat; <strong>Maria Garcia\u00a0<span class=\"hiddenSpellError\">Pascual<\/span><\/strong>.<\/p>\n<p style=\"text-align: justify;\">Una vegada finalitzada l&#8217;estada a Agres els joves d&#8217;aquest poble, i tamb\u00e9 alguns d&#8217;Alfafara, <strong>viatjaran a finals de juliol a Cro\u00e0cia<\/strong> per tal de viure la mateixa experi\u00e8ncia a l&#8217;estranger que els seus companys d&#8217;intercanvi han viscut a les nostres comarques.<\/p>\n","protected":false},"excerpt":{"rendered":"<p>Un total de 37 joves procedents de Portugal i Cro\u00e0cia han arribat aquesta setmana a Agres per a participar en&#8230;<\/p>\n","protected":false},"author":1,"featured_media":75540,"comment_status":"open","ping_status":"open","sticky":false,"template":"","format":"standard","meta":{"footnotes":""},"categories":[98,75],"tags":[293,11529,4183,11530,11528,11527],"class_list":["post-75539","post","type-post","status-publish","format-standard","has-post-thumbnail","hentry","category-comarcas","category-noticias","tag-agres","tag-croacia","tag-erasmus","tag-interanvi","tag-joves","tag-portugal"],"yoast_head":"<!-- This site is optimized with the Yoast SEO plugin v27.3 - https:\/\/yoast.com\/product\/yoast-seo-wordpress\/ -->\n<title>Joves de Portugal i Cro\u00e0cia arriben a Agres amb el programa Erasmus+ - COPE Alcoy<\/title>\n<meta name=\"robots\" content=\"index, follow, max-snippet:-1, max-image-preview:large, max-video-preview:-1\" \/>\n<link rel=\"canonical\" href=\"https:\/\/www.copealcoy.es\/es\/joves-de-portugal-i-croacia-arriben-a-agres-amb-el-programa-erasmus\/\" \/>\n<meta property=\"og:locale\" content=\"es_ES\" \/>\n<meta property=\"og:type\" content=\"article\" \/>\n<meta property=\"og:title\" content=\"Joves de Portugal i Cro\u00e0cia arriben a Agres amb el programa Erasmus+ - COPE Alcoy\" \/>\n<meta property=\"og:description\" content=\"Un total de 37 joves procedents de Portugal i Cro\u00e0cia han arribat aquesta setmana a Agres per a participar en...\" \/>\n<meta property=\"og:url\" content=\"https:\/\/www.copealcoy.es\/es\/joves-de-portugal-i-croacia-arriben-a-agres-amb-el-programa-erasmus\/\" \/>\n<meta property=\"og:site_name\" content=\"COPE Alcoy\" \/>\n<meta property=\"article:published_time\" content=\"2021-07-07T09:28:45+00:00\" \/>\n<meta property=\"article:modified_time\" content=\"2021-07-07T20:38:26+00:00\" \/>\n<meta property=\"og:image\" content=\"https:\/\/www.copealcoy.es\/wp-content\/uploads\/2021\/07\/209487765_2439993656144105_4379094660338115810_n.jpg\" \/>\n\t<meta property=\"og:image:width\" content=\"441\" \/>\n\t<meta property=\"og:image:height\" content=\"283\" \/>\n\t<meta property=\"og:image:type\" content=\"image\/jpeg\" \/>\n<meta name=\"author\" content=\"Cope Alcoy\" \/>\n<meta name=\"twitter:label1\" content=\"Escrito por\" \/>\n\t<meta name=\"twitter:data1\" content=\"Cope Alcoy\" \/>\n\t<meta name=\"twitter:label2\" content=\"Tiempo de lectura\" \/>\n\t<meta name=\"twitter:data2\" content=\"1 minuto\" \/>\n<script type=\"application\/ld+json\" class=\"yoast-schema-graph\">{\"@context\":\"https:\\\/\\\/schema.org\",\"@graph\":[{\"@type\":\"Article\",\"@id\":\"https:\\\/\\\/www.copealcoy.es\\\/es\\\/joves-de-portugal-i-croacia-arriben-a-agres-amb-el-programa-erasmus\\\/#article\",\"isPartOf\":{\"@id\":\"https:\\\/\\\/www.copealcoy.es\\\/es\\\/joves-de-portugal-i-croacia-arriben-a-agres-amb-el-programa-erasmus\\\/\"},\"author\":{\"name\":\"Cope Alcoy\",\"@id\":\"https:\\\/\\\/www.copealcoy.es\\\/es\\\/#\\\/schema\\\/person\\\/e777c87fa024e57d40170af9df39882c\"},\"headline\":\"Joves de Portugal i Cro\u00e0cia arriben a Agres amb el programa Erasmus+\",\"datePublished\":\"2021-07-07T09:28:45+00:00\",\"dateModified\":\"2021-07-07T20:38:26+00:00\",\"mainEntityOfPage\":{\"@id\":\"https:\\\/\\\/www.copealcoy.es\\\/es\\\/joves-de-portugal-i-croacia-arriben-a-agres-amb-el-programa-erasmus\\\/\"},\"wordCount\":294,\"commentCount\":0,\"image\":{\"@id\":\"https:\\\/\\\/www.copealcoy.es\\\/es\\\/joves-de-portugal-i-croacia-arriben-a-agres-amb-el-programa-erasmus\\\/#primaryimage\"},\"thumbnailUrl\":\"https:\\\/\\\/www.copealcoy.es\\\/wp-content\\\/uploads\\\/2021\\\/07\\\/209487765_2439993656144105_4379094660338115810_n.jpg\",\"keywords\":[\"Agres\",\"Cro\u00e0cia\",\"Erasmus\",\"interanvi\",\"Joves\",\"Portugal\"],\"articleSection\":[\"Comarcas\",\"Noticias\"],\"inLanguage\":\"es\"},{\"@type\":\"WebPage\",\"@id\":\"https:\\\/\\\/www.copealcoy.es\\\/es\\\/joves-de-portugal-i-croacia-arriben-a-agres-amb-el-programa-erasmus\\\/\",\"url\":\"https:\\\/\\\/www.copealcoy.es\\\/es\\\/joves-de-portugal-i-croacia-arriben-a-agres-amb-el-programa-erasmus\\\/\",\"name\":\"Joves de Portugal i Cro\u00e0cia arriben a Agres amb el programa Erasmus+ - COPE Alcoy\",\"isPartOf\":{\"@id\":\"https:\\\/\\\/www.copealcoy.es\\\/es\\\/#website\"},\"primaryImageOfPage\":{\"@id\":\"https:\\\/\\\/www.copealcoy.es\\\/es\\\/joves-de-portugal-i-croacia-arriben-a-agres-amb-el-programa-erasmus\\\/#primaryimage\"},\"image\":{\"@id\":\"https:\\\/\\\/www.copealcoy.es\\\/es\\\/joves-de-portugal-i-croacia-arriben-a-agres-amb-el-programa-erasmus\\\/#primaryimage\"},\"thumbnailUrl\":\"https:\\\/\\\/www.copealcoy.es\\\/wp-content\\\/uploads\\\/2021\\\/07\\\/209487765_2439993656144105_4379094660338115810_n.jpg\",\"datePublished\":\"2021-07-07T09:28:45+00:00\",\"dateModified\":\"2021-07-07T20:38:26+00:00\",\"author\":{\"@id\":\"https:\\\/\\\/www.copealcoy.es\\\/es\\\/#\\\/schema\\\/person\\\/e777c87fa024e57d40170af9df39882c\"},\"breadcrumb\":{\"@id\":\"https:\\\/\\\/www.copealcoy.es\\\/es\\\/joves-de-portugal-i-croacia-arriben-a-agres-amb-el-programa-erasmus\\\/#breadcrumb\"},\"inLanguage\":\"es\",\"potentialAction\":[{\"@type\":\"ReadAction\",\"target\":[\"https:\\\/\\\/www.copealcoy.es\\\/es\\\/joves-de-portugal-i-croacia-arriben-a-agres-amb-el-programa-erasmus\\\/\"]}]},{\"@type\":\"ImageObject\",\"inLanguage\":\"es\",\"@id\":\"https:\\\/\\\/www.copealcoy.es\\\/es\\\/joves-de-portugal-i-croacia-arriben-a-agres-amb-el-programa-erasmus\\\/#primaryimage\",\"url\":\"https:\\\/\\\/www.copealcoy.es\\\/wp-content\\\/uploads\\\/2021\\\/07\\\/209487765_2439993656144105_4379094660338115810_n.jpg\",\"contentUrl\":\"https:\\\/\\\/www.copealcoy.es\\\/wp-content\\\/uploads\\\/2021\\\/07\\\/209487765_2439993656144105_4379094660338115810_n.jpg\",\"width\":441,\"height\":283},{\"@type\":\"BreadcrumbList\",\"@id\":\"https:\\\/\\\/www.copealcoy.es\\\/es\\\/joves-de-portugal-i-croacia-arriben-a-agres-amb-el-programa-erasmus\\\/#breadcrumb\",\"itemListElement\":[{\"@type\":\"ListItem\",\"position\":1,\"name\":\"Portada\",\"item\":\"https:\\\/\\\/www.copealcoy.es\\\/es\\\/\"},{\"@type\":\"ListItem\",\"position\":2,\"name\":\"Joves de Portugal i Cro\u00e0cia arriben a Agres amb el programa Erasmus+\"}]},{\"@type\":\"WebSite\",\"@id\":\"https:\\\/\\\/www.copealcoy.es\\\/es\\\/#website\",\"url\":\"https:\\\/\\\/www.copealcoy.es\\\/es\\\/\",\"name\":\"COPE Alcoy\",\"description\":\"Emisora COPE de radio local con emisi\u00f3n online. Pont de Sant Jordi 8-10 03803 Alcoy\",\"potentialAction\":[{\"@type\":\"SearchAction\",\"target\":{\"@type\":\"EntryPoint\",\"urlTemplate\":\"https:\\\/\\\/www.copealcoy.es\\\/es\\\/?s={search_term_string}\"},\"query-input\":{\"@type\":\"PropertyValueSpecification\",\"valueRequired\":true,\"valueName\":\"search_term_string\"}}],\"inLanguage\":\"es\"},{\"@type\":\"Person\",\"@id\":\"https:\\\/\\\/www.copealcoy.es\\\/es\\\/#\\\/schema\\\/person\\\/e777c87fa024e57d40170af9df39882c\",\"name\":\"Cope Alcoy\",\"image\":{\"@type\":\"ImageObject\",\"inLanguage\":\"es\",\"@id\":\"https:\\\/\\\/secure.gravatar.com\\\/avatar\\\/bb65d0283347e303893ba14f0692005417c1e0e690a325a4c5d8bb2b3943ee14?s=96&d=mm&r=g\",\"url\":\"https:\\\/\\\/secure.gravatar.com\\\/avatar\\\/bb65d0283347e303893ba14f0692005417c1e0e690a325a4c5d8bb2b3943ee14?s=96&d=mm&r=g\",\"contentUrl\":\"https:\\\/\\\/secure.gravatar.com\\\/avatar\\\/bb65d0283347e303893ba14f0692005417c1e0e690a325a4c5d8bb2b3943ee14?s=96&d=mm&r=g\",\"caption\":\"Cope Alcoy\"}}]}<\/script>\n<!-- \/ Yoast SEO plugin. -->","yoast_head_json":{"title":"Joves de Portugal i Cro\u00e0cia arriben a Agres amb el programa Erasmus+ - COPE Alcoy","robots":{"index":"index","follow":"follow","max-snippet":"max-snippet:-1","max-image-preview":"max-image-preview:large","max-video-preview":"max-video-preview:-1"},"canonical":"https:\/\/www.copealcoy.es\/es\/joves-de-portugal-i-croacia-arriben-a-agres-amb-el-programa-erasmus\/","og_locale":"es_ES","og_type":"article","og_title":"Joves de Portugal i Cro\u00e0cia arriben a Agres amb el programa Erasmus+ - COPE Alcoy","og_description":"Un total de 37 joves procedents de Portugal i Cro\u00e0cia han arribat aquesta setmana a Agres per a participar en...","og_url":"https:\/\/www.copealcoy.es\/es\/joves-de-portugal-i-croacia-arriben-a-agres-amb-el-programa-erasmus\/","og_site_name":"COPE Alcoy","article_published_time":"2021-07-07T09:28:45+00:00","article_modified_time":"2021-07-07T20:38:26+00:00","og_image":[{"width":441,"height":283,"url":"https:\/\/www.copealcoy.es\/wp-content\/uploads\/2021\/07\/209487765_2439993656144105_4379094660338115810_n.jpg","type":"image\/jpeg"}],"author":"Cope Alcoy","twitter_misc":{"Escrito por":"Cope Alcoy","Tiempo de lectura":"1 minuto"},"schema":{"@context":"https:\/\/schema.org","@graph":[{"@type":"Article","@id":"https:\/\/www.copealcoy.es\/es\/joves-de-portugal-i-croacia-arriben-a-agres-amb-el-programa-erasmus\/#article","isPartOf":{"@id":"https:\/\/www.copealcoy.es\/es\/joves-de-portugal-i-croacia-arriben-a-agres-amb-el-programa-erasmus\/"},"author":{"name":"Cope Alcoy","@id":"https:\/\/www.copealcoy.es\/es\/#\/schema\/person\/e777c87fa024e57d40170af9df39882c"},"headline":"Joves de Portugal i Cro\u00e0cia arriben a Agres amb el programa Erasmus+","datePublished":"2021-07-07T09:28:45+00:00","dateModified":"2021-07-07T20:38:26+00:00","mainEntityOfPage":{"@id":"https:\/\/www.copealcoy.es\/es\/joves-de-portugal-i-croacia-arriben-a-agres-amb-el-programa-erasmus\/"},"wordCount":294,"commentCount":0,"image":{"@id":"https:\/\/www.copealcoy.es\/es\/joves-de-portugal-i-croacia-arriben-a-agres-amb-el-programa-erasmus\/#primaryimage"},"thumbnailUrl":"https:\/\/www.copealcoy.es\/wp-content\/uploads\/2021\/07\/209487765_2439993656144105_4379094660338115810_n.jpg","keywords":["Agres","Cro\u00e0cia","Erasmus","interanvi","Joves","Portugal"],"articleSection":["Comarcas","Noticias"],"inLanguage":"es"},{"@type":"WebPage","@id":"https:\/\/www.copealcoy.es\/es\/joves-de-portugal-i-croacia-arriben-a-agres-amb-el-programa-erasmus\/","url":"https:\/\/www.copealcoy.es\/es\/joves-de-portugal-i-croacia-arriben-a-agres-amb-el-programa-erasmus\/","name":"Joves de Portugal i Cro\u00e0cia arriben a Agres amb el programa Erasmus+ - COPE Alcoy","isPartOf":{"@id":"https:\/\/www.copealcoy.es\/es\/#website"},"primaryImageOfPage":{"@id":"https:\/\/www.copealcoy.es\/es\/joves-de-portugal-i-croacia-arriben-a-agres-amb-el-programa-erasmus\/#primaryimage"},"image":{"@id":"https:\/\/www.copealcoy.es\/es\/joves-de-portugal-i-croacia-arriben-a-agres-amb-el-programa-erasmus\/#primaryimage"},"thumbnailUrl":"https:\/\/www.copealcoy.es\/wp-content\/uploads\/2021\/07\/209487765_2439993656144105_4379094660338115810_n.jpg","datePublished":"2021-07-07T09:28:45+00:00","dateModified":"2021-07-07T20:38:26+00:00","author":{"@id":"https:\/\/www.copealcoy.es\/es\/#\/schema\/person\/e777c87fa024e57d40170af9df39882c"},"breadcrumb":{"@id":"https:\/\/www.copealcoy.es\/es\/joves-de-portugal-i-croacia-arriben-a-agres-amb-el-programa-erasmus\/#breadcrumb"},"inLanguage":"es","potentialAction":[{"@type":"ReadAction","target":["https:\/\/www.copealcoy.es\/es\/joves-de-portugal-i-croacia-arriben-a-agres-amb-el-programa-erasmus\/"]}]},{"@type":"ImageObject","inLanguage":"es","@id":"https:\/\/www.copealcoy.es\/es\/joves-de-portugal-i-croacia-arriben-a-agres-amb-el-programa-erasmus\/#primaryimage","url":"https:\/\/www.copealcoy.es\/wp-content\/uploads\/2021\/07\/209487765_2439993656144105_4379094660338115810_n.jpg","contentUrl":"https:\/\/www.copealcoy.es\/wp-content\/uploads\/2021\/07\/209487765_2439993656144105_4379094660338115810_n.jpg","width":441,"height":283},{"@type":"BreadcrumbList","@id":"https:\/\/www.copealcoy.es\/es\/joves-de-portugal-i-croacia-arriben-a-agres-amb-el-programa-erasmus\/#breadcrumb","itemListElement":[{"@type":"ListItem","position":1,"name":"Portada","item":"https:\/\/www.copealcoy.es\/es\/"},{"@type":"ListItem","position":2,"name":"Joves de Portugal i Cro\u00e0cia arriben a Agres amb el programa Erasmus+"}]},{"@type":"WebSite","@id":"https:\/\/www.copealcoy.es\/es\/#website","url":"https:\/\/www.copealcoy.es\/es\/","name":"COPE Alcoy","description":"Emisora COPE de radio local con emisi\u00f3n online. Pont de Sant Jordi 8-10 03803 Alcoy","potentialAction":[{"@type":"SearchAction","target":{"@type":"EntryPoint","urlTemplate":"https:\/\/www.copealcoy.es\/es\/?s={search_term_string}"},"query-input":{"@type":"PropertyValueSpecification","valueRequired":true,"valueName":"search_term_string"}}],"inLanguage":"es"},{"@type":"Person","@id":"https:\/\/www.copealcoy.es\/es\/#\/schema\/person\/e777c87fa024e57d40170af9df39882c","name":"Cope Alcoy","image":{"@type":"ImageObject","inLanguage":"es","@id":"https:\/\/secure.gravatar.com\/avatar\/bb65d0283347e303893ba14f0692005417c1e0e690a325a4c5d8bb2b3943ee14?s=96&d=mm&r=g","url":"https:\/\/secure.gravatar.com\/avatar\/bb65d0283347e303893ba14f0692005417c1e0e690a325a4c5d8bb2b3943ee14?s=96&d=mm&r=g","contentUrl":"https:\/\/secure.gravatar.com\/avatar\/bb65d0283347e303893ba14f0692005417c1e0e690a325a4c5d8bb2b3943ee14?s=96&d=mm&r=g","caption":"Cope Alcoy"}}]}},"_links":{"self":[{"href":"https:\/\/www.copealcoy.es\/es\/wp-json\/wp\/v2\/posts\/75539","targetHints":{"allow":["GET"]}}],"collection":[{"href":"https:\/\/www.copealcoy.es\/es\/wp-json\/wp\/v2\/posts"}],"about":[{"href":"https:\/\/www.copealcoy.es\/es\/wp-json\/wp\/v2\/types\/post"}],"author":[{"embeddable":true,"href":"https:\/\/www.copealcoy.es\/es\/wp-json\/wp\/v2\/users\/1"}],"replies":[{"embeddable":true,"href":"https:\/\/www.copealcoy.es\/es\/wp-json\/wp\/v2\/comments?post=75539"}],"version-history":[{"count":0,"href":"https:\/\/www.copealcoy.es\/es\/wp-json\/wp\/v2\/posts\/75539\/revisions"}],"wp:featuredmedia":[{"embeddable":true,"href":"https:\/\/www.copealcoy.es\/es\/wp-json\/wp\/v2\/media\/75540"}],"wp:attachment":[{"href":"https:\/\/www.copealcoy.es\/es\/wp-json\/wp\/v2\/media?parent=75539"}],"wp:term":[{"taxonomy":"category","embeddable":true,"href":"https:\/\/www.copealcoy.es\/es\/wp-json\/wp\/v2\/categories?post=75539"},{"taxonomy":"post_tag","embeddable":true,"href":"https:\/\/www.copealcoy.es\/es\/wp-json\/wp\/v2\/tags?post=75539"}],"curies":[{"name":"wp","href":"https:\/\/api.w.org\/{rel}","templated":true}]}}