{"id":75502,"date":"2021-07-06T12:12:49","date_gmt":"2021-07-06T11:12:49","guid":{"rendered":"https:\/\/www.copealcoy.es\/?p=75502"},"modified":"2021-07-06T12:21:35","modified_gmt":"2021-07-06T11:21:35","slug":"el-pp-pide-medidas-urgentes-para-frenar-los-botellones-en-el-parterre","status":"publish","type":"post","link":"https:\/\/www.copealcoy.es\/es\/el-pp-pide-medidas-urgentes-para-frenar-los-botellones-en-el-parterre\/","title":{"rendered":"El PP pide medidas urgentes para frenar los botellones en El Parterre"},"content":{"rendered":"<p style=\"text-align: justify;\">El <strong>Partido Popular de Alcoy<\/strong> solicita <strong>medidas urgentes<\/strong> para <strong>paliar la situaci\u00f3n que se est\u00e1 viviendo todos los fines de semana en el Centro<\/strong>\u00a0 a ra\u00edz de<strong> los botellones<\/strong> que se suceden en puntos como la Plaza Pintor Gisbert.<\/p>\n<p style=\"text-align: justify;\">Los populares <strong>se hacen eco de las quejas de los vecinos referidas a ruidos, suciedad, vandalismo y consumo de alcohol en la v\u00eda p\u00fablica<\/strong>. Adem\u00e1s <strong>reclaman mayor presencia policial<\/strong> para evitar los problemas denunciados por los residentes, especialmente tras el cierre de locales de ocio nocturno, y <strong>piden al Gobierno Local act\u00fae de inmediato para frenar el problema<\/strong> &#8220;<em>es incomprensible que el Ejecutivo de Antonio Franc\u00e9s sea tan pasivo ante unos hechos de gravedad en una situaci\u00f3n normal, pero de much\u00edsima gravedad, en una situaci\u00f3n de pandemia donde los datos del Coronavirus est\u00e1n creciendo de manera alarmante. Uno de los riesgos de la peatonalizaci\u00f3n sin planificaci\u00f3n que ha puesto en marcha el PSOE en el Centro es que el barrio se convierta en un gran bar que acabe por expulsar a los vecinos y a los comercio<\/em>s&#8221;, detalla <strong>Quico Cant\u00f3<\/strong>, edil del PP.<\/p>\n<p style=\"text-align: justify;\">Finalmente el PP <strong>insiste<\/strong> en que las molestias por ruido, los problemas de salubridad debido a micciones en puertas de garajes, portales y dem\u00e1s lugares y los actos de vandalismo, son la t\u00f3nica habitual de algunas zonas del Centro de la ciudad durante cada fin de semana. Esto se suma, a\u00f1aden, a <strong>la degradaci\u00f3n de muchos inmuebles o la falta de vigilancia<\/strong>.<\/p>\n","protected":false},"excerpt":{"rendered":"<p>El Partido Popular de Alcoy solicita medidas urgentes para paliar la situaci\u00f3n que se est\u00e1 viviendo todos los fines de&#8230;<\/p>\n","protected":false},"author":1,"featured_media":75503,"comment_status":"open","ping_status":"open","sticky":false,"template":"","format":"standard","meta":{"footnotes":""},"categories":[97,75,79],"tags":[11115,11521,7304,448,4022],"class_list":["post-75502","post","type-post","status-publish","format-standard","has-post-thumbnail","hentry","category-alcoy","category-noticias","category-politicayeconomia","tag-el-parterre","tag-frenar-botellones","tag-medidas-urgentes","tag-partido-popular","tag-quico-canto"],"yoast_head":"<!-- This site is optimized with the Yoast SEO plugin v27.3 - https:\/\/yoast.com\/product\/yoast-seo-wordpress\/ -->\n<title>El PP pide medidas urgentes para frenar los botellones en El Parterre - COPE Alcoy<\/title>\n<meta name=\"robots\" content=\"index, follow, max-snippet:-1, max-image-preview:large, max-video-preview:-1\" \/>\n<link rel=\"canonical\" href=\"https:\/\/www.copealcoy.es\/es\/el-pp-pide-medidas-urgentes-para-frenar-los-botellones-en-el-parterre\/\" \/>\n<meta property=\"og:locale\" content=\"es_ES\" \/>\n<meta property=\"og:type\" content=\"article\" \/>\n<meta property=\"og:title\" content=\"El PP pide medidas urgentes para frenar los botellones en El Parterre - COPE Alcoy\" \/>\n<meta property=\"og:description\" content=\"El Partido Popular de Alcoy solicita medidas urgentes para paliar la situaci\u00f3n que se est\u00e1 viviendo todos los fines de...\" \/>\n<meta property=\"og:url\" content=\"https:\/\/www.copealcoy.es\/es\/el-pp-pide-medidas-urgentes-para-frenar-los-botellones-en-el-parterre\/\" \/>\n<meta property=\"og:site_name\" content=\"COPE Alcoy\" \/>\n<meta property=\"article:published_time\" content=\"2021-07-06T11:12:49+00:00\" \/>\n<meta property=\"article:modified_time\" content=\"2021-07-06T11:21:35+00:00\" \/>\n<meta property=\"og:image\" content=\"https:\/\/www.copealcoy.es\/wp-content\/uploads\/2021\/07\/20210706_parterre_botellodromo-e1625569954773.jpeg\" \/>\n\t<meta property=\"og:image:width\" content=\"1200\" \/>\n\t<meta property=\"og:image:height\" content=\"688\" \/>\n\t<meta property=\"og:image:type\" content=\"image\/jpeg\" \/>\n<meta name=\"author\" content=\"Cope Alcoy\" \/>\n<meta name=\"twitter:label1\" content=\"Escrito por\" \/>\n\t<meta name=\"twitter:data1\" content=\"Cope Alcoy\" \/>\n\t<meta name=\"twitter:label2\" content=\"Tiempo de lectura\" \/>\n\t<meta name=\"twitter:data2\" content=\"1 minuto\" \/>\n<script type=\"application\/ld+json\" class=\"yoast-schema-graph\">{\"@context\":\"https:\\\/\\\/schema.org\",\"@graph\":[{\"@type\":\"Article\",\"@id\":\"https:\\\/\\\/www.copealcoy.es\\\/es\\\/el-pp-pide-medidas-urgentes-para-frenar-los-botellones-en-el-parterre\\\/#article\",\"isPartOf\":{\"@id\":\"https:\\\/\\\/www.copealcoy.es\\\/es\\\/el-pp-pide-medidas-urgentes-para-frenar-los-botellones-en-el-parterre\\\/\"},\"author\":{\"name\":\"Cope Alcoy\",\"@id\":\"https:\\\/\\\/www.copealcoy.es\\\/es\\\/#\\\/schema\\\/person\\\/e777c87fa024e57d40170af9df39882c\"},\"headline\":\"El PP pide medidas urgentes para frenar los botellones en El Parterre\",\"datePublished\":\"2021-07-06T11:12:49+00:00\",\"dateModified\":\"2021-07-06T11:21:35+00:00\",\"mainEntityOfPage\":{\"@id\":\"https:\\\/\\\/www.copealcoy.es\\\/es\\\/el-pp-pide-medidas-urgentes-para-frenar-los-botellones-en-el-parterre\\\/\"},\"wordCount\":273,\"commentCount\":0,\"image\":{\"@id\":\"https:\\\/\\\/www.copealcoy.es\\\/es\\\/el-pp-pide-medidas-urgentes-para-frenar-los-botellones-en-el-parterre\\\/#primaryimage\"},\"thumbnailUrl\":\"https:\\\/\\\/www.copealcoy.es\\\/wp-content\\\/uploads\\\/2021\\\/07\\\/20210706_parterre_botellodromo-e1625569954773.jpeg\",\"keywords\":[\"El Parterre\",\"frenar botellones\",\"Medidas Urgentes\",\"Partido Popular\",\"Quico Cant\u00f3\"],\"articleSection\":[\"Alcoy\",\"Noticias\",\"Pol\u00edtica y Econom\u00eda\"],\"inLanguage\":\"es\"},{\"@type\":\"WebPage\",\"@id\":\"https:\\\/\\\/www.copealcoy.es\\\/es\\\/el-pp-pide-medidas-urgentes-para-frenar-los-botellones-en-el-parterre\\\/\",\"url\":\"https:\\\/\\\/www.copealcoy.es\\\/es\\\/el-pp-pide-medidas-urgentes-para-frenar-los-botellones-en-el-parterre\\\/\",\"name\":\"El PP pide medidas urgentes para frenar los botellones en El Parterre - COPE Alcoy\",\"isPartOf\":{\"@id\":\"https:\\\/\\\/www.copealcoy.es\\\/es\\\/#website\"},\"primaryImageOfPage\":{\"@id\":\"https:\\\/\\\/www.copealcoy.es\\\/es\\\/el-pp-pide-medidas-urgentes-para-frenar-los-botellones-en-el-parterre\\\/#primaryimage\"},\"image\":{\"@id\":\"https:\\\/\\\/www.copealcoy.es\\\/es\\\/el-pp-pide-medidas-urgentes-para-frenar-los-botellones-en-el-parterre\\\/#primaryimage\"},\"thumbnailUrl\":\"https:\\\/\\\/www.copealcoy.es\\\/wp-content\\\/uploads\\\/2021\\\/07\\\/20210706_parterre_botellodromo-e1625569954773.jpeg\",\"datePublished\":\"2021-07-06T11:12:49+00:00\",\"dateModified\":\"2021-07-06T11:21:35+00:00\",\"author\":{\"@id\":\"https:\\\/\\\/www.copealcoy.es\\\/es\\\/#\\\/schema\\\/person\\\/e777c87fa024e57d40170af9df39882c\"},\"breadcrumb\":{\"@id\":\"https:\\\/\\\/www.copealcoy.es\\\/es\\\/el-pp-pide-medidas-urgentes-para-frenar-los-botellones-en-el-parterre\\\/#breadcrumb\"},\"inLanguage\":\"es\",\"potentialAction\":[{\"@type\":\"ReadAction\",\"target\":[\"https:\\\/\\\/www.copealcoy.es\\\/es\\\/el-pp-pide-medidas-urgentes-para-frenar-los-botellones-en-el-parterre\\\/\"]}]},{\"@type\":\"ImageObject\",\"inLanguage\":\"es\",\"@id\":\"https:\\\/\\\/www.copealcoy.es\\\/es\\\/el-pp-pide-medidas-urgentes-para-frenar-los-botellones-en-el-parterre\\\/#primaryimage\",\"url\":\"https:\\\/\\\/www.copealcoy.es\\\/wp-content\\\/uploads\\\/2021\\\/07\\\/20210706_parterre_botellodromo-e1625569954773.jpeg\",\"contentUrl\":\"https:\\\/\\\/www.copealcoy.es\\\/wp-content\\\/uploads\\\/2021\\\/07\\\/20210706_parterre_botellodromo-e1625569954773.jpeg\",\"width\":1200,\"height\":688},{\"@type\":\"BreadcrumbList\",\"@id\":\"https:\\\/\\\/www.copealcoy.es\\\/es\\\/el-pp-pide-medidas-urgentes-para-frenar-los-botellones-en-el-parterre\\\/#breadcrumb\",\"itemListElement\":[{\"@type\":\"ListItem\",\"position\":1,\"name\":\"Portada\",\"item\":\"https:\\\/\\\/www.copealcoy.es\\\/es\\\/\"},{\"@type\":\"ListItem\",\"position\":2,\"name\":\"El PP pide medidas urgentes para frenar los botellones en El Parterre\"}]},{\"@type\":\"WebSite\",\"@id\":\"https:\\\/\\\/www.copealcoy.es\\\/es\\\/#website\",\"url\":\"https:\\\/\\\/www.copealcoy.es\\\/es\\\/\",\"name\":\"COPE Alcoy\",\"description\":\"Emisora COPE de radio local con emisi\u00f3n online. Pont de Sant Jordi 8-10 03803 Alcoy\",\"potentialAction\":[{\"@type\":\"SearchAction\",\"target\":{\"@type\":\"EntryPoint\",\"urlTemplate\":\"https:\\\/\\\/www.copealcoy.es\\\/es\\\/?s={search_term_string}\"},\"query-input\":{\"@type\":\"PropertyValueSpecification\",\"valueRequired\":true,\"valueName\":\"search_term_string\"}}],\"inLanguage\":\"es\"},{\"@type\":\"Person\",\"@id\":\"https:\\\/\\\/www.copealcoy.es\\\/es\\\/#\\\/schema\\\/person\\\/e777c87fa024e57d40170af9df39882c\",\"name\":\"Cope Alcoy\",\"image\":{\"@type\":\"ImageObject\",\"inLanguage\":\"es\",\"@id\":\"https:\\\/\\\/secure.gravatar.com\\\/avatar\\\/bb65d0283347e303893ba14f0692005417c1e0e690a325a4c5d8bb2b3943ee14?s=96&d=mm&r=g\",\"url\":\"https:\\\/\\\/secure.gravatar.com\\\/avatar\\\/bb65d0283347e303893ba14f0692005417c1e0e690a325a4c5d8bb2b3943ee14?s=96&d=mm&r=g\",\"contentUrl\":\"https:\\\/\\\/secure.gravatar.com\\\/avatar\\\/bb65d0283347e303893ba14f0692005417c1e0e690a325a4c5d8bb2b3943ee14?s=96&d=mm&r=g\",\"caption\":\"Cope Alcoy\"}}]}<\/script>\n<!-- \/ Yoast SEO plugin. -->","yoast_head_json":{"title":"El PP pide medidas urgentes para frenar los botellones en El Parterre - COPE Alcoy","robots":{"index":"index","follow":"follow","max-snippet":"max-snippet:-1","max-image-preview":"max-image-preview:large","max-video-preview":"max-video-preview:-1"},"canonical":"https:\/\/www.copealcoy.es\/es\/el-pp-pide-medidas-urgentes-para-frenar-los-botellones-en-el-parterre\/","og_locale":"es_ES","og_type":"article","og_title":"El PP pide medidas urgentes para frenar los botellones en El Parterre - COPE Alcoy","og_description":"El Partido Popular de Alcoy solicita medidas urgentes para paliar la situaci\u00f3n que se est\u00e1 viviendo todos los fines de...","og_url":"https:\/\/www.copealcoy.es\/es\/el-pp-pide-medidas-urgentes-para-frenar-los-botellones-en-el-parterre\/","og_site_name":"COPE Alcoy","article_published_time":"2021-07-06T11:12:49+00:00","article_modified_time":"2021-07-06T11:21:35+00:00","og_image":[{"width":1200,"height":688,"url":"https:\/\/www.copealcoy.es\/wp-content\/uploads\/2021\/07\/20210706_parterre_botellodromo-e1625569954773.jpeg","type":"image\/jpeg"}],"author":"Cope Alcoy","twitter_misc":{"Escrito por":"Cope Alcoy","Tiempo de lectura":"1 minuto"},"schema":{"@context":"https:\/\/schema.org","@graph":[{"@type":"Article","@id":"https:\/\/www.copealcoy.es\/es\/el-pp-pide-medidas-urgentes-para-frenar-los-botellones-en-el-parterre\/#article","isPartOf":{"@id":"https:\/\/www.copealcoy.es\/es\/el-pp-pide-medidas-urgentes-para-frenar-los-botellones-en-el-parterre\/"},"author":{"name":"Cope Alcoy","@id":"https:\/\/www.copealcoy.es\/es\/#\/schema\/person\/e777c87fa024e57d40170af9df39882c"},"headline":"El PP pide medidas urgentes para frenar los botellones en El Parterre","datePublished":"2021-07-06T11:12:49+00:00","dateModified":"2021-07-06T11:21:35+00:00","mainEntityOfPage":{"@id":"https:\/\/www.copealcoy.es\/es\/el-pp-pide-medidas-urgentes-para-frenar-los-botellones-en-el-parterre\/"},"wordCount":273,"commentCount":0,"image":{"@id":"https:\/\/www.copealcoy.es\/es\/el-pp-pide-medidas-urgentes-para-frenar-los-botellones-en-el-parterre\/#primaryimage"},"thumbnailUrl":"https:\/\/www.copealcoy.es\/wp-content\/uploads\/2021\/07\/20210706_parterre_botellodromo-e1625569954773.jpeg","keywords":["El Parterre","frenar botellones","Medidas Urgentes","Partido Popular","Quico Cant\u00f3"],"articleSection":["Alcoy","Noticias","Pol\u00edtica y Econom\u00eda"],"inLanguage":"es"},{"@type":"WebPage","@id":"https:\/\/www.copealcoy.es\/es\/el-pp-pide-medidas-urgentes-para-frenar-los-botellones-en-el-parterre\/","url":"https:\/\/www.copealcoy.es\/es\/el-pp-pide-medidas-urgentes-para-frenar-los-botellones-en-el-parterre\/","name":"El PP pide medidas urgentes para frenar los botellones en El Parterre - COPE Alcoy","isPartOf":{"@id":"https:\/\/www.copealcoy.es\/es\/#website"},"primaryImageOfPage":{"@id":"https:\/\/www.copealcoy.es\/es\/el-pp-pide-medidas-urgentes-para-frenar-los-botellones-en-el-parterre\/#primaryimage"},"image":{"@id":"https:\/\/www.copealcoy.es\/es\/el-pp-pide-medidas-urgentes-para-frenar-los-botellones-en-el-parterre\/#primaryimage"},"thumbnailUrl":"https:\/\/www.copealcoy.es\/wp-content\/uploads\/2021\/07\/20210706_parterre_botellodromo-e1625569954773.jpeg","datePublished":"2021-07-06T11:12:49+00:00","dateModified":"2021-07-06T11:21:35+00:00","author":{"@id":"https:\/\/www.copealcoy.es\/es\/#\/schema\/person\/e777c87fa024e57d40170af9df39882c"},"breadcrumb":{"@id":"https:\/\/www.copealcoy.es\/es\/el-pp-pide-medidas-urgentes-para-frenar-los-botellones-en-el-parterre\/#breadcrumb"},"inLanguage":"es","potentialAction":[{"@type":"ReadAction","target":["https:\/\/www.copealcoy.es\/es\/el-pp-pide-medidas-urgentes-para-frenar-los-botellones-en-el-parterre\/"]}]},{"@type":"ImageObject","inLanguage":"es","@id":"https:\/\/www.copealcoy.es\/es\/el-pp-pide-medidas-urgentes-para-frenar-los-botellones-en-el-parterre\/#primaryimage","url":"https:\/\/www.copealcoy.es\/wp-content\/uploads\/2021\/07\/20210706_parterre_botellodromo-e1625569954773.jpeg","contentUrl":"https:\/\/www.copealcoy.es\/wp-content\/uploads\/2021\/07\/20210706_parterre_botellodromo-e1625569954773.jpeg","width":1200,"height":688},{"@type":"BreadcrumbList","@id":"https:\/\/www.copealcoy.es\/es\/el-pp-pide-medidas-urgentes-para-frenar-los-botellones-en-el-parterre\/#breadcrumb","itemListElement":[{"@type":"ListItem","position":1,"name":"Portada","item":"https:\/\/www.copealcoy.es\/es\/"},{"@type":"ListItem","position":2,"name":"El PP pide medidas urgentes para frenar los botellones en El Parterre"}]},{"@type":"WebSite","@id":"https:\/\/www.copealcoy.es\/es\/#website","url":"https:\/\/www.copealcoy.es\/es\/","name":"COPE Alcoy","description":"Emisora COPE de radio local con emisi\u00f3n online. Pont de Sant Jordi 8-10 03803 Alcoy","potentialAction":[{"@type":"SearchAction","target":{"@type":"EntryPoint","urlTemplate":"https:\/\/www.copealcoy.es\/es\/?s={search_term_string}"},"query-input":{"@type":"PropertyValueSpecification","valueRequired":true,"valueName":"search_term_string"}}],"inLanguage":"es"},{"@type":"Person","@id":"https:\/\/www.copealcoy.es\/es\/#\/schema\/person\/e777c87fa024e57d40170af9df39882c","name":"Cope Alcoy","image":{"@type":"ImageObject","inLanguage":"es","@id":"https:\/\/secure.gravatar.com\/avatar\/bb65d0283347e303893ba14f0692005417c1e0e690a325a4c5d8bb2b3943ee14?s=96&d=mm&r=g","url":"https:\/\/secure.gravatar.com\/avatar\/bb65d0283347e303893ba14f0692005417c1e0e690a325a4c5d8bb2b3943ee14?s=96&d=mm&r=g","contentUrl":"https:\/\/secure.gravatar.com\/avatar\/bb65d0283347e303893ba14f0692005417c1e0e690a325a4c5d8bb2b3943ee14?s=96&d=mm&r=g","caption":"Cope Alcoy"}}]}},"_links":{"self":[{"href":"https:\/\/www.copealcoy.es\/es\/wp-json\/wp\/v2\/posts\/75502","targetHints":{"allow":["GET"]}}],"collection":[{"href":"https:\/\/www.copealcoy.es\/es\/wp-json\/wp\/v2\/posts"}],"about":[{"href":"https:\/\/www.copealcoy.es\/es\/wp-json\/wp\/v2\/types\/post"}],"author":[{"embeddable":true,"href":"https:\/\/www.copealcoy.es\/es\/wp-json\/wp\/v2\/users\/1"}],"replies":[{"embeddable":true,"href":"https:\/\/www.copealcoy.es\/es\/wp-json\/wp\/v2\/comments?post=75502"}],"version-history":[{"count":0,"href":"https:\/\/www.copealcoy.es\/es\/wp-json\/wp\/v2\/posts\/75502\/revisions"}],"wp:featuredmedia":[{"embeddable":true,"href":"https:\/\/www.copealcoy.es\/es\/wp-json\/wp\/v2\/media\/75503"}],"wp:attachment":[{"href":"https:\/\/www.copealcoy.es\/es\/wp-json\/wp\/v2\/media?parent=75502"}],"wp:term":[{"taxonomy":"category","embeddable":true,"href":"https:\/\/www.copealcoy.es\/es\/wp-json\/wp\/v2\/categories?post=75502"},{"taxonomy":"post_tag","embeddable":true,"href":"https:\/\/www.copealcoy.es\/es\/wp-json\/wp\/v2\/tags?post=75502"}],"curies":[{"name":"wp","href":"https:\/\/api.w.org\/{rel}","templated":true}]}}