{"id":75376,"date":"2021-07-02T22:37:51","date_gmt":"2021-07-02T21:37:51","guid":{"rendered":"https:\/\/www.copealcoy.es\/?p=75376"},"modified":"2021-07-02T22:50:58","modified_gmt":"2021-07-02T21:50:58","slug":"ibi-contara-con-un-nuevo-parque-de-bomberos","status":"publish","type":"post","link":"https:\/\/www.copealcoy.es\/es\/ibi-contara-con-un-nuevo-parque-de-bomberos\/","title":{"rendered":"Ibi contar\u00e1 con un nuevo Parque de Bomberos"},"content":{"rendered":"<p style=\"text-align: justify;\">El Consorcio Provincial de Bomberos de la Diputaci\u00f3n de Alicante invertir\u00e1 este a\u00f1o\u00a0<strong>4.105.000 euros<\/strong>\u00a0en la\u00a0<strong>construcci\u00f3n de los parques auxiliares de Ibi y Villena<\/strong>. El Consejo de Gobierno del ente provincial ha aprobado esta semana <strong>la modificaci\u00f3n de cr\u00e9dito<\/strong> que permitir\u00e1 dotar de fondos estos proyectos con los que la instituci\u00f3n alicantina pretende mejorar las instalaciones existentes en ambas localidades.<\/p>\n<p style=\"text-align: justify;\">El nuevo\u00a0<strong>parque de Ibi<\/strong>, a cuya obra se destinar\u00e1n\u00a0<strong>1.972.655 euros<\/strong>, se ubicar\u00e1 en los\u00a0<strong>terrenos anexos al actual<\/strong>, junto al polideportivo, con una superficie de unos 3.000 metros cuadrados. Esta semana \u00a0se ha aprobado tambi\u00e9n la cesi\u00f3n por parte del Ayuntamiento de esta parcela que, dada su ubicaci\u00f3n estrat\u00e9gica, <strong>mejorar\u00e1 la conectividad y el tiempo de respuesta ante las emergencias <\/strong>&#8220;<em>estas nuevas construcciones permitir\u00e1n una mejora integral de las instalaciones, adapt\u00e1ndolas a las nuevas necesidades del servicio y dot\u00e1ndolas de medios m\u00e1s modernos, eficaces y mayores prestaciones para su uso por los efectivos del Consorcio de Bomberos de Alicante<\/em>&#8220;, indicaba el Diputado de Emergencias; <strong>Javier Sendra<\/strong>.<\/p>\n<p style=\"text-align: justify;\">Indicar que la Diputaci\u00f3n de Alicante ha incrementado\u00a0<strong>la aportaci\u00f3n al Consorcio Provincial de Bomberos<\/strong>\u00a0hasta los 29,8 millones de euros.<\/p>\n","protected":false},"excerpt":{"rendered":"<p>El Consorcio Provincial de Bomberos de la Diputaci\u00f3n de Alicante invertir\u00e1 este a\u00f1o\u00a04.105.000 euros\u00a0en la\u00a0construcci\u00f3n de los parques auxiliares de&#8230;<\/p>\n","protected":false},"author":1,"featured_media":75377,"comment_status":"open","ping_status":"open","sticky":false,"template":"","format":"standard","meta":{"footnotes":""},"categories":[98,75],"tags":[615,1806,474,11498,2815],"class_list":["post-75376","post","type-post","status-publish","format-standard","has-post-thumbnail","hentry","category-comarcas","category-noticias","tag-bomberos","tag-consorcio","tag-ibi","tag-nuevo-parque","tag-provincia-de-alicante"],"yoast_head":"<!-- This site is optimized with the Yoast SEO plugin v27.3 - https:\/\/yoast.com\/product\/yoast-seo-wordpress\/ -->\n<title>Ibi contar\u00e1 con un nuevo Parque de Bomberos - COPE Alcoy<\/title>\n<meta name=\"robots\" content=\"index, follow, max-snippet:-1, max-image-preview:large, max-video-preview:-1\" \/>\n<link rel=\"canonical\" href=\"https:\/\/www.copealcoy.es\/es\/ibi-contara-con-un-nuevo-parque-de-bomberos\/\" \/>\n<meta property=\"og:locale\" content=\"es_ES\" \/>\n<meta property=\"og:type\" content=\"article\" \/>\n<meta property=\"og:title\" content=\"Ibi contar\u00e1 con un nuevo Parque de Bomberos - COPE Alcoy\" \/>\n<meta property=\"og:description\" content=\"El Consorcio Provincial de Bomberos de la Diputaci\u00f3n de Alicante invertir\u00e1 este a\u00f1o\u00a04.105.000 euros\u00a0en la\u00a0construcci\u00f3n de los parques auxiliares de...\" \/>\n<meta property=\"og:url\" content=\"https:\/\/www.copealcoy.es\/es\/ibi-contara-con-un-nuevo-parque-de-bomberos\/\" \/>\n<meta property=\"og:site_name\" content=\"COPE Alcoy\" \/>\n<meta property=\"article:published_time\" content=\"2021-07-02T21:37:51+00:00\" \/>\n<meta property=\"article:modified_time\" content=\"2021-07-02T21:50:58+00:00\" \/>\n<meta property=\"og:image\" content=\"https:\/\/www.copealcoy.es\/wp-content\/uploads\/2021\/07\/062921-consorcio-bomberos-2-1280x853-1.jpg\" \/>\n\t<meta property=\"og:image:width\" content=\"1280\" \/>\n\t<meta property=\"og:image:height\" content=\"853\" \/>\n\t<meta property=\"og:image:type\" content=\"image\/jpeg\" \/>\n<meta name=\"author\" content=\"Cope Alcoy\" \/>\n<meta name=\"twitter:label1\" content=\"Escrito por\" \/>\n\t<meta name=\"twitter:data1\" content=\"Cope Alcoy\" \/>\n\t<meta name=\"twitter:label2\" content=\"Tiempo de lectura\" \/>\n\t<meta name=\"twitter:data2\" content=\"1 minuto\" \/>\n<script type=\"application\/ld+json\" class=\"yoast-schema-graph\">{\"@context\":\"https:\\\/\\\/schema.org\",\"@graph\":[{\"@type\":\"Article\",\"@id\":\"https:\\\/\\\/www.copealcoy.es\\\/es\\\/ibi-contara-con-un-nuevo-parque-de-bomberos\\\/#article\",\"isPartOf\":{\"@id\":\"https:\\\/\\\/www.copealcoy.es\\\/es\\\/ibi-contara-con-un-nuevo-parque-de-bomberos\\\/\"},\"author\":{\"name\":\"Cope Alcoy\",\"@id\":\"https:\\\/\\\/www.copealcoy.es\\\/es\\\/#\\\/schema\\\/person\\\/e777c87fa024e57d40170af9df39882c\"},\"headline\":\"Ibi contar\u00e1 con un nuevo Parque de Bomberos\",\"datePublished\":\"2021-07-02T21:37:51+00:00\",\"dateModified\":\"2021-07-02T21:50:58+00:00\",\"mainEntityOfPage\":{\"@id\":\"https:\\\/\\\/www.copealcoy.es\\\/es\\\/ibi-contara-con-un-nuevo-parque-de-bomberos\\\/\"},\"wordCount\":212,\"commentCount\":0,\"image\":{\"@id\":\"https:\\\/\\\/www.copealcoy.es\\\/es\\\/ibi-contara-con-un-nuevo-parque-de-bomberos\\\/#primaryimage\"},\"thumbnailUrl\":\"https:\\\/\\\/www.copealcoy.es\\\/wp-content\\\/uploads\\\/2021\\\/07\\\/062921-consorcio-bomberos-2-1280x853-1.jpg\",\"keywords\":[\"Bomberos\",\"Consorcio\",\"Ibi\",\"nuevo parque\",\"provincia de Alicante\"],\"articleSection\":[\"Comarcas\",\"Noticias\"],\"inLanguage\":\"es\"},{\"@type\":\"WebPage\",\"@id\":\"https:\\\/\\\/www.copealcoy.es\\\/es\\\/ibi-contara-con-un-nuevo-parque-de-bomberos\\\/\",\"url\":\"https:\\\/\\\/www.copealcoy.es\\\/es\\\/ibi-contara-con-un-nuevo-parque-de-bomberos\\\/\",\"name\":\"Ibi contar\u00e1 con un nuevo Parque de Bomberos - COPE Alcoy\",\"isPartOf\":{\"@id\":\"https:\\\/\\\/www.copealcoy.es\\\/es\\\/#website\"},\"primaryImageOfPage\":{\"@id\":\"https:\\\/\\\/www.copealcoy.es\\\/es\\\/ibi-contara-con-un-nuevo-parque-de-bomberos\\\/#primaryimage\"},\"image\":{\"@id\":\"https:\\\/\\\/www.copealcoy.es\\\/es\\\/ibi-contara-con-un-nuevo-parque-de-bomberos\\\/#primaryimage\"},\"thumbnailUrl\":\"https:\\\/\\\/www.copealcoy.es\\\/wp-content\\\/uploads\\\/2021\\\/07\\\/062921-consorcio-bomberos-2-1280x853-1.jpg\",\"datePublished\":\"2021-07-02T21:37:51+00:00\",\"dateModified\":\"2021-07-02T21:50:58+00:00\",\"author\":{\"@id\":\"https:\\\/\\\/www.copealcoy.es\\\/es\\\/#\\\/schema\\\/person\\\/e777c87fa024e57d40170af9df39882c\"},\"breadcrumb\":{\"@id\":\"https:\\\/\\\/www.copealcoy.es\\\/es\\\/ibi-contara-con-un-nuevo-parque-de-bomberos\\\/#breadcrumb\"},\"inLanguage\":\"es\",\"potentialAction\":[{\"@type\":\"ReadAction\",\"target\":[\"https:\\\/\\\/www.copealcoy.es\\\/es\\\/ibi-contara-con-un-nuevo-parque-de-bomberos\\\/\"]}]},{\"@type\":\"ImageObject\",\"inLanguage\":\"es\",\"@id\":\"https:\\\/\\\/www.copealcoy.es\\\/es\\\/ibi-contara-con-un-nuevo-parque-de-bomberos\\\/#primaryimage\",\"url\":\"https:\\\/\\\/www.copealcoy.es\\\/wp-content\\\/uploads\\\/2021\\\/07\\\/062921-consorcio-bomberos-2-1280x853-1.jpg\",\"contentUrl\":\"https:\\\/\\\/www.copealcoy.es\\\/wp-content\\\/uploads\\\/2021\\\/07\\\/062921-consorcio-bomberos-2-1280x853-1.jpg\",\"width\":1280,\"height\":853},{\"@type\":\"BreadcrumbList\",\"@id\":\"https:\\\/\\\/www.copealcoy.es\\\/es\\\/ibi-contara-con-un-nuevo-parque-de-bomberos\\\/#breadcrumb\",\"itemListElement\":[{\"@type\":\"ListItem\",\"position\":1,\"name\":\"Portada\",\"item\":\"https:\\\/\\\/www.copealcoy.es\\\/es\\\/\"},{\"@type\":\"ListItem\",\"position\":2,\"name\":\"Ibi contar\u00e1 con un nuevo Parque de Bomberos\"}]},{\"@type\":\"WebSite\",\"@id\":\"https:\\\/\\\/www.copealcoy.es\\\/es\\\/#website\",\"url\":\"https:\\\/\\\/www.copealcoy.es\\\/es\\\/\",\"name\":\"COPE Alcoy\",\"description\":\"Emisora COPE de radio local con emisi\u00f3n online. Pont de Sant Jordi 8-10 03803 Alcoy\",\"potentialAction\":[{\"@type\":\"SearchAction\",\"target\":{\"@type\":\"EntryPoint\",\"urlTemplate\":\"https:\\\/\\\/www.copealcoy.es\\\/es\\\/?s={search_term_string}\"},\"query-input\":{\"@type\":\"PropertyValueSpecification\",\"valueRequired\":true,\"valueName\":\"search_term_string\"}}],\"inLanguage\":\"es\"},{\"@type\":\"Person\",\"@id\":\"https:\\\/\\\/www.copealcoy.es\\\/es\\\/#\\\/schema\\\/person\\\/e777c87fa024e57d40170af9df39882c\",\"name\":\"Cope Alcoy\",\"image\":{\"@type\":\"ImageObject\",\"inLanguage\":\"es\",\"@id\":\"https:\\\/\\\/secure.gravatar.com\\\/avatar\\\/bb65d0283347e303893ba14f0692005417c1e0e690a325a4c5d8bb2b3943ee14?s=96&d=mm&r=g\",\"url\":\"https:\\\/\\\/secure.gravatar.com\\\/avatar\\\/bb65d0283347e303893ba14f0692005417c1e0e690a325a4c5d8bb2b3943ee14?s=96&d=mm&r=g\",\"contentUrl\":\"https:\\\/\\\/secure.gravatar.com\\\/avatar\\\/bb65d0283347e303893ba14f0692005417c1e0e690a325a4c5d8bb2b3943ee14?s=96&d=mm&r=g\",\"caption\":\"Cope Alcoy\"}}]}<\/script>\n<!-- \/ Yoast SEO plugin. -->","yoast_head_json":{"title":"Ibi contar\u00e1 con un nuevo Parque de Bomberos - COPE Alcoy","robots":{"index":"index","follow":"follow","max-snippet":"max-snippet:-1","max-image-preview":"max-image-preview:large","max-video-preview":"max-video-preview:-1"},"canonical":"https:\/\/www.copealcoy.es\/es\/ibi-contara-con-un-nuevo-parque-de-bomberos\/","og_locale":"es_ES","og_type":"article","og_title":"Ibi contar\u00e1 con un nuevo Parque de Bomberos - COPE Alcoy","og_description":"El Consorcio Provincial de Bomberos de la Diputaci\u00f3n de Alicante invertir\u00e1 este a\u00f1o\u00a04.105.000 euros\u00a0en la\u00a0construcci\u00f3n de los parques auxiliares de...","og_url":"https:\/\/www.copealcoy.es\/es\/ibi-contara-con-un-nuevo-parque-de-bomberos\/","og_site_name":"COPE Alcoy","article_published_time":"2021-07-02T21:37:51+00:00","article_modified_time":"2021-07-02T21:50:58+00:00","og_image":[{"width":1280,"height":853,"url":"https:\/\/www.copealcoy.es\/wp-content\/uploads\/2021\/07\/062921-consorcio-bomberos-2-1280x853-1.jpg","type":"image\/jpeg"}],"author":"Cope Alcoy","twitter_misc":{"Escrito por":"Cope Alcoy","Tiempo de lectura":"1 minuto"},"schema":{"@context":"https:\/\/schema.org","@graph":[{"@type":"Article","@id":"https:\/\/www.copealcoy.es\/es\/ibi-contara-con-un-nuevo-parque-de-bomberos\/#article","isPartOf":{"@id":"https:\/\/www.copealcoy.es\/es\/ibi-contara-con-un-nuevo-parque-de-bomberos\/"},"author":{"name":"Cope Alcoy","@id":"https:\/\/www.copealcoy.es\/es\/#\/schema\/person\/e777c87fa024e57d40170af9df39882c"},"headline":"Ibi contar\u00e1 con un nuevo Parque de Bomberos","datePublished":"2021-07-02T21:37:51+00:00","dateModified":"2021-07-02T21:50:58+00:00","mainEntityOfPage":{"@id":"https:\/\/www.copealcoy.es\/es\/ibi-contara-con-un-nuevo-parque-de-bomberos\/"},"wordCount":212,"commentCount":0,"image":{"@id":"https:\/\/www.copealcoy.es\/es\/ibi-contara-con-un-nuevo-parque-de-bomberos\/#primaryimage"},"thumbnailUrl":"https:\/\/www.copealcoy.es\/wp-content\/uploads\/2021\/07\/062921-consorcio-bomberos-2-1280x853-1.jpg","keywords":["Bomberos","Consorcio","Ibi","nuevo parque","provincia de Alicante"],"articleSection":["Comarcas","Noticias"],"inLanguage":"es"},{"@type":"WebPage","@id":"https:\/\/www.copealcoy.es\/es\/ibi-contara-con-un-nuevo-parque-de-bomberos\/","url":"https:\/\/www.copealcoy.es\/es\/ibi-contara-con-un-nuevo-parque-de-bomberos\/","name":"Ibi contar\u00e1 con un nuevo Parque de Bomberos - COPE Alcoy","isPartOf":{"@id":"https:\/\/www.copealcoy.es\/es\/#website"},"primaryImageOfPage":{"@id":"https:\/\/www.copealcoy.es\/es\/ibi-contara-con-un-nuevo-parque-de-bomberos\/#primaryimage"},"image":{"@id":"https:\/\/www.copealcoy.es\/es\/ibi-contara-con-un-nuevo-parque-de-bomberos\/#primaryimage"},"thumbnailUrl":"https:\/\/www.copealcoy.es\/wp-content\/uploads\/2021\/07\/062921-consorcio-bomberos-2-1280x853-1.jpg","datePublished":"2021-07-02T21:37:51+00:00","dateModified":"2021-07-02T21:50:58+00:00","author":{"@id":"https:\/\/www.copealcoy.es\/es\/#\/schema\/person\/e777c87fa024e57d40170af9df39882c"},"breadcrumb":{"@id":"https:\/\/www.copealcoy.es\/es\/ibi-contara-con-un-nuevo-parque-de-bomberos\/#breadcrumb"},"inLanguage":"es","potentialAction":[{"@type":"ReadAction","target":["https:\/\/www.copealcoy.es\/es\/ibi-contara-con-un-nuevo-parque-de-bomberos\/"]}]},{"@type":"ImageObject","inLanguage":"es","@id":"https:\/\/www.copealcoy.es\/es\/ibi-contara-con-un-nuevo-parque-de-bomberos\/#primaryimage","url":"https:\/\/www.copealcoy.es\/wp-content\/uploads\/2021\/07\/062921-consorcio-bomberos-2-1280x853-1.jpg","contentUrl":"https:\/\/www.copealcoy.es\/wp-content\/uploads\/2021\/07\/062921-consorcio-bomberos-2-1280x853-1.jpg","width":1280,"height":853},{"@type":"BreadcrumbList","@id":"https:\/\/www.copealcoy.es\/es\/ibi-contara-con-un-nuevo-parque-de-bomberos\/#breadcrumb","itemListElement":[{"@type":"ListItem","position":1,"name":"Portada","item":"https:\/\/www.copealcoy.es\/es\/"},{"@type":"ListItem","position":2,"name":"Ibi contar\u00e1 con un nuevo Parque de Bomberos"}]},{"@type":"WebSite","@id":"https:\/\/www.copealcoy.es\/es\/#website","url":"https:\/\/www.copealcoy.es\/es\/","name":"COPE Alcoy","description":"Emisora COPE de radio local con emisi\u00f3n online. Pont de Sant Jordi 8-10 03803 Alcoy","potentialAction":[{"@type":"SearchAction","target":{"@type":"EntryPoint","urlTemplate":"https:\/\/www.copealcoy.es\/es\/?s={search_term_string}"},"query-input":{"@type":"PropertyValueSpecification","valueRequired":true,"valueName":"search_term_string"}}],"inLanguage":"es"},{"@type":"Person","@id":"https:\/\/www.copealcoy.es\/es\/#\/schema\/person\/e777c87fa024e57d40170af9df39882c","name":"Cope Alcoy","image":{"@type":"ImageObject","inLanguage":"es","@id":"https:\/\/secure.gravatar.com\/avatar\/bb65d0283347e303893ba14f0692005417c1e0e690a325a4c5d8bb2b3943ee14?s=96&d=mm&r=g","url":"https:\/\/secure.gravatar.com\/avatar\/bb65d0283347e303893ba14f0692005417c1e0e690a325a4c5d8bb2b3943ee14?s=96&d=mm&r=g","contentUrl":"https:\/\/secure.gravatar.com\/avatar\/bb65d0283347e303893ba14f0692005417c1e0e690a325a4c5d8bb2b3943ee14?s=96&d=mm&r=g","caption":"Cope Alcoy"}}]}},"_links":{"self":[{"href":"https:\/\/www.copealcoy.es\/es\/wp-json\/wp\/v2\/posts\/75376","targetHints":{"allow":["GET"]}}],"collection":[{"href":"https:\/\/www.copealcoy.es\/es\/wp-json\/wp\/v2\/posts"}],"about":[{"href":"https:\/\/www.copealcoy.es\/es\/wp-json\/wp\/v2\/types\/post"}],"author":[{"embeddable":true,"href":"https:\/\/www.copealcoy.es\/es\/wp-json\/wp\/v2\/users\/1"}],"replies":[{"embeddable":true,"href":"https:\/\/www.copealcoy.es\/es\/wp-json\/wp\/v2\/comments?post=75376"}],"version-history":[{"count":0,"href":"https:\/\/www.copealcoy.es\/es\/wp-json\/wp\/v2\/posts\/75376\/revisions"}],"wp:featuredmedia":[{"embeddable":true,"href":"https:\/\/www.copealcoy.es\/es\/wp-json\/wp\/v2\/media\/75377"}],"wp:attachment":[{"href":"https:\/\/www.copealcoy.es\/es\/wp-json\/wp\/v2\/media?parent=75376"}],"wp:term":[{"taxonomy":"category","embeddable":true,"href":"https:\/\/www.copealcoy.es\/es\/wp-json\/wp\/v2\/categories?post=75376"},{"taxonomy":"post_tag","embeddable":true,"href":"https:\/\/www.copealcoy.es\/es\/wp-json\/wp\/v2\/tags?post=75376"}],"curies":[{"name":"wp","href":"https:\/\/api.w.org\/{rel}","templated":true}]}}