{"id":75364,"date":"2021-07-02T22:03:03","date_gmt":"2021-07-02T21:03:03","guid":{"rendered":"https:\/\/www.copealcoy.es\/?p=75364"},"modified":"2021-07-02T22:57:09","modified_gmt":"2021-07-02T21:57:09","slug":"la-incidencia-del-virus-entre-los-jovenes-situan-a-la-comunitat-valenciana-en-riesgo-extremo","status":"publish","type":"post","link":"https:\/\/www.copealcoy.es\/es\/la-incidencia-del-virus-entre-los-jovenes-situan-a-la-comunitat-valenciana-en-riesgo-extremo\/","title":{"rendered":"La incidencia del virus entre los j\u00f3venes sit\u00faan a la Comunitat Valenciana en riesgo extremo"},"content":{"rendered":"<p style=\"text-align: justify;\">La<strong> incidencia acumulada <\/strong>en la Comunitat Valenciana<strong> sigue en aumento diario <\/strong>hasta alcanzar este viernes<strong> los 141,06<\/strong><strong>casos por 100.000 habitantes, 20 puntos m\u00e1s que ayer<\/strong>, y se acerca a la barrera de <strong>riesgo alto<\/strong>, fijada a partir de 150 casos.<\/p>\n<p style=\"text-align: justify;\">De este modo,\u00a0<strong>es ya la quinta comunidad con m\u00e1s incidencia\u00a0<\/strong>&#8211;solo por detr\u00e1s de Catalu\u00f1a, Cantabria, Andaluc\u00eda y Castilla y Le\u00f3n&#8211; aunque sigue por debajo de la media nacional, situada en 152,82 casos, seg\u00fan los datos del Ministerio de Sanidad.<\/p>\n<p style=\"text-align: justify;\">Adem\u00e1s,\u00a0<strong>la presi\u00f3n hospitalaria tambi\u00e9n sigue en aumento.<\/strong> As\u00ed, el n\u00famero de pacientes de Coronavirus hospitalizados en planta <strong>ha subido hasta los 181, 32 m\u00e1s que ayer<\/strong>, lo que implica que un 1,62% por ciento de las camas est\u00e1n ocupadas por pacientes Covid-19. Tambi\u00e9n a<strong>umentan los enfermos ingresados en las unidades de cr\u00edticos<\/strong>, hasta las 19 personas, cinco m\u00e1s que ayer, el 2,23% de los recursos ocupados.<\/p>\n<p style=\"text-align: justify;\">En <strong>las \u00faltimas 24 horas<\/strong> se han registrado 57 ingresos por Coronavirus y 16 altas. Por \u00faltimo, la tasa de positividad sube hasta el 7,21%, frente al 6,52% de ayer y se sit\u00faa por encima de la media nacional (5,87%).<\/p>\n<p style=\"text-align: justify;\"><span style=\"color: #0000ff;\"><strong>Edades<\/strong><\/span><\/p>\n<p style=\"text-align: justify;\">Por edades,<strong> el grupo de edad entre 20 y 29 a\u00f1os es el que m\u00e1s incidencia registra,\u00a0<\/strong>con 449,12 casos, 78 m\u00e1s que ayer; seguido del de 12 a 19, con 348,15, 52 m\u00e1s que este jueves.<\/p>\n<p style=\"text-align: justify;\">Entre<strong> 30 y 39<\/strong>, la incidencia se sit\u00faa en 158,15; entre <strong>40 y 49<\/strong>, en 112,50; entre <strong>los menores de 11 a\u00f1os<\/strong>, en 76,46; <strong>entre 50 y 59<\/strong>, en 63,93; <strong>entre 60 y 69<\/strong>, en 43,39; <strong>entre los mayores de 80<\/strong>, en 28,57, y <strong>entre 70 y 79<\/strong>, en 23,52.<\/p>\n<p style=\"text-align: justify;\">Por tanto <strong>se\u00a0mantiene la tendencia ascendente en los contagios que hoy vuelven a superar el millar<\/strong> y que incluso la portavoz del Consell, M\u00f3nica Oltra ha avisado hoy que <strong>si hay presi\u00f3n hospitalaria<\/strong> el Gobierno podr\u00eda implantar de nuevo <strong>restricciones m\u00e1s severas<\/strong>.<\/p>\n","protected":false},"excerpt":{"rendered":"<p>La incidencia acumulada en la Comunitat Valenciana sigue en aumento diario hasta alcanzar este viernes los 141,06casos por 100.000 habitantes,&#8230;<\/p>\n","protected":false},"author":1,"featured_media":75365,"comment_status":"open","ping_status":"open","sticky":false,"template":"","format":"standard","meta":{"footnotes":""},"categories":[6909,98,75],"tags":[1768,7401,7281,11495,5114],"class_list":["post-75364","post","type-post","status-publish","format-standard","has-post-thumbnail","hentry","category-actualidad","category-comarcas","category-noticias","tag-comunitat-valenciana","tag-contagios","tag-coronavirus","tag-gente-joven","tag-incremento"],"yoast_head":"<!-- This site is optimized with the Yoast SEO plugin v27.3 - https:\/\/yoast.com\/product\/yoast-seo-wordpress\/ -->\n<title>La incidencia del virus entre los j\u00f3venes sit\u00faan a la Comunitat Valenciana en riesgo extremo - COPE Alcoy<\/title>\n<meta name=\"robots\" content=\"index, follow, max-snippet:-1, max-image-preview:large, max-video-preview:-1\" \/>\n<link rel=\"canonical\" href=\"https:\/\/www.copealcoy.es\/es\/la-incidencia-del-virus-entre-los-jovenes-situan-a-la-comunitat-valenciana-en-riesgo-extremo\/\" \/>\n<meta property=\"og:locale\" content=\"es_ES\" \/>\n<meta property=\"og:type\" content=\"article\" \/>\n<meta property=\"og:title\" content=\"La incidencia del virus entre los j\u00f3venes sit\u00faan a la Comunitat Valenciana en riesgo extremo - COPE Alcoy\" \/>\n<meta property=\"og:description\" content=\"La incidencia acumulada en la Comunitat Valenciana sigue en aumento diario hasta alcanzar este viernes los 141,06casos por 100.000 habitantes,...\" \/>\n<meta property=\"og:url\" content=\"https:\/\/www.copealcoy.es\/es\/la-incidencia-del-virus-entre-los-jovenes-situan-a-la-comunitat-valenciana-en-riesgo-extremo\/\" \/>\n<meta property=\"og:site_name\" content=\"COPE Alcoy\" \/>\n<meta property=\"article:published_time\" content=\"2021-07-02T21:03:03+00:00\" \/>\n<meta property=\"article:modified_time\" content=\"2021-07-02T21:57:09+00:00\" \/>\n<meta property=\"og:image\" content=\"https:\/\/www.copealcoy.es\/wp-content\/uploads\/2021\/07\/1625252169378.jpg\" \/>\n\t<meta property=\"og:image:width\" content=\"976\" \/>\n\t<meta property=\"og:image:height\" content=\"549\" \/>\n\t<meta property=\"og:image:type\" content=\"image\/jpeg\" \/>\n<meta name=\"author\" content=\"Cope Alcoy\" \/>\n<meta name=\"twitter:label1\" content=\"Escrito por\" \/>\n\t<meta name=\"twitter:data1\" content=\"Cope Alcoy\" \/>\n\t<meta name=\"twitter:label2\" content=\"Tiempo de lectura\" \/>\n\t<meta name=\"twitter:data2\" content=\"2 minutos\" \/>\n<script type=\"application\/ld+json\" class=\"yoast-schema-graph\">{\"@context\":\"https:\\\/\\\/schema.org\",\"@graph\":[{\"@type\":\"Article\",\"@id\":\"https:\\\/\\\/www.copealcoy.es\\\/es\\\/la-incidencia-del-virus-entre-los-jovenes-situan-a-la-comunitat-valenciana-en-riesgo-extremo\\\/#article\",\"isPartOf\":{\"@id\":\"https:\\\/\\\/www.copealcoy.es\\\/es\\\/la-incidencia-del-virus-entre-los-jovenes-situan-a-la-comunitat-valenciana-en-riesgo-extremo\\\/\"},\"author\":{\"name\":\"Cope Alcoy\",\"@id\":\"https:\\\/\\\/www.copealcoy.es\\\/es\\\/#\\\/schema\\\/person\\\/e777c87fa024e57d40170af9df39882c\"},\"headline\":\"La incidencia del virus entre los j\u00f3venes sit\u00faan a la Comunitat Valenciana en riesgo extremo\",\"datePublished\":\"2021-07-02T21:03:03+00:00\",\"dateModified\":\"2021-07-02T21:57:09+00:00\",\"mainEntityOfPage\":{\"@id\":\"https:\\\/\\\/www.copealcoy.es\\\/es\\\/la-incidencia-del-virus-entre-los-jovenes-situan-a-la-comunitat-valenciana-en-riesgo-extremo\\\/\"},\"wordCount\":321,\"commentCount\":0,\"image\":{\"@id\":\"https:\\\/\\\/www.copealcoy.es\\\/es\\\/la-incidencia-del-virus-entre-los-jovenes-situan-a-la-comunitat-valenciana-en-riesgo-extremo\\\/#primaryimage\"},\"thumbnailUrl\":\"https:\\\/\\\/www.copealcoy.es\\\/wp-content\\\/uploads\\\/2021\\\/07\\\/1625252169378.jpg\",\"keywords\":[\"Comunitat Valenciana\",\"contagios\",\"Coronavirus\",\"gente joven\",\"incremento\"],\"articleSection\":[\"Actualidad\",\"Comarcas\",\"Noticias\"],\"inLanguage\":\"es\"},{\"@type\":\"WebPage\",\"@id\":\"https:\\\/\\\/www.copealcoy.es\\\/es\\\/la-incidencia-del-virus-entre-los-jovenes-situan-a-la-comunitat-valenciana-en-riesgo-extremo\\\/\",\"url\":\"https:\\\/\\\/www.copealcoy.es\\\/es\\\/la-incidencia-del-virus-entre-los-jovenes-situan-a-la-comunitat-valenciana-en-riesgo-extremo\\\/\",\"name\":\"La incidencia del virus entre los j\u00f3venes sit\u00faan a la Comunitat Valenciana en riesgo extremo - COPE Alcoy\",\"isPartOf\":{\"@id\":\"https:\\\/\\\/www.copealcoy.es\\\/es\\\/#website\"},\"primaryImageOfPage\":{\"@id\":\"https:\\\/\\\/www.copealcoy.es\\\/es\\\/la-incidencia-del-virus-entre-los-jovenes-situan-a-la-comunitat-valenciana-en-riesgo-extremo\\\/#primaryimage\"},\"image\":{\"@id\":\"https:\\\/\\\/www.copealcoy.es\\\/es\\\/la-incidencia-del-virus-entre-los-jovenes-situan-a-la-comunitat-valenciana-en-riesgo-extremo\\\/#primaryimage\"},\"thumbnailUrl\":\"https:\\\/\\\/www.copealcoy.es\\\/wp-content\\\/uploads\\\/2021\\\/07\\\/1625252169378.jpg\",\"datePublished\":\"2021-07-02T21:03:03+00:00\",\"dateModified\":\"2021-07-02T21:57:09+00:00\",\"author\":{\"@id\":\"https:\\\/\\\/www.copealcoy.es\\\/es\\\/#\\\/schema\\\/person\\\/e777c87fa024e57d40170af9df39882c\"},\"breadcrumb\":{\"@id\":\"https:\\\/\\\/www.copealcoy.es\\\/es\\\/la-incidencia-del-virus-entre-los-jovenes-situan-a-la-comunitat-valenciana-en-riesgo-extremo\\\/#breadcrumb\"},\"inLanguage\":\"es\",\"potentialAction\":[{\"@type\":\"ReadAction\",\"target\":[\"https:\\\/\\\/www.copealcoy.es\\\/es\\\/la-incidencia-del-virus-entre-los-jovenes-situan-a-la-comunitat-valenciana-en-riesgo-extremo\\\/\"]}]},{\"@type\":\"ImageObject\",\"inLanguage\":\"es\",\"@id\":\"https:\\\/\\\/www.copealcoy.es\\\/es\\\/la-incidencia-del-virus-entre-los-jovenes-situan-a-la-comunitat-valenciana-en-riesgo-extremo\\\/#primaryimage\",\"url\":\"https:\\\/\\\/www.copealcoy.es\\\/wp-content\\\/uploads\\\/2021\\\/07\\\/1625252169378.jpg\",\"contentUrl\":\"https:\\\/\\\/www.copealcoy.es\\\/wp-content\\\/uploads\\\/2021\\\/07\\\/1625252169378.jpg\",\"width\":976,\"height\":549},{\"@type\":\"BreadcrumbList\",\"@id\":\"https:\\\/\\\/www.copealcoy.es\\\/es\\\/la-incidencia-del-virus-entre-los-jovenes-situan-a-la-comunitat-valenciana-en-riesgo-extremo\\\/#breadcrumb\",\"itemListElement\":[{\"@type\":\"ListItem\",\"position\":1,\"name\":\"Portada\",\"item\":\"https:\\\/\\\/www.copealcoy.es\\\/es\\\/\"},{\"@type\":\"ListItem\",\"position\":2,\"name\":\"La incidencia del virus entre los j\u00f3venes sit\u00faan a la Comunitat Valenciana en riesgo extremo\"}]},{\"@type\":\"WebSite\",\"@id\":\"https:\\\/\\\/www.copealcoy.es\\\/es\\\/#website\",\"url\":\"https:\\\/\\\/www.copealcoy.es\\\/es\\\/\",\"name\":\"COPE Alcoy\",\"description\":\"Emisora COPE de radio local con emisi\u00f3n online. Pont de Sant Jordi 8-10 03803 Alcoy\",\"potentialAction\":[{\"@type\":\"SearchAction\",\"target\":{\"@type\":\"EntryPoint\",\"urlTemplate\":\"https:\\\/\\\/www.copealcoy.es\\\/es\\\/?s={search_term_string}\"},\"query-input\":{\"@type\":\"PropertyValueSpecification\",\"valueRequired\":true,\"valueName\":\"search_term_string\"}}],\"inLanguage\":\"es\"},{\"@type\":\"Person\",\"@id\":\"https:\\\/\\\/www.copealcoy.es\\\/es\\\/#\\\/schema\\\/person\\\/e777c87fa024e57d40170af9df39882c\",\"name\":\"Cope Alcoy\",\"image\":{\"@type\":\"ImageObject\",\"inLanguage\":\"es\",\"@id\":\"https:\\\/\\\/secure.gravatar.com\\\/avatar\\\/bb65d0283347e303893ba14f0692005417c1e0e690a325a4c5d8bb2b3943ee14?s=96&d=mm&r=g\",\"url\":\"https:\\\/\\\/secure.gravatar.com\\\/avatar\\\/bb65d0283347e303893ba14f0692005417c1e0e690a325a4c5d8bb2b3943ee14?s=96&d=mm&r=g\",\"contentUrl\":\"https:\\\/\\\/secure.gravatar.com\\\/avatar\\\/bb65d0283347e303893ba14f0692005417c1e0e690a325a4c5d8bb2b3943ee14?s=96&d=mm&r=g\",\"caption\":\"Cope Alcoy\"}}]}<\/script>\n<!-- \/ Yoast SEO plugin. -->","yoast_head_json":{"title":"La incidencia del virus entre los j\u00f3venes sit\u00faan a la Comunitat Valenciana en riesgo extremo - COPE Alcoy","robots":{"index":"index","follow":"follow","max-snippet":"max-snippet:-1","max-image-preview":"max-image-preview:large","max-video-preview":"max-video-preview:-1"},"canonical":"https:\/\/www.copealcoy.es\/es\/la-incidencia-del-virus-entre-los-jovenes-situan-a-la-comunitat-valenciana-en-riesgo-extremo\/","og_locale":"es_ES","og_type":"article","og_title":"La incidencia del virus entre los j\u00f3venes sit\u00faan a la Comunitat Valenciana en riesgo extremo - COPE Alcoy","og_description":"La incidencia acumulada en la Comunitat Valenciana sigue en aumento diario hasta alcanzar este viernes los 141,06casos por 100.000 habitantes,...","og_url":"https:\/\/www.copealcoy.es\/es\/la-incidencia-del-virus-entre-los-jovenes-situan-a-la-comunitat-valenciana-en-riesgo-extremo\/","og_site_name":"COPE Alcoy","article_published_time":"2021-07-02T21:03:03+00:00","article_modified_time":"2021-07-02T21:57:09+00:00","og_image":[{"width":976,"height":549,"url":"https:\/\/www.copealcoy.es\/wp-content\/uploads\/2021\/07\/1625252169378.jpg","type":"image\/jpeg"}],"author":"Cope Alcoy","twitter_misc":{"Escrito por":"Cope Alcoy","Tiempo de lectura":"2 minutos"},"schema":{"@context":"https:\/\/schema.org","@graph":[{"@type":"Article","@id":"https:\/\/www.copealcoy.es\/es\/la-incidencia-del-virus-entre-los-jovenes-situan-a-la-comunitat-valenciana-en-riesgo-extremo\/#article","isPartOf":{"@id":"https:\/\/www.copealcoy.es\/es\/la-incidencia-del-virus-entre-los-jovenes-situan-a-la-comunitat-valenciana-en-riesgo-extremo\/"},"author":{"name":"Cope Alcoy","@id":"https:\/\/www.copealcoy.es\/es\/#\/schema\/person\/e777c87fa024e57d40170af9df39882c"},"headline":"La incidencia del virus entre los j\u00f3venes sit\u00faan a la Comunitat Valenciana en riesgo extremo","datePublished":"2021-07-02T21:03:03+00:00","dateModified":"2021-07-02T21:57:09+00:00","mainEntityOfPage":{"@id":"https:\/\/www.copealcoy.es\/es\/la-incidencia-del-virus-entre-los-jovenes-situan-a-la-comunitat-valenciana-en-riesgo-extremo\/"},"wordCount":321,"commentCount":0,"image":{"@id":"https:\/\/www.copealcoy.es\/es\/la-incidencia-del-virus-entre-los-jovenes-situan-a-la-comunitat-valenciana-en-riesgo-extremo\/#primaryimage"},"thumbnailUrl":"https:\/\/www.copealcoy.es\/wp-content\/uploads\/2021\/07\/1625252169378.jpg","keywords":["Comunitat Valenciana","contagios","Coronavirus","gente joven","incremento"],"articleSection":["Actualidad","Comarcas","Noticias"],"inLanguage":"es"},{"@type":"WebPage","@id":"https:\/\/www.copealcoy.es\/es\/la-incidencia-del-virus-entre-los-jovenes-situan-a-la-comunitat-valenciana-en-riesgo-extremo\/","url":"https:\/\/www.copealcoy.es\/es\/la-incidencia-del-virus-entre-los-jovenes-situan-a-la-comunitat-valenciana-en-riesgo-extremo\/","name":"La incidencia del virus entre los j\u00f3venes sit\u00faan a la Comunitat Valenciana en riesgo extremo - COPE Alcoy","isPartOf":{"@id":"https:\/\/www.copealcoy.es\/es\/#website"},"primaryImageOfPage":{"@id":"https:\/\/www.copealcoy.es\/es\/la-incidencia-del-virus-entre-los-jovenes-situan-a-la-comunitat-valenciana-en-riesgo-extremo\/#primaryimage"},"image":{"@id":"https:\/\/www.copealcoy.es\/es\/la-incidencia-del-virus-entre-los-jovenes-situan-a-la-comunitat-valenciana-en-riesgo-extremo\/#primaryimage"},"thumbnailUrl":"https:\/\/www.copealcoy.es\/wp-content\/uploads\/2021\/07\/1625252169378.jpg","datePublished":"2021-07-02T21:03:03+00:00","dateModified":"2021-07-02T21:57:09+00:00","author":{"@id":"https:\/\/www.copealcoy.es\/es\/#\/schema\/person\/e777c87fa024e57d40170af9df39882c"},"breadcrumb":{"@id":"https:\/\/www.copealcoy.es\/es\/la-incidencia-del-virus-entre-los-jovenes-situan-a-la-comunitat-valenciana-en-riesgo-extremo\/#breadcrumb"},"inLanguage":"es","potentialAction":[{"@type":"ReadAction","target":["https:\/\/www.copealcoy.es\/es\/la-incidencia-del-virus-entre-los-jovenes-situan-a-la-comunitat-valenciana-en-riesgo-extremo\/"]}]},{"@type":"ImageObject","inLanguage":"es","@id":"https:\/\/www.copealcoy.es\/es\/la-incidencia-del-virus-entre-los-jovenes-situan-a-la-comunitat-valenciana-en-riesgo-extremo\/#primaryimage","url":"https:\/\/www.copealcoy.es\/wp-content\/uploads\/2021\/07\/1625252169378.jpg","contentUrl":"https:\/\/www.copealcoy.es\/wp-content\/uploads\/2021\/07\/1625252169378.jpg","width":976,"height":549},{"@type":"BreadcrumbList","@id":"https:\/\/www.copealcoy.es\/es\/la-incidencia-del-virus-entre-los-jovenes-situan-a-la-comunitat-valenciana-en-riesgo-extremo\/#breadcrumb","itemListElement":[{"@type":"ListItem","position":1,"name":"Portada","item":"https:\/\/www.copealcoy.es\/es\/"},{"@type":"ListItem","position":2,"name":"La incidencia del virus entre los j\u00f3venes sit\u00faan a la Comunitat Valenciana en riesgo extremo"}]},{"@type":"WebSite","@id":"https:\/\/www.copealcoy.es\/es\/#website","url":"https:\/\/www.copealcoy.es\/es\/","name":"COPE Alcoy","description":"Emisora COPE de radio local con emisi\u00f3n online. Pont de Sant Jordi 8-10 03803 Alcoy","potentialAction":[{"@type":"SearchAction","target":{"@type":"EntryPoint","urlTemplate":"https:\/\/www.copealcoy.es\/es\/?s={search_term_string}"},"query-input":{"@type":"PropertyValueSpecification","valueRequired":true,"valueName":"search_term_string"}}],"inLanguage":"es"},{"@type":"Person","@id":"https:\/\/www.copealcoy.es\/es\/#\/schema\/person\/e777c87fa024e57d40170af9df39882c","name":"Cope Alcoy","image":{"@type":"ImageObject","inLanguage":"es","@id":"https:\/\/secure.gravatar.com\/avatar\/bb65d0283347e303893ba14f0692005417c1e0e690a325a4c5d8bb2b3943ee14?s=96&d=mm&r=g","url":"https:\/\/secure.gravatar.com\/avatar\/bb65d0283347e303893ba14f0692005417c1e0e690a325a4c5d8bb2b3943ee14?s=96&d=mm&r=g","contentUrl":"https:\/\/secure.gravatar.com\/avatar\/bb65d0283347e303893ba14f0692005417c1e0e690a325a4c5d8bb2b3943ee14?s=96&d=mm&r=g","caption":"Cope Alcoy"}}]}},"_links":{"self":[{"href":"https:\/\/www.copealcoy.es\/es\/wp-json\/wp\/v2\/posts\/75364","targetHints":{"allow":["GET"]}}],"collection":[{"href":"https:\/\/www.copealcoy.es\/es\/wp-json\/wp\/v2\/posts"}],"about":[{"href":"https:\/\/www.copealcoy.es\/es\/wp-json\/wp\/v2\/types\/post"}],"author":[{"embeddable":true,"href":"https:\/\/www.copealcoy.es\/es\/wp-json\/wp\/v2\/users\/1"}],"replies":[{"embeddable":true,"href":"https:\/\/www.copealcoy.es\/es\/wp-json\/wp\/v2\/comments?post=75364"}],"version-history":[{"count":0,"href":"https:\/\/www.copealcoy.es\/es\/wp-json\/wp\/v2\/posts\/75364\/revisions"}],"wp:featuredmedia":[{"embeddable":true,"href":"https:\/\/www.copealcoy.es\/es\/wp-json\/wp\/v2\/media\/75365"}],"wp:attachment":[{"href":"https:\/\/www.copealcoy.es\/es\/wp-json\/wp\/v2\/media?parent=75364"}],"wp:term":[{"taxonomy":"category","embeddable":true,"href":"https:\/\/www.copealcoy.es\/es\/wp-json\/wp\/v2\/categories?post=75364"},{"taxonomy":"post_tag","embeddable":true,"href":"https:\/\/www.copealcoy.es\/es\/wp-json\/wp\/v2\/tags?post=75364"}],"curies":[{"name":"wp","href":"https:\/\/api.w.org\/{rel}","templated":true}]}}