{"id":75206,"date":"2021-06-29T10:51:31","date_gmt":"2021-06-29T09:51:31","guid":{"rendered":"https:\/\/www.copealcoy.es\/?p=75206"},"modified":"2021-07-01T23:27:42","modified_gmt":"2021-07-01T22:27:42","slug":"presenten-el-cartell-i-la-revista-de-les-festes-de-la-mare-de-deu-del-carme-de-cocentaina","status":"publish","type":"post","link":"https:\/\/www.copealcoy.es\/es\/presenten-el-cartell-i-la-revista-de-les-festes-de-la-mare-de-deu-del-carme-de-cocentaina\/","title":{"rendered":"Presenten el cartell i la revista de les Festes de la Mare de D\u00e9u del Carme de Cocentaina"},"content":{"rendered":"<p style=\"text-align: justify;\">La <strong>Parr\u00f2quia del Salvador de Cocentaina<\/strong> va donar el <strong>tret d&#8217;eixida a les Festes de la Mare de D\u00e9u del Carme de 2021<\/strong> amb<strong> la presentaci\u00f3 del cartell anunciador i de la revista<\/strong> d&#8217;aquestes celebracions. L&#8217;acte va tindre lloc <strong>el passat dissabte 26 de juny<\/strong>, despr\u00e9s de la missa vespertina, i va comptar amb l&#8217;assist\u00e8ncia de nombrosos fidels aix\u00ed com devots d&#8217;aquesta advocaci\u00f3 mariana tan arrelada a la Vila Comtal.<\/p>\n<p style=\"text-align: justify;\">Respecte <strong>al cartell<\/strong>, cal assenyalar que <strong>el seu autor \u00e9s\u00a0<span class=\"hiddenSpellError\">Juan<\/span>\u00a0Palomo Reina<\/strong> i en el mateix destaca <strong>la pres\u00e8ncia de la Verge del Carme<\/strong>, portant l&#8217;escapulari a les seues mans i amb el jesuset al bra\u00e7, aix\u00ed com <strong>pintada sobre un fons en el qual apareix el castell de Cocentaina<\/strong>. A m\u00e9s l&#8217;artista hi ha empleat <strong>colors lluminosos<\/strong> com el groc o el taronja per envoltar la imatge de la Mare de D\u00e9u &#8220;<em>fonamentalment el que he volgut \u00e9s plantejar el cartell com una invitaci\u00f3 suau i profunda a posar ells ulls en la Verge Maria i sobretot en l&#8217;escapulari, un element que \u00e9s una crida a tindre consci\u00e8ncia sobre la immortalitat de la nostra \u00e0nima i que som peregrins en aquesta vida cap a la vida eterna. Posar l&#8217;art al servei de la fe \u00e9s tamb\u00e9 una forma d&#8217;evangelitzar mitjan\u00e7ant les imatges<\/em>&#8220;, va dir l&#8217;artista en la seua intervenci\u00f3.<\/p>\n<p style=\"text-align: justify;\">Seguidament <strong>es va presentar l&#8217;edici\u00f3 n\u00famero 23 de la revista de les Festes<\/strong> i la mateixa inclou <strong>els apartats habituals<\/strong> de col\u00b7laboracions liter\u00e0ries, el programa d&#8217;actes dels festejos d&#8217;enguany o les intencions del novenari. A m\u00e9s trobem les paraules del titular del Salvador (Moss\u00e9n\u00a0<span class=\"hiddenSpellError\">Javier<\/span>\u00a0<span class=\"hiddenSpellError\">Sanchiz<\/span>), i dels Presidents de la Confraria de la Mare de D\u00e9u del Carme, sense deixar de banda el resum d&#8217;activitats de la Parr\u00f2quia o aspectes curiosos de la hist\u00f2ria de la mateixa &#8220;<em>no \u00e9s cansem de repetir que aquesta Revista, a banda d&#8217;informar dels actes de la Verge del Carme, \u00e9s tamb\u00e9 un document que deixa testimoni escrit de la important activitat pastoral que porta endavant El Salvador durant tot l&#8217;any. Estem molt contents d&#8217;haver fet possible aquesta nova edici\u00f3 malgrat les dif\u00edcils circumst\u00e0ncies que travessem a causa de la crisi sanit\u00e0ria de la\u00a0<span class=\"hiddenSpellError\">Covid<\/span>-19. Gr\u00e0cies a tots els que hi han col\u00b7laborat i als comer\u00e7os que han aportat el seu granet d&#8217;arena per poder impulsar el projecte<\/em>&#8220;, assenyalava <strong>Elies S\u00e1nchez Reig<\/strong>, confrare i coordinador d&#8217;aquesta publicaci\u00f3.<\/p>\n<p style=\"text-align: justify;\">Els actes previs a la Festa de la Mare de D\u00e9u del Carme <strong>continuaran el divendres 2 de juliol amb el Preg\u00f3<\/strong>, a c\u00e0rrec de <strong>Marga Soler Cort\u00e9s<\/strong>, i <strong>l&#8217;inici del novenari<\/strong> previ al dia gran de la Verge que se celebrar\u00e0 el dia 16.<\/p>\n","protected":false},"excerpt":{"rendered":"<p>La Parr\u00f2quia del Salvador de Cocentaina va donar el tret d&#8217;eixida a les Festes de la Mare de D\u00e9u del&#8230;<\/p>\n","protected":false},"author":1,"featured_media":75207,"comment_status":"open","ping_status":"open","sticky":false,"template":"","format":"standard","meta":{"footnotes":""},"categories":[98,75],"tags":[9821,132,924,9633,2800,9625,1035],"class_list":["post-75206","post","type-post","status-publish","format-standard","has-post-thumbnail","hentry","category-comarcas","category-noticias","tag-cartell","tag-cocentaina","tag-festes","tag-mare-de-deu-del-carme","tag-parroquia-del-salvador","tag-presentacio","tag-revista"],"yoast_head":"<!-- This site is optimized with the Yoast SEO plugin v27.3 - https:\/\/yoast.com\/product\/yoast-seo-wordpress\/ -->\n<title>Presenten el cartell i la revista de les Festes de la Mare de D\u00e9u del Carme de Cocentaina - COPE Alcoy<\/title>\n<meta name=\"robots\" content=\"index, follow, max-snippet:-1, max-image-preview:large, max-video-preview:-1\" \/>\n<link rel=\"canonical\" href=\"https:\/\/www.copealcoy.es\/es\/presenten-el-cartell-i-la-revista-de-les-festes-de-la-mare-de-deu-del-carme-de-cocentaina\/\" \/>\n<meta property=\"og:locale\" content=\"es_ES\" \/>\n<meta property=\"og:type\" content=\"article\" \/>\n<meta property=\"og:title\" content=\"Presenten el cartell i la revista de les Festes de la Mare de D\u00e9u del Carme de Cocentaina - COPE Alcoy\" \/>\n<meta property=\"og:description\" content=\"La Parr\u00f2quia del Salvador de Cocentaina va donar el tret d&#8217;eixida a les Festes de la Mare de D\u00e9u del...\" \/>\n<meta property=\"og:url\" content=\"https:\/\/www.copealcoy.es\/es\/presenten-el-cartell-i-la-revista-de-les-festes-de-la-mare-de-deu-del-carme-de-cocentaina\/\" \/>\n<meta property=\"og:site_name\" content=\"COPE Alcoy\" \/>\n<meta property=\"article:published_time\" content=\"2021-06-29T09:51:31+00:00\" \/>\n<meta property=\"article:modified_time\" content=\"2021-07-01T22:27:42+00:00\" \/>\n<meta property=\"og:image\" content=\"https:\/\/www.copealcoy.es\/wp-content\/uploads\/2021\/06\/204851441_1896260037219681_2564403574069407525_n.jpg\" \/>\n\t<meta property=\"og:image:width\" content=\"640\" \/>\n\t<meta property=\"og:image:height\" content=\"409\" \/>\n\t<meta property=\"og:image:type\" content=\"image\/jpeg\" \/>\n<meta name=\"author\" content=\"Cope Alcoy\" \/>\n<meta name=\"twitter:label1\" content=\"Escrito por\" \/>\n\t<meta name=\"twitter:data1\" content=\"Cope Alcoy\" \/>\n\t<meta name=\"twitter:label2\" content=\"Tiempo de lectura\" \/>\n\t<meta name=\"twitter:data2\" content=\"2 minutos\" \/>\n<script type=\"application\/ld+json\" class=\"yoast-schema-graph\">{\"@context\":\"https:\\\/\\\/schema.org\",\"@graph\":[{\"@type\":\"Article\",\"@id\":\"https:\\\/\\\/www.copealcoy.es\\\/es\\\/presenten-el-cartell-i-la-revista-de-les-festes-de-la-mare-de-deu-del-carme-de-cocentaina\\\/#article\",\"isPartOf\":{\"@id\":\"https:\\\/\\\/www.copealcoy.es\\\/es\\\/presenten-el-cartell-i-la-revista-de-les-festes-de-la-mare-de-deu-del-carme-de-cocentaina\\\/\"},\"author\":{\"name\":\"Cope Alcoy\",\"@id\":\"https:\\\/\\\/www.copealcoy.es\\\/es\\\/#\\\/schema\\\/person\\\/e777c87fa024e57d40170af9df39882c\"},\"headline\":\"Presenten el cartell i la revista de les Festes de la Mare de D\u00e9u del Carme de Cocentaina\",\"datePublished\":\"2021-06-29T09:51:31+00:00\",\"dateModified\":\"2021-07-01T22:27:42+00:00\",\"mainEntityOfPage\":{\"@id\":\"https:\\\/\\\/www.copealcoy.es\\\/es\\\/presenten-el-cartell-i-la-revista-de-les-festes-de-la-mare-de-deu-del-carme-de-cocentaina\\\/\"},\"wordCount\":501,\"commentCount\":0,\"image\":{\"@id\":\"https:\\\/\\\/www.copealcoy.es\\\/es\\\/presenten-el-cartell-i-la-revista-de-les-festes-de-la-mare-de-deu-del-carme-de-cocentaina\\\/#primaryimage\"},\"thumbnailUrl\":\"https:\\\/\\\/www.copealcoy.es\\\/wp-content\\\/uploads\\\/2021\\\/06\\\/204851441_1896260037219681_2564403574069407525_n.jpg\",\"keywords\":[\"Cartell\",\"Cocentaina\",\"Festes\",\"Mare de D\u00e9u del Carme\",\"parroquia del Salvador\",\"Presentaci\u00f3\",\"Revista\"],\"articleSection\":[\"Comarcas\",\"Noticias\"],\"inLanguage\":\"es\"},{\"@type\":\"WebPage\",\"@id\":\"https:\\\/\\\/www.copealcoy.es\\\/es\\\/presenten-el-cartell-i-la-revista-de-les-festes-de-la-mare-de-deu-del-carme-de-cocentaina\\\/\",\"url\":\"https:\\\/\\\/www.copealcoy.es\\\/es\\\/presenten-el-cartell-i-la-revista-de-les-festes-de-la-mare-de-deu-del-carme-de-cocentaina\\\/\",\"name\":\"Presenten el cartell i la revista de les Festes de la Mare de D\u00e9u del Carme de Cocentaina - COPE Alcoy\",\"isPartOf\":{\"@id\":\"https:\\\/\\\/www.copealcoy.es\\\/es\\\/#website\"},\"primaryImageOfPage\":{\"@id\":\"https:\\\/\\\/www.copealcoy.es\\\/es\\\/presenten-el-cartell-i-la-revista-de-les-festes-de-la-mare-de-deu-del-carme-de-cocentaina\\\/#primaryimage\"},\"image\":{\"@id\":\"https:\\\/\\\/www.copealcoy.es\\\/es\\\/presenten-el-cartell-i-la-revista-de-les-festes-de-la-mare-de-deu-del-carme-de-cocentaina\\\/#primaryimage\"},\"thumbnailUrl\":\"https:\\\/\\\/www.copealcoy.es\\\/wp-content\\\/uploads\\\/2021\\\/06\\\/204851441_1896260037219681_2564403574069407525_n.jpg\",\"datePublished\":\"2021-06-29T09:51:31+00:00\",\"dateModified\":\"2021-07-01T22:27:42+00:00\",\"author\":{\"@id\":\"https:\\\/\\\/www.copealcoy.es\\\/es\\\/#\\\/schema\\\/person\\\/e777c87fa024e57d40170af9df39882c\"},\"breadcrumb\":{\"@id\":\"https:\\\/\\\/www.copealcoy.es\\\/es\\\/presenten-el-cartell-i-la-revista-de-les-festes-de-la-mare-de-deu-del-carme-de-cocentaina\\\/#breadcrumb\"},\"inLanguage\":\"es\",\"potentialAction\":[{\"@type\":\"ReadAction\",\"target\":[\"https:\\\/\\\/www.copealcoy.es\\\/es\\\/presenten-el-cartell-i-la-revista-de-les-festes-de-la-mare-de-deu-del-carme-de-cocentaina\\\/\"]}]},{\"@type\":\"ImageObject\",\"inLanguage\":\"es\",\"@id\":\"https:\\\/\\\/www.copealcoy.es\\\/es\\\/presenten-el-cartell-i-la-revista-de-les-festes-de-la-mare-de-deu-del-carme-de-cocentaina\\\/#primaryimage\",\"url\":\"https:\\\/\\\/www.copealcoy.es\\\/wp-content\\\/uploads\\\/2021\\\/06\\\/204851441_1896260037219681_2564403574069407525_n.jpg\",\"contentUrl\":\"https:\\\/\\\/www.copealcoy.es\\\/wp-content\\\/uploads\\\/2021\\\/06\\\/204851441_1896260037219681_2564403574069407525_n.jpg\",\"width\":640,\"height\":409},{\"@type\":\"BreadcrumbList\",\"@id\":\"https:\\\/\\\/www.copealcoy.es\\\/es\\\/presenten-el-cartell-i-la-revista-de-les-festes-de-la-mare-de-deu-del-carme-de-cocentaina\\\/#breadcrumb\",\"itemListElement\":[{\"@type\":\"ListItem\",\"position\":1,\"name\":\"Portada\",\"item\":\"https:\\\/\\\/www.copealcoy.es\\\/es\\\/\"},{\"@type\":\"ListItem\",\"position\":2,\"name\":\"Presenten el cartell i la revista de les Festes de la Mare de D\u00e9u del Carme de Cocentaina\"}]},{\"@type\":\"WebSite\",\"@id\":\"https:\\\/\\\/www.copealcoy.es\\\/es\\\/#website\",\"url\":\"https:\\\/\\\/www.copealcoy.es\\\/es\\\/\",\"name\":\"COPE Alcoy\",\"description\":\"Emisora COPE de radio local con emisi\u00f3n online. Pont de Sant Jordi 8-10 03803 Alcoy\",\"potentialAction\":[{\"@type\":\"SearchAction\",\"target\":{\"@type\":\"EntryPoint\",\"urlTemplate\":\"https:\\\/\\\/www.copealcoy.es\\\/es\\\/?s={search_term_string}\"},\"query-input\":{\"@type\":\"PropertyValueSpecification\",\"valueRequired\":true,\"valueName\":\"search_term_string\"}}],\"inLanguage\":\"es\"},{\"@type\":\"Person\",\"@id\":\"https:\\\/\\\/www.copealcoy.es\\\/es\\\/#\\\/schema\\\/person\\\/e777c87fa024e57d40170af9df39882c\",\"name\":\"Cope Alcoy\",\"image\":{\"@type\":\"ImageObject\",\"inLanguage\":\"es\",\"@id\":\"https:\\\/\\\/secure.gravatar.com\\\/avatar\\\/bb65d0283347e303893ba14f0692005417c1e0e690a325a4c5d8bb2b3943ee14?s=96&d=mm&r=g\",\"url\":\"https:\\\/\\\/secure.gravatar.com\\\/avatar\\\/bb65d0283347e303893ba14f0692005417c1e0e690a325a4c5d8bb2b3943ee14?s=96&d=mm&r=g\",\"contentUrl\":\"https:\\\/\\\/secure.gravatar.com\\\/avatar\\\/bb65d0283347e303893ba14f0692005417c1e0e690a325a4c5d8bb2b3943ee14?s=96&d=mm&r=g\",\"caption\":\"Cope Alcoy\"}}]}<\/script>\n<!-- \/ Yoast SEO plugin. -->","yoast_head_json":{"title":"Presenten el cartell i la revista de les Festes de la Mare de D\u00e9u del Carme de Cocentaina - COPE Alcoy","robots":{"index":"index","follow":"follow","max-snippet":"max-snippet:-1","max-image-preview":"max-image-preview:large","max-video-preview":"max-video-preview:-1"},"canonical":"https:\/\/www.copealcoy.es\/es\/presenten-el-cartell-i-la-revista-de-les-festes-de-la-mare-de-deu-del-carme-de-cocentaina\/","og_locale":"es_ES","og_type":"article","og_title":"Presenten el cartell i la revista de les Festes de la Mare de D\u00e9u del Carme de Cocentaina - COPE Alcoy","og_description":"La Parr\u00f2quia del Salvador de Cocentaina va donar el tret d&#8217;eixida a les Festes de la Mare de D\u00e9u del...","og_url":"https:\/\/www.copealcoy.es\/es\/presenten-el-cartell-i-la-revista-de-les-festes-de-la-mare-de-deu-del-carme-de-cocentaina\/","og_site_name":"COPE Alcoy","article_published_time":"2021-06-29T09:51:31+00:00","article_modified_time":"2021-07-01T22:27:42+00:00","og_image":[{"width":640,"height":409,"url":"https:\/\/www.copealcoy.es\/wp-content\/uploads\/2021\/06\/204851441_1896260037219681_2564403574069407525_n.jpg","type":"image\/jpeg"}],"author":"Cope Alcoy","twitter_misc":{"Escrito por":"Cope Alcoy","Tiempo de lectura":"2 minutos"},"schema":{"@context":"https:\/\/schema.org","@graph":[{"@type":"Article","@id":"https:\/\/www.copealcoy.es\/es\/presenten-el-cartell-i-la-revista-de-les-festes-de-la-mare-de-deu-del-carme-de-cocentaina\/#article","isPartOf":{"@id":"https:\/\/www.copealcoy.es\/es\/presenten-el-cartell-i-la-revista-de-les-festes-de-la-mare-de-deu-del-carme-de-cocentaina\/"},"author":{"name":"Cope Alcoy","@id":"https:\/\/www.copealcoy.es\/es\/#\/schema\/person\/e777c87fa024e57d40170af9df39882c"},"headline":"Presenten el cartell i la revista de les Festes de la Mare de D\u00e9u del Carme de Cocentaina","datePublished":"2021-06-29T09:51:31+00:00","dateModified":"2021-07-01T22:27:42+00:00","mainEntityOfPage":{"@id":"https:\/\/www.copealcoy.es\/es\/presenten-el-cartell-i-la-revista-de-les-festes-de-la-mare-de-deu-del-carme-de-cocentaina\/"},"wordCount":501,"commentCount":0,"image":{"@id":"https:\/\/www.copealcoy.es\/es\/presenten-el-cartell-i-la-revista-de-les-festes-de-la-mare-de-deu-del-carme-de-cocentaina\/#primaryimage"},"thumbnailUrl":"https:\/\/www.copealcoy.es\/wp-content\/uploads\/2021\/06\/204851441_1896260037219681_2564403574069407525_n.jpg","keywords":["Cartell","Cocentaina","Festes","Mare de D\u00e9u del Carme","parroquia del Salvador","Presentaci\u00f3","Revista"],"articleSection":["Comarcas","Noticias"],"inLanguage":"es"},{"@type":"WebPage","@id":"https:\/\/www.copealcoy.es\/es\/presenten-el-cartell-i-la-revista-de-les-festes-de-la-mare-de-deu-del-carme-de-cocentaina\/","url":"https:\/\/www.copealcoy.es\/es\/presenten-el-cartell-i-la-revista-de-les-festes-de-la-mare-de-deu-del-carme-de-cocentaina\/","name":"Presenten el cartell i la revista de les Festes de la Mare de D\u00e9u del Carme de Cocentaina - COPE Alcoy","isPartOf":{"@id":"https:\/\/www.copealcoy.es\/es\/#website"},"primaryImageOfPage":{"@id":"https:\/\/www.copealcoy.es\/es\/presenten-el-cartell-i-la-revista-de-les-festes-de-la-mare-de-deu-del-carme-de-cocentaina\/#primaryimage"},"image":{"@id":"https:\/\/www.copealcoy.es\/es\/presenten-el-cartell-i-la-revista-de-les-festes-de-la-mare-de-deu-del-carme-de-cocentaina\/#primaryimage"},"thumbnailUrl":"https:\/\/www.copealcoy.es\/wp-content\/uploads\/2021\/06\/204851441_1896260037219681_2564403574069407525_n.jpg","datePublished":"2021-06-29T09:51:31+00:00","dateModified":"2021-07-01T22:27:42+00:00","author":{"@id":"https:\/\/www.copealcoy.es\/es\/#\/schema\/person\/e777c87fa024e57d40170af9df39882c"},"breadcrumb":{"@id":"https:\/\/www.copealcoy.es\/es\/presenten-el-cartell-i-la-revista-de-les-festes-de-la-mare-de-deu-del-carme-de-cocentaina\/#breadcrumb"},"inLanguage":"es","potentialAction":[{"@type":"ReadAction","target":["https:\/\/www.copealcoy.es\/es\/presenten-el-cartell-i-la-revista-de-les-festes-de-la-mare-de-deu-del-carme-de-cocentaina\/"]}]},{"@type":"ImageObject","inLanguage":"es","@id":"https:\/\/www.copealcoy.es\/es\/presenten-el-cartell-i-la-revista-de-les-festes-de-la-mare-de-deu-del-carme-de-cocentaina\/#primaryimage","url":"https:\/\/www.copealcoy.es\/wp-content\/uploads\/2021\/06\/204851441_1896260037219681_2564403574069407525_n.jpg","contentUrl":"https:\/\/www.copealcoy.es\/wp-content\/uploads\/2021\/06\/204851441_1896260037219681_2564403574069407525_n.jpg","width":640,"height":409},{"@type":"BreadcrumbList","@id":"https:\/\/www.copealcoy.es\/es\/presenten-el-cartell-i-la-revista-de-les-festes-de-la-mare-de-deu-del-carme-de-cocentaina\/#breadcrumb","itemListElement":[{"@type":"ListItem","position":1,"name":"Portada","item":"https:\/\/www.copealcoy.es\/es\/"},{"@type":"ListItem","position":2,"name":"Presenten el cartell i la revista de les Festes de la Mare de D\u00e9u del Carme de Cocentaina"}]},{"@type":"WebSite","@id":"https:\/\/www.copealcoy.es\/es\/#website","url":"https:\/\/www.copealcoy.es\/es\/","name":"COPE Alcoy","description":"Emisora COPE de radio local con emisi\u00f3n online. Pont de Sant Jordi 8-10 03803 Alcoy","potentialAction":[{"@type":"SearchAction","target":{"@type":"EntryPoint","urlTemplate":"https:\/\/www.copealcoy.es\/es\/?s={search_term_string}"},"query-input":{"@type":"PropertyValueSpecification","valueRequired":true,"valueName":"search_term_string"}}],"inLanguage":"es"},{"@type":"Person","@id":"https:\/\/www.copealcoy.es\/es\/#\/schema\/person\/e777c87fa024e57d40170af9df39882c","name":"Cope Alcoy","image":{"@type":"ImageObject","inLanguage":"es","@id":"https:\/\/secure.gravatar.com\/avatar\/bb65d0283347e303893ba14f0692005417c1e0e690a325a4c5d8bb2b3943ee14?s=96&d=mm&r=g","url":"https:\/\/secure.gravatar.com\/avatar\/bb65d0283347e303893ba14f0692005417c1e0e690a325a4c5d8bb2b3943ee14?s=96&d=mm&r=g","contentUrl":"https:\/\/secure.gravatar.com\/avatar\/bb65d0283347e303893ba14f0692005417c1e0e690a325a4c5d8bb2b3943ee14?s=96&d=mm&r=g","caption":"Cope Alcoy"}}]}},"_links":{"self":[{"href":"https:\/\/www.copealcoy.es\/es\/wp-json\/wp\/v2\/posts\/75206","targetHints":{"allow":["GET"]}}],"collection":[{"href":"https:\/\/www.copealcoy.es\/es\/wp-json\/wp\/v2\/posts"}],"about":[{"href":"https:\/\/www.copealcoy.es\/es\/wp-json\/wp\/v2\/types\/post"}],"author":[{"embeddable":true,"href":"https:\/\/www.copealcoy.es\/es\/wp-json\/wp\/v2\/users\/1"}],"replies":[{"embeddable":true,"href":"https:\/\/www.copealcoy.es\/es\/wp-json\/wp\/v2\/comments?post=75206"}],"version-history":[{"count":0,"href":"https:\/\/www.copealcoy.es\/es\/wp-json\/wp\/v2\/posts\/75206\/revisions"}],"wp:featuredmedia":[{"embeddable":true,"href":"https:\/\/www.copealcoy.es\/es\/wp-json\/wp\/v2\/media\/75207"}],"wp:attachment":[{"href":"https:\/\/www.copealcoy.es\/es\/wp-json\/wp\/v2\/media?parent=75206"}],"wp:term":[{"taxonomy":"category","embeddable":true,"href":"https:\/\/www.copealcoy.es\/es\/wp-json\/wp\/v2\/categories?post=75206"},{"taxonomy":"post_tag","embeddable":true,"href":"https:\/\/www.copealcoy.es\/es\/wp-json\/wp\/v2\/tags?post=75206"}],"curies":[{"name":"wp","href":"https:\/\/api.w.org\/{rel}","templated":true}]}}