{"id":75160,"date":"2021-06-28T13:11:24","date_gmt":"2021-06-28T12:11:24","guid":{"rendered":"https:\/\/www.copealcoy.es\/?p=75160"},"modified":"2021-06-28T13:57:18","modified_gmt":"2021-06-28T12:57:18","slug":"los-medicos-del-hospital-virgen-de-los-lirios-se-alzan-en-pie-de-guerra","status":"publish","type":"post","link":"https:\/\/www.copealcoy.es\/es\/los-medicos-del-hospital-virgen-de-los-lirios-se-alzan-en-pie-de-guerra\/","title":{"rendered":"Los m\u00e9dicos del Hospital Virgen de los Lirios se alzan en pie de guerra"},"content":{"rendered":"<p style=\"text-align: justify;\">Los <strong>profesionales m\u00e9dicos del Hospital de Alcoy<\/strong> est\u00e1n en pie de guerra y denuncian <strong>la precariedad<\/strong> a la que, seg\u00fan ellos, <strong>se enfrenta el centro sanitario de cara al verano<\/strong>. De hecho han convocado esta ma\u00f1ana <strong>una protesta<\/strong> a las puertas de la residencia en la que <strong>han portado pancartas<\/strong> y en las que se pod\u00edan leer <strong>contundentes mensajes<\/strong> como por ejemplo &#8216;El Hospital se Muere&#8217;.<\/p>\n<p style=\"text-align: justify;\">Desde los profesionales m\u00e9dicos critican que <strong>no se refuerce la plantilla<\/strong> para los pr\u00f3ximos meses y que <strong>se cubra el servicio de urgencias con sanitarios especialistas<\/strong> que tendr\u00e1n que trabajar por la tarde e incluso hacer guardias. Tambi\u00e9n denuncian <strong>las largas listas de espera<\/strong> y que, por la falta de personal, <strong>se est\u00e9 derivando a pacientes a otros hospitales o a la sanidad privada<\/strong> para intervenciones quir\u00fargicas e incluso pruebas diagn\u00f3sticas &#8220;<em>es una situaci\u00f3n que viene de tiempo, que est\u00e1 cronificada desde hace tres a\u00f1os, y que ni la Gerencia del Hospital ni la misma Conselleria de Sanidad est\u00e1n solucionando. Lo que pretenden para este verano no es m\u00e1s que poner parches, desvestir un santo para vestir a otro, sin solventar de una vez por todas una problem\u00e1tica que al final revierte en la atenci\u00f3n que se presta a los enfermos<\/em>&#8220;, destacaba este mediod\u00eda en COPE ALCOY, <strong>Alberto Acosta<\/strong>; Delegado del sindicato m\u00e9dico en el Departamento de Salud de Alcoy.<\/p>\n<p style=\"text-align: justify;\">Desde el sindicato m\u00e9dico denuncian tambi\u00e9n que <strong>la falta de personal afecta a los Centros de Salud y Consultorios de la comarca<\/strong> que, llegado el verano, se ven obligados a <strong>reducir su actividad<\/strong> y <strong>cerrar por las tardes<\/strong> dejando por atender a los usuarios .<\/p>\n","protected":false},"excerpt":{"rendered":"<p>Los profesionales m\u00e9dicos del Hospital de Alcoy est\u00e1n en pie de guerra y denuncian la precariedad a la que, seg\u00fan&#8230;<\/p>\n","protected":false},"author":1,"featured_media":75161,"comment_status":"open","ping_status":"open","sticky":false,"template":"","format":"standard","meta":{"footnotes":""},"categories":[6909,97,75,125],"tags":[1664,11467,3333,4113,1489,4779],"class_list":["post-75160","post","type-post","status-publish","format-standard","has-post-thumbnail","hentry","category-actualidad","category-alcoy","category-noticias","category-portada","tag-hospital-virgen-de-los-lirios","tag-medicos","tag-precariedad","tag-protesta","tag-servicios","tag-situacion"],"yoast_head":"<!-- This site is optimized with the Yoast SEO plugin v27.3 - https:\/\/yoast.com\/product\/yoast-seo-wordpress\/ -->\n<title>Los m\u00e9dicos del Hospital Virgen de los Lirios se alzan en pie de guerra - COPE Alcoy<\/title>\n<meta name=\"robots\" content=\"index, follow, max-snippet:-1, max-image-preview:large, max-video-preview:-1\" \/>\n<link rel=\"canonical\" href=\"https:\/\/www.copealcoy.es\/es\/los-medicos-del-hospital-virgen-de-los-lirios-se-alzan-en-pie-de-guerra\/\" \/>\n<meta property=\"og:locale\" content=\"es_ES\" \/>\n<meta property=\"og:type\" content=\"article\" \/>\n<meta property=\"og:title\" content=\"Los m\u00e9dicos del Hospital Virgen de los Lirios se alzan en pie de guerra - COPE Alcoy\" \/>\n<meta property=\"og:description\" content=\"Los profesionales m\u00e9dicos del Hospital de Alcoy est\u00e1n en pie de guerra y denuncian la precariedad a la que, seg\u00fan...\" \/>\n<meta property=\"og:url\" content=\"https:\/\/www.copealcoy.es\/es\/los-medicos-del-hospital-virgen-de-los-lirios-se-alzan-en-pie-de-guerra\/\" \/>\n<meta property=\"og:site_name\" content=\"COPE Alcoy\" \/>\n<meta property=\"article:published_time\" content=\"2021-06-28T12:11:24+00:00\" \/>\n<meta property=\"article:modified_time\" content=\"2021-06-28T12:57:18+00:00\" \/>\n<meta property=\"og:image\" content=\"https:\/\/www.copealcoy.es\/wp-content\/uploads\/2021\/06\/205929177_2434062810070523_8174720141231234039_n.jpg\" \/>\n\t<meta property=\"og:image:width\" content=\"1024\" \/>\n\t<meta property=\"og:image:height\" content=\"768\" \/>\n\t<meta property=\"og:image:type\" content=\"image\/jpeg\" \/>\n<meta name=\"author\" content=\"Cope Alcoy\" \/>\n<meta name=\"twitter:label1\" content=\"Escrito por\" \/>\n\t<meta name=\"twitter:data1\" content=\"Cope Alcoy\" \/>\n\t<meta name=\"twitter:label2\" content=\"Tiempo de lectura\" \/>\n\t<meta name=\"twitter:data2\" content=\"1 minuto\" \/>\n<script type=\"application\/ld+json\" class=\"yoast-schema-graph\">{\"@context\":\"https:\\\/\\\/schema.org\",\"@graph\":[{\"@type\":\"Article\",\"@id\":\"https:\\\/\\\/www.copealcoy.es\\\/es\\\/los-medicos-del-hospital-virgen-de-los-lirios-se-alzan-en-pie-de-guerra\\\/#article\",\"isPartOf\":{\"@id\":\"https:\\\/\\\/www.copealcoy.es\\\/es\\\/los-medicos-del-hospital-virgen-de-los-lirios-se-alzan-en-pie-de-guerra\\\/\"},\"author\":{\"name\":\"Cope Alcoy\",\"@id\":\"https:\\\/\\\/www.copealcoy.es\\\/es\\\/#\\\/schema\\\/person\\\/e777c87fa024e57d40170af9df39882c\"},\"headline\":\"Los m\u00e9dicos del Hospital Virgen de los Lirios se alzan en pie de guerra\",\"datePublished\":\"2021-06-28T12:11:24+00:00\",\"dateModified\":\"2021-06-28T12:57:18+00:00\",\"mainEntityOfPage\":{\"@id\":\"https:\\\/\\\/www.copealcoy.es\\\/es\\\/los-medicos-del-hospital-virgen-de-los-lirios-se-alzan-en-pie-de-guerra\\\/\"},\"wordCount\":306,\"commentCount\":0,\"image\":{\"@id\":\"https:\\\/\\\/www.copealcoy.es\\\/es\\\/los-medicos-del-hospital-virgen-de-los-lirios-se-alzan-en-pie-de-guerra\\\/#primaryimage\"},\"thumbnailUrl\":\"https:\\\/\\\/www.copealcoy.es\\\/wp-content\\\/uploads\\\/2021\\\/06\\\/205929177_2434062810070523_8174720141231234039_n.jpg\",\"keywords\":[\"Hospital Virgen de los Lirios\",\"m\u00e9dicos\",\"Precariedad\",\"protesta\",\"Servicios\",\"situaci\u00f3n\"],\"articleSection\":[\"Actualidad\",\"Alcoy\",\"Noticias\",\"Portada\"],\"inLanguage\":\"es\"},{\"@type\":\"WebPage\",\"@id\":\"https:\\\/\\\/www.copealcoy.es\\\/es\\\/los-medicos-del-hospital-virgen-de-los-lirios-se-alzan-en-pie-de-guerra\\\/\",\"url\":\"https:\\\/\\\/www.copealcoy.es\\\/es\\\/los-medicos-del-hospital-virgen-de-los-lirios-se-alzan-en-pie-de-guerra\\\/\",\"name\":\"Los m\u00e9dicos del Hospital Virgen de los Lirios se alzan en pie de guerra - COPE Alcoy\",\"isPartOf\":{\"@id\":\"https:\\\/\\\/www.copealcoy.es\\\/es\\\/#website\"},\"primaryImageOfPage\":{\"@id\":\"https:\\\/\\\/www.copealcoy.es\\\/es\\\/los-medicos-del-hospital-virgen-de-los-lirios-se-alzan-en-pie-de-guerra\\\/#primaryimage\"},\"image\":{\"@id\":\"https:\\\/\\\/www.copealcoy.es\\\/es\\\/los-medicos-del-hospital-virgen-de-los-lirios-se-alzan-en-pie-de-guerra\\\/#primaryimage\"},\"thumbnailUrl\":\"https:\\\/\\\/www.copealcoy.es\\\/wp-content\\\/uploads\\\/2021\\\/06\\\/205929177_2434062810070523_8174720141231234039_n.jpg\",\"datePublished\":\"2021-06-28T12:11:24+00:00\",\"dateModified\":\"2021-06-28T12:57:18+00:00\",\"author\":{\"@id\":\"https:\\\/\\\/www.copealcoy.es\\\/es\\\/#\\\/schema\\\/person\\\/e777c87fa024e57d40170af9df39882c\"},\"breadcrumb\":{\"@id\":\"https:\\\/\\\/www.copealcoy.es\\\/es\\\/los-medicos-del-hospital-virgen-de-los-lirios-se-alzan-en-pie-de-guerra\\\/#breadcrumb\"},\"inLanguage\":\"es\",\"potentialAction\":[{\"@type\":\"ReadAction\",\"target\":[\"https:\\\/\\\/www.copealcoy.es\\\/es\\\/los-medicos-del-hospital-virgen-de-los-lirios-se-alzan-en-pie-de-guerra\\\/\"]}]},{\"@type\":\"ImageObject\",\"inLanguage\":\"es\",\"@id\":\"https:\\\/\\\/www.copealcoy.es\\\/es\\\/los-medicos-del-hospital-virgen-de-los-lirios-se-alzan-en-pie-de-guerra\\\/#primaryimage\",\"url\":\"https:\\\/\\\/www.copealcoy.es\\\/wp-content\\\/uploads\\\/2021\\\/06\\\/205929177_2434062810070523_8174720141231234039_n.jpg\",\"contentUrl\":\"https:\\\/\\\/www.copealcoy.es\\\/wp-content\\\/uploads\\\/2021\\\/06\\\/205929177_2434062810070523_8174720141231234039_n.jpg\",\"width\":1024,\"height\":768},{\"@type\":\"BreadcrumbList\",\"@id\":\"https:\\\/\\\/www.copealcoy.es\\\/es\\\/los-medicos-del-hospital-virgen-de-los-lirios-se-alzan-en-pie-de-guerra\\\/#breadcrumb\",\"itemListElement\":[{\"@type\":\"ListItem\",\"position\":1,\"name\":\"Portada\",\"item\":\"https:\\\/\\\/www.copealcoy.es\\\/es\\\/\"},{\"@type\":\"ListItem\",\"position\":2,\"name\":\"Los m\u00e9dicos del Hospital Virgen de los Lirios se alzan en pie de guerra\"}]},{\"@type\":\"WebSite\",\"@id\":\"https:\\\/\\\/www.copealcoy.es\\\/es\\\/#website\",\"url\":\"https:\\\/\\\/www.copealcoy.es\\\/es\\\/\",\"name\":\"COPE Alcoy\",\"description\":\"Emisora COPE de radio local con emisi\u00f3n online. Pont de Sant Jordi 8-10 03803 Alcoy\",\"potentialAction\":[{\"@type\":\"SearchAction\",\"target\":{\"@type\":\"EntryPoint\",\"urlTemplate\":\"https:\\\/\\\/www.copealcoy.es\\\/es\\\/?s={search_term_string}\"},\"query-input\":{\"@type\":\"PropertyValueSpecification\",\"valueRequired\":true,\"valueName\":\"search_term_string\"}}],\"inLanguage\":\"es\"},{\"@type\":\"Person\",\"@id\":\"https:\\\/\\\/www.copealcoy.es\\\/es\\\/#\\\/schema\\\/person\\\/e777c87fa024e57d40170af9df39882c\",\"name\":\"Cope Alcoy\",\"image\":{\"@type\":\"ImageObject\",\"inLanguage\":\"es\",\"@id\":\"https:\\\/\\\/secure.gravatar.com\\\/avatar\\\/bb65d0283347e303893ba14f0692005417c1e0e690a325a4c5d8bb2b3943ee14?s=96&d=mm&r=g\",\"url\":\"https:\\\/\\\/secure.gravatar.com\\\/avatar\\\/bb65d0283347e303893ba14f0692005417c1e0e690a325a4c5d8bb2b3943ee14?s=96&d=mm&r=g\",\"contentUrl\":\"https:\\\/\\\/secure.gravatar.com\\\/avatar\\\/bb65d0283347e303893ba14f0692005417c1e0e690a325a4c5d8bb2b3943ee14?s=96&d=mm&r=g\",\"caption\":\"Cope Alcoy\"}}]}<\/script>\n<!-- \/ Yoast SEO plugin. -->","yoast_head_json":{"title":"Los m\u00e9dicos del Hospital Virgen de los Lirios se alzan en pie de guerra - COPE Alcoy","robots":{"index":"index","follow":"follow","max-snippet":"max-snippet:-1","max-image-preview":"max-image-preview:large","max-video-preview":"max-video-preview:-1"},"canonical":"https:\/\/www.copealcoy.es\/es\/los-medicos-del-hospital-virgen-de-los-lirios-se-alzan-en-pie-de-guerra\/","og_locale":"es_ES","og_type":"article","og_title":"Los m\u00e9dicos del Hospital Virgen de los Lirios se alzan en pie de guerra - COPE Alcoy","og_description":"Los profesionales m\u00e9dicos del Hospital de Alcoy est\u00e1n en pie de guerra y denuncian la precariedad a la que, seg\u00fan...","og_url":"https:\/\/www.copealcoy.es\/es\/los-medicos-del-hospital-virgen-de-los-lirios-se-alzan-en-pie-de-guerra\/","og_site_name":"COPE Alcoy","article_published_time":"2021-06-28T12:11:24+00:00","article_modified_time":"2021-06-28T12:57:18+00:00","og_image":[{"width":1024,"height":768,"url":"https:\/\/www.copealcoy.es\/wp-content\/uploads\/2021\/06\/205929177_2434062810070523_8174720141231234039_n.jpg","type":"image\/jpeg"}],"author":"Cope Alcoy","twitter_misc":{"Escrito por":"Cope Alcoy","Tiempo de lectura":"1 minuto"},"schema":{"@context":"https:\/\/schema.org","@graph":[{"@type":"Article","@id":"https:\/\/www.copealcoy.es\/es\/los-medicos-del-hospital-virgen-de-los-lirios-se-alzan-en-pie-de-guerra\/#article","isPartOf":{"@id":"https:\/\/www.copealcoy.es\/es\/los-medicos-del-hospital-virgen-de-los-lirios-se-alzan-en-pie-de-guerra\/"},"author":{"name":"Cope Alcoy","@id":"https:\/\/www.copealcoy.es\/es\/#\/schema\/person\/e777c87fa024e57d40170af9df39882c"},"headline":"Los m\u00e9dicos del Hospital Virgen de los Lirios se alzan en pie de guerra","datePublished":"2021-06-28T12:11:24+00:00","dateModified":"2021-06-28T12:57:18+00:00","mainEntityOfPage":{"@id":"https:\/\/www.copealcoy.es\/es\/los-medicos-del-hospital-virgen-de-los-lirios-se-alzan-en-pie-de-guerra\/"},"wordCount":306,"commentCount":0,"image":{"@id":"https:\/\/www.copealcoy.es\/es\/los-medicos-del-hospital-virgen-de-los-lirios-se-alzan-en-pie-de-guerra\/#primaryimage"},"thumbnailUrl":"https:\/\/www.copealcoy.es\/wp-content\/uploads\/2021\/06\/205929177_2434062810070523_8174720141231234039_n.jpg","keywords":["Hospital Virgen de los Lirios","m\u00e9dicos","Precariedad","protesta","Servicios","situaci\u00f3n"],"articleSection":["Actualidad","Alcoy","Noticias","Portada"],"inLanguage":"es"},{"@type":"WebPage","@id":"https:\/\/www.copealcoy.es\/es\/los-medicos-del-hospital-virgen-de-los-lirios-se-alzan-en-pie-de-guerra\/","url":"https:\/\/www.copealcoy.es\/es\/los-medicos-del-hospital-virgen-de-los-lirios-se-alzan-en-pie-de-guerra\/","name":"Los m\u00e9dicos del Hospital Virgen de los Lirios se alzan en pie de guerra - COPE Alcoy","isPartOf":{"@id":"https:\/\/www.copealcoy.es\/es\/#website"},"primaryImageOfPage":{"@id":"https:\/\/www.copealcoy.es\/es\/los-medicos-del-hospital-virgen-de-los-lirios-se-alzan-en-pie-de-guerra\/#primaryimage"},"image":{"@id":"https:\/\/www.copealcoy.es\/es\/los-medicos-del-hospital-virgen-de-los-lirios-se-alzan-en-pie-de-guerra\/#primaryimage"},"thumbnailUrl":"https:\/\/www.copealcoy.es\/wp-content\/uploads\/2021\/06\/205929177_2434062810070523_8174720141231234039_n.jpg","datePublished":"2021-06-28T12:11:24+00:00","dateModified":"2021-06-28T12:57:18+00:00","author":{"@id":"https:\/\/www.copealcoy.es\/es\/#\/schema\/person\/e777c87fa024e57d40170af9df39882c"},"breadcrumb":{"@id":"https:\/\/www.copealcoy.es\/es\/los-medicos-del-hospital-virgen-de-los-lirios-se-alzan-en-pie-de-guerra\/#breadcrumb"},"inLanguage":"es","potentialAction":[{"@type":"ReadAction","target":["https:\/\/www.copealcoy.es\/es\/los-medicos-del-hospital-virgen-de-los-lirios-se-alzan-en-pie-de-guerra\/"]}]},{"@type":"ImageObject","inLanguage":"es","@id":"https:\/\/www.copealcoy.es\/es\/los-medicos-del-hospital-virgen-de-los-lirios-se-alzan-en-pie-de-guerra\/#primaryimage","url":"https:\/\/www.copealcoy.es\/wp-content\/uploads\/2021\/06\/205929177_2434062810070523_8174720141231234039_n.jpg","contentUrl":"https:\/\/www.copealcoy.es\/wp-content\/uploads\/2021\/06\/205929177_2434062810070523_8174720141231234039_n.jpg","width":1024,"height":768},{"@type":"BreadcrumbList","@id":"https:\/\/www.copealcoy.es\/es\/los-medicos-del-hospital-virgen-de-los-lirios-se-alzan-en-pie-de-guerra\/#breadcrumb","itemListElement":[{"@type":"ListItem","position":1,"name":"Portada","item":"https:\/\/www.copealcoy.es\/es\/"},{"@type":"ListItem","position":2,"name":"Los m\u00e9dicos del Hospital Virgen de los Lirios se alzan en pie de guerra"}]},{"@type":"WebSite","@id":"https:\/\/www.copealcoy.es\/es\/#website","url":"https:\/\/www.copealcoy.es\/es\/","name":"COPE Alcoy","description":"Emisora COPE de radio local con emisi\u00f3n online. Pont de Sant Jordi 8-10 03803 Alcoy","potentialAction":[{"@type":"SearchAction","target":{"@type":"EntryPoint","urlTemplate":"https:\/\/www.copealcoy.es\/es\/?s={search_term_string}"},"query-input":{"@type":"PropertyValueSpecification","valueRequired":true,"valueName":"search_term_string"}}],"inLanguage":"es"},{"@type":"Person","@id":"https:\/\/www.copealcoy.es\/es\/#\/schema\/person\/e777c87fa024e57d40170af9df39882c","name":"Cope Alcoy","image":{"@type":"ImageObject","inLanguage":"es","@id":"https:\/\/secure.gravatar.com\/avatar\/bb65d0283347e303893ba14f0692005417c1e0e690a325a4c5d8bb2b3943ee14?s=96&d=mm&r=g","url":"https:\/\/secure.gravatar.com\/avatar\/bb65d0283347e303893ba14f0692005417c1e0e690a325a4c5d8bb2b3943ee14?s=96&d=mm&r=g","contentUrl":"https:\/\/secure.gravatar.com\/avatar\/bb65d0283347e303893ba14f0692005417c1e0e690a325a4c5d8bb2b3943ee14?s=96&d=mm&r=g","caption":"Cope Alcoy"}}]}},"_links":{"self":[{"href":"https:\/\/www.copealcoy.es\/es\/wp-json\/wp\/v2\/posts\/75160","targetHints":{"allow":["GET"]}}],"collection":[{"href":"https:\/\/www.copealcoy.es\/es\/wp-json\/wp\/v2\/posts"}],"about":[{"href":"https:\/\/www.copealcoy.es\/es\/wp-json\/wp\/v2\/types\/post"}],"author":[{"embeddable":true,"href":"https:\/\/www.copealcoy.es\/es\/wp-json\/wp\/v2\/users\/1"}],"replies":[{"embeddable":true,"href":"https:\/\/www.copealcoy.es\/es\/wp-json\/wp\/v2\/comments?post=75160"}],"version-history":[{"count":0,"href":"https:\/\/www.copealcoy.es\/es\/wp-json\/wp\/v2\/posts\/75160\/revisions"}],"wp:featuredmedia":[{"embeddable":true,"href":"https:\/\/www.copealcoy.es\/es\/wp-json\/wp\/v2\/media\/75161"}],"wp:attachment":[{"href":"https:\/\/www.copealcoy.es\/es\/wp-json\/wp\/v2\/media?parent=75160"}],"wp:term":[{"taxonomy":"category","embeddable":true,"href":"https:\/\/www.copealcoy.es\/es\/wp-json\/wp\/v2\/categories?post=75160"},{"taxonomy":"post_tag","embeddable":true,"href":"https:\/\/www.copealcoy.es\/es\/wp-json\/wp\/v2\/tags?post=75160"}],"curies":[{"name":"wp","href":"https:\/\/api.w.org\/{rel}","templated":true}]}}