{"id":75026,"date":"2021-06-23T13:58:22","date_gmt":"2021-06-23T12:58:22","guid":{"rendered":"https:\/\/www.copealcoy.es\/?p=75026"},"modified":"2021-06-23T14:12:44","modified_gmt":"2021-06-23T13:12:44","slug":"termina-el-curso-mas-atipico-para-alumnos-y-profesores","status":"publish","type":"post","link":"https:\/\/www.copealcoy.es\/es\/termina-el-curso-mas-atipico-para-alumnos-y-profesores\/","title":{"rendered":"Termina el curso m\u00e1s at\u00edpico para alumnos y profesores"},"content":{"rendered":"<p style=\"text-align: justify;\">Hoy <strong>termina el curso escolar 2020\/2021<\/strong> para los alumnos de Infantil, Primaria y Secundaria. Acaba as\u00ed un curso que ha sido diferente y en el que <strong>profesores, alumnos y familias<\/strong> se han esforzado para <strong>garantizar el buen desarrollo de las clases<\/strong> sin dejar de cumplir las medidas restrictivas para frenar el Coronavirus.<\/p>\n<p style=\"text-align: justify;\">Estas medidas<strong> se han ido suavizando<\/strong> a lo largo del a\u00f1o, en funci\u00f3n de c\u00f3mo iba evolucionando la pandemia, y esto <strong>ha permitido conseguir objetivos acad\u00e9micos<\/strong> y que en general <strong>los contagios fueran m\u00ednimos<\/strong> en los centros educativos &#8220;<em>la respuesta de los ni\u00f1os, el profesorado y los padres ha sido mejor de la que nos esper\u00e1bamos. Ha sido un curso extra\u00f1o pero hemos conseguido mantener la presencialidad y estar por encima de las dificultades. Se ha llegado al final y estamos satisfechos de todo lo que se ha conseguido<\/em>&#8220;, indicaba en COPE ALCOY<strong> Jaume Puchades<\/strong>; Director Pedag\u00f3gico del Colegio Carmelitas de Alcoy. Puchades indicaba adem\u00e1s que ahora <strong>toca planificar el curso que viene con la mirada puesta en la vacunaci\u00f3n de los estudiantes<\/strong> &#8220;<em>estamos convencidos de que a la largo del verano, en funci\u00f3n de ese proceso de administraci\u00f3n de vacunas, ir\u00e1n cambiando todas las normativas por parte de la Conselleria de Educaci\u00f3n pero nosotros ya tenemos todas las opciones para un curso que seguir\u00e1 siendo diferente pero con una situaci\u00f3n m\u00e1s favorable que la actua<\/em>l&#8221;, se\u00f1ala.<\/p>\n<p style=\"text-align: justify;\">Este mi\u00e9rcoles 23 de junio<strong> ha sido d\u00eda de juegos en los patios, despedidas y en algunos casos de recogida de notas y trabajos para verano<\/strong>. Todo ello antes de iniciar <strong>unas merecidas vacaciones veraniegas<\/strong> tras un curso en el que la pandemia se ha colado tambi\u00e9n en el d\u00eda a d\u00eda de nuestras aulas.<\/p>\n","protected":false},"excerpt":{"rendered":"<p>Hoy termina el curso escolar 2020\/2021 para los alumnos de Infantil, Primaria y Secundaria. Acaba as\u00ed un curso que ha&#8230;<\/p>\n","protected":false},"author":1,"featured_media":75027,"comment_status":"open","ping_status":"open","sticky":false,"template":"","format":"standard","meta":{"footnotes":""},"categories":[97,900,75,125],"tags":[1322,7281,11447,7477,687],"class_list":["post-75026","post","type-post","status-publish","format-standard","has-post-thumbnail","hentry","category-alcoy","category-educacion","category-noticias","category-portada","tag-alumnos","tag-coronavirus","tag-fin-de-curso","tag-pandemia","tag-profesores"],"yoast_head":"<!-- This site is optimized with the Yoast SEO plugin v27.3 - https:\/\/yoast.com\/product\/yoast-seo-wordpress\/ -->\n<title>Termina el curso m\u00e1s at\u00edpico para alumnos y profesores - COPE Alcoy<\/title>\n<meta name=\"robots\" content=\"index, follow, max-snippet:-1, max-image-preview:large, max-video-preview:-1\" \/>\n<link rel=\"canonical\" href=\"https:\/\/www.copealcoy.es\/es\/termina-el-curso-mas-atipico-para-alumnos-y-profesores\/\" \/>\n<meta property=\"og:locale\" content=\"es_ES\" \/>\n<meta property=\"og:type\" content=\"article\" \/>\n<meta property=\"og:title\" content=\"Termina el curso m\u00e1s at\u00edpico para alumnos y profesores - COPE Alcoy\" \/>\n<meta property=\"og:description\" content=\"Hoy termina el curso escolar 2020\/2021 para los alumnos de Infantil, Primaria y Secundaria. Acaba as\u00ed un curso que ha...\" \/>\n<meta property=\"og:url\" content=\"https:\/\/www.copealcoy.es\/es\/termina-el-curso-mas-atipico-para-alumnos-y-profesores\/\" \/>\n<meta property=\"og:site_name\" content=\"COPE Alcoy\" \/>\n<meta property=\"article:published_time\" content=\"2021-06-23T12:58:22+00:00\" \/>\n<meta property=\"article:modified_time\" content=\"2021-06-23T13:12:44+00:00\" \/>\n<meta property=\"og:image\" content=\"https:\/\/www.copealcoy.es\/wp-content\/uploads\/2021\/06\/201981929_2925221311025370_3534046401539976899_n.jpg\" \/>\n\t<meta property=\"og:image:width\" content=\"1310\" \/>\n\t<meta property=\"og:image:height\" content=\"764\" \/>\n\t<meta property=\"og:image:type\" content=\"image\/jpeg\" \/>\n<meta name=\"author\" content=\"Cope Alcoy\" \/>\n<meta name=\"twitter:label1\" content=\"Escrito por\" \/>\n\t<meta name=\"twitter:data1\" content=\"Cope Alcoy\" \/>\n\t<meta name=\"twitter:label2\" content=\"Tiempo de lectura\" \/>\n\t<meta name=\"twitter:data2\" content=\"2 minutos\" \/>\n<script type=\"application\/ld+json\" class=\"yoast-schema-graph\">{\"@context\":\"https:\\\/\\\/schema.org\",\"@graph\":[{\"@type\":\"Article\",\"@id\":\"https:\\\/\\\/www.copealcoy.es\\\/es\\\/termina-el-curso-mas-atipico-para-alumnos-y-profesores\\\/#article\",\"isPartOf\":{\"@id\":\"https:\\\/\\\/www.copealcoy.es\\\/es\\\/termina-el-curso-mas-atipico-para-alumnos-y-profesores\\\/\"},\"author\":{\"name\":\"Cope Alcoy\",\"@id\":\"https:\\\/\\\/www.copealcoy.es\\\/es\\\/#\\\/schema\\\/person\\\/e777c87fa024e57d40170af9df39882c\"},\"headline\":\"Termina el curso m\u00e1s at\u00edpico para alumnos y profesores\",\"datePublished\":\"2021-06-23T12:58:22+00:00\",\"dateModified\":\"2021-06-23T13:12:44+00:00\",\"mainEntityOfPage\":{\"@id\":\"https:\\\/\\\/www.copealcoy.es\\\/es\\\/termina-el-curso-mas-atipico-para-alumnos-y-profesores\\\/\"},\"wordCount\":316,\"commentCount\":0,\"image\":{\"@id\":\"https:\\\/\\\/www.copealcoy.es\\\/es\\\/termina-el-curso-mas-atipico-para-alumnos-y-profesores\\\/#primaryimage\"},\"thumbnailUrl\":\"https:\\\/\\\/www.copealcoy.es\\\/wp-content\\\/uploads\\\/2021\\\/06\\\/201981929_2925221311025370_3534046401539976899_n.jpg\",\"keywords\":[\"alumnos\",\"Coronavirus\",\"Fin de curso\",\"pandemia\",\"Profesores\"],\"articleSection\":[\"Alcoy\",\"Educaci\u00f3n\",\"Noticias\",\"Portada\"],\"inLanguage\":\"es\"},{\"@type\":\"WebPage\",\"@id\":\"https:\\\/\\\/www.copealcoy.es\\\/es\\\/termina-el-curso-mas-atipico-para-alumnos-y-profesores\\\/\",\"url\":\"https:\\\/\\\/www.copealcoy.es\\\/es\\\/termina-el-curso-mas-atipico-para-alumnos-y-profesores\\\/\",\"name\":\"Termina el curso m\u00e1s at\u00edpico para alumnos y profesores - COPE Alcoy\",\"isPartOf\":{\"@id\":\"https:\\\/\\\/www.copealcoy.es\\\/es\\\/#website\"},\"primaryImageOfPage\":{\"@id\":\"https:\\\/\\\/www.copealcoy.es\\\/es\\\/termina-el-curso-mas-atipico-para-alumnos-y-profesores\\\/#primaryimage\"},\"image\":{\"@id\":\"https:\\\/\\\/www.copealcoy.es\\\/es\\\/termina-el-curso-mas-atipico-para-alumnos-y-profesores\\\/#primaryimage\"},\"thumbnailUrl\":\"https:\\\/\\\/www.copealcoy.es\\\/wp-content\\\/uploads\\\/2021\\\/06\\\/201981929_2925221311025370_3534046401539976899_n.jpg\",\"datePublished\":\"2021-06-23T12:58:22+00:00\",\"dateModified\":\"2021-06-23T13:12:44+00:00\",\"author\":{\"@id\":\"https:\\\/\\\/www.copealcoy.es\\\/es\\\/#\\\/schema\\\/person\\\/e777c87fa024e57d40170af9df39882c\"},\"breadcrumb\":{\"@id\":\"https:\\\/\\\/www.copealcoy.es\\\/es\\\/termina-el-curso-mas-atipico-para-alumnos-y-profesores\\\/#breadcrumb\"},\"inLanguage\":\"es\",\"potentialAction\":[{\"@type\":\"ReadAction\",\"target\":[\"https:\\\/\\\/www.copealcoy.es\\\/es\\\/termina-el-curso-mas-atipico-para-alumnos-y-profesores\\\/\"]}]},{\"@type\":\"ImageObject\",\"inLanguage\":\"es\",\"@id\":\"https:\\\/\\\/www.copealcoy.es\\\/es\\\/termina-el-curso-mas-atipico-para-alumnos-y-profesores\\\/#primaryimage\",\"url\":\"https:\\\/\\\/www.copealcoy.es\\\/wp-content\\\/uploads\\\/2021\\\/06\\\/201981929_2925221311025370_3534046401539976899_n.jpg\",\"contentUrl\":\"https:\\\/\\\/www.copealcoy.es\\\/wp-content\\\/uploads\\\/2021\\\/06\\\/201981929_2925221311025370_3534046401539976899_n.jpg\",\"width\":1310,\"height\":764},{\"@type\":\"BreadcrumbList\",\"@id\":\"https:\\\/\\\/www.copealcoy.es\\\/es\\\/termina-el-curso-mas-atipico-para-alumnos-y-profesores\\\/#breadcrumb\",\"itemListElement\":[{\"@type\":\"ListItem\",\"position\":1,\"name\":\"Portada\",\"item\":\"https:\\\/\\\/www.copealcoy.es\\\/es\\\/\"},{\"@type\":\"ListItem\",\"position\":2,\"name\":\"Termina el curso m\u00e1s at\u00edpico para alumnos y profesores\"}]},{\"@type\":\"WebSite\",\"@id\":\"https:\\\/\\\/www.copealcoy.es\\\/es\\\/#website\",\"url\":\"https:\\\/\\\/www.copealcoy.es\\\/es\\\/\",\"name\":\"COPE Alcoy\",\"description\":\"Emisora COPE de radio local con emisi\u00f3n online. Pont de Sant Jordi 8-10 03803 Alcoy\",\"potentialAction\":[{\"@type\":\"SearchAction\",\"target\":{\"@type\":\"EntryPoint\",\"urlTemplate\":\"https:\\\/\\\/www.copealcoy.es\\\/es\\\/?s={search_term_string}\"},\"query-input\":{\"@type\":\"PropertyValueSpecification\",\"valueRequired\":true,\"valueName\":\"search_term_string\"}}],\"inLanguage\":\"es\"},{\"@type\":\"Person\",\"@id\":\"https:\\\/\\\/www.copealcoy.es\\\/es\\\/#\\\/schema\\\/person\\\/e777c87fa024e57d40170af9df39882c\",\"name\":\"Cope Alcoy\",\"image\":{\"@type\":\"ImageObject\",\"inLanguage\":\"es\",\"@id\":\"https:\\\/\\\/secure.gravatar.com\\\/avatar\\\/bb65d0283347e303893ba14f0692005417c1e0e690a325a4c5d8bb2b3943ee14?s=96&d=mm&r=g\",\"url\":\"https:\\\/\\\/secure.gravatar.com\\\/avatar\\\/bb65d0283347e303893ba14f0692005417c1e0e690a325a4c5d8bb2b3943ee14?s=96&d=mm&r=g\",\"contentUrl\":\"https:\\\/\\\/secure.gravatar.com\\\/avatar\\\/bb65d0283347e303893ba14f0692005417c1e0e690a325a4c5d8bb2b3943ee14?s=96&d=mm&r=g\",\"caption\":\"Cope Alcoy\"}}]}<\/script>\n<!-- \/ Yoast SEO plugin. -->","yoast_head_json":{"title":"Termina el curso m\u00e1s at\u00edpico para alumnos y profesores - COPE Alcoy","robots":{"index":"index","follow":"follow","max-snippet":"max-snippet:-1","max-image-preview":"max-image-preview:large","max-video-preview":"max-video-preview:-1"},"canonical":"https:\/\/www.copealcoy.es\/es\/termina-el-curso-mas-atipico-para-alumnos-y-profesores\/","og_locale":"es_ES","og_type":"article","og_title":"Termina el curso m\u00e1s at\u00edpico para alumnos y profesores - COPE Alcoy","og_description":"Hoy termina el curso escolar 2020\/2021 para los alumnos de Infantil, Primaria y Secundaria. Acaba as\u00ed un curso que ha...","og_url":"https:\/\/www.copealcoy.es\/es\/termina-el-curso-mas-atipico-para-alumnos-y-profesores\/","og_site_name":"COPE Alcoy","article_published_time":"2021-06-23T12:58:22+00:00","article_modified_time":"2021-06-23T13:12:44+00:00","og_image":[{"width":1310,"height":764,"url":"https:\/\/www.copealcoy.es\/wp-content\/uploads\/2021\/06\/201981929_2925221311025370_3534046401539976899_n.jpg","type":"image\/jpeg"}],"author":"Cope Alcoy","twitter_misc":{"Escrito por":"Cope Alcoy","Tiempo de lectura":"2 minutos"},"schema":{"@context":"https:\/\/schema.org","@graph":[{"@type":"Article","@id":"https:\/\/www.copealcoy.es\/es\/termina-el-curso-mas-atipico-para-alumnos-y-profesores\/#article","isPartOf":{"@id":"https:\/\/www.copealcoy.es\/es\/termina-el-curso-mas-atipico-para-alumnos-y-profesores\/"},"author":{"name":"Cope Alcoy","@id":"https:\/\/www.copealcoy.es\/es\/#\/schema\/person\/e777c87fa024e57d40170af9df39882c"},"headline":"Termina el curso m\u00e1s at\u00edpico para alumnos y profesores","datePublished":"2021-06-23T12:58:22+00:00","dateModified":"2021-06-23T13:12:44+00:00","mainEntityOfPage":{"@id":"https:\/\/www.copealcoy.es\/es\/termina-el-curso-mas-atipico-para-alumnos-y-profesores\/"},"wordCount":316,"commentCount":0,"image":{"@id":"https:\/\/www.copealcoy.es\/es\/termina-el-curso-mas-atipico-para-alumnos-y-profesores\/#primaryimage"},"thumbnailUrl":"https:\/\/www.copealcoy.es\/wp-content\/uploads\/2021\/06\/201981929_2925221311025370_3534046401539976899_n.jpg","keywords":["alumnos","Coronavirus","Fin de curso","pandemia","Profesores"],"articleSection":["Alcoy","Educaci\u00f3n","Noticias","Portada"],"inLanguage":"es"},{"@type":"WebPage","@id":"https:\/\/www.copealcoy.es\/es\/termina-el-curso-mas-atipico-para-alumnos-y-profesores\/","url":"https:\/\/www.copealcoy.es\/es\/termina-el-curso-mas-atipico-para-alumnos-y-profesores\/","name":"Termina el curso m\u00e1s at\u00edpico para alumnos y profesores - COPE Alcoy","isPartOf":{"@id":"https:\/\/www.copealcoy.es\/es\/#website"},"primaryImageOfPage":{"@id":"https:\/\/www.copealcoy.es\/es\/termina-el-curso-mas-atipico-para-alumnos-y-profesores\/#primaryimage"},"image":{"@id":"https:\/\/www.copealcoy.es\/es\/termina-el-curso-mas-atipico-para-alumnos-y-profesores\/#primaryimage"},"thumbnailUrl":"https:\/\/www.copealcoy.es\/wp-content\/uploads\/2021\/06\/201981929_2925221311025370_3534046401539976899_n.jpg","datePublished":"2021-06-23T12:58:22+00:00","dateModified":"2021-06-23T13:12:44+00:00","author":{"@id":"https:\/\/www.copealcoy.es\/es\/#\/schema\/person\/e777c87fa024e57d40170af9df39882c"},"breadcrumb":{"@id":"https:\/\/www.copealcoy.es\/es\/termina-el-curso-mas-atipico-para-alumnos-y-profesores\/#breadcrumb"},"inLanguage":"es","potentialAction":[{"@type":"ReadAction","target":["https:\/\/www.copealcoy.es\/es\/termina-el-curso-mas-atipico-para-alumnos-y-profesores\/"]}]},{"@type":"ImageObject","inLanguage":"es","@id":"https:\/\/www.copealcoy.es\/es\/termina-el-curso-mas-atipico-para-alumnos-y-profesores\/#primaryimage","url":"https:\/\/www.copealcoy.es\/wp-content\/uploads\/2021\/06\/201981929_2925221311025370_3534046401539976899_n.jpg","contentUrl":"https:\/\/www.copealcoy.es\/wp-content\/uploads\/2021\/06\/201981929_2925221311025370_3534046401539976899_n.jpg","width":1310,"height":764},{"@type":"BreadcrumbList","@id":"https:\/\/www.copealcoy.es\/es\/termina-el-curso-mas-atipico-para-alumnos-y-profesores\/#breadcrumb","itemListElement":[{"@type":"ListItem","position":1,"name":"Portada","item":"https:\/\/www.copealcoy.es\/es\/"},{"@type":"ListItem","position":2,"name":"Termina el curso m\u00e1s at\u00edpico para alumnos y profesores"}]},{"@type":"WebSite","@id":"https:\/\/www.copealcoy.es\/es\/#website","url":"https:\/\/www.copealcoy.es\/es\/","name":"COPE Alcoy","description":"Emisora COPE de radio local con emisi\u00f3n online. Pont de Sant Jordi 8-10 03803 Alcoy","potentialAction":[{"@type":"SearchAction","target":{"@type":"EntryPoint","urlTemplate":"https:\/\/www.copealcoy.es\/es\/?s={search_term_string}"},"query-input":{"@type":"PropertyValueSpecification","valueRequired":true,"valueName":"search_term_string"}}],"inLanguage":"es"},{"@type":"Person","@id":"https:\/\/www.copealcoy.es\/es\/#\/schema\/person\/e777c87fa024e57d40170af9df39882c","name":"Cope Alcoy","image":{"@type":"ImageObject","inLanguage":"es","@id":"https:\/\/secure.gravatar.com\/avatar\/bb65d0283347e303893ba14f0692005417c1e0e690a325a4c5d8bb2b3943ee14?s=96&d=mm&r=g","url":"https:\/\/secure.gravatar.com\/avatar\/bb65d0283347e303893ba14f0692005417c1e0e690a325a4c5d8bb2b3943ee14?s=96&d=mm&r=g","contentUrl":"https:\/\/secure.gravatar.com\/avatar\/bb65d0283347e303893ba14f0692005417c1e0e690a325a4c5d8bb2b3943ee14?s=96&d=mm&r=g","caption":"Cope Alcoy"}}]}},"_links":{"self":[{"href":"https:\/\/www.copealcoy.es\/es\/wp-json\/wp\/v2\/posts\/75026","targetHints":{"allow":["GET"]}}],"collection":[{"href":"https:\/\/www.copealcoy.es\/es\/wp-json\/wp\/v2\/posts"}],"about":[{"href":"https:\/\/www.copealcoy.es\/es\/wp-json\/wp\/v2\/types\/post"}],"author":[{"embeddable":true,"href":"https:\/\/www.copealcoy.es\/es\/wp-json\/wp\/v2\/users\/1"}],"replies":[{"embeddable":true,"href":"https:\/\/www.copealcoy.es\/es\/wp-json\/wp\/v2\/comments?post=75026"}],"version-history":[{"count":0,"href":"https:\/\/www.copealcoy.es\/es\/wp-json\/wp\/v2\/posts\/75026\/revisions"}],"wp:featuredmedia":[{"embeddable":true,"href":"https:\/\/www.copealcoy.es\/es\/wp-json\/wp\/v2\/media\/75027"}],"wp:attachment":[{"href":"https:\/\/www.copealcoy.es\/es\/wp-json\/wp\/v2\/media?parent=75026"}],"wp:term":[{"taxonomy":"category","embeddable":true,"href":"https:\/\/www.copealcoy.es\/es\/wp-json\/wp\/v2\/categories?post=75026"},{"taxonomy":"post_tag","embeddable":true,"href":"https:\/\/www.copealcoy.es\/es\/wp-json\/wp\/v2\/tags?post=75026"}],"curies":[{"name":"wp","href":"https:\/\/api.w.org\/{rel}","templated":true}]}}