{"id":74862,"date":"2021-06-17T17:35:44","date_gmt":"2021-06-17T16:35:44","guid":{"rendered":"https:\/\/www.copealcoy.es\/?p=74862"},"modified":"2021-06-17T21:46:41","modified_gmt":"2021-06-17T20:46:41","slug":"el-gobierno-apuesta-por-mantener-el-paso-del-bus-por-el-centro","status":"publish","type":"post","link":"https:\/\/www.copealcoy.es\/es\/el-gobierno-apuesta-por-mantener-el-paso-del-bus-por-el-centro\/","title":{"rendered":"El Gobierno apuesta por mantener el paso del bus por el Centro"},"content":{"rendered":"<p style=\"text-align: justify;\">El <strong>Gobierno Municipal del PSOE<\/strong> plantea <strong>dos propuestas para el nuevo contrato del bus urbano de Alcoy<\/strong> tras recoger las iniciativas que se han ido planteado en el <strong>proceso participativo<\/strong> para este fin. Hay que se\u00f1alar que este \u00faltimo\u00a0 <strong>se ha desarrollado en la ciudad durante los \u00faltimos meses<\/strong> y la semana que viene est\u00e1 prevista <strong>la presentaci\u00f3n de las conclusiones alcanzadas<\/strong> a aquellos que han tomado parte en esta actividad.<\/p>\n<p style=\"text-align: justify;\">Por una parte se propone <strong>mantener las l\u00edneas actuales con una serie de mejoras:<\/strong> la <strong>l\u00ednea 1<\/strong> subir\u00eda hasta La Salle, la <strong>l\u00ednea 2<\/strong> llegar\u00eda hasta el entorno de Horta Major, por Isabel La Cat\u00f3lica, y se incorporar\u00eda adem\u00e1s <strong>una bolsa de horas<\/strong> para probar la viabilidad se servicios hasta los Pol\u00edgonos, el Polideportivo Municipal o las piscinas. Otro de los principales cambios propuestos son <strong>nuevos recorridos para el fin de semana<\/strong> que contemplar\u00edan evitar San Nicol\u00e1s y San Lorenzo, con microbuses, y que seguir\u00edan el trazado de la peatonalizaci\u00f3n del Centro. Tambi\u00e9n <strong>se crear\u00eda una nueva l\u00ednea, que comunicar\u00eda el Viaducto con toda la ciudad, <\/strong>desde el Cementerio y el Polideportivo Municipal hasta todos los barrios alcoyanos &#8220;<em>lo que pretendemos es que cuando se cierre al tr\u00e1fico el Centro, por cualquier acto festivo, los usuarios del autob\u00fas no se queden sin servicio o tengan que hacer movimientos extra\u00f1os para pillar aquel bus que les deja m\u00e1s cerca de su casa. Es una forma de darle un orden a las l\u00edneas y evitar las modificaciones o suspensiones del servicio que actualmente se producen cuando hay esos cierres a causa de diversas actividades<\/em>&#8220;, ha indicado el edil de Movilidad; <strong>Jordi Mart\u00ednez<\/strong>.<\/p>\n<p style=\"text-align: justify;\">El concejal insiste <strong>en que en el proceso participativo han estado presentes<\/strong> las Asociaciones de Vecinos, los trabajadores de la empresa concesionaria del bus e incluso usuarios del servicio que acuden a los institutos o centros educativos de la ciudad. Adem\u00e1s Mart\u00ednez ha reiterado que <strong>no se va a suprimir el paso de ninguna l\u00ednea de bus por el Centro de Alcoy<\/strong> &#8220;<em>en ning\u00fan momento hemos planteado esto. Son bulos que surgen de aquellas personas que est\u00e1n contrarias al proceso de peatonalizaci\u00f3n del barrio y que algunos partidos han aprovechado para sacar r\u00e9dito pol\u00edtico. Sobre la mesa est\u00e1n las dos opciones: dejar las l\u00edneas como est\u00e1n, con algunas modificaciones, o aplicar cambios para tener un servicio m\u00e1s eficiente<\/em>&#8220;, ha concluido el mun\u00edcipe.<\/p>\n<p style=\"text-align: justify;\">La propuesta del Ejecutivo Socialista para el nuevo pliego de condiciones del bus urbano <strong>implica de igual forma<\/strong> redactar un <strong>contrato de servicios<\/strong> para adjudicar el mismo, la instalaci\u00f3n de <strong>m\u00e1s sistemas en las paradas para conocer el posicionamiento de los diferentes buses cuando est\u00e1n circulando<\/strong>, la implantaci\u00f3n de <strong>auditorias del servicio<\/strong> o <strong>estudiar nuevas paradas<\/strong> en puntos de gran concentraci\u00f3n de usuarios como la Plaza Ferr\u00e1ndiz y Carbonell; cerca del CADA y el Campus de la UPV.<\/p>\n","protected":false},"excerpt":{"rendered":"<p>El Gobierno Municipal del PSOE plantea dos propuestas para el nuevo contrato del bus urbano de Alcoy tras recoger las&#8230;<\/p>\n","protected":false},"author":1,"featured_media":74638,"comment_status":"open","ping_status":"open","sticky":false,"template":"","format":"standard","meta":{"footnotes":""},"categories":[97,75,125],"tags":[5072,2618,139,4576,4403,4688],"class_list":["post-74862","post","type-post","status-publish","format-standard","has-post-thumbnail","hentry","category-alcoy","category-noticias","category-portada","tag-bus-urbano","tag-gobierno-municipal","tag-mejora","tag-nuevo-contrato","tag-pliego-de-condiciones","tag-propuesta"],"yoast_head":"<!-- This site is optimized with the Yoast SEO plugin v27.3 - https:\/\/yoast.com\/product\/yoast-seo-wordpress\/ -->\n<title>El Gobierno apuesta por mantener el paso del bus por el Centro - COPE Alcoy<\/title>\n<meta name=\"robots\" content=\"index, follow, max-snippet:-1, max-image-preview:large, max-video-preview:-1\" \/>\n<link rel=\"canonical\" href=\"https:\/\/www.copealcoy.es\/es\/el-gobierno-apuesta-por-mantener-el-paso-del-bus-por-el-centro\/\" \/>\n<meta property=\"og:locale\" content=\"es_ES\" \/>\n<meta property=\"og:type\" content=\"article\" \/>\n<meta property=\"og:title\" content=\"El Gobierno apuesta por mantener el paso del bus por el Centro - COPE Alcoy\" \/>\n<meta property=\"og:description\" content=\"El Gobierno Municipal del PSOE plantea dos propuestas para el nuevo contrato del bus urbano de Alcoy tras recoger las...\" \/>\n<meta property=\"og:url\" content=\"https:\/\/www.copealcoy.es\/es\/el-gobierno-apuesta-por-mantener-el-paso-del-bus-por-el-centro\/\" \/>\n<meta property=\"og:site_name\" content=\"COPE Alcoy\" \/>\n<meta property=\"article:published_time\" content=\"2021-06-17T16:35:44+00:00\" \/>\n<meta property=\"article:modified_time\" content=\"2021-06-17T20:46:41+00:00\" \/>\n<meta property=\"og:image\" content=\"https:\/\/www.copealcoy.es\/wp-content\/uploads\/2021\/06\/Autobus-urba-dAlcoi-scaled.jpg\" \/>\n\t<meta property=\"og:image:width\" content=\"2560\" \/>\n\t<meta property=\"og:image:height\" content=\"1920\" \/>\n\t<meta property=\"og:image:type\" content=\"image\/jpeg\" \/>\n<meta name=\"author\" content=\"Cope Alcoy\" \/>\n<meta name=\"twitter:label1\" content=\"Escrito por\" \/>\n\t<meta name=\"twitter:data1\" content=\"Cope Alcoy\" \/>\n\t<meta name=\"twitter:label2\" content=\"Tiempo de lectura\" \/>\n\t<meta name=\"twitter:data2\" content=\"3 minutos\" \/>\n<script type=\"application\/ld+json\" class=\"yoast-schema-graph\">{\"@context\":\"https:\\\/\\\/schema.org\",\"@graph\":[{\"@type\":\"Article\",\"@id\":\"https:\\\/\\\/www.copealcoy.es\\\/es\\\/el-gobierno-apuesta-por-mantener-el-paso-del-bus-por-el-centro\\\/#article\",\"isPartOf\":{\"@id\":\"https:\\\/\\\/www.copealcoy.es\\\/es\\\/el-gobierno-apuesta-por-mantener-el-paso-del-bus-por-el-centro\\\/\"},\"author\":{\"name\":\"Cope Alcoy\",\"@id\":\"https:\\\/\\\/www.copealcoy.es\\\/es\\\/#\\\/schema\\\/person\\\/e777c87fa024e57d40170af9df39882c\"},\"headline\":\"El Gobierno apuesta por mantener el paso del bus por el Centro\",\"datePublished\":\"2021-06-17T16:35:44+00:00\",\"dateModified\":\"2021-06-17T20:46:41+00:00\",\"mainEntityOfPage\":{\"@id\":\"https:\\\/\\\/www.copealcoy.es\\\/es\\\/el-gobierno-apuesta-por-mantener-el-paso-del-bus-por-el-centro\\\/\"},\"wordCount\":525,\"commentCount\":0,\"image\":{\"@id\":\"https:\\\/\\\/www.copealcoy.es\\\/es\\\/el-gobierno-apuesta-por-mantener-el-paso-del-bus-por-el-centro\\\/#primaryimage\"},\"thumbnailUrl\":\"https:\\\/\\\/www.copealcoy.es\\\/wp-content\\\/uploads\\\/2021\\\/06\\\/Autobus-urba-dAlcoi-scaled.jpg\",\"keywords\":[\"bus urbano\",\"Gobierno Municipal\",\"Mejora\",\"nuevo contrato\",\"pliego de condiciones\",\"propuesta\"],\"articleSection\":[\"Alcoy\",\"Noticias\",\"Portada\"],\"inLanguage\":\"es\"},{\"@type\":\"WebPage\",\"@id\":\"https:\\\/\\\/www.copealcoy.es\\\/es\\\/el-gobierno-apuesta-por-mantener-el-paso-del-bus-por-el-centro\\\/\",\"url\":\"https:\\\/\\\/www.copealcoy.es\\\/es\\\/el-gobierno-apuesta-por-mantener-el-paso-del-bus-por-el-centro\\\/\",\"name\":\"El Gobierno apuesta por mantener el paso del bus por el Centro - COPE Alcoy\",\"isPartOf\":{\"@id\":\"https:\\\/\\\/www.copealcoy.es\\\/es\\\/#website\"},\"primaryImageOfPage\":{\"@id\":\"https:\\\/\\\/www.copealcoy.es\\\/es\\\/el-gobierno-apuesta-por-mantener-el-paso-del-bus-por-el-centro\\\/#primaryimage\"},\"image\":{\"@id\":\"https:\\\/\\\/www.copealcoy.es\\\/es\\\/el-gobierno-apuesta-por-mantener-el-paso-del-bus-por-el-centro\\\/#primaryimage\"},\"thumbnailUrl\":\"https:\\\/\\\/www.copealcoy.es\\\/wp-content\\\/uploads\\\/2021\\\/06\\\/Autobus-urba-dAlcoi-scaled.jpg\",\"datePublished\":\"2021-06-17T16:35:44+00:00\",\"dateModified\":\"2021-06-17T20:46:41+00:00\",\"author\":{\"@id\":\"https:\\\/\\\/www.copealcoy.es\\\/es\\\/#\\\/schema\\\/person\\\/e777c87fa024e57d40170af9df39882c\"},\"breadcrumb\":{\"@id\":\"https:\\\/\\\/www.copealcoy.es\\\/es\\\/el-gobierno-apuesta-por-mantener-el-paso-del-bus-por-el-centro\\\/#breadcrumb\"},\"inLanguage\":\"es\",\"potentialAction\":[{\"@type\":\"ReadAction\",\"target\":[\"https:\\\/\\\/www.copealcoy.es\\\/es\\\/el-gobierno-apuesta-por-mantener-el-paso-del-bus-por-el-centro\\\/\"]}]},{\"@type\":\"ImageObject\",\"inLanguage\":\"es\",\"@id\":\"https:\\\/\\\/www.copealcoy.es\\\/es\\\/el-gobierno-apuesta-por-mantener-el-paso-del-bus-por-el-centro\\\/#primaryimage\",\"url\":\"https:\\\/\\\/www.copealcoy.es\\\/wp-content\\\/uploads\\\/2021\\\/06\\\/Autobus-urba-dAlcoi-scaled.jpg\",\"contentUrl\":\"https:\\\/\\\/www.copealcoy.es\\\/wp-content\\\/uploads\\\/2021\\\/06\\\/Autobus-urba-dAlcoi-scaled.jpg\",\"width\":2560,\"height\":1920},{\"@type\":\"BreadcrumbList\",\"@id\":\"https:\\\/\\\/www.copealcoy.es\\\/es\\\/el-gobierno-apuesta-por-mantener-el-paso-del-bus-por-el-centro\\\/#breadcrumb\",\"itemListElement\":[{\"@type\":\"ListItem\",\"position\":1,\"name\":\"Portada\",\"item\":\"https:\\\/\\\/www.copealcoy.es\\\/es\\\/\"},{\"@type\":\"ListItem\",\"position\":2,\"name\":\"El Gobierno apuesta por mantener el paso del bus por el Centro\"}]},{\"@type\":\"WebSite\",\"@id\":\"https:\\\/\\\/www.copealcoy.es\\\/es\\\/#website\",\"url\":\"https:\\\/\\\/www.copealcoy.es\\\/es\\\/\",\"name\":\"COPE Alcoy\",\"description\":\"Emisora COPE de radio local con emisi\u00f3n online. Pont de Sant Jordi 8-10 03803 Alcoy\",\"potentialAction\":[{\"@type\":\"SearchAction\",\"target\":{\"@type\":\"EntryPoint\",\"urlTemplate\":\"https:\\\/\\\/www.copealcoy.es\\\/es\\\/?s={search_term_string}\"},\"query-input\":{\"@type\":\"PropertyValueSpecification\",\"valueRequired\":true,\"valueName\":\"search_term_string\"}}],\"inLanguage\":\"es\"},{\"@type\":\"Person\",\"@id\":\"https:\\\/\\\/www.copealcoy.es\\\/es\\\/#\\\/schema\\\/person\\\/e777c87fa024e57d40170af9df39882c\",\"name\":\"Cope Alcoy\",\"image\":{\"@type\":\"ImageObject\",\"inLanguage\":\"es\",\"@id\":\"https:\\\/\\\/secure.gravatar.com\\\/avatar\\\/bb65d0283347e303893ba14f0692005417c1e0e690a325a4c5d8bb2b3943ee14?s=96&d=mm&r=g\",\"url\":\"https:\\\/\\\/secure.gravatar.com\\\/avatar\\\/bb65d0283347e303893ba14f0692005417c1e0e690a325a4c5d8bb2b3943ee14?s=96&d=mm&r=g\",\"contentUrl\":\"https:\\\/\\\/secure.gravatar.com\\\/avatar\\\/bb65d0283347e303893ba14f0692005417c1e0e690a325a4c5d8bb2b3943ee14?s=96&d=mm&r=g\",\"caption\":\"Cope Alcoy\"}}]}<\/script>\n<!-- \/ Yoast SEO plugin. -->","yoast_head_json":{"title":"El Gobierno apuesta por mantener el paso del bus por el Centro - COPE Alcoy","robots":{"index":"index","follow":"follow","max-snippet":"max-snippet:-1","max-image-preview":"max-image-preview:large","max-video-preview":"max-video-preview:-1"},"canonical":"https:\/\/www.copealcoy.es\/es\/el-gobierno-apuesta-por-mantener-el-paso-del-bus-por-el-centro\/","og_locale":"es_ES","og_type":"article","og_title":"El Gobierno apuesta por mantener el paso del bus por el Centro - COPE Alcoy","og_description":"El Gobierno Municipal del PSOE plantea dos propuestas para el nuevo contrato del bus urbano de Alcoy tras recoger las...","og_url":"https:\/\/www.copealcoy.es\/es\/el-gobierno-apuesta-por-mantener-el-paso-del-bus-por-el-centro\/","og_site_name":"COPE Alcoy","article_published_time":"2021-06-17T16:35:44+00:00","article_modified_time":"2021-06-17T20:46:41+00:00","og_image":[{"width":2560,"height":1920,"url":"https:\/\/www.copealcoy.es\/wp-content\/uploads\/2021\/06\/Autobus-urba-dAlcoi-scaled.jpg","type":"image\/jpeg"}],"author":"Cope Alcoy","twitter_misc":{"Escrito por":"Cope Alcoy","Tiempo de lectura":"3 minutos"},"schema":{"@context":"https:\/\/schema.org","@graph":[{"@type":"Article","@id":"https:\/\/www.copealcoy.es\/es\/el-gobierno-apuesta-por-mantener-el-paso-del-bus-por-el-centro\/#article","isPartOf":{"@id":"https:\/\/www.copealcoy.es\/es\/el-gobierno-apuesta-por-mantener-el-paso-del-bus-por-el-centro\/"},"author":{"name":"Cope Alcoy","@id":"https:\/\/www.copealcoy.es\/es\/#\/schema\/person\/e777c87fa024e57d40170af9df39882c"},"headline":"El Gobierno apuesta por mantener el paso del bus por el Centro","datePublished":"2021-06-17T16:35:44+00:00","dateModified":"2021-06-17T20:46:41+00:00","mainEntityOfPage":{"@id":"https:\/\/www.copealcoy.es\/es\/el-gobierno-apuesta-por-mantener-el-paso-del-bus-por-el-centro\/"},"wordCount":525,"commentCount":0,"image":{"@id":"https:\/\/www.copealcoy.es\/es\/el-gobierno-apuesta-por-mantener-el-paso-del-bus-por-el-centro\/#primaryimage"},"thumbnailUrl":"https:\/\/www.copealcoy.es\/wp-content\/uploads\/2021\/06\/Autobus-urba-dAlcoi-scaled.jpg","keywords":["bus urbano","Gobierno Municipal","Mejora","nuevo contrato","pliego de condiciones","propuesta"],"articleSection":["Alcoy","Noticias","Portada"],"inLanguage":"es"},{"@type":"WebPage","@id":"https:\/\/www.copealcoy.es\/es\/el-gobierno-apuesta-por-mantener-el-paso-del-bus-por-el-centro\/","url":"https:\/\/www.copealcoy.es\/es\/el-gobierno-apuesta-por-mantener-el-paso-del-bus-por-el-centro\/","name":"El Gobierno apuesta por mantener el paso del bus por el Centro - COPE Alcoy","isPartOf":{"@id":"https:\/\/www.copealcoy.es\/es\/#website"},"primaryImageOfPage":{"@id":"https:\/\/www.copealcoy.es\/es\/el-gobierno-apuesta-por-mantener-el-paso-del-bus-por-el-centro\/#primaryimage"},"image":{"@id":"https:\/\/www.copealcoy.es\/es\/el-gobierno-apuesta-por-mantener-el-paso-del-bus-por-el-centro\/#primaryimage"},"thumbnailUrl":"https:\/\/www.copealcoy.es\/wp-content\/uploads\/2021\/06\/Autobus-urba-dAlcoi-scaled.jpg","datePublished":"2021-06-17T16:35:44+00:00","dateModified":"2021-06-17T20:46:41+00:00","author":{"@id":"https:\/\/www.copealcoy.es\/es\/#\/schema\/person\/e777c87fa024e57d40170af9df39882c"},"breadcrumb":{"@id":"https:\/\/www.copealcoy.es\/es\/el-gobierno-apuesta-por-mantener-el-paso-del-bus-por-el-centro\/#breadcrumb"},"inLanguage":"es","potentialAction":[{"@type":"ReadAction","target":["https:\/\/www.copealcoy.es\/es\/el-gobierno-apuesta-por-mantener-el-paso-del-bus-por-el-centro\/"]}]},{"@type":"ImageObject","inLanguage":"es","@id":"https:\/\/www.copealcoy.es\/es\/el-gobierno-apuesta-por-mantener-el-paso-del-bus-por-el-centro\/#primaryimage","url":"https:\/\/www.copealcoy.es\/wp-content\/uploads\/2021\/06\/Autobus-urba-dAlcoi-scaled.jpg","contentUrl":"https:\/\/www.copealcoy.es\/wp-content\/uploads\/2021\/06\/Autobus-urba-dAlcoi-scaled.jpg","width":2560,"height":1920},{"@type":"BreadcrumbList","@id":"https:\/\/www.copealcoy.es\/es\/el-gobierno-apuesta-por-mantener-el-paso-del-bus-por-el-centro\/#breadcrumb","itemListElement":[{"@type":"ListItem","position":1,"name":"Portada","item":"https:\/\/www.copealcoy.es\/es\/"},{"@type":"ListItem","position":2,"name":"El Gobierno apuesta por mantener el paso del bus por el Centro"}]},{"@type":"WebSite","@id":"https:\/\/www.copealcoy.es\/es\/#website","url":"https:\/\/www.copealcoy.es\/es\/","name":"COPE Alcoy","description":"Emisora COPE de radio local con emisi\u00f3n online. Pont de Sant Jordi 8-10 03803 Alcoy","potentialAction":[{"@type":"SearchAction","target":{"@type":"EntryPoint","urlTemplate":"https:\/\/www.copealcoy.es\/es\/?s={search_term_string}"},"query-input":{"@type":"PropertyValueSpecification","valueRequired":true,"valueName":"search_term_string"}}],"inLanguage":"es"},{"@type":"Person","@id":"https:\/\/www.copealcoy.es\/es\/#\/schema\/person\/e777c87fa024e57d40170af9df39882c","name":"Cope Alcoy","image":{"@type":"ImageObject","inLanguage":"es","@id":"https:\/\/secure.gravatar.com\/avatar\/bb65d0283347e303893ba14f0692005417c1e0e690a325a4c5d8bb2b3943ee14?s=96&d=mm&r=g","url":"https:\/\/secure.gravatar.com\/avatar\/bb65d0283347e303893ba14f0692005417c1e0e690a325a4c5d8bb2b3943ee14?s=96&d=mm&r=g","contentUrl":"https:\/\/secure.gravatar.com\/avatar\/bb65d0283347e303893ba14f0692005417c1e0e690a325a4c5d8bb2b3943ee14?s=96&d=mm&r=g","caption":"Cope Alcoy"}}]}},"_links":{"self":[{"href":"https:\/\/www.copealcoy.es\/es\/wp-json\/wp\/v2\/posts\/74862","targetHints":{"allow":["GET"]}}],"collection":[{"href":"https:\/\/www.copealcoy.es\/es\/wp-json\/wp\/v2\/posts"}],"about":[{"href":"https:\/\/www.copealcoy.es\/es\/wp-json\/wp\/v2\/types\/post"}],"author":[{"embeddable":true,"href":"https:\/\/www.copealcoy.es\/es\/wp-json\/wp\/v2\/users\/1"}],"replies":[{"embeddable":true,"href":"https:\/\/www.copealcoy.es\/es\/wp-json\/wp\/v2\/comments?post=74862"}],"version-history":[{"count":0,"href":"https:\/\/www.copealcoy.es\/es\/wp-json\/wp\/v2\/posts\/74862\/revisions"}],"wp:featuredmedia":[{"embeddable":true,"href":"https:\/\/www.copealcoy.es\/es\/wp-json\/wp\/v2\/media\/74638"}],"wp:attachment":[{"href":"https:\/\/www.copealcoy.es\/es\/wp-json\/wp\/v2\/media?parent=74862"}],"wp:term":[{"taxonomy":"category","embeddable":true,"href":"https:\/\/www.copealcoy.es\/es\/wp-json\/wp\/v2\/categories?post=74862"},{"taxonomy":"post_tag","embeddable":true,"href":"https:\/\/www.copealcoy.es\/es\/wp-json\/wp\/v2\/tags?post=74862"}],"curies":[{"name":"wp","href":"https:\/\/api.w.org\/{rel}","templated":true}]}}