{"id":74803,"date":"2021-06-16T13:54:48","date_gmt":"2021-06-16T12:54:48","guid":{"rendered":"https:\/\/www.copealcoy.es\/?p=74803"},"modified":"2021-06-25T21:14:43","modified_gmt":"2021-06-25T20:14:43","slug":"denuncian-problemas-de-salud-por-la-presencia-de-palomas-en-el-centro-de-alcoy","status":"publish","type":"post","link":"https:\/\/www.copealcoy.es\/es\/denuncian-problemas-de-salud-por-la-presencia-de-palomas-en-el-centro-de-alcoy\/","title":{"rendered":"Denuncian problemas de salud por la presencia de palomas en el Centro de Alcoy"},"content":{"rendered":"<p style=\"text-align: justify;\">Una <strong>vecina del Centro de Alcoy<\/strong> ha denunciado desde COPE ALCOY <strong>la existencia de una colonia de palomas <\/strong>junto a su domicilio <strong>tras el derrumbe del inmueble colindante<\/strong> que exist\u00eda al lado de su casa. La afectada se\u00f1ala que la presencia de las aves <strong>ha generado una gran cantidad de suciedad<\/strong> y explica que esta situaci\u00f3n <strong>le impide hasta poder abrir las ventanas<\/strong> de su vivienda.<\/p>\n<p style=\"text-align: justify;\">El problema no queda ah\u00ed ya que las palomas, <strong>asegura Roc\u00edo Bustos<\/strong>, le han causado<strong> problemas en la piel<\/strong> tal y como ha podido confirmar la afectada a trav\u00e9s de <strong>los correspondientes informes m\u00e9dicos<\/strong>. Roc\u00edo afirma que hace m\u00e1s de un a\u00f1o <strong>traslad\u00f3 esta cuesti\u00f3n al Ayuntamiento de Alcoy<\/strong> y lamenta que hasta el momento <strong>no se haya adoptado una soluci\u00f3n al respecto<\/strong> &#8220;<em>empec\u00e9 a tener complicaciones serias en la piel y tuve que estar con varios tratamientos. Al final conseguimos averiguar que el origen era la exposici\u00f3n continua que tengo a los abundantes excrementos de palomas que se acumulan al lado de mi casa. Me dijeron en su momento que la colonia de palomas ir\u00eda desapareciendo pero han pasado los meses y seguimos igual<\/em>&#8220;, concluye Bustos.<\/p>\n<p style=\"text-align: justify;\">Esta residente en la calle San Nicol\u00e1s de Alcoy ha recibido en los \u00faltimos d\u00edas <strong>el apoyo de varios vecinos de la barriada<\/strong>, e incluso asociaciones locales, para que se atienda su reivindicaci\u00f3n. Reclaman\u00a0 que <strong>se limpie cuanto antes la zona existente junto al domicilio de Roc\u00edo<\/strong> para que esta \u00faltima pueda hacer una vida normal.<\/p>\n","protected":false},"excerpt":{"rendered":"<p>Una vecina del Centro de Alcoy ha denunciado desde COPE ALCOY la existencia de una colonia de palomas junto a&#8230;<\/p>\n","protected":false},"author":1,"featured_media":74804,"comment_status":"open","ping_status":"open","sticky":false,"template":"","format":"standard","meta":{"footnotes":""},"categories":[97,75,125],"tags":[1494,295,1461,11408,11407],"class_list":["post-74803","post","type-post","status-publish","format-standard","has-post-thumbnail","hentry","category-alcoy","category-noticias","category-portada","tag-alcoy","tag-centro","tag-denuncia","tag-presencia-de-palomas","tag-problemas-de-salud"],"yoast_head":"<!-- This site is optimized with the Yoast SEO plugin v27.3 - https:\/\/yoast.com\/product\/yoast-seo-wordpress\/ -->\n<title>Denuncian problemas de salud por la presencia de palomas en el Centro de Alcoy - COPE Alcoy<\/title>\n<meta name=\"robots\" content=\"index, follow, max-snippet:-1, max-image-preview:large, max-video-preview:-1\" \/>\n<link rel=\"canonical\" href=\"https:\/\/www.copealcoy.es\/es\/denuncian-problemas-de-salud-por-la-presencia-de-palomas-en-el-centro-de-alcoy\/\" \/>\n<meta property=\"og:locale\" content=\"es_ES\" \/>\n<meta property=\"og:type\" content=\"article\" \/>\n<meta property=\"og:title\" content=\"Denuncian problemas de salud por la presencia de palomas en el Centro de Alcoy - COPE Alcoy\" \/>\n<meta property=\"og:description\" content=\"Una vecina del Centro de Alcoy ha denunciado desde COPE ALCOY la existencia de una colonia de palomas junto a...\" \/>\n<meta property=\"og:url\" content=\"https:\/\/www.copealcoy.es\/es\/denuncian-problemas-de-salud-por-la-presencia-de-palomas-en-el-centro-de-alcoy\/\" \/>\n<meta property=\"og:site_name\" content=\"COPE Alcoy\" \/>\n<meta property=\"article:published_time\" content=\"2021-06-16T12:54:48+00:00\" \/>\n<meta property=\"article:modified_time\" content=\"2021-06-25T20:14:43+00:00\" \/>\n<meta property=\"og:image\" content=\"https:\/\/www.copealcoy.es\/wp-content\/uploads\/2021\/06\/200301947_2423710181105786_7266427734836270984_n.jpg\" \/>\n\t<meta property=\"og:image:width\" content=\"1440\" \/>\n\t<meta property=\"og:image:height\" content=\"1008\" \/>\n\t<meta property=\"og:image:type\" content=\"image\/jpeg\" \/>\n<meta name=\"author\" content=\"Cope Alcoy\" \/>\n<meta name=\"twitter:label1\" content=\"Escrito por\" \/>\n\t<meta name=\"twitter:data1\" content=\"Cope Alcoy\" \/>\n\t<meta name=\"twitter:label2\" content=\"Tiempo de lectura\" \/>\n\t<meta name=\"twitter:data2\" content=\"1 minuto\" \/>\n<script type=\"application\/ld+json\" class=\"yoast-schema-graph\">{\"@context\":\"https:\\\/\\\/schema.org\",\"@graph\":[{\"@type\":\"Article\",\"@id\":\"https:\\\/\\\/www.copealcoy.es\\\/es\\\/denuncian-problemas-de-salud-por-la-presencia-de-palomas-en-el-centro-de-alcoy\\\/#article\",\"isPartOf\":{\"@id\":\"https:\\\/\\\/www.copealcoy.es\\\/es\\\/denuncian-problemas-de-salud-por-la-presencia-de-palomas-en-el-centro-de-alcoy\\\/\"},\"author\":{\"name\":\"Cope Alcoy\",\"@id\":\"https:\\\/\\\/www.copealcoy.es\\\/es\\\/#\\\/schema\\\/person\\\/e777c87fa024e57d40170af9df39882c\"},\"headline\":\"Denuncian problemas de salud por la presencia de palomas en el Centro de Alcoy\",\"datePublished\":\"2021-06-16T12:54:48+00:00\",\"dateModified\":\"2021-06-25T20:14:43+00:00\",\"mainEntityOfPage\":{\"@id\":\"https:\\\/\\\/www.copealcoy.es\\\/es\\\/denuncian-problemas-de-salud-por-la-presencia-de-palomas-en-el-centro-de-alcoy\\\/\"},\"wordCount\":280,\"commentCount\":0,\"image\":{\"@id\":\"https:\\\/\\\/www.copealcoy.es\\\/es\\\/denuncian-problemas-de-salud-por-la-presencia-de-palomas-en-el-centro-de-alcoy\\\/#primaryimage\"},\"thumbnailUrl\":\"https:\\\/\\\/www.copealcoy.es\\\/wp-content\\\/uploads\\\/2021\\\/06\\\/200301947_2423710181105786_7266427734836270984_n.jpg\",\"keywords\":[\"Alcoy\",\"Centro\",\"Denuncia\",\"presencia de palomas\",\"problemas de salud\"],\"articleSection\":[\"Alcoy\",\"Noticias\",\"Portada\"],\"inLanguage\":\"es\"},{\"@type\":\"WebPage\",\"@id\":\"https:\\\/\\\/www.copealcoy.es\\\/es\\\/denuncian-problemas-de-salud-por-la-presencia-de-palomas-en-el-centro-de-alcoy\\\/\",\"url\":\"https:\\\/\\\/www.copealcoy.es\\\/es\\\/denuncian-problemas-de-salud-por-la-presencia-de-palomas-en-el-centro-de-alcoy\\\/\",\"name\":\"Denuncian problemas de salud por la presencia de palomas en el Centro de Alcoy - COPE Alcoy\",\"isPartOf\":{\"@id\":\"https:\\\/\\\/www.copealcoy.es\\\/es\\\/#website\"},\"primaryImageOfPage\":{\"@id\":\"https:\\\/\\\/www.copealcoy.es\\\/es\\\/denuncian-problemas-de-salud-por-la-presencia-de-palomas-en-el-centro-de-alcoy\\\/#primaryimage\"},\"image\":{\"@id\":\"https:\\\/\\\/www.copealcoy.es\\\/es\\\/denuncian-problemas-de-salud-por-la-presencia-de-palomas-en-el-centro-de-alcoy\\\/#primaryimage\"},\"thumbnailUrl\":\"https:\\\/\\\/www.copealcoy.es\\\/wp-content\\\/uploads\\\/2021\\\/06\\\/200301947_2423710181105786_7266427734836270984_n.jpg\",\"datePublished\":\"2021-06-16T12:54:48+00:00\",\"dateModified\":\"2021-06-25T20:14:43+00:00\",\"author\":{\"@id\":\"https:\\\/\\\/www.copealcoy.es\\\/es\\\/#\\\/schema\\\/person\\\/e777c87fa024e57d40170af9df39882c\"},\"breadcrumb\":{\"@id\":\"https:\\\/\\\/www.copealcoy.es\\\/es\\\/denuncian-problemas-de-salud-por-la-presencia-de-palomas-en-el-centro-de-alcoy\\\/#breadcrumb\"},\"inLanguage\":\"es\",\"potentialAction\":[{\"@type\":\"ReadAction\",\"target\":[\"https:\\\/\\\/www.copealcoy.es\\\/es\\\/denuncian-problemas-de-salud-por-la-presencia-de-palomas-en-el-centro-de-alcoy\\\/\"]}]},{\"@type\":\"ImageObject\",\"inLanguage\":\"es\",\"@id\":\"https:\\\/\\\/www.copealcoy.es\\\/es\\\/denuncian-problemas-de-salud-por-la-presencia-de-palomas-en-el-centro-de-alcoy\\\/#primaryimage\",\"url\":\"https:\\\/\\\/www.copealcoy.es\\\/wp-content\\\/uploads\\\/2021\\\/06\\\/200301947_2423710181105786_7266427734836270984_n.jpg\",\"contentUrl\":\"https:\\\/\\\/www.copealcoy.es\\\/wp-content\\\/uploads\\\/2021\\\/06\\\/200301947_2423710181105786_7266427734836270984_n.jpg\",\"width\":1440,\"height\":1008},{\"@type\":\"BreadcrumbList\",\"@id\":\"https:\\\/\\\/www.copealcoy.es\\\/es\\\/denuncian-problemas-de-salud-por-la-presencia-de-palomas-en-el-centro-de-alcoy\\\/#breadcrumb\",\"itemListElement\":[{\"@type\":\"ListItem\",\"position\":1,\"name\":\"Portada\",\"item\":\"https:\\\/\\\/www.copealcoy.es\\\/es\\\/\"},{\"@type\":\"ListItem\",\"position\":2,\"name\":\"Denuncian problemas de salud por la presencia de palomas en el Centro de Alcoy\"}]},{\"@type\":\"WebSite\",\"@id\":\"https:\\\/\\\/www.copealcoy.es\\\/es\\\/#website\",\"url\":\"https:\\\/\\\/www.copealcoy.es\\\/es\\\/\",\"name\":\"COPE Alcoy\",\"description\":\"Emisora COPE de radio local con emisi\u00f3n online. Pont de Sant Jordi 8-10 03803 Alcoy\",\"potentialAction\":[{\"@type\":\"SearchAction\",\"target\":{\"@type\":\"EntryPoint\",\"urlTemplate\":\"https:\\\/\\\/www.copealcoy.es\\\/es\\\/?s={search_term_string}\"},\"query-input\":{\"@type\":\"PropertyValueSpecification\",\"valueRequired\":true,\"valueName\":\"search_term_string\"}}],\"inLanguage\":\"es\"},{\"@type\":\"Person\",\"@id\":\"https:\\\/\\\/www.copealcoy.es\\\/es\\\/#\\\/schema\\\/person\\\/e777c87fa024e57d40170af9df39882c\",\"name\":\"Cope Alcoy\",\"image\":{\"@type\":\"ImageObject\",\"inLanguage\":\"es\",\"@id\":\"https:\\\/\\\/secure.gravatar.com\\\/avatar\\\/bb65d0283347e303893ba14f0692005417c1e0e690a325a4c5d8bb2b3943ee14?s=96&d=mm&r=g\",\"url\":\"https:\\\/\\\/secure.gravatar.com\\\/avatar\\\/bb65d0283347e303893ba14f0692005417c1e0e690a325a4c5d8bb2b3943ee14?s=96&d=mm&r=g\",\"contentUrl\":\"https:\\\/\\\/secure.gravatar.com\\\/avatar\\\/bb65d0283347e303893ba14f0692005417c1e0e690a325a4c5d8bb2b3943ee14?s=96&d=mm&r=g\",\"caption\":\"Cope Alcoy\"}}]}<\/script>\n<!-- \/ Yoast SEO plugin. -->","yoast_head_json":{"title":"Denuncian problemas de salud por la presencia de palomas en el Centro de Alcoy - COPE Alcoy","robots":{"index":"index","follow":"follow","max-snippet":"max-snippet:-1","max-image-preview":"max-image-preview:large","max-video-preview":"max-video-preview:-1"},"canonical":"https:\/\/www.copealcoy.es\/es\/denuncian-problemas-de-salud-por-la-presencia-de-palomas-en-el-centro-de-alcoy\/","og_locale":"es_ES","og_type":"article","og_title":"Denuncian problemas de salud por la presencia de palomas en el Centro de Alcoy - COPE Alcoy","og_description":"Una vecina del Centro de Alcoy ha denunciado desde COPE ALCOY la existencia de una colonia de palomas junto a...","og_url":"https:\/\/www.copealcoy.es\/es\/denuncian-problemas-de-salud-por-la-presencia-de-palomas-en-el-centro-de-alcoy\/","og_site_name":"COPE Alcoy","article_published_time":"2021-06-16T12:54:48+00:00","article_modified_time":"2021-06-25T20:14:43+00:00","og_image":[{"width":1440,"height":1008,"url":"https:\/\/www.copealcoy.es\/wp-content\/uploads\/2021\/06\/200301947_2423710181105786_7266427734836270984_n.jpg","type":"image\/jpeg"}],"author":"Cope Alcoy","twitter_misc":{"Escrito por":"Cope Alcoy","Tiempo de lectura":"1 minuto"},"schema":{"@context":"https:\/\/schema.org","@graph":[{"@type":"Article","@id":"https:\/\/www.copealcoy.es\/es\/denuncian-problemas-de-salud-por-la-presencia-de-palomas-en-el-centro-de-alcoy\/#article","isPartOf":{"@id":"https:\/\/www.copealcoy.es\/es\/denuncian-problemas-de-salud-por-la-presencia-de-palomas-en-el-centro-de-alcoy\/"},"author":{"name":"Cope Alcoy","@id":"https:\/\/www.copealcoy.es\/es\/#\/schema\/person\/e777c87fa024e57d40170af9df39882c"},"headline":"Denuncian problemas de salud por la presencia de palomas en el Centro de Alcoy","datePublished":"2021-06-16T12:54:48+00:00","dateModified":"2021-06-25T20:14:43+00:00","mainEntityOfPage":{"@id":"https:\/\/www.copealcoy.es\/es\/denuncian-problemas-de-salud-por-la-presencia-de-palomas-en-el-centro-de-alcoy\/"},"wordCount":280,"commentCount":0,"image":{"@id":"https:\/\/www.copealcoy.es\/es\/denuncian-problemas-de-salud-por-la-presencia-de-palomas-en-el-centro-de-alcoy\/#primaryimage"},"thumbnailUrl":"https:\/\/www.copealcoy.es\/wp-content\/uploads\/2021\/06\/200301947_2423710181105786_7266427734836270984_n.jpg","keywords":["Alcoy","Centro","Denuncia","presencia de palomas","problemas de salud"],"articleSection":["Alcoy","Noticias","Portada"],"inLanguage":"es"},{"@type":"WebPage","@id":"https:\/\/www.copealcoy.es\/es\/denuncian-problemas-de-salud-por-la-presencia-de-palomas-en-el-centro-de-alcoy\/","url":"https:\/\/www.copealcoy.es\/es\/denuncian-problemas-de-salud-por-la-presencia-de-palomas-en-el-centro-de-alcoy\/","name":"Denuncian problemas de salud por la presencia de palomas en el Centro de Alcoy - COPE Alcoy","isPartOf":{"@id":"https:\/\/www.copealcoy.es\/es\/#website"},"primaryImageOfPage":{"@id":"https:\/\/www.copealcoy.es\/es\/denuncian-problemas-de-salud-por-la-presencia-de-palomas-en-el-centro-de-alcoy\/#primaryimage"},"image":{"@id":"https:\/\/www.copealcoy.es\/es\/denuncian-problemas-de-salud-por-la-presencia-de-palomas-en-el-centro-de-alcoy\/#primaryimage"},"thumbnailUrl":"https:\/\/www.copealcoy.es\/wp-content\/uploads\/2021\/06\/200301947_2423710181105786_7266427734836270984_n.jpg","datePublished":"2021-06-16T12:54:48+00:00","dateModified":"2021-06-25T20:14:43+00:00","author":{"@id":"https:\/\/www.copealcoy.es\/es\/#\/schema\/person\/e777c87fa024e57d40170af9df39882c"},"breadcrumb":{"@id":"https:\/\/www.copealcoy.es\/es\/denuncian-problemas-de-salud-por-la-presencia-de-palomas-en-el-centro-de-alcoy\/#breadcrumb"},"inLanguage":"es","potentialAction":[{"@type":"ReadAction","target":["https:\/\/www.copealcoy.es\/es\/denuncian-problemas-de-salud-por-la-presencia-de-palomas-en-el-centro-de-alcoy\/"]}]},{"@type":"ImageObject","inLanguage":"es","@id":"https:\/\/www.copealcoy.es\/es\/denuncian-problemas-de-salud-por-la-presencia-de-palomas-en-el-centro-de-alcoy\/#primaryimage","url":"https:\/\/www.copealcoy.es\/wp-content\/uploads\/2021\/06\/200301947_2423710181105786_7266427734836270984_n.jpg","contentUrl":"https:\/\/www.copealcoy.es\/wp-content\/uploads\/2021\/06\/200301947_2423710181105786_7266427734836270984_n.jpg","width":1440,"height":1008},{"@type":"BreadcrumbList","@id":"https:\/\/www.copealcoy.es\/es\/denuncian-problemas-de-salud-por-la-presencia-de-palomas-en-el-centro-de-alcoy\/#breadcrumb","itemListElement":[{"@type":"ListItem","position":1,"name":"Portada","item":"https:\/\/www.copealcoy.es\/es\/"},{"@type":"ListItem","position":2,"name":"Denuncian problemas de salud por la presencia de palomas en el Centro de Alcoy"}]},{"@type":"WebSite","@id":"https:\/\/www.copealcoy.es\/es\/#website","url":"https:\/\/www.copealcoy.es\/es\/","name":"COPE Alcoy","description":"Emisora COPE de radio local con emisi\u00f3n online. Pont de Sant Jordi 8-10 03803 Alcoy","potentialAction":[{"@type":"SearchAction","target":{"@type":"EntryPoint","urlTemplate":"https:\/\/www.copealcoy.es\/es\/?s={search_term_string}"},"query-input":{"@type":"PropertyValueSpecification","valueRequired":true,"valueName":"search_term_string"}}],"inLanguage":"es"},{"@type":"Person","@id":"https:\/\/www.copealcoy.es\/es\/#\/schema\/person\/e777c87fa024e57d40170af9df39882c","name":"Cope Alcoy","image":{"@type":"ImageObject","inLanguage":"es","@id":"https:\/\/secure.gravatar.com\/avatar\/bb65d0283347e303893ba14f0692005417c1e0e690a325a4c5d8bb2b3943ee14?s=96&d=mm&r=g","url":"https:\/\/secure.gravatar.com\/avatar\/bb65d0283347e303893ba14f0692005417c1e0e690a325a4c5d8bb2b3943ee14?s=96&d=mm&r=g","contentUrl":"https:\/\/secure.gravatar.com\/avatar\/bb65d0283347e303893ba14f0692005417c1e0e690a325a4c5d8bb2b3943ee14?s=96&d=mm&r=g","caption":"Cope Alcoy"}}]}},"_links":{"self":[{"href":"https:\/\/www.copealcoy.es\/es\/wp-json\/wp\/v2\/posts\/74803","targetHints":{"allow":["GET"]}}],"collection":[{"href":"https:\/\/www.copealcoy.es\/es\/wp-json\/wp\/v2\/posts"}],"about":[{"href":"https:\/\/www.copealcoy.es\/es\/wp-json\/wp\/v2\/types\/post"}],"author":[{"embeddable":true,"href":"https:\/\/www.copealcoy.es\/es\/wp-json\/wp\/v2\/users\/1"}],"replies":[{"embeddable":true,"href":"https:\/\/www.copealcoy.es\/es\/wp-json\/wp\/v2\/comments?post=74803"}],"version-history":[{"count":0,"href":"https:\/\/www.copealcoy.es\/es\/wp-json\/wp\/v2\/posts\/74803\/revisions"}],"wp:featuredmedia":[{"embeddable":true,"href":"https:\/\/www.copealcoy.es\/es\/wp-json\/wp\/v2\/media\/74804"}],"wp:attachment":[{"href":"https:\/\/www.copealcoy.es\/es\/wp-json\/wp\/v2\/media?parent=74803"}],"wp:term":[{"taxonomy":"category","embeddable":true,"href":"https:\/\/www.copealcoy.es\/es\/wp-json\/wp\/v2\/categories?post=74803"},{"taxonomy":"post_tag","embeddable":true,"href":"https:\/\/www.copealcoy.es\/es\/wp-json\/wp\/v2\/tags?post=74803"}],"curies":[{"name":"wp","href":"https:\/\/api.w.org\/{rel}","templated":true}]}}