{"id":74701,"date":"2021-06-14T16:14:38","date_gmt":"2021-06-14T15:14:38","guid":{"rendered":"https:\/\/www.copealcoy.es\/?p=74701"},"modified":"2021-06-14T16:24:02","modified_gmt":"2021-06-14T15:24:02","slug":"conselleria-qualifica-el-projecte-del-bosco-com-un-referent-en-infraestructures-educatives","status":"publish","type":"post","link":"https:\/\/www.copealcoy.es\/es\/conselleria-qualifica-el-projecte-del-bosco-com-un-referent-en-infraestructures-educatives\/","title":{"rendered":"Conselleria qualifica el projecte del Bosco com un referent en Infraestructures Educatives"},"content":{"rendered":"<p style=\"text-align: justify;\">El Director General d\u2019Infraestructures Educatives de la Generalitat Valenciana, <strong>V\u00edctor Garcia<\/strong>, ha visitat recentment <strong>l&#8217;inici de les obres per a la unificaci\u00f3 del Col\u00b7legi Sant Joan Bosco de Cocentaina<\/strong>. Els treballs, <strong>valorats en m\u00e9s de 6 milions d&#8217;euros<\/strong>, tindran una durada aproximada de dos anys i permetran <strong>la unificaci\u00f3 d&#8217;un centre educatiu que actualment est\u00e0 dividit en dos immobles<\/strong> des de fa m\u00e9s de trenta anys.<\/p>\n<p style=\"text-align: justify;\">L\u2019encontre <strong>va ser de contingut t\u00e8cnic<\/strong> i a ell van assistir l\u2019alcaldessa de la Vila Comtal, la regidora d\u2019urbanisme, l\u2019arquitecta municipal, la directora de l\u2019escola i els dos directors de l\u2019obra. El mateix Director General d&#8217;Infraestructures Educatives de la Generalitat, segons explica el Consistori contest\u00e0, <strong>va quedar entusiasmat amb el concepte de centre educatiu que s\u2019implantar\u00e0 a Cocentaina<\/strong>, <strong>el seu proc\u00e9s de creaci\u00f3<\/strong> i el <strong>tipus de materials que seran utilitzats<\/strong>. A m\u00e9s Garcia es va interessar per <strong>la soluci\u00f3 que es donar\u00e0 al sofisticat sistema de ventilaci\u00f3 de l\u2019edifici<\/strong>, tot un exemple d\u2019innovaci\u00f3 al m\u00f3n de les infraestructures educatives &#8220;<em>\u00e9s una satisfacci\u00f3 molt gran que el responsable de les construccions de les escoles de tota la Comunitat Valenciana ens diga que el Bosco ser\u00e0 un referent i sabem que, certament, ho ser\u00e0 perqu\u00e8 l\u2019escola s\u2019adapta a all\u00f2 que ha somiat la comunitat educativa, perqu\u00e8 s\u2019ha cuidat cada detall dels espais que contindr\u00e0 i el material del qual es faran i perqu\u00e8 ser\u00e0 una escola respectuosa amb el medi ambient en el seu \u00fas de l\u2019energia<\/em>&#8220;, afirma l&#8217;alcaldessa contestana; <strong>Mireia Estepa<\/strong>.<\/p>\n<p style=\"text-align: justify;\">La nova escola <strong>tindr\u00e0 un car\u00e0cter sostenible<\/strong> fet que ha motivat que el responsable auton\u00f2mic haja comunicat que <strong>vol visitar-la en m\u00e9s ocasions<\/strong> per <strong>con\u00e9ixer la seua evoluci\u00f3<\/strong> i que haja sol\u00b7licitat <strong>el contacte dels directors i dissenyadors del projecte<\/strong> per qu\u00e8 el Bosco <strong>siga una obra de refer\u00e8ncia<\/strong> per a altres infraestructures d\u2019Edificant.<\/p>\n","protected":false},"excerpt":{"rendered":"<p>El Director General d\u2019Infraestructures Educatives de la Generalitat Valenciana, V\u00edctor Garcia, ha visitat recentment l&#8217;inici de les obres per a&#8230;<\/p>\n","protected":false},"author":1,"featured_media":74702,"comment_status":"open","ping_status":"open","sticky":false,"template":"","format":"standard","meta":{"footnotes":""},"categories":[98,75],"tags":[795,132,561,11388,1799,1954,7728],"class_list":["post-74701","post","type-post","status-publish","format-standard","has-post-thumbnail","hentry","category-comarcas","category-noticias","tag-bosco","tag-cocentaina","tag-conselleria","tag-director-general-dinfraestructures-educatives","tag-mireia-estepa","tag-obra","tag-projecte"],"yoast_head":"<!-- This site is optimized with the Yoast SEO plugin v27.3 - https:\/\/yoast.com\/product\/yoast-seo-wordpress\/ -->\n<title>Conselleria qualifica el projecte del Bosco com un referent en Infraestructures Educatives - COPE Alcoy<\/title>\n<meta name=\"robots\" content=\"index, follow, max-snippet:-1, max-image-preview:large, max-video-preview:-1\" \/>\n<link rel=\"canonical\" href=\"https:\/\/www.copealcoy.es\/es\/conselleria-qualifica-el-projecte-del-bosco-com-un-referent-en-infraestructures-educatives\/\" \/>\n<meta property=\"og:locale\" content=\"es_ES\" \/>\n<meta property=\"og:type\" content=\"article\" \/>\n<meta property=\"og:title\" content=\"Conselleria qualifica el projecte del Bosco com un referent en Infraestructures Educatives - COPE Alcoy\" \/>\n<meta property=\"og:description\" content=\"El Director General d\u2019Infraestructures Educatives de la Generalitat Valenciana, V\u00edctor Garcia, ha visitat recentment l&#8217;inici de les obres per a...\" \/>\n<meta property=\"og:url\" content=\"https:\/\/www.copealcoy.es\/es\/conselleria-qualifica-el-projecte-del-bosco-com-un-referent-en-infraestructures-educatives\/\" \/>\n<meta property=\"og:site_name\" content=\"COPE Alcoy\" \/>\n<meta property=\"article:published_time\" content=\"2021-06-14T15:14:38+00:00\" \/>\n<meta property=\"article:modified_time\" content=\"2021-06-14T15:24:02+00:00\" \/>\n<meta property=\"og:image\" content=\"https:\/\/www.copealcoy.es\/wp-content\/uploads\/2021\/06\/timThumb-1.jpg\" \/>\n\t<meta property=\"og:image:width\" content=\"800\" \/>\n\t<meta property=\"og:image:height\" content=\"369\" \/>\n\t<meta property=\"og:image:type\" content=\"image\/jpeg\" \/>\n<meta name=\"author\" content=\"Cope Alcoy\" \/>\n<meta name=\"twitter:label1\" content=\"Escrito por\" \/>\n\t<meta name=\"twitter:data1\" content=\"Cope Alcoy\" \/>\n\t<meta name=\"twitter:label2\" content=\"Tiempo de lectura\" \/>\n\t<meta name=\"twitter:data2\" content=\"2 minutos\" \/>\n<script type=\"application\/ld+json\" class=\"yoast-schema-graph\">{\"@context\":\"https:\\\/\\\/schema.org\",\"@graph\":[{\"@type\":\"Article\",\"@id\":\"https:\\\/\\\/www.copealcoy.es\\\/es\\\/conselleria-qualifica-el-projecte-del-bosco-com-un-referent-en-infraestructures-educatives\\\/#article\",\"isPartOf\":{\"@id\":\"https:\\\/\\\/www.copealcoy.es\\\/es\\\/conselleria-qualifica-el-projecte-del-bosco-com-un-referent-en-infraestructures-educatives\\\/\"},\"author\":{\"name\":\"Cope Alcoy\",\"@id\":\"https:\\\/\\\/www.copealcoy.es\\\/es\\\/#\\\/schema\\\/person\\\/e777c87fa024e57d40170af9df39882c\"},\"headline\":\"Conselleria qualifica el projecte del Bosco com un referent en Infraestructures Educatives\",\"datePublished\":\"2021-06-14T15:14:38+00:00\",\"dateModified\":\"2021-06-14T15:24:02+00:00\",\"mainEntityOfPage\":{\"@id\":\"https:\\\/\\\/www.copealcoy.es\\\/es\\\/conselleria-qualifica-el-projecte-del-bosco-com-un-referent-en-infraestructures-educatives\\\/\"},\"wordCount\":346,\"commentCount\":0,\"image\":{\"@id\":\"https:\\\/\\\/www.copealcoy.es\\\/es\\\/conselleria-qualifica-el-projecte-del-bosco-com-un-referent-en-infraestructures-educatives\\\/#primaryimage\"},\"thumbnailUrl\":\"https:\\\/\\\/www.copealcoy.es\\\/wp-content\\\/uploads\\\/2021\\\/06\\\/timThumb-1.jpg\",\"keywords\":[\"Bosco\",\"Cocentaina\",\"Conseller\u00eda\",\"Director General d'Infraestructures Educatives\",\"Mireia Estepa\",\"obra\",\"projecte\"],\"articleSection\":[\"Comarcas\",\"Noticias\"],\"inLanguage\":\"es\"},{\"@type\":\"WebPage\",\"@id\":\"https:\\\/\\\/www.copealcoy.es\\\/es\\\/conselleria-qualifica-el-projecte-del-bosco-com-un-referent-en-infraestructures-educatives\\\/\",\"url\":\"https:\\\/\\\/www.copealcoy.es\\\/es\\\/conselleria-qualifica-el-projecte-del-bosco-com-un-referent-en-infraestructures-educatives\\\/\",\"name\":\"Conselleria qualifica el projecte del Bosco com un referent en Infraestructures Educatives - COPE Alcoy\",\"isPartOf\":{\"@id\":\"https:\\\/\\\/www.copealcoy.es\\\/es\\\/#website\"},\"primaryImageOfPage\":{\"@id\":\"https:\\\/\\\/www.copealcoy.es\\\/es\\\/conselleria-qualifica-el-projecte-del-bosco-com-un-referent-en-infraestructures-educatives\\\/#primaryimage\"},\"image\":{\"@id\":\"https:\\\/\\\/www.copealcoy.es\\\/es\\\/conselleria-qualifica-el-projecte-del-bosco-com-un-referent-en-infraestructures-educatives\\\/#primaryimage\"},\"thumbnailUrl\":\"https:\\\/\\\/www.copealcoy.es\\\/wp-content\\\/uploads\\\/2021\\\/06\\\/timThumb-1.jpg\",\"datePublished\":\"2021-06-14T15:14:38+00:00\",\"dateModified\":\"2021-06-14T15:24:02+00:00\",\"author\":{\"@id\":\"https:\\\/\\\/www.copealcoy.es\\\/es\\\/#\\\/schema\\\/person\\\/e777c87fa024e57d40170af9df39882c\"},\"breadcrumb\":{\"@id\":\"https:\\\/\\\/www.copealcoy.es\\\/es\\\/conselleria-qualifica-el-projecte-del-bosco-com-un-referent-en-infraestructures-educatives\\\/#breadcrumb\"},\"inLanguage\":\"es\",\"potentialAction\":[{\"@type\":\"ReadAction\",\"target\":[\"https:\\\/\\\/www.copealcoy.es\\\/es\\\/conselleria-qualifica-el-projecte-del-bosco-com-un-referent-en-infraestructures-educatives\\\/\"]}]},{\"@type\":\"ImageObject\",\"inLanguage\":\"es\",\"@id\":\"https:\\\/\\\/www.copealcoy.es\\\/es\\\/conselleria-qualifica-el-projecte-del-bosco-com-un-referent-en-infraestructures-educatives\\\/#primaryimage\",\"url\":\"https:\\\/\\\/www.copealcoy.es\\\/wp-content\\\/uploads\\\/2021\\\/06\\\/timThumb-1.jpg\",\"contentUrl\":\"https:\\\/\\\/www.copealcoy.es\\\/wp-content\\\/uploads\\\/2021\\\/06\\\/timThumb-1.jpg\",\"width\":800,\"height\":369},{\"@type\":\"BreadcrumbList\",\"@id\":\"https:\\\/\\\/www.copealcoy.es\\\/es\\\/conselleria-qualifica-el-projecte-del-bosco-com-un-referent-en-infraestructures-educatives\\\/#breadcrumb\",\"itemListElement\":[{\"@type\":\"ListItem\",\"position\":1,\"name\":\"Portada\",\"item\":\"https:\\\/\\\/www.copealcoy.es\\\/es\\\/\"},{\"@type\":\"ListItem\",\"position\":2,\"name\":\"Conselleria qualifica el projecte del Bosco com un referent en Infraestructures Educatives\"}]},{\"@type\":\"WebSite\",\"@id\":\"https:\\\/\\\/www.copealcoy.es\\\/es\\\/#website\",\"url\":\"https:\\\/\\\/www.copealcoy.es\\\/es\\\/\",\"name\":\"COPE Alcoy\",\"description\":\"Emisora COPE de radio local con emisi\u00f3n online. Pont de Sant Jordi 8-10 03803 Alcoy\",\"potentialAction\":[{\"@type\":\"SearchAction\",\"target\":{\"@type\":\"EntryPoint\",\"urlTemplate\":\"https:\\\/\\\/www.copealcoy.es\\\/es\\\/?s={search_term_string}\"},\"query-input\":{\"@type\":\"PropertyValueSpecification\",\"valueRequired\":true,\"valueName\":\"search_term_string\"}}],\"inLanguage\":\"es\"},{\"@type\":\"Person\",\"@id\":\"https:\\\/\\\/www.copealcoy.es\\\/es\\\/#\\\/schema\\\/person\\\/e777c87fa024e57d40170af9df39882c\",\"name\":\"Cope Alcoy\",\"image\":{\"@type\":\"ImageObject\",\"inLanguage\":\"es\",\"@id\":\"https:\\\/\\\/secure.gravatar.com\\\/avatar\\\/bb65d0283347e303893ba14f0692005417c1e0e690a325a4c5d8bb2b3943ee14?s=96&d=mm&r=g\",\"url\":\"https:\\\/\\\/secure.gravatar.com\\\/avatar\\\/bb65d0283347e303893ba14f0692005417c1e0e690a325a4c5d8bb2b3943ee14?s=96&d=mm&r=g\",\"contentUrl\":\"https:\\\/\\\/secure.gravatar.com\\\/avatar\\\/bb65d0283347e303893ba14f0692005417c1e0e690a325a4c5d8bb2b3943ee14?s=96&d=mm&r=g\",\"caption\":\"Cope Alcoy\"}}]}<\/script>\n<!-- \/ Yoast SEO plugin. -->","yoast_head_json":{"title":"Conselleria qualifica el projecte del Bosco com un referent en Infraestructures Educatives - COPE Alcoy","robots":{"index":"index","follow":"follow","max-snippet":"max-snippet:-1","max-image-preview":"max-image-preview:large","max-video-preview":"max-video-preview:-1"},"canonical":"https:\/\/www.copealcoy.es\/es\/conselleria-qualifica-el-projecte-del-bosco-com-un-referent-en-infraestructures-educatives\/","og_locale":"es_ES","og_type":"article","og_title":"Conselleria qualifica el projecte del Bosco com un referent en Infraestructures Educatives - COPE Alcoy","og_description":"El Director General d\u2019Infraestructures Educatives de la Generalitat Valenciana, V\u00edctor Garcia, ha visitat recentment l&#8217;inici de les obres per a...","og_url":"https:\/\/www.copealcoy.es\/es\/conselleria-qualifica-el-projecte-del-bosco-com-un-referent-en-infraestructures-educatives\/","og_site_name":"COPE Alcoy","article_published_time":"2021-06-14T15:14:38+00:00","article_modified_time":"2021-06-14T15:24:02+00:00","og_image":[{"width":800,"height":369,"url":"https:\/\/www.copealcoy.es\/wp-content\/uploads\/2021\/06\/timThumb-1.jpg","type":"image\/jpeg"}],"author":"Cope Alcoy","twitter_misc":{"Escrito por":"Cope Alcoy","Tiempo de lectura":"2 minutos"},"schema":{"@context":"https:\/\/schema.org","@graph":[{"@type":"Article","@id":"https:\/\/www.copealcoy.es\/es\/conselleria-qualifica-el-projecte-del-bosco-com-un-referent-en-infraestructures-educatives\/#article","isPartOf":{"@id":"https:\/\/www.copealcoy.es\/es\/conselleria-qualifica-el-projecte-del-bosco-com-un-referent-en-infraestructures-educatives\/"},"author":{"name":"Cope Alcoy","@id":"https:\/\/www.copealcoy.es\/es\/#\/schema\/person\/e777c87fa024e57d40170af9df39882c"},"headline":"Conselleria qualifica el projecte del Bosco com un referent en Infraestructures Educatives","datePublished":"2021-06-14T15:14:38+00:00","dateModified":"2021-06-14T15:24:02+00:00","mainEntityOfPage":{"@id":"https:\/\/www.copealcoy.es\/es\/conselleria-qualifica-el-projecte-del-bosco-com-un-referent-en-infraestructures-educatives\/"},"wordCount":346,"commentCount":0,"image":{"@id":"https:\/\/www.copealcoy.es\/es\/conselleria-qualifica-el-projecte-del-bosco-com-un-referent-en-infraestructures-educatives\/#primaryimage"},"thumbnailUrl":"https:\/\/www.copealcoy.es\/wp-content\/uploads\/2021\/06\/timThumb-1.jpg","keywords":["Bosco","Cocentaina","Conseller\u00eda","Director General d'Infraestructures Educatives","Mireia Estepa","obra","projecte"],"articleSection":["Comarcas","Noticias"],"inLanguage":"es"},{"@type":"WebPage","@id":"https:\/\/www.copealcoy.es\/es\/conselleria-qualifica-el-projecte-del-bosco-com-un-referent-en-infraestructures-educatives\/","url":"https:\/\/www.copealcoy.es\/es\/conselleria-qualifica-el-projecte-del-bosco-com-un-referent-en-infraestructures-educatives\/","name":"Conselleria qualifica el projecte del Bosco com un referent en Infraestructures Educatives - COPE Alcoy","isPartOf":{"@id":"https:\/\/www.copealcoy.es\/es\/#website"},"primaryImageOfPage":{"@id":"https:\/\/www.copealcoy.es\/es\/conselleria-qualifica-el-projecte-del-bosco-com-un-referent-en-infraestructures-educatives\/#primaryimage"},"image":{"@id":"https:\/\/www.copealcoy.es\/es\/conselleria-qualifica-el-projecte-del-bosco-com-un-referent-en-infraestructures-educatives\/#primaryimage"},"thumbnailUrl":"https:\/\/www.copealcoy.es\/wp-content\/uploads\/2021\/06\/timThumb-1.jpg","datePublished":"2021-06-14T15:14:38+00:00","dateModified":"2021-06-14T15:24:02+00:00","author":{"@id":"https:\/\/www.copealcoy.es\/es\/#\/schema\/person\/e777c87fa024e57d40170af9df39882c"},"breadcrumb":{"@id":"https:\/\/www.copealcoy.es\/es\/conselleria-qualifica-el-projecte-del-bosco-com-un-referent-en-infraestructures-educatives\/#breadcrumb"},"inLanguage":"es","potentialAction":[{"@type":"ReadAction","target":["https:\/\/www.copealcoy.es\/es\/conselleria-qualifica-el-projecte-del-bosco-com-un-referent-en-infraestructures-educatives\/"]}]},{"@type":"ImageObject","inLanguage":"es","@id":"https:\/\/www.copealcoy.es\/es\/conselleria-qualifica-el-projecte-del-bosco-com-un-referent-en-infraestructures-educatives\/#primaryimage","url":"https:\/\/www.copealcoy.es\/wp-content\/uploads\/2021\/06\/timThumb-1.jpg","contentUrl":"https:\/\/www.copealcoy.es\/wp-content\/uploads\/2021\/06\/timThumb-1.jpg","width":800,"height":369},{"@type":"BreadcrumbList","@id":"https:\/\/www.copealcoy.es\/es\/conselleria-qualifica-el-projecte-del-bosco-com-un-referent-en-infraestructures-educatives\/#breadcrumb","itemListElement":[{"@type":"ListItem","position":1,"name":"Portada","item":"https:\/\/www.copealcoy.es\/es\/"},{"@type":"ListItem","position":2,"name":"Conselleria qualifica el projecte del Bosco com un referent en Infraestructures Educatives"}]},{"@type":"WebSite","@id":"https:\/\/www.copealcoy.es\/es\/#website","url":"https:\/\/www.copealcoy.es\/es\/","name":"COPE Alcoy","description":"Emisora COPE de radio local con emisi\u00f3n online. Pont de Sant Jordi 8-10 03803 Alcoy","potentialAction":[{"@type":"SearchAction","target":{"@type":"EntryPoint","urlTemplate":"https:\/\/www.copealcoy.es\/es\/?s={search_term_string}"},"query-input":{"@type":"PropertyValueSpecification","valueRequired":true,"valueName":"search_term_string"}}],"inLanguage":"es"},{"@type":"Person","@id":"https:\/\/www.copealcoy.es\/es\/#\/schema\/person\/e777c87fa024e57d40170af9df39882c","name":"Cope Alcoy","image":{"@type":"ImageObject","inLanguage":"es","@id":"https:\/\/secure.gravatar.com\/avatar\/bb65d0283347e303893ba14f0692005417c1e0e690a325a4c5d8bb2b3943ee14?s=96&d=mm&r=g","url":"https:\/\/secure.gravatar.com\/avatar\/bb65d0283347e303893ba14f0692005417c1e0e690a325a4c5d8bb2b3943ee14?s=96&d=mm&r=g","contentUrl":"https:\/\/secure.gravatar.com\/avatar\/bb65d0283347e303893ba14f0692005417c1e0e690a325a4c5d8bb2b3943ee14?s=96&d=mm&r=g","caption":"Cope Alcoy"}}]}},"_links":{"self":[{"href":"https:\/\/www.copealcoy.es\/es\/wp-json\/wp\/v2\/posts\/74701","targetHints":{"allow":["GET"]}}],"collection":[{"href":"https:\/\/www.copealcoy.es\/es\/wp-json\/wp\/v2\/posts"}],"about":[{"href":"https:\/\/www.copealcoy.es\/es\/wp-json\/wp\/v2\/types\/post"}],"author":[{"embeddable":true,"href":"https:\/\/www.copealcoy.es\/es\/wp-json\/wp\/v2\/users\/1"}],"replies":[{"embeddable":true,"href":"https:\/\/www.copealcoy.es\/es\/wp-json\/wp\/v2\/comments?post=74701"}],"version-history":[{"count":0,"href":"https:\/\/www.copealcoy.es\/es\/wp-json\/wp\/v2\/posts\/74701\/revisions"}],"wp:featuredmedia":[{"embeddable":true,"href":"https:\/\/www.copealcoy.es\/es\/wp-json\/wp\/v2\/media\/74702"}],"wp:attachment":[{"href":"https:\/\/www.copealcoy.es\/es\/wp-json\/wp\/v2\/media?parent=74701"}],"wp:term":[{"taxonomy":"category","embeddable":true,"href":"https:\/\/www.copealcoy.es\/es\/wp-json\/wp\/v2\/categories?post=74701"},{"taxonomy":"post_tag","embeddable":true,"href":"https:\/\/www.copealcoy.es\/es\/wp-json\/wp\/v2\/tags?post=74701"}],"curies":[{"name":"wp","href":"https:\/\/api.w.org\/{rel}","templated":true}]}}