{"id":74645,"date":"2021-06-11T06:18:33","date_gmt":"2021-06-11T05:18:33","guid":{"rendered":"https:\/\/www.copealcoy.es\/?p=74645"},"modified":"2021-06-11T20:26:05","modified_gmt":"2021-06-11T19:26:05","slug":"descartadas-las-fiestas-de-moros-y-cristianos-de-alcoy-en-2021","status":"publish","type":"post","link":"https:\/\/www.copealcoy.es\/es\/descartadas-las-fiestas-de-moros-y-cristianos-de-alcoy-en-2021\/","title":{"rendered":"Descartadas las Fiestas de Moros y Cristianos de Alcoy en 2021"},"content":{"rendered":"<p style=\"text-align: justify;\">La <strong>Asamblea General de la Asociaci\u00f3n de San Jorge<\/strong> analiz\u00f3 ayer tarde<strong> la situaci\u00f3n sanitaria actual<\/strong> y se mostr\u00f3 partidaria de<strong> no celebrar las Fiestas de Moros y Cristianos en oto\u00f1o<\/strong> pese a que la Conselleria de Sanitat ha abierto las puertas a que <strong>a partir del 1 de septiembre<\/strong> haya festejos patronales en la Comunitat. Desde la entidad festera <strong>se aboga por llevar a cabo la trilog\u00eda en honor a San Jorge con todo su esplendor en 2022<\/strong> y para ese mismo abril <strong>han quedados pospuestos los cargos festeros<\/strong> que estaban previstos para el 2020 as\u00ed como el Sant Jordiet.<\/p>\n<p style=\"text-align: justify;\">A pesar de esta decisi\u00f3n tanto el Casal como el Ayuntamiento <strong>est\u00e1n abiertos a escuchar propuestas de las Filaes y el mundo de la festa en general<\/strong> de cara a <strong>poder celebrar actos en el Mig Any<\/strong>. Para esa fecha <strong>se plantear\u00e1n actividades culturales e incluso festivas<\/strong> <strong>en la calle<\/strong> siempre que la evoluci\u00f3n que tenga la pandemia en octubre lo permita &#8220;<em>el contexto sanitario actual hace inviable celebrar unas Fiestas como las de Alcoy en las que los actos re\u00fanen a gran cantidad de gente y en la hay contacto directo as\u00ed como personal entre festeros y p\u00fablico. Es mejor esperar para poder hacer unas Fiestas dignas<\/em>&#8220;, manifestaba el Presidente de la Asociaci\u00f3n de San Jorge; <strong>Juan Jos\u00e9 Olcina<\/strong>. Tambi\u00e9n la edil de Fiestas, <strong>Carol Ortiz<\/strong>, se mostraba partidaria de <strong>realizar aquellos actos que se puedan hacer durante el Mig Any<\/strong> &#8220;<em>si todo va bien ser\u00e1 el momento perfecto para retomar la actividad festiva y abrir con muchas ganas el camino que nos llevar\u00e1 a vivir las Fiestas que todos conocemos en el mes de abril<\/em>&#8220;, dijo.<\/p>\n<p style=\"text-align: justify;\">La Asamblea de la Asociaci\u00f3n de San Jorge se celebr\u00f3 en el <strong>patio del Museu Alcoi\u00e0 de la Festa (MAF)<\/strong> y la misma <strong>volvi\u00f3 a ser at\u00edpica<\/strong> ya que habitualmente en esta cita se escoge al nuevo Sant Jordiet e incluso se da lectura a la Cr\u00f3nica de Fiestas.<\/p>\n","protected":false},"excerpt":{"rendered":"<p>La Asamblea General de la Asociaci\u00f3n de San Jorge analiz\u00f3 ayer tarde la situaci\u00f3n sanitaria actual y se mostr\u00f3 partidaria&#8230;<\/p>\n","protected":false},"author":1,"featured_media":30569,"comment_status":"open","ping_status":"open","sticky":false,"template":"","format":"standard","meta":{"footnotes":""},"categories":[97,78,75],"tags":[1494,7311,7281,10050,2001,876,1703],"class_list":["post-74645","post","type-post","status-publish","format-standard","has-post-thumbnail","hentry","category-alcoy","category-fiestaycultura","category-noticias","tag-alcoy","tag-aplazamiento","tag-coronavirus","tag-crisis-sanitaria","tag-fiestas-de-moros-y-cristianos","tag-san-jorge","tag-trilogia"],"yoast_head":"<!-- This site is optimized with the Yoast SEO plugin v27.3 - https:\/\/yoast.com\/product\/yoast-seo-wordpress\/ -->\n<title>Descartadas las Fiestas de Moros y Cristianos de Alcoy en 2021 - COPE Alcoy<\/title>\n<meta name=\"robots\" content=\"index, follow, max-snippet:-1, max-image-preview:large, max-video-preview:-1\" \/>\n<link rel=\"canonical\" href=\"https:\/\/www.copealcoy.es\/es\/descartadas-las-fiestas-de-moros-y-cristianos-de-alcoy-en-2021\/\" \/>\n<meta property=\"og:locale\" content=\"es_ES\" \/>\n<meta property=\"og:type\" content=\"article\" \/>\n<meta property=\"og:title\" content=\"Descartadas las Fiestas de Moros y Cristianos de Alcoy en 2021 - COPE Alcoy\" \/>\n<meta property=\"og:description\" content=\"La Asamblea General de la Asociaci\u00f3n de San Jorge analiz\u00f3 ayer tarde la situaci\u00f3n sanitaria actual y se mostr\u00f3 partidaria...\" \/>\n<meta property=\"og:url\" content=\"https:\/\/www.copealcoy.es\/es\/descartadas-las-fiestas-de-moros-y-cristianos-de-alcoy-en-2021\/\" \/>\n<meta property=\"og:site_name\" content=\"COPE Alcoy\" \/>\n<meta property=\"article:published_time\" content=\"2021-06-11T05:18:33+00:00\" \/>\n<meta property=\"article:modified_time\" content=\"2021-06-11T19:26:05+00:00\" \/>\n<meta property=\"og:image\" content=\"https:\/\/www.copealcoy.es\/wp-content\/uploads\/2017\/04\/Alcoy-Alicante-Moros-y-Cristianos-Entrada-Mora-3-.jpg\" \/>\n\t<meta property=\"og:image:width\" content=\"570\" \/>\n\t<meta property=\"og:image:height\" content=\"382\" \/>\n\t<meta property=\"og:image:type\" content=\"image\/jpeg\" \/>\n<meta name=\"author\" content=\"Cope Alcoy\" \/>\n<meta name=\"twitter:label1\" content=\"Escrito por\" \/>\n\t<meta name=\"twitter:data1\" content=\"Cope Alcoy\" \/>\n\t<meta name=\"twitter:label2\" content=\"Tiempo de lectura\" \/>\n\t<meta name=\"twitter:data2\" content=\"2 minutos\" \/>\n<script type=\"application\/ld+json\" class=\"yoast-schema-graph\">{\"@context\":\"https:\\\/\\\/schema.org\",\"@graph\":[{\"@type\":\"Article\",\"@id\":\"https:\\\/\\\/www.copealcoy.es\\\/es\\\/descartadas-las-fiestas-de-moros-y-cristianos-de-alcoy-en-2021\\\/#article\",\"isPartOf\":{\"@id\":\"https:\\\/\\\/www.copealcoy.es\\\/es\\\/descartadas-las-fiestas-de-moros-y-cristianos-de-alcoy-en-2021\\\/\"},\"author\":{\"name\":\"Cope Alcoy\",\"@id\":\"https:\\\/\\\/www.copealcoy.es\\\/es\\\/#\\\/schema\\\/person\\\/e777c87fa024e57d40170af9df39882c\"},\"headline\":\"Descartadas las Fiestas de Moros y Cristianos de Alcoy en 2021\",\"datePublished\":\"2021-06-11T05:18:33+00:00\",\"dateModified\":\"2021-06-11T19:26:05+00:00\",\"mainEntityOfPage\":{\"@id\":\"https:\\\/\\\/www.copealcoy.es\\\/es\\\/descartadas-las-fiestas-de-moros-y-cristianos-de-alcoy-en-2021\\\/\"},\"wordCount\":350,\"commentCount\":0,\"image\":{\"@id\":\"https:\\\/\\\/www.copealcoy.es\\\/es\\\/descartadas-las-fiestas-de-moros-y-cristianos-de-alcoy-en-2021\\\/#primaryimage\"},\"thumbnailUrl\":\"https:\\\/\\\/www.copealcoy.es\\\/wp-content\\\/uploads\\\/2017\\\/04\\\/Alcoy-Alicante-Moros-y-Cristianos-Entrada-Mora-3-.jpg\",\"keywords\":[\"Alcoy\",\"aplazamiento\",\"Coronavirus\",\"crisis sanitaria\",\"Fiestas de Moros y Cristianos\",\"San Jorge\",\"Trilog\u00eda\"],\"articleSection\":[\"Alcoy\",\"Fiesta y Cultura\",\"Noticias\"],\"inLanguage\":\"es\"},{\"@type\":\"WebPage\",\"@id\":\"https:\\\/\\\/www.copealcoy.es\\\/es\\\/descartadas-las-fiestas-de-moros-y-cristianos-de-alcoy-en-2021\\\/\",\"url\":\"https:\\\/\\\/www.copealcoy.es\\\/es\\\/descartadas-las-fiestas-de-moros-y-cristianos-de-alcoy-en-2021\\\/\",\"name\":\"Descartadas las Fiestas de Moros y Cristianos de Alcoy en 2021 - COPE Alcoy\",\"isPartOf\":{\"@id\":\"https:\\\/\\\/www.copealcoy.es\\\/es\\\/#website\"},\"primaryImageOfPage\":{\"@id\":\"https:\\\/\\\/www.copealcoy.es\\\/es\\\/descartadas-las-fiestas-de-moros-y-cristianos-de-alcoy-en-2021\\\/#primaryimage\"},\"image\":{\"@id\":\"https:\\\/\\\/www.copealcoy.es\\\/es\\\/descartadas-las-fiestas-de-moros-y-cristianos-de-alcoy-en-2021\\\/#primaryimage\"},\"thumbnailUrl\":\"https:\\\/\\\/www.copealcoy.es\\\/wp-content\\\/uploads\\\/2017\\\/04\\\/Alcoy-Alicante-Moros-y-Cristianos-Entrada-Mora-3-.jpg\",\"datePublished\":\"2021-06-11T05:18:33+00:00\",\"dateModified\":\"2021-06-11T19:26:05+00:00\",\"author\":{\"@id\":\"https:\\\/\\\/www.copealcoy.es\\\/es\\\/#\\\/schema\\\/person\\\/e777c87fa024e57d40170af9df39882c\"},\"breadcrumb\":{\"@id\":\"https:\\\/\\\/www.copealcoy.es\\\/es\\\/descartadas-las-fiestas-de-moros-y-cristianos-de-alcoy-en-2021\\\/#breadcrumb\"},\"inLanguage\":\"es\",\"potentialAction\":[{\"@type\":\"ReadAction\",\"target\":[\"https:\\\/\\\/www.copealcoy.es\\\/es\\\/descartadas-las-fiestas-de-moros-y-cristianos-de-alcoy-en-2021\\\/\"]}]},{\"@type\":\"ImageObject\",\"inLanguage\":\"es\",\"@id\":\"https:\\\/\\\/www.copealcoy.es\\\/es\\\/descartadas-las-fiestas-de-moros-y-cristianos-de-alcoy-en-2021\\\/#primaryimage\",\"url\":\"https:\\\/\\\/www.copealcoy.es\\\/wp-content\\\/uploads\\\/2017\\\/04\\\/Alcoy-Alicante-Moros-y-Cristianos-Entrada-Mora-3-.jpg\",\"contentUrl\":\"https:\\\/\\\/www.copealcoy.es\\\/wp-content\\\/uploads\\\/2017\\\/04\\\/Alcoy-Alicante-Moros-y-Cristianos-Entrada-Mora-3-.jpg\",\"width\":570,\"height\":382},{\"@type\":\"BreadcrumbList\",\"@id\":\"https:\\\/\\\/www.copealcoy.es\\\/es\\\/descartadas-las-fiestas-de-moros-y-cristianos-de-alcoy-en-2021\\\/#breadcrumb\",\"itemListElement\":[{\"@type\":\"ListItem\",\"position\":1,\"name\":\"Portada\",\"item\":\"https:\\\/\\\/www.copealcoy.es\\\/es\\\/\"},{\"@type\":\"ListItem\",\"position\":2,\"name\":\"Descartadas las Fiestas de Moros y Cristianos de Alcoy en 2021\"}]},{\"@type\":\"WebSite\",\"@id\":\"https:\\\/\\\/www.copealcoy.es\\\/es\\\/#website\",\"url\":\"https:\\\/\\\/www.copealcoy.es\\\/es\\\/\",\"name\":\"COPE Alcoy\",\"description\":\"Emisora COPE de radio local con emisi\u00f3n online. Pont de Sant Jordi 8-10 03803 Alcoy\",\"potentialAction\":[{\"@type\":\"SearchAction\",\"target\":{\"@type\":\"EntryPoint\",\"urlTemplate\":\"https:\\\/\\\/www.copealcoy.es\\\/es\\\/?s={search_term_string}\"},\"query-input\":{\"@type\":\"PropertyValueSpecification\",\"valueRequired\":true,\"valueName\":\"search_term_string\"}}],\"inLanguage\":\"es\"},{\"@type\":\"Person\",\"@id\":\"https:\\\/\\\/www.copealcoy.es\\\/es\\\/#\\\/schema\\\/person\\\/e777c87fa024e57d40170af9df39882c\",\"name\":\"Cope Alcoy\",\"image\":{\"@type\":\"ImageObject\",\"inLanguage\":\"es\",\"@id\":\"https:\\\/\\\/secure.gravatar.com\\\/avatar\\\/bb65d0283347e303893ba14f0692005417c1e0e690a325a4c5d8bb2b3943ee14?s=96&d=mm&r=g\",\"url\":\"https:\\\/\\\/secure.gravatar.com\\\/avatar\\\/bb65d0283347e303893ba14f0692005417c1e0e690a325a4c5d8bb2b3943ee14?s=96&d=mm&r=g\",\"contentUrl\":\"https:\\\/\\\/secure.gravatar.com\\\/avatar\\\/bb65d0283347e303893ba14f0692005417c1e0e690a325a4c5d8bb2b3943ee14?s=96&d=mm&r=g\",\"caption\":\"Cope Alcoy\"}}]}<\/script>\n<!-- \/ Yoast SEO plugin. -->","yoast_head_json":{"title":"Descartadas las Fiestas de Moros y Cristianos de Alcoy en 2021 - COPE Alcoy","robots":{"index":"index","follow":"follow","max-snippet":"max-snippet:-1","max-image-preview":"max-image-preview:large","max-video-preview":"max-video-preview:-1"},"canonical":"https:\/\/www.copealcoy.es\/es\/descartadas-las-fiestas-de-moros-y-cristianos-de-alcoy-en-2021\/","og_locale":"es_ES","og_type":"article","og_title":"Descartadas las Fiestas de Moros y Cristianos de Alcoy en 2021 - COPE Alcoy","og_description":"La Asamblea General de la Asociaci\u00f3n de San Jorge analiz\u00f3 ayer tarde la situaci\u00f3n sanitaria actual y se mostr\u00f3 partidaria...","og_url":"https:\/\/www.copealcoy.es\/es\/descartadas-las-fiestas-de-moros-y-cristianos-de-alcoy-en-2021\/","og_site_name":"COPE Alcoy","article_published_time":"2021-06-11T05:18:33+00:00","article_modified_time":"2021-06-11T19:26:05+00:00","og_image":[{"width":570,"height":382,"url":"https:\/\/www.copealcoy.es\/wp-content\/uploads\/2017\/04\/Alcoy-Alicante-Moros-y-Cristianos-Entrada-Mora-3-.jpg","type":"image\/jpeg"}],"author":"Cope Alcoy","twitter_misc":{"Escrito por":"Cope Alcoy","Tiempo de lectura":"2 minutos"},"schema":{"@context":"https:\/\/schema.org","@graph":[{"@type":"Article","@id":"https:\/\/www.copealcoy.es\/es\/descartadas-las-fiestas-de-moros-y-cristianos-de-alcoy-en-2021\/#article","isPartOf":{"@id":"https:\/\/www.copealcoy.es\/es\/descartadas-las-fiestas-de-moros-y-cristianos-de-alcoy-en-2021\/"},"author":{"name":"Cope Alcoy","@id":"https:\/\/www.copealcoy.es\/es\/#\/schema\/person\/e777c87fa024e57d40170af9df39882c"},"headline":"Descartadas las Fiestas de Moros y Cristianos de Alcoy en 2021","datePublished":"2021-06-11T05:18:33+00:00","dateModified":"2021-06-11T19:26:05+00:00","mainEntityOfPage":{"@id":"https:\/\/www.copealcoy.es\/es\/descartadas-las-fiestas-de-moros-y-cristianos-de-alcoy-en-2021\/"},"wordCount":350,"commentCount":0,"image":{"@id":"https:\/\/www.copealcoy.es\/es\/descartadas-las-fiestas-de-moros-y-cristianos-de-alcoy-en-2021\/#primaryimage"},"thumbnailUrl":"https:\/\/www.copealcoy.es\/wp-content\/uploads\/2017\/04\/Alcoy-Alicante-Moros-y-Cristianos-Entrada-Mora-3-.jpg","keywords":["Alcoy","aplazamiento","Coronavirus","crisis sanitaria","Fiestas de Moros y Cristianos","San Jorge","Trilog\u00eda"],"articleSection":["Alcoy","Fiesta y Cultura","Noticias"],"inLanguage":"es"},{"@type":"WebPage","@id":"https:\/\/www.copealcoy.es\/es\/descartadas-las-fiestas-de-moros-y-cristianos-de-alcoy-en-2021\/","url":"https:\/\/www.copealcoy.es\/es\/descartadas-las-fiestas-de-moros-y-cristianos-de-alcoy-en-2021\/","name":"Descartadas las Fiestas de Moros y Cristianos de Alcoy en 2021 - COPE Alcoy","isPartOf":{"@id":"https:\/\/www.copealcoy.es\/es\/#website"},"primaryImageOfPage":{"@id":"https:\/\/www.copealcoy.es\/es\/descartadas-las-fiestas-de-moros-y-cristianos-de-alcoy-en-2021\/#primaryimage"},"image":{"@id":"https:\/\/www.copealcoy.es\/es\/descartadas-las-fiestas-de-moros-y-cristianos-de-alcoy-en-2021\/#primaryimage"},"thumbnailUrl":"https:\/\/www.copealcoy.es\/wp-content\/uploads\/2017\/04\/Alcoy-Alicante-Moros-y-Cristianos-Entrada-Mora-3-.jpg","datePublished":"2021-06-11T05:18:33+00:00","dateModified":"2021-06-11T19:26:05+00:00","author":{"@id":"https:\/\/www.copealcoy.es\/es\/#\/schema\/person\/e777c87fa024e57d40170af9df39882c"},"breadcrumb":{"@id":"https:\/\/www.copealcoy.es\/es\/descartadas-las-fiestas-de-moros-y-cristianos-de-alcoy-en-2021\/#breadcrumb"},"inLanguage":"es","potentialAction":[{"@type":"ReadAction","target":["https:\/\/www.copealcoy.es\/es\/descartadas-las-fiestas-de-moros-y-cristianos-de-alcoy-en-2021\/"]}]},{"@type":"ImageObject","inLanguage":"es","@id":"https:\/\/www.copealcoy.es\/es\/descartadas-las-fiestas-de-moros-y-cristianos-de-alcoy-en-2021\/#primaryimage","url":"https:\/\/www.copealcoy.es\/wp-content\/uploads\/2017\/04\/Alcoy-Alicante-Moros-y-Cristianos-Entrada-Mora-3-.jpg","contentUrl":"https:\/\/www.copealcoy.es\/wp-content\/uploads\/2017\/04\/Alcoy-Alicante-Moros-y-Cristianos-Entrada-Mora-3-.jpg","width":570,"height":382},{"@type":"BreadcrumbList","@id":"https:\/\/www.copealcoy.es\/es\/descartadas-las-fiestas-de-moros-y-cristianos-de-alcoy-en-2021\/#breadcrumb","itemListElement":[{"@type":"ListItem","position":1,"name":"Portada","item":"https:\/\/www.copealcoy.es\/es\/"},{"@type":"ListItem","position":2,"name":"Descartadas las Fiestas de Moros y Cristianos de Alcoy en 2021"}]},{"@type":"WebSite","@id":"https:\/\/www.copealcoy.es\/es\/#website","url":"https:\/\/www.copealcoy.es\/es\/","name":"COPE Alcoy","description":"Emisora COPE de radio local con emisi\u00f3n online. Pont de Sant Jordi 8-10 03803 Alcoy","potentialAction":[{"@type":"SearchAction","target":{"@type":"EntryPoint","urlTemplate":"https:\/\/www.copealcoy.es\/es\/?s={search_term_string}"},"query-input":{"@type":"PropertyValueSpecification","valueRequired":true,"valueName":"search_term_string"}}],"inLanguage":"es"},{"@type":"Person","@id":"https:\/\/www.copealcoy.es\/es\/#\/schema\/person\/e777c87fa024e57d40170af9df39882c","name":"Cope Alcoy","image":{"@type":"ImageObject","inLanguage":"es","@id":"https:\/\/secure.gravatar.com\/avatar\/bb65d0283347e303893ba14f0692005417c1e0e690a325a4c5d8bb2b3943ee14?s=96&d=mm&r=g","url":"https:\/\/secure.gravatar.com\/avatar\/bb65d0283347e303893ba14f0692005417c1e0e690a325a4c5d8bb2b3943ee14?s=96&d=mm&r=g","contentUrl":"https:\/\/secure.gravatar.com\/avatar\/bb65d0283347e303893ba14f0692005417c1e0e690a325a4c5d8bb2b3943ee14?s=96&d=mm&r=g","caption":"Cope Alcoy"}}]}},"_links":{"self":[{"href":"https:\/\/www.copealcoy.es\/es\/wp-json\/wp\/v2\/posts\/74645","targetHints":{"allow":["GET"]}}],"collection":[{"href":"https:\/\/www.copealcoy.es\/es\/wp-json\/wp\/v2\/posts"}],"about":[{"href":"https:\/\/www.copealcoy.es\/es\/wp-json\/wp\/v2\/types\/post"}],"author":[{"embeddable":true,"href":"https:\/\/www.copealcoy.es\/es\/wp-json\/wp\/v2\/users\/1"}],"replies":[{"embeddable":true,"href":"https:\/\/www.copealcoy.es\/es\/wp-json\/wp\/v2\/comments?post=74645"}],"version-history":[{"count":0,"href":"https:\/\/www.copealcoy.es\/es\/wp-json\/wp\/v2\/posts\/74645\/revisions"}],"wp:featuredmedia":[{"embeddable":true,"href":"https:\/\/www.copealcoy.es\/es\/wp-json\/wp\/v2\/media\/30569"}],"wp:attachment":[{"href":"https:\/\/www.copealcoy.es\/es\/wp-json\/wp\/v2\/media?parent=74645"}],"wp:term":[{"taxonomy":"category","embeddable":true,"href":"https:\/\/www.copealcoy.es\/es\/wp-json\/wp\/v2\/categories?post=74645"},{"taxonomy":"post_tag","embeddable":true,"href":"https:\/\/www.copealcoy.es\/es\/wp-json\/wp\/v2\/tags?post=74645"}],"curies":[{"name":"wp","href":"https:\/\/api.w.org\/{rel}","templated":true}]}}