{"id":74567,"date":"2021-06-09T16:21:13","date_gmt":"2021-06-09T15:21:13","guid":{"rendered":"https:\/\/www.copealcoy.es\/?p=74567"},"modified":"2021-06-09T16:30:56","modified_gmt":"2021-06-09T15:30:56","slug":"alcoy-define-40-proyectos-para-optar-al-plan-de-recuperacion-europeo","status":"publish","type":"post","link":"https:\/\/www.copealcoy.es\/es\/alcoy-define-40-proyectos-para-optar-al-plan-de-recuperacion-europeo\/","title":{"rendered":"Alcoy define 40 proyectos para optar al Plan de Recuperaci\u00f3n Europeo"},"content":{"rendered":"<p style=\"text-align: justify;\">El <strong>Ayuntamiento de Alcoy<\/strong>, por medio de los agentes implicados, ha definido en los \u00faltimos d\u00edas<strong> los proyectos de la ciudad que pueden optar a los Fondos de Recuperaci\u00f3n que lanza la Uni\u00f3n Europea<\/strong>. Se trata de un fondo de emergencia que <strong>destinar\u00e1 cerca de 72.000 millones de euros a Espa\u00f1a entre 2021 y 2023<\/strong> para ayudar a <strong>reparar los da\u00f1os econ\u00f3micos y sociales causados<\/strong> por la pandemia del Coronavirus.<\/p>\n<p style=\"text-align: justify;\">En concreto nuestra ciudad ha planteado<strong> un total de cuarenta iniciativas<\/strong> presupuestadas en su conjunto en <strong>49 millones de euros<\/strong>. Entre los proyectos propuestos destacan<span lang=\"es-ES\"><strong> la rehabilitaci\u00f3n estructural del Pont de Sant Jordi<\/strong>, la rehabilitaci\u00f3n de varios grupos de edificios en la Zona Norte o la construcci\u00f3n de nueva vivienda p\u00fablica. Tambi\u00e9n se prev\u00e9 reurbanizar varias calles de la ciudad y<strong> dise\u00f1ar nuevos itinerarios de movilidad sostenible<\/strong> como el Via Parc. Asimismo, se incluyen hasta <strong>14 propuestas distintas para reducir el consumo y mejorar la gesti\u00f3n inteligente de la energ\u00eda<\/strong> en las infraestructuras municipales. Por otra parte sobresalen\u00a0<\/span><span lang=\"es-ES\"> una decena de proyectos encaminados a <strong>alcanzar una administraci\u00f3n para el siglo XXI y un ecosistema industrial modernizado y digitalizado<\/strong>. Finalmente se han planteado cuestiones como <\/span><span lang=\"es-ES\"><strong>la ampliaci\u00f3n del Campus de Alcoy de la Universitat Polit\u00e8cnica de Val\u00e8ncia<\/strong>, proyectos de inteligencia artificial y contenidos tem\u00e1ticos para hacer frente a la soledad no deseada y un paquete de propuestas para <strong>impulsar la industria cultural de nuestra ciudad<\/strong> &#8220;<em>tenemos que contar con la mejor preparaci\u00f3n posible para superar las consecuencias de esta crisis que ha afectado a tantas familias alcoyanas y esta financiaci\u00f3n es una oportunidad que debemos aprovechar al m\u00e1ximo para fortalecer las pol\u00edticas p\u00fablicas e impulsar nuestra estrategia de ciudad con el objetivo de transformar Alcoy y mejorar la calidad de vida de los alcoyanos y alcoyanas<\/em>&#8220;, apunta el alcalde; <strong>Antonio Franc\u00e9s<\/strong>.<\/span><\/p>\n<p style=\"text-align: justify;\">Se\u00f1alar que Alcoy ya est\u00e1 definiendo <strong>su planificaci\u00f3n estrat\u00e9gica en relaci\u00f3n a la Agenda 2030<\/strong> y est\u00e1 dise\u00f1ando <strong>la Agenda Urbana 2030<\/strong> con el apoyo del Ministerio. De hecho este \u00faltimo, tal y como informa el Consistorio, <strong>ha seleccionado a Alcoy como\u00a0 como una de las ciudades piloto<\/strong> en su implementaci\u00f3n.<\/p>\n","protected":false},"excerpt":{"rendered":"<p>El Ayuntamiento de Alcoy, por medio de los agentes implicados, ha definido en los \u00faltimos d\u00edas los proyectos de la&#8230;<\/p>\n","protected":false},"author":1,"featured_media":74568,"comment_status":"open","ping_status":"open","sticky":false,"template":"","format":"standard","meta":{"footnotes":""},"categories":[97,75,125],"tags":[11369,1494,7397,10050,11154,5280],"class_list":["post-74567","post","type-post","status-publish","format-standard","has-post-thumbnail","hentry","category-alcoy","category-noticias","category-portada","tag-40-proyectos","tag-alcoy","tag-covid-19","tag-crisis-sanitaria","tag-fondos-europeos","tag-recuperacion-economica"],"yoast_head":"<!-- This site is optimized with the Yoast SEO plugin v27.3 - https:\/\/yoast.com\/product\/yoast-seo-wordpress\/ -->\n<title>Alcoy define 40 proyectos para optar al Plan de Recuperaci\u00f3n Europeo - COPE Alcoy<\/title>\n<meta name=\"robots\" content=\"index, follow, max-snippet:-1, max-image-preview:large, max-video-preview:-1\" \/>\n<link rel=\"canonical\" href=\"https:\/\/www.copealcoy.es\/es\/alcoy-define-40-proyectos-para-optar-al-plan-de-recuperacion-europeo\/\" \/>\n<meta property=\"og:locale\" content=\"es_ES\" \/>\n<meta property=\"og:type\" content=\"article\" \/>\n<meta property=\"og:title\" content=\"Alcoy define 40 proyectos para optar al Plan de Recuperaci\u00f3n Europeo - COPE Alcoy\" \/>\n<meta property=\"og:description\" content=\"El Ayuntamiento de Alcoy, por medio de los agentes implicados, ha definido en los \u00faltimos d\u00edas los proyectos de la...\" \/>\n<meta property=\"og:url\" content=\"https:\/\/www.copealcoy.es\/es\/alcoy-define-40-proyectos-para-optar-al-plan-de-recuperacion-europeo\/\" \/>\n<meta property=\"og:site_name\" content=\"COPE Alcoy\" \/>\n<meta property=\"article:published_time\" content=\"2021-06-09T15:21:13+00:00\" \/>\n<meta property=\"article:modified_time\" content=\"2021-06-09T15:30:56+00:00\" \/>\n<meta property=\"og:image\" content=\"https:\/\/www.copealcoy.es\/wp-content\/uploads\/2021\/06\/foto-reunio-fons-europeus-reconstruccio-e1623252039369.jpg\" \/>\n\t<meta property=\"og:image:width\" content=\"1024\" \/>\n\t<meta property=\"og:image:height\" content=\"568\" \/>\n\t<meta property=\"og:image:type\" content=\"image\/jpeg\" \/>\n<meta name=\"author\" content=\"Cope Alcoy\" \/>\n<meta name=\"twitter:label1\" content=\"Escrito por\" \/>\n\t<meta name=\"twitter:data1\" content=\"Cope Alcoy\" \/>\n\t<meta name=\"twitter:label2\" content=\"Tiempo de lectura\" \/>\n\t<meta name=\"twitter:data2\" content=\"2 minutos\" \/>\n<script type=\"application\/ld+json\" class=\"yoast-schema-graph\">{\"@context\":\"https:\\\/\\\/schema.org\",\"@graph\":[{\"@type\":\"Article\",\"@id\":\"https:\\\/\\\/www.copealcoy.es\\\/es\\\/alcoy-define-40-proyectos-para-optar-al-plan-de-recuperacion-europeo\\\/#article\",\"isPartOf\":{\"@id\":\"https:\\\/\\\/www.copealcoy.es\\\/es\\\/alcoy-define-40-proyectos-para-optar-al-plan-de-recuperacion-europeo\\\/\"},\"author\":{\"name\":\"Cope Alcoy\",\"@id\":\"https:\\\/\\\/www.copealcoy.es\\\/es\\\/#\\\/schema\\\/person\\\/e777c87fa024e57d40170af9df39882c\"},\"headline\":\"Alcoy define 40 proyectos para optar al Plan de Recuperaci\u00f3n Europeo\",\"datePublished\":\"2021-06-09T15:21:13+00:00\",\"dateModified\":\"2021-06-09T15:30:56+00:00\",\"mainEntityOfPage\":{\"@id\":\"https:\\\/\\\/www.copealcoy.es\\\/es\\\/alcoy-define-40-proyectos-para-optar-al-plan-de-recuperacion-europeo\\\/\"},\"wordCount\":386,\"commentCount\":0,\"image\":{\"@id\":\"https:\\\/\\\/www.copealcoy.es\\\/es\\\/alcoy-define-40-proyectos-para-optar-al-plan-de-recuperacion-europeo\\\/#primaryimage\"},\"thumbnailUrl\":\"https:\\\/\\\/www.copealcoy.es\\\/wp-content\\\/uploads\\\/2021\\\/06\\\/foto-reunio-fons-europeus-reconstruccio-e1623252039369.jpg\",\"keywords\":[\"40 proyectos\",\"Alcoy\",\"Covid-19\",\"crisis sanitaria\",\"fondos europeos\",\"recuperaci\u00f3n econ\u00f3mica\"],\"articleSection\":[\"Alcoy\",\"Noticias\",\"Portada\"],\"inLanguage\":\"es\"},{\"@type\":\"WebPage\",\"@id\":\"https:\\\/\\\/www.copealcoy.es\\\/es\\\/alcoy-define-40-proyectos-para-optar-al-plan-de-recuperacion-europeo\\\/\",\"url\":\"https:\\\/\\\/www.copealcoy.es\\\/es\\\/alcoy-define-40-proyectos-para-optar-al-plan-de-recuperacion-europeo\\\/\",\"name\":\"Alcoy define 40 proyectos para optar al Plan de Recuperaci\u00f3n Europeo - COPE Alcoy\",\"isPartOf\":{\"@id\":\"https:\\\/\\\/www.copealcoy.es\\\/es\\\/#website\"},\"primaryImageOfPage\":{\"@id\":\"https:\\\/\\\/www.copealcoy.es\\\/es\\\/alcoy-define-40-proyectos-para-optar-al-plan-de-recuperacion-europeo\\\/#primaryimage\"},\"image\":{\"@id\":\"https:\\\/\\\/www.copealcoy.es\\\/es\\\/alcoy-define-40-proyectos-para-optar-al-plan-de-recuperacion-europeo\\\/#primaryimage\"},\"thumbnailUrl\":\"https:\\\/\\\/www.copealcoy.es\\\/wp-content\\\/uploads\\\/2021\\\/06\\\/foto-reunio-fons-europeus-reconstruccio-e1623252039369.jpg\",\"datePublished\":\"2021-06-09T15:21:13+00:00\",\"dateModified\":\"2021-06-09T15:30:56+00:00\",\"author\":{\"@id\":\"https:\\\/\\\/www.copealcoy.es\\\/es\\\/#\\\/schema\\\/person\\\/e777c87fa024e57d40170af9df39882c\"},\"breadcrumb\":{\"@id\":\"https:\\\/\\\/www.copealcoy.es\\\/es\\\/alcoy-define-40-proyectos-para-optar-al-plan-de-recuperacion-europeo\\\/#breadcrumb\"},\"inLanguage\":\"es\",\"potentialAction\":[{\"@type\":\"ReadAction\",\"target\":[\"https:\\\/\\\/www.copealcoy.es\\\/es\\\/alcoy-define-40-proyectos-para-optar-al-plan-de-recuperacion-europeo\\\/\"]}]},{\"@type\":\"ImageObject\",\"inLanguage\":\"es\",\"@id\":\"https:\\\/\\\/www.copealcoy.es\\\/es\\\/alcoy-define-40-proyectos-para-optar-al-plan-de-recuperacion-europeo\\\/#primaryimage\",\"url\":\"https:\\\/\\\/www.copealcoy.es\\\/wp-content\\\/uploads\\\/2021\\\/06\\\/foto-reunio-fons-europeus-reconstruccio-e1623252039369.jpg\",\"contentUrl\":\"https:\\\/\\\/www.copealcoy.es\\\/wp-content\\\/uploads\\\/2021\\\/06\\\/foto-reunio-fons-europeus-reconstruccio-e1623252039369.jpg\",\"width\":1024,\"height\":568},{\"@type\":\"BreadcrumbList\",\"@id\":\"https:\\\/\\\/www.copealcoy.es\\\/es\\\/alcoy-define-40-proyectos-para-optar-al-plan-de-recuperacion-europeo\\\/#breadcrumb\",\"itemListElement\":[{\"@type\":\"ListItem\",\"position\":1,\"name\":\"Portada\",\"item\":\"https:\\\/\\\/www.copealcoy.es\\\/es\\\/\"},{\"@type\":\"ListItem\",\"position\":2,\"name\":\"Alcoy define 40 proyectos para optar al Plan de Recuperaci\u00f3n Europeo\"}]},{\"@type\":\"WebSite\",\"@id\":\"https:\\\/\\\/www.copealcoy.es\\\/es\\\/#website\",\"url\":\"https:\\\/\\\/www.copealcoy.es\\\/es\\\/\",\"name\":\"COPE Alcoy\",\"description\":\"Emisora COPE de radio local con emisi\u00f3n online. Pont de Sant Jordi 8-10 03803 Alcoy\",\"potentialAction\":[{\"@type\":\"SearchAction\",\"target\":{\"@type\":\"EntryPoint\",\"urlTemplate\":\"https:\\\/\\\/www.copealcoy.es\\\/es\\\/?s={search_term_string}\"},\"query-input\":{\"@type\":\"PropertyValueSpecification\",\"valueRequired\":true,\"valueName\":\"search_term_string\"}}],\"inLanguage\":\"es\"},{\"@type\":\"Person\",\"@id\":\"https:\\\/\\\/www.copealcoy.es\\\/es\\\/#\\\/schema\\\/person\\\/e777c87fa024e57d40170af9df39882c\",\"name\":\"Cope Alcoy\",\"image\":{\"@type\":\"ImageObject\",\"inLanguage\":\"es\",\"@id\":\"https:\\\/\\\/secure.gravatar.com\\\/avatar\\\/bb65d0283347e303893ba14f0692005417c1e0e690a325a4c5d8bb2b3943ee14?s=96&d=mm&r=g\",\"url\":\"https:\\\/\\\/secure.gravatar.com\\\/avatar\\\/bb65d0283347e303893ba14f0692005417c1e0e690a325a4c5d8bb2b3943ee14?s=96&d=mm&r=g\",\"contentUrl\":\"https:\\\/\\\/secure.gravatar.com\\\/avatar\\\/bb65d0283347e303893ba14f0692005417c1e0e690a325a4c5d8bb2b3943ee14?s=96&d=mm&r=g\",\"caption\":\"Cope Alcoy\"}}]}<\/script>\n<!-- \/ Yoast SEO plugin. -->","yoast_head_json":{"title":"Alcoy define 40 proyectos para optar al Plan de Recuperaci\u00f3n Europeo - COPE Alcoy","robots":{"index":"index","follow":"follow","max-snippet":"max-snippet:-1","max-image-preview":"max-image-preview:large","max-video-preview":"max-video-preview:-1"},"canonical":"https:\/\/www.copealcoy.es\/es\/alcoy-define-40-proyectos-para-optar-al-plan-de-recuperacion-europeo\/","og_locale":"es_ES","og_type":"article","og_title":"Alcoy define 40 proyectos para optar al Plan de Recuperaci\u00f3n Europeo - COPE Alcoy","og_description":"El Ayuntamiento de Alcoy, por medio de los agentes implicados, ha definido en los \u00faltimos d\u00edas los proyectos de la...","og_url":"https:\/\/www.copealcoy.es\/es\/alcoy-define-40-proyectos-para-optar-al-plan-de-recuperacion-europeo\/","og_site_name":"COPE Alcoy","article_published_time":"2021-06-09T15:21:13+00:00","article_modified_time":"2021-06-09T15:30:56+00:00","og_image":[{"width":1024,"height":568,"url":"https:\/\/www.copealcoy.es\/wp-content\/uploads\/2021\/06\/foto-reunio-fons-europeus-reconstruccio-e1623252039369.jpg","type":"image\/jpeg"}],"author":"Cope Alcoy","twitter_misc":{"Escrito por":"Cope Alcoy","Tiempo de lectura":"2 minutos"},"schema":{"@context":"https:\/\/schema.org","@graph":[{"@type":"Article","@id":"https:\/\/www.copealcoy.es\/es\/alcoy-define-40-proyectos-para-optar-al-plan-de-recuperacion-europeo\/#article","isPartOf":{"@id":"https:\/\/www.copealcoy.es\/es\/alcoy-define-40-proyectos-para-optar-al-plan-de-recuperacion-europeo\/"},"author":{"name":"Cope Alcoy","@id":"https:\/\/www.copealcoy.es\/es\/#\/schema\/person\/e777c87fa024e57d40170af9df39882c"},"headline":"Alcoy define 40 proyectos para optar al Plan de Recuperaci\u00f3n Europeo","datePublished":"2021-06-09T15:21:13+00:00","dateModified":"2021-06-09T15:30:56+00:00","mainEntityOfPage":{"@id":"https:\/\/www.copealcoy.es\/es\/alcoy-define-40-proyectos-para-optar-al-plan-de-recuperacion-europeo\/"},"wordCount":386,"commentCount":0,"image":{"@id":"https:\/\/www.copealcoy.es\/es\/alcoy-define-40-proyectos-para-optar-al-plan-de-recuperacion-europeo\/#primaryimage"},"thumbnailUrl":"https:\/\/www.copealcoy.es\/wp-content\/uploads\/2021\/06\/foto-reunio-fons-europeus-reconstruccio-e1623252039369.jpg","keywords":["40 proyectos","Alcoy","Covid-19","crisis sanitaria","fondos europeos","recuperaci\u00f3n econ\u00f3mica"],"articleSection":["Alcoy","Noticias","Portada"],"inLanguage":"es"},{"@type":"WebPage","@id":"https:\/\/www.copealcoy.es\/es\/alcoy-define-40-proyectos-para-optar-al-plan-de-recuperacion-europeo\/","url":"https:\/\/www.copealcoy.es\/es\/alcoy-define-40-proyectos-para-optar-al-plan-de-recuperacion-europeo\/","name":"Alcoy define 40 proyectos para optar al Plan de Recuperaci\u00f3n Europeo - COPE Alcoy","isPartOf":{"@id":"https:\/\/www.copealcoy.es\/es\/#website"},"primaryImageOfPage":{"@id":"https:\/\/www.copealcoy.es\/es\/alcoy-define-40-proyectos-para-optar-al-plan-de-recuperacion-europeo\/#primaryimage"},"image":{"@id":"https:\/\/www.copealcoy.es\/es\/alcoy-define-40-proyectos-para-optar-al-plan-de-recuperacion-europeo\/#primaryimage"},"thumbnailUrl":"https:\/\/www.copealcoy.es\/wp-content\/uploads\/2021\/06\/foto-reunio-fons-europeus-reconstruccio-e1623252039369.jpg","datePublished":"2021-06-09T15:21:13+00:00","dateModified":"2021-06-09T15:30:56+00:00","author":{"@id":"https:\/\/www.copealcoy.es\/es\/#\/schema\/person\/e777c87fa024e57d40170af9df39882c"},"breadcrumb":{"@id":"https:\/\/www.copealcoy.es\/es\/alcoy-define-40-proyectos-para-optar-al-plan-de-recuperacion-europeo\/#breadcrumb"},"inLanguage":"es","potentialAction":[{"@type":"ReadAction","target":["https:\/\/www.copealcoy.es\/es\/alcoy-define-40-proyectos-para-optar-al-plan-de-recuperacion-europeo\/"]}]},{"@type":"ImageObject","inLanguage":"es","@id":"https:\/\/www.copealcoy.es\/es\/alcoy-define-40-proyectos-para-optar-al-plan-de-recuperacion-europeo\/#primaryimage","url":"https:\/\/www.copealcoy.es\/wp-content\/uploads\/2021\/06\/foto-reunio-fons-europeus-reconstruccio-e1623252039369.jpg","contentUrl":"https:\/\/www.copealcoy.es\/wp-content\/uploads\/2021\/06\/foto-reunio-fons-europeus-reconstruccio-e1623252039369.jpg","width":1024,"height":568},{"@type":"BreadcrumbList","@id":"https:\/\/www.copealcoy.es\/es\/alcoy-define-40-proyectos-para-optar-al-plan-de-recuperacion-europeo\/#breadcrumb","itemListElement":[{"@type":"ListItem","position":1,"name":"Portada","item":"https:\/\/www.copealcoy.es\/es\/"},{"@type":"ListItem","position":2,"name":"Alcoy define 40 proyectos para optar al Plan de Recuperaci\u00f3n Europeo"}]},{"@type":"WebSite","@id":"https:\/\/www.copealcoy.es\/es\/#website","url":"https:\/\/www.copealcoy.es\/es\/","name":"COPE Alcoy","description":"Emisora COPE de radio local con emisi\u00f3n online. Pont de Sant Jordi 8-10 03803 Alcoy","potentialAction":[{"@type":"SearchAction","target":{"@type":"EntryPoint","urlTemplate":"https:\/\/www.copealcoy.es\/es\/?s={search_term_string}"},"query-input":{"@type":"PropertyValueSpecification","valueRequired":true,"valueName":"search_term_string"}}],"inLanguage":"es"},{"@type":"Person","@id":"https:\/\/www.copealcoy.es\/es\/#\/schema\/person\/e777c87fa024e57d40170af9df39882c","name":"Cope Alcoy","image":{"@type":"ImageObject","inLanguage":"es","@id":"https:\/\/secure.gravatar.com\/avatar\/bb65d0283347e303893ba14f0692005417c1e0e690a325a4c5d8bb2b3943ee14?s=96&d=mm&r=g","url":"https:\/\/secure.gravatar.com\/avatar\/bb65d0283347e303893ba14f0692005417c1e0e690a325a4c5d8bb2b3943ee14?s=96&d=mm&r=g","contentUrl":"https:\/\/secure.gravatar.com\/avatar\/bb65d0283347e303893ba14f0692005417c1e0e690a325a4c5d8bb2b3943ee14?s=96&d=mm&r=g","caption":"Cope Alcoy"}}]}},"_links":{"self":[{"href":"https:\/\/www.copealcoy.es\/es\/wp-json\/wp\/v2\/posts\/74567","targetHints":{"allow":["GET"]}}],"collection":[{"href":"https:\/\/www.copealcoy.es\/es\/wp-json\/wp\/v2\/posts"}],"about":[{"href":"https:\/\/www.copealcoy.es\/es\/wp-json\/wp\/v2\/types\/post"}],"author":[{"embeddable":true,"href":"https:\/\/www.copealcoy.es\/es\/wp-json\/wp\/v2\/users\/1"}],"replies":[{"embeddable":true,"href":"https:\/\/www.copealcoy.es\/es\/wp-json\/wp\/v2\/comments?post=74567"}],"version-history":[{"count":0,"href":"https:\/\/www.copealcoy.es\/es\/wp-json\/wp\/v2\/posts\/74567\/revisions"}],"wp:featuredmedia":[{"embeddable":true,"href":"https:\/\/www.copealcoy.es\/es\/wp-json\/wp\/v2\/media\/74568"}],"wp:attachment":[{"href":"https:\/\/www.copealcoy.es\/es\/wp-json\/wp\/v2\/media?parent=74567"}],"wp:term":[{"taxonomy":"category","embeddable":true,"href":"https:\/\/www.copealcoy.es\/es\/wp-json\/wp\/v2\/categories?post=74567"},{"taxonomy":"post_tag","embeddable":true,"href":"https:\/\/www.copealcoy.es\/es\/wp-json\/wp\/v2\/tags?post=74567"}],"curies":[{"name":"wp","href":"https:\/\/api.w.org\/{rel}","templated":true}]}}