{"id":74545,"date":"2021-06-09T13:44:05","date_gmt":"2021-06-09T12:44:05","guid":{"rendered":"https:\/\/www.copealcoy.es\/?p=74545"},"modified":"2021-06-09T13:54:22","modified_gmt":"2021-06-09T12:54:22","slug":"les-festes-dalfafara-son-declarades-dinteres-turistic-local","status":"publish","type":"post","link":"https:\/\/www.copealcoy.es\/es\/les-festes-dalfafara-son-declarades-dinteres-turistic-local\/","title":{"rendered":"Les Festes d&#8217;Alfafara s\u00f3n declarades d&#8217;Inter\u00e9s Tur\u00edstic Local"},"content":{"rendered":"<p style=\"text-align: justify;\">El <strong>Diari Oficial de la Generalitat Valenciana (DOGV)<\/strong> publicava el passat 27 de maig <strong>la declaraci\u00f3 de les Festes Patronals d&#8217;Alfafara com a Festa d&#8217;Inter\u00e9s Tur\u00edstic Local<\/strong>. Es tracta dels festejos que tenen lloc cada agost <strong>en honor al Salvador, la Divina Aurora i Sant Roc<\/strong>; unes celebracions populars que gaudeixen de gran arrelament i d&#8217;actes \u00fanics.<\/p>\n<p style=\"text-align: justify;\">L&#8217;alcalde d&#8217;Alfafara, <strong>Toni Cloquell<\/strong>, assenyala que aquesta distinci\u00f3 <strong>\u00e9s fruit de la participaci\u00f3 de tota la gent del poble<\/strong> de cara a preparar les Festes i a <strong>la gesti\u00f3 que tamb\u00e9 fa l&#8217;Ajuntament<\/strong> per a fer possibles les mateixes. A m\u00e9s Cloquell <strong>mostra la seua satisfacci\u00f3<\/strong> per aquest nou reconeixement <em>&#8220;estem molt contents per aquesta distinci\u00f3 i hem fet un gran treball perqu\u00e8 les nostres Festes siguen d&#8217;Inter\u00e9s Tur\u00edstic Local. Seguirem treballant per a aconseguir que aquestes celebracions continuen tenint una destacada fusi\u00f3<\/em>&#8220;, afirma.<\/p>\n<p style=\"text-align: justify;\">Les Festes d&#8217;Alfafara <strong>no es podran celebrar enguany amb el seu format habitual<\/strong>, a causa de la pand\u00e8mia, per\u00f2 el municipi <strong>portar\u00e0 endavant els actes que es puguen celebrar<\/strong> atenent a les recomanacions de la Conselleria de Sanitat de la Generalitat Valenciana. L&#8217;any 2020 els festejos <strong>van quedar suspesos<\/strong>, una situaci\u00f3 in\u00e8dita que no passava des de la Guerra Civil als anys trenta.<\/p>\n","protected":false},"excerpt":{"rendered":"<p>El Diari Oficial de la Generalitat Valenciana (DOGV) publicava el passat 27 de maig la declaraci\u00f3 de les Festes Patronals&#8230;<\/p>\n","protected":false},"author":1,"featured_media":74546,"comment_status":"open","ping_status":"open","sticky":false,"template":"","format":"standard","meta":{"footnotes":""},"categories":[98,75],"tags":[1660,10015,924,10014,10245],"class_list":["post-74545","post","type-post","status-publish","format-standard","has-post-thumbnail","hentry","category-comarcas","category-noticias","tag-alfafara","tag-declaracio","tag-festes","tag-interes-turistic-local","tag-toni-cloquell"],"yoast_head":"<!-- This site is optimized with the Yoast SEO plugin v27.3 - https:\/\/yoast.com\/product\/yoast-seo-wordpress\/ -->\n<title>Les Festes d&#039;Alfafara s\u00f3n declarades d&#039;Inter\u00e9s Tur\u00edstic Local - COPE Alcoy<\/title>\n<meta name=\"robots\" content=\"index, follow, max-snippet:-1, max-image-preview:large, max-video-preview:-1\" \/>\n<link rel=\"canonical\" href=\"https:\/\/www.copealcoy.es\/es\/les-festes-dalfafara-son-declarades-dinteres-turistic-local\/\" \/>\n<meta property=\"og:locale\" content=\"es_ES\" \/>\n<meta property=\"og:type\" content=\"article\" \/>\n<meta property=\"og:title\" content=\"Les Festes d&#039;Alfafara s\u00f3n declarades d&#039;Inter\u00e9s Tur\u00edstic Local - COPE Alcoy\" \/>\n<meta property=\"og:description\" content=\"El Diari Oficial de la Generalitat Valenciana (DOGV) publicava el passat 27 de maig la declaraci\u00f3 de les Festes Patronals...\" \/>\n<meta property=\"og:url\" content=\"https:\/\/www.copealcoy.es\/es\/les-festes-dalfafara-son-declarades-dinteres-turistic-local\/\" \/>\n<meta property=\"og:site_name\" content=\"COPE Alcoy\" \/>\n<meta property=\"article:published_time\" content=\"2021-06-09T12:44:05+00:00\" \/>\n<meta property=\"article:modified_time\" content=\"2021-06-09T12:54:22+00:00\" \/>\n<meta property=\"og:image\" content=\"https:\/\/www.copealcoy.es\/wp-content\/uploads\/2021\/06\/191313726_4001330869915187_7077414996202836447_n.jpg\" \/>\n\t<meta property=\"og:image:width\" content=\"1440\" \/>\n\t<meta property=\"og:image:height\" content=\"810\" \/>\n\t<meta property=\"og:image:type\" content=\"image\/jpeg\" \/>\n<meta name=\"author\" content=\"Cope Alcoy\" \/>\n<meta name=\"twitter:label1\" content=\"Escrito por\" \/>\n\t<meta name=\"twitter:data1\" content=\"Cope Alcoy\" \/>\n\t<meta name=\"twitter:label2\" content=\"Tiempo de lectura\" \/>\n\t<meta name=\"twitter:data2\" content=\"1 minuto\" \/>\n<script type=\"application\/ld+json\" class=\"yoast-schema-graph\">{\"@context\":\"https:\\\/\\\/schema.org\",\"@graph\":[{\"@type\":\"Article\",\"@id\":\"https:\\\/\\\/www.copealcoy.es\\\/es\\\/les-festes-dalfafara-son-declarades-dinteres-turistic-local\\\/#article\",\"isPartOf\":{\"@id\":\"https:\\\/\\\/www.copealcoy.es\\\/es\\\/les-festes-dalfafara-son-declarades-dinteres-turistic-local\\\/\"},\"author\":{\"name\":\"Cope Alcoy\",\"@id\":\"https:\\\/\\\/www.copealcoy.es\\\/es\\\/#\\\/schema\\\/person\\\/e777c87fa024e57d40170af9df39882c\"},\"headline\":\"Les Festes d&#8217;Alfafara s\u00f3n declarades d&#8217;Inter\u00e9s Tur\u00edstic Local\",\"datePublished\":\"2021-06-09T12:44:05+00:00\",\"dateModified\":\"2021-06-09T12:54:22+00:00\",\"mainEntityOfPage\":{\"@id\":\"https:\\\/\\\/www.copealcoy.es\\\/es\\\/les-festes-dalfafara-son-declarades-dinteres-turistic-local\\\/\"},\"wordCount\":231,\"commentCount\":0,\"image\":{\"@id\":\"https:\\\/\\\/www.copealcoy.es\\\/es\\\/les-festes-dalfafara-son-declarades-dinteres-turistic-local\\\/#primaryimage\"},\"thumbnailUrl\":\"https:\\\/\\\/www.copealcoy.es\\\/wp-content\\\/uploads\\\/2021\\\/06\\\/191313726_4001330869915187_7077414996202836447_n.jpg\",\"keywords\":[\"Alfafara\",\"declaraci\u00f3\",\"Festes\",\"Inter\u00e9s Tur\u00edstic Local\",\"Toni Cloquell\"],\"articleSection\":[\"Comarcas\",\"Noticias\"],\"inLanguage\":\"es\"},{\"@type\":\"WebPage\",\"@id\":\"https:\\\/\\\/www.copealcoy.es\\\/es\\\/les-festes-dalfafara-son-declarades-dinteres-turistic-local\\\/\",\"url\":\"https:\\\/\\\/www.copealcoy.es\\\/es\\\/les-festes-dalfafara-son-declarades-dinteres-turistic-local\\\/\",\"name\":\"Les Festes d'Alfafara s\u00f3n declarades d'Inter\u00e9s Tur\u00edstic Local - COPE Alcoy\",\"isPartOf\":{\"@id\":\"https:\\\/\\\/www.copealcoy.es\\\/es\\\/#website\"},\"primaryImageOfPage\":{\"@id\":\"https:\\\/\\\/www.copealcoy.es\\\/es\\\/les-festes-dalfafara-son-declarades-dinteres-turistic-local\\\/#primaryimage\"},\"image\":{\"@id\":\"https:\\\/\\\/www.copealcoy.es\\\/es\\\/les-festes-dalfafara-son-declarades-dinteres-turistic-local\\\/#primaryimage\"},\"thumbnailUrl\":\"https:\\\/\\\/www.copealcoy.es\\\/wp-content\\\/uploads\\\/2021\\\/06\\\/191313726_4001330869915187_7077414996202836447_n.jpg\",\"datePublished\":\"2021-06-09T12:44:05+00:00\",\"dateModified\":\"2021-06-09T12:54:22+00:00\",\"author\":{\"@id\":\"https:\\\/\\\/www.copealcoy.es\\\/es\\\/#\\\/schema\\\/person\\\/e777c87fa024e57d40170af9df39882c\"},\"breadcrumb\":{\"@id\":\"https:\\\/\\\/www.copealcoy.es\\\/es\\\/les-festes-dalfafara-son-declarades-dinteres-turistic-local\\\/#breadcrumb\"},\"inLanguage\":\"es\",\"potentialAction\":[{\"@type\":\"ReadAction\",\"target\":[\"https:\\\/\\\/www.copealcoy.es\\\/es\\\/les-festes-dalfafara-son-declarades-dinteres-turistic-local\\\/\"]}]},{\"@type\":\"ImageObject\",\"inLanguage\":\"es\",\"@id\":\"https:\\\/\\\/www.copealcoy.es\\\/es\\\/les-festes-dalfafara-son-declarades-dinteres-turistic-local\\\/#primaryimage\",\"url\":\"https:\\\/\\\/www.copealcoy.es\\\/wp-content\\\/uploads\\\/2021\\\/06\\\/191313726_4001330869915187_7077414996202836447_n.jpg\",\"contentUrl\":\"https:\\\/\\\/www.copealcoy.es\\\/wp-content\\\/uploads\\\/2021\\\/06\\\/191313726_4001330869915187_7077414996202836447_n.jpg\",\"width\":1440,\"height\":810},{\"@type\":\"BreadcrumbList\",\"@id\":\"https:\\\/\\\/www.copealcoy.es\\\/es\\\/les-festes-dalfafara-son-declarades-dinteres-turistic-local\\\/#breadcrumb\",\"itemListElement\":[{\"@type\":\"ListItem\",\"position\":1,\"name\":\"Portada\",\"item\":\"https:\\\/\\\/www.copealcoy.es\\\/es\\\/\"},{\"@type\":\"ListItem\",\"position\":2,\"name\":\"Les Festes d&#8217;Alfafara s\u00f3n declarades d&#8217;Inter\u00e9s Tur\u00edstic Local\"}]},{\"@type\":\"WebSite\",\"@id\":\"https:\\\/\\\/www.copealcoy.es\\\/es\\\/#website\",\"url\":\"https:\\\/\\\/www.copealcoy.es\\\/es\\\/\",\"name\":\"COPE Alcoy\",\"description\":\"Emisora COPE de radio local con emisi\u00f3n online. Pont de Sant Jordi 8-10 03803 Alcoy\",\"potentialAction\":[{\"@type\":\"SearchAction\",\"target\":{\"@type\":\"EntryPoint\",\"urlTemplate\":\"https:\\\/\\\/www.copealcoy.es\\\/es\\\/?s={search_term_string}\"},\"query-input\":{\"@type\":\"PropertyValueSpecification\",\"valueRequired\":true,\"valueName\":\"search_term_string\"}}],\"inLanguage\":\"es\"},{\"@type\":\"Person\",\"@id\":\"https:\\\/\\\/www.copealcoy.es\\\/es\\\/#\\\/schema\\\/person\\\/e777c87fa024e57d40170af9df39882c\",\"name\":\"Cope Alcoy\",\"image\":{\"@type\":\"ImageObject\",\"inLanguage\":\"es\",\"@id\":\"https:\\\/\\\/secure.gravatar.com\\\/avatar\\\/bb65d0283347e303893ba14f0692005417c1e0e690a325a4c5d8bb2b3943ee14?s=96&d=mm&r=g\",\"url\":\"https:\\\/\\\/secure.gravatar.com\\\/avatar\\\/bb65d0283347e303893ba14f0692005417c1e0e690a325a4c5d8bb2b3943ee14?s=96&d=mm&r=g\",\"contentUrl\":\"https:\\\/\\\/secure.gravatar.com\\\/avatar\\\/bb65d0283347e303893ba14f0692005417c1e0e690a325a4c5d8bb2b3943ee14?s=96&d=mm&r=g\",\"caption\":\"Cope Alcoy\"}}]}<\/script>\n<!-- \/ Yoast SEO plugin. -->","yoast_head_json":{"title":"Les Festes d'Alfafara s\u00f3n declarades d'Inter\u00e9s Tur\u00edstic Local - COPE Alcoy","robots":{"index":"index","follow":"follow","max-snippet":"max-snippet:-1","max-image-preview":"max-image-preview:large","max-video-preview":"max-video-preview:-1"},"canonical":"https:\/\/www.copealcoy.es\/es\/les-festes-dalfafara-son-declarades-dinteres-turistic-local\/","og_locale":"es_ES","og_type":"article","og_title":"Les Festes d'Alfafara s\u00f3n declarades d'Inter\u00e9s Tur\u00edstic Local - COPE Alcoy","og_description":"El Diari Oficial de la Generalitat Valenciana (DOGV) publicava el passat 27 de maig la declaraci\u00f3 de les Festes Patronals...","og_url":"https:\/\/www.copealcoy.es\/es\/les-festes-dalfafara-son-declarades-dinteres-turistic-local\/","og_site_name":"COPE Alcoy","article_published_time":"2021-06-09T12:44:05+00:00","article_modified_time":"2021-06-09T12:54:22+00:00","og_image":[{"width":1440,"height":810,"url":"https:\/\/www.copealcoy.es\/wp-content\/uploads\/2021\/06\/191313726_4001330869915187_7077414996202836447_n.jpg","type":"image\/jpeg"}],"author":"Cope Alcoy","twitter_misc":{"Escrito por":"Cope Alcoy","Tiempo de lectura":"1 minuto"},"schema":{"@context":"https:\/\/schema.org","@graph":[{"@type":"Article","@id":"https:\/\/www.copealcoy.es\/es\/les-festes-dalfafara-son-declarades-dinteres-turistic-local\/#article","isPartOf":{"@id":"https:\/\/www.copealcoy.es\/es\/les-festes-dalfafara-son-declarades-dinteres-turistic-local\/"},"author":{"name":"Cope Alcoy","@id":"https:\/\/www.copealcoy.es\/es\/#\/schema\/person\/e777c87fa024e57d40170af9df39882c"},"headline":"Les Festes d&#8217;Alfafara s\u00f3n declarades d&#8217;Inter\u00e9s Tur\u00edstic Local","datePublished":"2021-06-09T12:44:05+00:00","dateModified":"2021-06-09T12:54:22+00:00","mainEntityOfPage":{"@id":"https:\/\/www.copealcoy.es\/es\/les-festes-dalfafara-son-declarades-dinteres-turistic-local\/"},"wordCount":231,"commentCount":0,"image":{"@id":"https:\/\/www.copealcoy.es\/es\/les-festes-dalfafara-son-declarades-dinteres-turistic-local\/#primaryimage"},"thumbnailUrl":"https:\/\/www.copealcoy.es\/wp-content\/uploads\/2021\/06\/191313726_4001330869915187_7077414996202836447_n.jpg","keywords":["Alfafara","declaraci\u00f3","Festes","Inter\u00e9s Tur\u00edstic Local","Toni Cloquell"],"articleSection":["Comarcas","Noticias"],"inLanguage":"es"},{"@type":"WebPage","@id":"https:\/\/www.copealcoy.es\/es\/les-festes-dalfafara-son-declarades-dinteres-turistic-local\/","url":"https:\/\/www.copealcoy.es\/es\/les-festes-dalfafara-son-declarades-dinteres-turistic-local\/","name":"Les Festes d'Alfafara s\u00f3n declarades d'Inter\u00e9s Tur\u00edstic Local - COPE Alcoy","isPartOf":{"@id":"https:\/\/www.copealcoy.es\/es\/#website"},"primaryImageOfPage":{"@id":"https:\/\/www.copealcoy.es\/es\/les-festes-dalfafara-son-declarades-dinteres-turistic-local\/#primaryimage"},"image":{"@id":"https:\/\/www.copealcoy.es\/es\/les-festes-dalfafara-son-declarades-dinteres-turistic-local\/#primaryimage"},"thumbnailUrl":"https:\/\/www.copealcoy.es\/wp-content\/uploads\/2021\/06\/191313726_4001330869915187_7077414996202836447_n.jpg","datePublished":"2021-06-09T12:44:05+00:00","dateModified":"2021-06-09T12:54:22+00:00","author":{"@id":"https:\/\/www.copealcoy.es\/es\/#\/schema\/person\/e777c87fa024e57d40170af9df39882c"},"breadcrumb":{"@id":"https:\/\/www.copealcoy.es\/es\/les-festes-dalfafara-son-declarades-dinteres-turistic-local\/#breadcrumb"},"inLanguage":"es","potentialAction":[{"@type":"ReadAction","target":["https:\/\/www.copealcoy.es\/es\/les-festes-dalfafara-son-declarades-dinteres-turistic-local\/"]}]},{"@type":"ImageObject","inLanguage":"es","@id":"https:\/\/www.copealcoy.es\/es\/les-festes-dalfafara-son-declarades-dinteres-turistic-local\/#primaryimage","url":"https:\/\/www.copealcoy.es\/wp-content\/uploads\/2021\/06\/191313726_4001330869915187_7077414996202836447_n.jpg","contentUrl":"https:\/\/www.copealcoy.es\/wp-content\/uploads\/2021\/06\/191313726_4001330869915187_7077414996202836447_n.jpg","width":1440,"height":810},{"@type":"BreadcrumbList","@id":"https:\/\/www.copealcoy.es\/es\/les-festes-dalfafara-son-declarades-dinteres-turistic-local\/#breadcrumb","itemListElement":[{"@type":"ListItem","position":1,"name":"Portada","item":"https:\/\/www.copealcoy.es\/es\/"},{"@type":"ListItem","position":2,"name":"Les Festes d&#8217;Alfafara s\u00f3n declarades d&#8217;Inter\u00e9s Tur\u00edstic Local"}]},{"@type":"WebSite","@id":"https:\/\/www.copealcoy.es\/es\/#website","url":"https:\/\/www.copealcoy.es\/es\/","name":"COPE Alcoy","description":"Emisora COPE de radio local con emisi\u00f3n online. Pont de Sant Jordi 8-10 03803 Alcoy","potentialAction":[{"@type":"SearchAction","target":{"@type":"EntryPoint","urlTemplate":"https:\/\/www.copealcoy.es\/es\/?s={search_term_string}"},"query-input":{"@type":"PropertyValueSpecification","valueRequired":true,"valueName":"search_term_string"}}],"inLanguage":"es"},{"@type":"Person","@id":"https:\/\/www.copealcoy.es\/es\/#\/schema\/person\/e777c87fa024e57d40170af9df39882c","name":"Cope Alcoy","image":{"@type":"ImageObject","inLanguage":"es","@id":"https:\/\/secure.gravatar.com\/avatar\/bb65d0283347e303893ba14f0692005417c1e0e690a325a4c5d8bb2b3943ee14?s=96&d=mm&r=g","url":"https:\/\/secure.gravatar.com\/avatar\/bb65d0283347e303893ba14f0692005417c1e0e690a325a4c5d8bb2b3943ee14?s=96&d=mm&r=g","contentUrl":"https:\/\/secure.gravatar.com\/avatar\/bb65d0283347e303893ba14f0692005417c1e0e690a325a4c5d8bb2b3943ee14?s=96&d=mm&r=g","caption":"Cope Alcoy"}}]}},"_links":{"self":[{"href":"https:\/\/www.copealcoy.es\/es\/wp-json\/wp\/v2\/posts\/74545","targetHints":{"allow":["GET"]}}],"collection":[{"href":"https:\/\/www.copealcoy.es\/es\/wp-json\/wp\/v2\/posts"}],"about":[{"href":"https:\/\/www.copealcoy.es\/es\/wp-json\/wp\/v2\/types\/post"}],"author":[{"embeddable":true,"href":"https:\/\/www.copealcoy.es\/es\/wp-json\/wp\/v2\/users\/1"}],"replies":[{"embeddable":true,"href":"https:\/\/www.copealcoy.es\/es\/wp-json\/wp\/v2\/comments?post=74545"}],"version-history":[{"count":0,"href":"https:\/\/www.copealcoy.es\/es\/wp-json\/wp\/v2\/posts\/74545\/revisions"}],"wp:featuredmedia":[{"embeddable":true,"href":"https:\/\/www.copealcoy.es\/es\/wp-json\/wp\/v2\/media\/74546"}],"wp:attachment":[{"href":"https:\/\/www.copealcoy.es\/es\/wp-json\/wp\/v2\/media?parent=74545"}],"wp:term":[{"taxonomy":"category","embeddable":true,"href":"https:\/\/www.copealcoy.es\/es\/wp-json\/wp\/v2\/categories?post=74545"},{"taxonomy":"post_tag","embeddable":true,"href":"https:\/\/www.copealcoy.es\/es\/wp-json\/wp\/v2\/tags?post=74545"}],"curies":[{"name":"wp","href":"https:\/\/api.w.org\/{rel}","templated":true}]}}