{"id":74523,"date":"2021-06-08T19:02:58","date_gmt":"2021-06-08T18:02:58","guid":{"rendered":"https:\/\/www.copealcoy.es\/?p=74523"},"modified":"2021-06-08T19:07:44","modified_gmt":"2021-06-08T18:07:44","slug":"la-manco-posara-en-marxa-en-setembre-una-linia-dautobus-per-a-lalumnat-dfp","status":"publish","type":"post","link":"https:\/\/www.copealcoy.es\/es\/la-manco-posara-en-marxa-en-setembre-una-linia-dautobus-per-a-lalumnat-dfp\/","title":{"rendered":"La Manco posar\u00e0 en marxa en setembre una l\u00ednia d\u2019autob\u00fas per a l\u2019alumnat d\u2019FP"},"content":{"rendered":"<p style=\"text-align: justify;\">La <strong>Mancomunitat de l\u2019Alcoi\u00e0 i el Comtat<\/strong> oferir\u00e0 a partir del pr\u00f2xim mes de setembre <strong>un servei d\u2019autob\u00fas<\/strong> que <strong>unir\u00e0 els principals municipis amb centres de Formaci\u00f3 Professional de l\u2019Alcoi\u00e0, el Comtat i la Foia de Castalla<\/strong>. Hi haur\u00e0 <strong>un total de quatre autobusos diaris<\/strong> al llarg del curs, dos d\u2019anada i dos de tornada, pensats per a cobrir els torns de mat\u00ed i vesprada dels centres d\u2019estudis, que<strong> faran el recorregut des de Muro fins a Castalla<\/strong>, <strong>amb parades a l\u2019Alqueria d\u2019Asnar, Cocentaina, Alcoi, Ibi i Onil<\/strong>.<\/p>\n<p style=\"text-align: justify;\">L\u2019alumnat dels centres empadronat als municipis que integren la Mancomunitat de l\u2019Alcoi\u00e0 i el Comtat<strong> podr\u00e0 sol\u00b7licitar la seua targeta de transport de l\u2019STU+<\/strong> i beneficiar-se de tarifes redu\u00efdes per a viatjar. No obstant, <strong>tota la ciutadania podr\u00e0 fer \u00fas del transport abonant la tarifa ordin\u00e0ria<\/strong> &#8220;<em>aquest nou servei es presenta com una forma de vertebrar les comarques i facilitar l\u2019acc\u00e9s als centres de Formaci\u00f3 Professional, davant la creixent demanda d\u2019aquest tipus d\u2019estudis i la manca d\u2019un transport p\u00fablic que articule l\u2019Alcoi\u00e0 i el Comtat amb la Foia. El Servei de Transport Universitari, del qual es beneficien unes 600 persones cada curs, \u00e9s un servei p\u00fablic crucial, ja que facilita la connexi\u00f3 entre les comarques i els centres d\u2019estudis d\u2019Alacant<\/em>&#8220;, afirma <strong>Arnaldo Due\u00f1as<\/strong>, un dels Gerents de la Manco.<\/p>\n<p style=\"text-align: justify;\">Els <strong>preus i diferents tipus d\u2019abonaments<\/strong> estan pendents de concretar, per\u00f2 <strong>seran similars a les que ja s\u2019apliquen al Servei de Transport Universitari<\/strong>, amb tarifes ordin\u00e0ries per a tota la poblaci\u00f3 i altres subvencionades per a l\u2019alumnat dels municipis de la Mancomunitat de l\u2019Alcoi\u00e0 i el Comtat.<\/p>\n","protected":false},"excerpt":{"rendered":"<p>La Mancomunitat de l\u2019Alcoi\u00e0 i el Comtat oferir\u00e0 a partir del pr\u00f2xim mes de setembre un servei d\u2019autob\u00fas que unir\u00e0&#8230;<\/p>\n","protected":false},"author":1,"featured_media":52768,"comment_status":"open","ping_status":"open","sticky":false,"template":"","format":"standard","meta":{"footnotes":""},"categories":[98,75],"tags":[482,1876,237,1745,11359],"class_list":["post-74523","post","type-post","status-publish","format-standard","has-post-thumbnail","hentry","category-comarcas","category-noticias","tag-alcoia","tag-arnaldo-duenas","tag-comtat","tag-mancomunitat","tag-transport-universitari"],"yoast_head":"<!-- This site is optimized with the Yoast SEO plugin v27.3 - https:\/\/yoast.com\/product\/yoast-seo-wordpress\/ -->\n<title>La Manco posar\u00e0 en marxa en setembre una l\u00ednia d\u2019autob\u00fas per a l\u2019alumnat d\u2019FP - COPE Alcoy<\/title>\n<meta name=\"robots\" content=\"index, follow, max-snippet:-1, max-image-preview:large, max-video-preview:-1\" \/>\n<link rel=\"canonical\" href=\"https:\/\/www.copealcoy.es\/es\/la-manco-posara-en-marxa-en-setembre-una-linia-dautobus-per-a-lalumnat-dfp\/\" \/>\n<meta property=\"og:locale\" content=\"es_ES\" \/>\n<meta property=\"og:type\" content=\"article\" \/>\n<meta property=\"og:title\" content=\"La Manco posar\u00e0 en marxa en setembre una l\u00ednia d\u2019autob\u00fas per a l\u2019alumnat d\u2019FP - COPE Alcoy\" \/>\n<meta property=\"og:description\" content=\"La Mancomunitat de l\u2019Alcoi\u00e0 i el Comtat oferir\u00e0 a partir del pr\u00f2xim mes de setembre un servei d\u2019autob\u00fas que unir\u00e0...\" \/>\n<meta property=\"og:url\" content=\"https:\/\/www.copealcoy.es\/es\/la-manco-posara-en-marxa-en-setembre-una-linia-dautobus-per-a-lalumnat-dfp\/\" \/>\n<meta property=\"og:site_name\" content=\"COPE Alcoy\" \/>\n<meta property=\"article:published_time\" content=\"2021-06-08T18:02:58+00:00\" \/>\n<meta property=\"article:modified_time\" content=\"2021-06-08T18:07:44+00:00\" \/>\n<meta property=\"og:image\" content=\"https:\/\/www.copealcoy.es\/wp-content\/uploads\/2019\/07\/grp_vectalia_car-1.jpg\" \/>\n\t<meta property=\"og:image:width\" content=\"550\" \/>\n\t<meta property=\"og:image:height\" content=\"267\" \/>\n\t<meta property=\"og:image:type\" content=\"image\/jpeg\" \/>\n<meta name=\"author\" content=\"Cope Alcoy\" \/>\n<meta name=\"twitter:label1\" content=\"Escrito por\" \/>\n\t<meta name=\"twitter:data1\" content=\"Cope Alcoy\" \/>\n\t<meta name=\"twitter:label2\" content=\"Tiempo de lectura\" \/>\n\t<meta name=\"twitter:data2\" content=\"1 minuto\" \/>\n<script type=\"application\/ld+json\" class=\"yoast-schema-graph\">{\"@context\":\"https:\\\/\\\/schema.org\",\"@graph\":[{\"@type\":\"Article\",\"@id\":\"https:\\\/\\\/www.copealcoy.es\\\/es\\\/la-manco-posara-en-marxa-en-setembre-una-linia-dautobus-per-a-lalumnat-dfp\\\/#article\",\"isPartOf\":{\"@id\":\"https:\\\/\\\/www.copealcoy.es\\\/es\\\/la-manco-posara-en-marxa-en-setembre-una-linia-dautobus-per-a-lalumnat-dfp\\\/\"},\"author\":{\"name\":\"Cope Alcoy\",\"@id\":\"https:\\\/\\\/www.copealcoy.es\\\/es\\\/#\\\/schema\\\/person\\\/e777c87fa024e57d40170af9df39882c\"},\"headline\":\"La Manco posar\u00e0 en marxa en setembre una l\u00ednia d\u2019autob\u00fas per a l\u2019alumnat d\u2019FP\",\"datePublished\":\"2021-06-08T18:02:58+00:00\",\"dateModified\":\"2021-06-08T18:07:44+00:00\",\"mainEntityOfPage\":{\"@id\":\"https:\\\/\\\/www.copealcoy.es\\\/es\\\/la-manco-posara-en-marxa-en-setembre-una-linia-dautobus-per-a-lalumnat-dfp\\\/\"},\"wordCount\":313,\"commentCount\":0,\"image\":{\"@id\":\"https:\\\/\\\/www.copealcoy.es\\\/es\\\/la-manco-posara-en-marxa-en-setembre-una-linia-dautobus-per-a-lalumnat-dfp\\\/#primaryimage\"},\"thumbnailUrl\":\"https:\\\/\\\/www.copealcoy.es\\\/wp-content\\\/uploads\\\/2019\\\/07\\\/grp_vectalia_car-1.jpg\",\"keywords\":[\"Alcoi\u00e0\",\"Arnaldo Due\u00f1as\",\"Comtat\",\"Mancomunitat\",\"transport universitari\"],\"articleSection\":[\"Comarcas\",\"Noticias\"],\"inLanguage\":\"es\"},{\"@type\":\"WebPage\",\"@id\":\"https:\\\/\\\/www.copealcoy.es\\\/es\\\/la-manco-posara-en-marxa-en-setembre-una-linia-dautobus-per-a-lalumnat-dfp\\\/\",\"url\":\"https:\\\/\\\/www.copealcoy.es\\\/es\\\/la-manco-posara-en-marxa-en-setembre-una-linia-dautobus-per-a-lalumnat-dfp\\\/\",\"name\":\"La Manco posar\u00e0 en marxa en setembre una l\u00ednia d\u2019autob\u00fas per a l\u2019alumnat d\u2019FP - COPE Alcoy\",\"isPartOf\":{\"@id\":\"https:\\\/\\\/www.copealcoy.es\\\/es\\\/#website\"},\"primaryImageOfPage\":{\"@id\":\"https:\\\/\\\/www.copealcoy.es\\\/es\\\/la-manco-posara-en-marxa-en-setembre-una-linia-dautobus-per-a-lalumnat-dfp\\\/#primaryimage\"},\"image\":{\"@id\":\"https:\\\/\\\/www.copealcoy.es\\\/es\\\/la-manco-posara-en-marxa-en-setembre-una-linia-dautobus-per-a-lalumnat-dfp\\\/#primaryimage\"},\"thumbnailUrl\":\"https:\\\/\\\/www.copealcoy.es\\\/wp-content\\\/uploads\\\/2019\\\/07\\\/grp_vectalia_car-1.jpg\",\"datePublished\":\"2021-06-08T18:02:58+00:00\",\"dateModified\":\"2021-06-08T18:07:44+00:00\",\"author\":{\"@id\":\"https:\\\/\\\/www.copealcoy.es\\\/es\\\/#\\\/schema\\\/person\\\/e777c87fa024e57d40170af9df39882c\"},\"breadcrumb\":{\"@id\":\"https:\\\/\\\/www.copealcoy.es\\\/es\\\/la-manco-posara-en-marxa-en-setembre-una-linia-dautobus-per-a-lalumnat-dfp\\\/#breadcrumb\"},\"inLanguage\":\"es\",\"potentialAction\":[{\"@type\":\"ReadAction\",\"target\":[\"https:\\\/\\\/www.copealcoy.es\\\/es\\\/la-manco-posara-en-marxa-en-setembre-una-linia-dautobus-per-a-lalumnat-dfp\\\/\"]}]},{\"@type\":\"ImageObject\",\"inLanguage\":\"es\",\"@id\":\"https:\\\/\\\/www.copealcoy.es\\\/es\\\/la-manco-posara-en-marxa-en-setembre-una-linia-dautobus-per-a-lalumnat-dfp\\\/#primaryimage\",\"url\":\"https:\\\/\\\/www.copealcoy.es\\\/wp-content\\\/uploads\\\/2019\\\/07\\\/grp_vectalia_car-1.jpg\",\"contentUrl\":\"https:\\\/\\\/www.copealcoy.es\\\/wp-content\\\/uploads\\\/2019\\\/07\\\/grp_vectalia_car-1.jpg\",\"width\":550,\"height\":267},{\"@type\":\"BreadcrumbList\",\"@id\":\"https:\\\/\\\/www.copealcoy.es\\\/es\\\/la-manco-posara-en-marxa-en-setembre-una-linia-dautobus-per-a-lalumnat-dfp\\\/#breadcrumb\",\"itemListElement\":[{\"@type\":\"ListItem\",\"position\":1,\"name\":\"Portada\",\"item\":\"https:\\\/\\\/www.copealcoy.es\\\/es\\\/\"},{\"@type\":\"ListItem\",\"position\":2,\"name\":\"La Manco posar\u00e0 en marxa en setembre una l\u00ednia d\u2019autob\u00fas per a l\u2019alumnat d\u2019FP\"}]},{\"@type\":\"WebSite\",\"@id\":\"https:\\\/\\\/www.copealcoy.es\\\/es\\\/#website\",\"url\":\"https:\\\/\\\/www.copealcoy.es\\\/es\\\/\",\"name\":\"COPE Alcoy\",\"description\":\"Emisora COPE de radio local con emisi\u00f3n online. Pont de Sant Jordi 8-10 03803 Alcoy\",\"potentialAction\":[{\"@type\":\"SearchAction\",\"target\":{\"@type\":\"EntryPoint\",\"urlTemplate\":\"https:\\\/\\\/www.copealcoy.es\\\/es\\\/?s={search_term_string}\"},\"query-input\":{\"@type\":\"PropertyValueSpecification\",\"valueRequired\":true,\"valueName\":\"search_term_string\"}}],\"inLanguage\":\"es\"},{\"@type\":\"Person\",\"@id\":\"https:\\\/\\\/www.copealcoy.es\\\/es\\\/#\\\/schema\\\/person\\\/e777c87fa024e57d40170af9df39882c\",\"name\":\"Cope Alcoy\",\"image\":{\"@type\":\"ImageObject\",\"inLanguage\":\"es\",\"@id\":\"https:\\\/\\\/secure.gravatar.com\\\/avatar\\\/bb65d0283347e303893ba14f0692005417c1e0e690a325a4c5d8bb2b3943ee14?s=96&d=mm&r=g\",\"url\":\"https:\\\/\\\/secure.gravatar.com\\\/avatar\\\/bb65d0283347e303893ba14f0692005417c1e0e690a325a4c5d8bb2b3943ee14?s=96&d=mm&r=g\",\"contentUrl\":\"https:\\\/\\\/secure.gravatar.com\\\/avatar\\\/bb65d0283347e303893ba14f0692005417c1e0e690a325a4c5d8bb2b3943ee14?s=96&d=mm&r=g\",\"caption\":\"Cope Alcoy\"}}]}<\/script>\n<!-- \/ Yoast SEO plugin. -->","yoast_head_json":{"title":"La Manco posar\u00e0 en marxa en setembre una l\u00ednia d\u2019autob\u00fas per a l\u2019alumnat d\u2019FP - COPE Alcoy","robots":{"index":"index","follow":"follow","max-snippet":"max-snippet:-1","max-image-preview":"max-image-preview:large","max-video-preview":"max-video-preview:-1"},"canonical":"https:\/\/www.copealcoy.es\/es\/la-manco-posara-en-marxa-en-setembre-una-linia-dautobus-per-a-lalumnat-dfp\/","og_locale":"es_ES","og_type":"article","og_title":"La Manco posar\u00e0 en marxa en setembre una l\u00ednia d\u2019autob\u00fas per a l\u2019alumnat d\u2019FP - COPE Alcoy","og_description":"La Mancomunitat de l\u2019Alcoi\u00e0 i el Comtat oferir\u00e0 a partir del pr\u00f2xim mes de setembre un servei d\u2019autob\u00fas que unir\u00e0...","og_url":"https:\/\/www.copealcoy.es\/es\/la-manco-posara-en-marxa-en-setembre-una-linia-dautobus-per-a-lalumnat-dfp\/","og_site_name":"COPE Alcoy","article_published_time":"2021-06-08T18:02:58+00:00","article_modified_time":"2021-06-08T18:07:44+00:00","og_image":[{"width":550,"height":267,"url":"https:\/\/www.copealcoy.es\/wp-content\/uploads\/2019\/07\/grp_vectalia_car-1.jpg","type":"image\/jpeg"}],"author":"Cope Alcoy","twitter_misc":{"Escrito por":"Cope Alcoy","Tiempo de lectura":"1 minuto"},"schema":{"@context":"https:\/\/schema.org","@graph":[{"@type":"Article","@id":"https:\/\/www.copealcoy.es\/es\/la-manco-posara-en-marxa-en-setembre-una-linia-dautobus-per-a-lalumnat-dfp\/#article","isPartOf":{"@id":"https:\/\/www.copealcoy.es\/es\/la-manco-posara-en-marxa-en-setembre-una-linia-dautobus-per-a-lalumnat-dfp\/"},"author":{"name":"Cope Alcoy","@id":"https:\/\/www.copealcoy.es\/es\/#\/schema\/person\/e777c87fa024e57d40170af9df39882c"},"headline":"La Manco posar\u00e0 en marxa en setembre una l\u00ednia d\u2019autob\u00fas per a l\u2019alumnat d\u2019FP","datePublished":"2021-06-08T18:02:58+00:00","dateModified":"2021-06-08T18:07:44+00:00","mainEntityOfPage":{"@id":"https:\/\/www.copealcoy.es\/es\/la-manco-posara-en-marxa-en-setembre-una-linia-dautobus-per-a-lalumnat-dfp\/"},"wordCount":313,"commentCount":0,"image":{"@id":"https:\/\/www.copealcoy.es\/es\/la-manco-posara-en-marxa-en-setembre-una-linia-dautobus-per-a-lalumnat-dfp\/#primaryimage"},"thumbnailUrl":"https:\/\/www.copealcoy.es\/wp-content\/uploads\/2019\/07\/grp_vectalia_car-1.jpg","keywords":["Alcoi\u00e0","Arnaldo Due\u00f1as","Comtat","Mancomunitat","transport universitari"],"articleSection":["Comarcas","Noticias"],"inLanguage":"es"},{"@type":"WebPage","@id":"https:\/\/www.copealcoy.es\/es\/la-manco-posara-en-marxa-en-setembre-una-linia-dautobus-per-a-lalumnat-dfp\/","url":"https:\/\/www.copealcoy.es\/es\/la-manco-posara-en-marxa-en-setembre-una-linia-dautobus-per-a-lalumnat-dfp\/","name":"La Manco posar\u00e0 en marxa en setembre una l\u00ednia d\u2019autob\u00fas per a l\u2019alumnat d\u2019FP - COPE Alcoy","isPartOf":{"@id":"https:\/\/www.copealcoy.es\/es\/#website"},"primaryImageOfPage":{"@id":"https:\/\/www.copealcoy.es\/es\/la-manco-posara-en-marxa-en-setembre-una-linia-dautobus-per-a-lalumnat-dfp\/#primaryimage"},"image":{"@id":"https:\/\/www.copealcoy.es\/es\/la-manco-posara-en-marxa-en-setembre-una-linia-dautobus-per-a-lalumnat-dfp\/#primaryimage"},"thumbnailUrl":"https:\/\/www.copealcoy.es\/wp-content\/uploads\/2019\/07\/grp_vectalia_car-1.jpg","datePublished":"2021-06-08T18:02:58+00:00","dateModified":"2021-06-08T18:07:44+00:00","author":{"@id":"https:\/\/www.copealcoy.es\/es\/#\/schema\/person\/e777c87fa024e57d40170af9df39882c"},"breadcrumb":{"@id":"https:\/\/www.copealcoy.es\/es\/la-manco-posara-en-marxa-en-setembre-una-linia-dautobus-per-a-lalumnat-dfp\/#breadcrumb"},"inLanguage":"es","potentialAction":[{"@type":"ReadAction","target":["https:\/\/www.copealcoy.es\/es\/la-manco-posara-en-marxa-en-setembre-una-linia-dautobus-per-a-lalumnat-dfp\/"]}]},{"@type":"ImageObject","inLanguage":"es","@id":"https:\/\/www.copealcoy.es\/es\/la-manco-posara-en-marxa-en-setembre-una-linia-dautobus-per-a-lalumnat-dfp\/#primaryimage","url":"https:\/\/www.copealcoy.es\/wp-content\/uploads\/2019\/07\/grp_vectalia_car-1.jpg","contentUrl":"https:\/\/www.copealcoy.es\/wp-content\/uploads\/2019\/07\/grp_vectalia_car-1.jpg","width":550,"height":267},{"@type":"BreadcrumbList","@id":"https:\/\/www.copealcoy.es\/es\/la-manco-posara-en-marxa-en-setembre-una-linia-dautobus-per-a-lalumnat-dfp\/#breadcrumb","itemListElement":[{"@type":"ListItem","position":1,"name":"Portada","item":"https:\/\/www.copealcoy.es\/es\/"},{"@type":"ListItem","position":2,"name":"La Manco posar\u00e0 en marxa en setembre una l\u00ednia d\u2019autob\u00fas per a l\u2019alumnat d\u2019FP"}]},{"@type":"WebSite","@id":"https:\/\/www.copealcoy.es\/es\/#website","url":"https:\/\/www.copealcoy.es\/es\/","name":"COPE Alcoy","description":"Emisora COPE de radio local con emisi\u00f3n online. Pont de Sant Jordi 8-10 03803 Alcoy","potentialAction":[{"@type":"SearchAction","target":{"@type":"EntryPoint","urlTemplate":"https:\/\/www.copealcoy.es\/es\/?s={search_term_string}"},"query-input":{"@type":"PropertyValueSpecification","valueRequired":true,"valueName":"search_term_string"}}],"inLanguage":"es"},{"@type":"Person","@id":"https:\/\/www.copealcoy.es\/es\/#\/schema\/person\/e777c87fa024e57d40170af9df39882c","name":"Cope Alcoy","image":{"@type":"ImageObject","inLanguage":"es","@id":"https:\/\/secure.gravatar.com\/avatar\/bb65d0283347e303893ba14f0692005417c1e0e690a325a4c5d8bb2b3943ee14?s=96&d=mm&r=g","url":"https:\/\/secure.gravatar.com\/avatar\/bb65d0283347e303893ba14f0692005417c1e0e690a325a4c5d8bb2b3943ee14?s=96&d=mm&r=g","contentUrl":"https:\/\/secure.gravatar.com\/avatar\/bb65d0283347e303893ba14f0692005417c1e0e690a325a4c5d8bb2b3943ee14?s=96&d=mm&r=g","caption":"Cope Alcoy"}}]}},"_links":{"self":[{"href":"https:\/\/www.copealcoy.es\/es\/wp-json\/wp\/v2\/posts\/74523","targetHints":{"allow":["GET"]}}],"collection":[{"href":"https:\/\/www.copealcoy.es\/es\/wp-json\/wp\/v2\/posts"}],"about":[{"href":"https:\/\/www.copealcoy.es\/es\/wp-json\/wp\/v2\/types\/post"}],"author":[{"embeddable":true,"href":"https:\/\/www.copealcoy.es\/es\/wp-json\/wp\/v2\/users\/1"}],"replies":[{"embeddable":true,"href":"https:\/\/www.copealcoy.es\/es\/wp-json\/wp\/v2\/comments?post=74523"}],"version-history":[{"count":0,"href":"https:\/\/www.copealcoy.es\/es\/wp-json\/wp\/v2\/posts\/74523\/revisions"}],"wp:featuredmedia":[{"embeddable":true,"href":"https:\/\/www.copealcoy.es\/es\/wp-json\/wp\/v2\/media\/52768"}],"wp:attachment":[{"href":"https:\/\/www.copealcoy.es\/es\/wp-json\/wp\/v2\/media?parent=74523"}],"wp:term":[{"taxonomy":"category","embeddable":true,"href":"https:\/\/www.copealcoy.es\/es\/wp-json\/wp\/v2\/categories?post=74523"},{"taxonomy":"post_tag","embeddable":true,"href":"https:\/\/www.copealcoy.es\/es\/wp-json\/wp\/v2\/tags?post=74523"}],"curies":[{"name":"wp","href":"https:\/\/api.w.org\/{rel}","templated":true}]}}