{"id":74304,"date":"2021-06-02T15:37:32","date_gmt":"2021-06-02T14:37:32","guid":{"rendered":"https:\/\/www.copealcoy.es\/?p=74304"},"modified":"2021-06-02T15:44:09","modified_gmt":"2021-06-02T14:44:09","slug":"marcos-martinez-reclama-mejoras-en-la-senalizacion-de-la-carretera-del-rebolcat","status":"publish","type":"post","link":"https:\/\/www.copealcoy.es\/es\/marcos-martinez-reclama-mejoras-en-la-senalizacion-de-la-carretera-del-rebolcat\/","title":{"rendered":"Marcos Mart\u00ednez reclama mejoras en la se\u00f1alizaci\u00f3n de la carretera del Rebolcat"},"content":{"rendered":"<p style=\"text-align: justify;\">El concejal no adscrito en el ayuntamiento de Alcoy, <strong>Marcos Mart\u00ednez<\/strong>, presentar\u00e1 un ruego en el pr\u00f3ximo Pleno del Ayuntamiento para solicitar que se realicen <strong>trabajos de mantenimiento<\/strong> en <strong>la se\u00f1alizaci\u00f3n horizontal de la carretera del Rebolcat<\/strong>. En la propuesta se remarca\u00a0<strong>la importancia que ha adquirido esta v\u00eda<\/strong> al mismo tiempo que se detalla <strong>el incremento de usuarios<\/strong> que registra desde la apertura del Puente Francisco Aura &#8220;<em>hay tramos, sobre todo desde el cruce con la carretera de Benilloba hasta la rotonda de acceso a la Autov\u00eda, en los que la l\u00ednea que separa ambos carriles, as\u00ed como los m\u00e1rgenes de la v\u00eda, no se ven con claridad, sobre todo por la noche o cuando hay neblina o llueve, lo que puede acarrear un cierto peligro para los veh\u00edculos que circulan por ella. Se trata de una actuaci\u00f3n sencilla, pero necesaria, que aporta seguridad a los usuarios de esta carretera<\/em>&#8220;<em>,<\/em> afirma el edil.<\/p>\n<p style=\"text-align: justify;\">Finalmente Mart\u00ednez a\u00f1ade que esta situaci\u00f3n se da tambi\u00e9n en otros aspectos como\u00a0<strong>algunas de las se\u00f1ales de tr\u00e1fico<\/strong>, deterioradas por el paso del tiempo, o que en alg\u00fan caso han desaparecido.<\/p>\n","protected":false},"excerpt":{"rendered":"<p>El concejal no adscrito en el ayuntamiento de Alcoy, Marcos Mart\u00ednez, presentar\u00e1 un ruego en el pr\u00f3ximo Pleno del Ayuntamiento&#8230;<\/p>\n","protected":false},"author":1,"featured_media":74305,"comment_status":"open","ping_status":"open","sticky":false,"template":"","format":"standard","meta":{"footnotes":""},"categories":[97,75,79],"tags":[3755,4212,164,1607,1096],"class_list":["post-74304","post","type-post","status-publish","format-standard","has-post-thumbnail","hentry","category-alcoy","category-noticias","category-politicayeconomia","tag-carretera","tag-marcos-martinez","tag-mejoras","tag-rebolcat","tag-senalizacion"],"yoast_head":"<!-- This site is optimized with the Yoast SEO plugin v27.3 - https:\/\/yoast.com\/product\/yoast-seo-wordpress\/ -->\n<title>Marcos Mart\u00ednez reclama mejoras en la se\u00f1alizaci\u00f3n de la carretera del Rebolcat - COPE Alcoy<\/title>\n<meta name=\"robots\" content=\"index, follow, max-snippet:-1, max-image-preview:large, max-video-preview:-1\" \/>\n<link rel=\"canonical\" href=\"https:\/\/www.copealcoy.es\/es\/marcos-martinez-reclama-mejoras-en-la-senalizacion-de-la-carretera-del-rebolcat\/\" \/>\n<meta property=\"og:locale\" content=\"es_ES\" \/>\n<meta property=\"og:type\" content=\"article\" \/>\n<meta property=\"og:title\" content=\"Marcos Mart\u00ednez reclama mejoras en la se\u00f1alizaci\u00f3n de la carretera del Rebolcat - COPE Alcoy\" \/>\n<meta property=\"og:description\" content=\"El concejal no adscrito en el ayuntamiento de Alcoy, Marcos Mart\u00ednez, presentar\u00e1 un ruego en el pr\u00f3ximo Pleno del Ayuntamiento...\" \/>\n<meta property=\"og:url\" content=\"https:\/\/www.copealcoy.es\/es\/marcos-martinez-reclama-mejoras-en-la-senalizacion-de-la-carretera-del-rebolcat\/\" \/>\n<meta property=\"og:site_name\" content=\"COPE Alcoy\" \/>\n<meta property=\"article:published_time\" content=\"2021-06-02T14:37:32+00:00\" \/>\n<meta property=\"article:modified_time\" content=\"2021-06-02T14:44:09+00:00\" \/>\n<meta property=\"og:image\" content=\"https:\/\/www.copealcoy.es\/wp-content\/uploads\/2021\/06\/WhatsApp-Image-2021-05-26-at-13.33.52.jpeg\" \/>\n\t<meta property=\"og:image:width\" content=\"1600\" \/>\n\t<meta property=\"og:image:height\" content=\"1200\" \/>\n\t<meta property=\"og:image:type\" content=\"image\/jpeg\" \/>\n<meta name=\"author\" content=\"Cope Alcoy\" \/>\n<meta name=\"twitter:label1\" content=\"Escrito por\" \/>\n\t<meta name=\"twitter:data1\" content=\"Cope Alcoy\" \/>\n\t<meta name=\"twitter:label2\" content=\"Tiempo de lectura\" \/>\n\t<meta name=\"twitter:data2\" content=\"1 minuto\" \/>\n<script type=\"application\/ld+json\" class=\"yoast-schema-graph\">{\"@context\":\"https:\\\/\\\/schema.org\",\"@graph\":[{\"@type\":\"Article\",\"@id\":\"https:\\\/\\\/www.copealcoy.es\\\/es\\\/marcos-martinez-reclama-mejoras-en-la-senalizacion-de-la-carretera-del-rebolcat\\\/#article\",\"isPartOf\":{\"@id\":\"https:\\\/\\\/www.copealcoy.es\\\/es\\\/marcos-martinez-reclama-mejoras-en-la-senalizacion-de-la-carretera-del-rebolcat\\\/\"},\"author\":{\"name\":\"Cope Alcoy\",\"@id\":\"https:\\\/\\\/www.copealcoy.es\\\/es\\\/#\\\/schema\\\/person\\\/e777c87fa024e57d40170af9df39882c\"},\"headline\":\"Marcos Mart\u00ednez reclama mejoras en la se\u00f1alizaci\u00f3n de la carretera del Rebolcat\",\"datePublished\":\"2021-06-02T14:37:32+00:00\",\"dateModified\":\"2021-06-02T14:44:09+00:00\",\"mainEntityOfPage\":{\"@id\":\"https:\\\/\\\/www.copealcoy.es\\\/es\\\/marcos-martinez-reclama-mejoras-en-la-senalizacion-de-la-carretera-del-rebolcat\\\/\"},\"wordCount\":219,\"commentCount\":0,\"image\":{\"@id\":\"https:\\\/\\\/www.copealcoy.es\\\/es\\\/marcos-martinez-reclama-mejoras-en-la-senalizacion-de-la-carretera-del-rebolcat\\\/#primaryimage\"},\"thumbnailUrl\":\"https:\\\/\\\/www.copealcoy.es\\\/wp-content\\\/uploads\\\/2021\\\/06\\\/WhatsApp-Image-2021-05-26-at-13.33.52.jpeg\",\"keywords\":[\"carretera\",\"Marcos Mart\u00ednez\",\"Mejoras\",\"Rebolcat\",\"Se\u00f1alizaci\u00f3n\"],\"articleSection\":[\"Alcoy\",\"Noticias\",\"Pol\u00edtica y Econom\u00eda\"],\"inLanguage\":\"es\"},{\"@type\":\"WebPage\",\"@id\":\"https:\\\/\\\/www.copealcoy.es\\\/es\\\/marcos-martinez-reclama-mejoras-en-la-senalizacion-de-la-carretera-del-rebolcat\\\/\",\"url\":\"https:\\\/\\\/www.copealcoy.es\\\/es\\\/marcos-martinez-reclama-mejoras-en-la-senalizacion-de-la-carretera-del-rebolcat\\\/\",\"name\":\"Marcos Mart\u00ednez reclama mejoras en la se\u00f1alizaci\u00f3n de la carretera del Rebolcat - COPE Alcoy\",\"isPartOf\":{\"@id\":\"https:\\\/\\\/www.copealcoy.es\\\/es\\\/#website\"},\"primaryImageOfPage\":{\"@id\":\"https:\\\/\\\/www.copealcoy.es\\\/es\\\/marcos-martinez-reclama-mejoras-en-la-senalizacion-de-la-carretera-del-rebolcat\\\/#primaryimage\"},\"image\":{\"@id\":\"https:\\\/\\\/www.copealcoy.es\\\/es\\\/marcos-martinez-reclama-mejoras-en-la-senalizacion-de-la-carretera-del-rebolcat\\\/#primaryimage\"},\"thumbnailUrl\":\"https:\\\/\\\/www.copealcoy.es\\\/wp-content\\\/uploads\\\/2021\\\/06\\\/WhatsApp-Image-2021-05-26-at-13.33.52.jpeg\",\"datePublished\":\"2021-06-02T14:37:32+00:00\",\"dateModified\":\"2021-06-02T14:44:09+00:00\",\"author\":{\"@id\":\"https:\\\/\\\/www.copealcoy.es\\\/es\\\/#\\\/schema\\\/person\\\/e777c87fa024e57d40170af9df39882c\"},\"breadcrumb\":{\"@id\":\"https:\\\/\\\/www.copealcoy.es\\\/es\\\/marcos-martinez-reclama-mejoras-en-la-senalizacion-de-la-carretera-del-rebolcat\\\/#breadcrumb\"},\"inLanguage\":\"es\",\"potentialAction\":[{\"@type\":\"ReadAction\",\"target\":[\"https:\\\/\\\/www.copealcoy.es\\\/es\\\/marcos-martinez-reclama-mejoras-en-la-senalizacion-de-la-carretera-del-rebolcat\\\/\"]}]},{\"@type\":\"ImageObject\",\"inLanguage\":\"es\",\"@id\":\"https:\\\/\\\/www.copealcoy.es\\\/es\\\/marcos-martinez-reclama-mejoras-en-la-senalizacion-de-la-carretera-del-rebolcat\\\/#primaryimage\",\"url\":\"https:\\\/\\\/www.copealcoy.es\\\/wp-content\\\/uploads\\\/2021\\\/06\\\/WhatsApp-Image-2021-05-26-at-13.33.52.jpeg\",\"contentUrl\":\"https:\\\/\\\/www.copealcoy.es\\\/wp-content\\\/uploads\\\/2021\\\/06\\\/WhatsApp-Image-2021-05-26-at-13.33.52.jpeg\",\"width\":1600,\"height\":1200},{\"@type\":\"BreadcrumbList\",\"@id\":\"https:\\\/\\\/www.copealcoy.es\\\/es\\\/marcos-martinez-reclama-mejoras-en-la-senalizacion-de-la-carretera-del-rebolcat\\\/#breadcrumb\",\"itemListElement\":[{\"@type\":\"ListItem\",\"position\":1,\"name\":\"Portada\",\"item\":\"https:\\\/\\\/www.copealcoy.es\\\/es\\\/\"},{\"@type\":\"ListItem\",\"position\":2,\"name\":\"Marcos Mart\u00ednez reclama mejoras en la se\u00f1alizaci\u00f3n de la carretera del Rebolcat\"}]},{\"@type\":\"WebSite\",\"@id\":\"https:\\\/\\\/www.copealcoy.es\\\/es\\\/#website\",\"url\":\"https:\\\/\\\/www.copealcoy.es\\\/es\\\/\",\"name\":\"COPE Alcoy\",\"description\":\"Emisora COPE de radio local con emisi\u00f3n online. Pont de Sant Jordi 8-10 03803 Alcoy\",\"potentialAction\":[{\"@type\":\"SearchAction\",\"target\":{\"@type\":\"EntryPoint\",\"urlTemplate\":\"https:\\\/\\\/www.copealcoy.es\\\/es\\\/?s={search_term_string}\"},\"query-input\":{\"@type\":\"PropertyValueSpecification\",\"valueRequired\":true,\"valueName\":\"search_term_string\"}}],\"inLanguage\":\"es\"},{\"@type\":\"Person\",\"@id\":\"https:\\\/\\\/www.copealcoy.es\\\/es\\\/#\\\/schema\\\/person\\\/e777c87fa024e57d40170af9df39882c\",\"name\":\"Cope Alcoy\",\"image\":{\"@type\":\"ImageObject\",\"inLanguage\":\"es\",\"@id\":\"https:\\\/\\\/secure.gravatar.com\\\/avatar\\\/bb65d0283347e303893ba14f0692005417c1e0e690a325a4c5d8bb2b3943ee14?s=96&d=mm&r=g\",\"url\":\"https:\\\/\\\/secure.gravatar.com\\\/avatar\\\/bb65d0283347e303893ba14f0692005417c1e0e690a325a4c5d8bb2b3943ee14?s=96&d=mm&r=g\",\"contentUrl\":\"https:\\\/\\\/secure.gravatar.com\\\/avatar\\\/bb65d0283347e303893ba14f0692005417c1e0e690a325a4c5d8bb2b3943ee14?s=96&d=mm&r=g\",\"caption\":\"Cope Alcoy\"}}]}<\/script>\n<!-- \/ Yoast SEO plugin. -->","yoast_head_json":{"title":"Marcos Mart\u00ednez reclama mejoras en la se\u00f1alizaci\u00f3n de la carretera del Rebolcat - COPE Alcoy","robots":{"index":"index","follow":"follow","max-snippet":"max-snippet:-1","max-image-preview":"max-image-preview:large","max-video-preview":"max-video-preview:-1"},"canonical":"https:\/\/www.copealcoy.es\/es\/marcos-martinez-reclama-mejoras-en-la-senalizacion-de-la-carretera-del-rebolcat\/","og_locale":"es_ES","og_type":"article","og_title":"Marcos Mart\u00ednez reclama mejoras en la se\u00f1alizaci\u00f3n de la carretera del Rebolcat - COPE Alcoy","og_description":"El concejal no adscrito en el ayuntamiento de Alcoy, Marcos Mart\u00ednez, presentar\u00e1 un ruego en el pr\u00f3ximo Pleno del Ayuntamiento...","og_url":"https:\/\/www.copealcoy.es\/es\/marcos-martinez-reclama-mejoras-en-la-senalizacion-de-la-carretera-del-rebolcat\/","og_site_name":"COPE Alcoy","article_published_time":"2021-06-02T14:37:32+00:00","article_modified_time":"2021-06-02T14:44:09+00:00","og_image":[{"width":1600,"height":1200,"url":"https:\/\/www.copealcoy.es\/wp-content\/uploads\/2021\/06\/WhatsApp-Image-2021-05-26-at-13.33.52.jpeg","type":"image\/jpeg"}],"author":"Cope Alcoy","twitter_misc":{"Escrito por":"Cope Alcoy","Tiempo de lectura":"1 minuto"},"schema":{"@context":"https:\/\/schema.org","@graph":[{"@type":"Article","@id":"https:\/\/www.copealcoy.es\/es\/marcos-martinez-reclama-mejoras-en-la-senalizacion-de-la-carretera-del-rebolcat\/#article","isPartOf":{"@id":"https:\/\/www.copealcoy.es\/es\/marcos-martinez-reclama-mejoras-en-la-senalizacion-de-la-carretera-del-rebolcat\/"},"author":{"name":"Cope Alcoy","@id":"https:\/\/www.copealcoy.es\/es\/#\/schema\/person\/e777c87fa024e57d40170af9df39882c"},"headline":"Marcos Mart\u00ednez reclama mejoras en la se\u00f1alizaci\u00f3n de la carretera del Rebolcat","datePublished":"2021-06-02T14:37:32+00:00","dateModified":"2021-06-02T14:44:09+00:00","mainEntityOfPage":{"@id":"https:\/\/www.copealcoy.es\/es\/marcos-martinez-reclama-mejoras-en-la-senalizacion-de-la-carretera-del-rebolcat\/"},"wordCount":219,"commentCount":0,"image":{"@id":"https:\/\/www.copealcoy.es\/es\/marcos-martinez-reclama-mejoras-en-la-senalizacion-de-la-carretera-del-rebolcat\/#primaryimage"},"thumbnailUrl":"https:\/\/www.copealcoy.es\/wp-content\/uploads\/2021\/06\/WhatsApp-Image-2021-05-26-at-13.33.52.jpeg","keywords":["carretera","Marcos Mart\u00ednez","Mejoras","Rebolcat","Se\u00f1alizaci\u00f3n"],"articleSection":["Alcoy","Noticias","Pol\u00edtica y Econom\u00eda"],"inLanguage":"es"},{"@type":"WebPage","@id":"https:\/\/www.copealcoy.es\/es\/marcos-martinez-reclama-mejoras-en-la-senalizacion-de-la-carretera-del-rebolcat\/","url":"https:\/\/www.copealcoy.es\/es\/marcos-martinez-reclama-mejoras-en-la-senalizacion-de-la-carretera-del-rebolcat\/","name":"Marcos Mart\u00ednez reclama mejoras en la se\u00f1alizaci\u00f3n de la carretera del Rebolcat - COPE Alcoy","isPartOf":{"@id":"https:\/\/www.copealcoy.es\/es\/#website"},"primaryImageOfPage":{"@id":"https:\/\/www.copealcoy.es\/es\/marcos-martinez-reclama-mejoras-en-la-senalizacion-de-la-carretera-del-rebolcat\/#primaryimage"},"image":{"@id":"https:\/\/www.copealcoy.es\/es\/marcos-martinez-reclama-mejoras-en-la-senalizacion-de-la-carretera-del-rebolcat\/#primaryimage"},"thumbnailUrl":"https:\/\/www.copealcoy.es\/wp-content\/uploads\/2021\/06\/WhatsApp-Image-2021-05-26-at-13.33.52.jpeg","datePublished":"2021-06-02T14:37:32+00:00","dateModified":"2021-06-02T14:44:09+00:00","author":{"@id":"https:\/\/www.copealcoy.es\/es\/#\/schema\/person\/e777c87fa024e57d40170af9df39882c"},"breadcrumb":{"@id":"https:\/\/www.copealcoy.es\/es\/marcos-martinez-reclama-mejoras-en-la-senalizacion-de-la-carretera-del-rebolcat\/#breadcrumb"},"inLanguage":"es","potentialAction":[{"@type":"ReadAction","target":["https:\/\/www.copealcoy.es\/es\/marcos-martinez-reclama-mejoras-en-la-senalizacion-de-la-carretera-del-rebolcat\/"]}]},{"@type":"ImageObject","inLanguage":"es","@id":"https:\/\/www.copealcoy.es\/es\/marcos-martinez-reclama-mejoras-en-la-senalizacion-de-la-carretera-del-rebolcat\/#primaryimage","url":"https:\/\/www.copealcoy.es\/wp-content\/uploads\/2021\/06\/WhatsApp-Image-2021-05-26-at-13.33.52.jpeg","contentUrl":"https:\/\/www.copealcoy.es\/wp-content\/uploads\/2021\/06\/WhatsApp-Image-2021-05-26-at-13.33.52.jpeg","width":1600,"height":1200},{"@type":"BreadcrumbList","@id":"https:\/\/www.copealcoy.es\/es\/marcos-martinez-reclama-mejoras-en-la-senalizacion-de-la-carretera-del-rebolcat\/#breadcrumb","itemListElement":[{"@type":"ListItem","position":1,"name":"Portada","item":"https:\/\/www.copealcoy.es\/es\/"},{"@type":"ListItem","position":2,"name":"Marcos Mart\u00ednez reclama mejoras en la se\u00f1alizaci\u00f3n de la carretera del Rebolcat"}]},{"@type":"WebSite","@id":"https:\/\/www.copealcoy.es\/es\/#website","url":"https:\/\/www.copealcoy.es\/es\/","name":"COPE Alcoy","description":"Emisora COPE de radio local con emisi\u00f3n online. Pont de Sant Jordi 8-10 03803 Alcoy","potentialAction":[{"@type":"SearchAction","target":{"@type":"EntryPoint","urlTemplate":"https:\/\/www.copealcoy.es\/es\/?s={search_term_string}"},"query-input":{"@type":"PropertyValueSpecification","valueRequired":true,"valueName":"search_term_string"}}],"inLanguage":"es"},{"@type":"Person","@id":"https:\/\/www.copealcoy.es\/es\/#\/schema\/person\/e777c87fa024e57d40170af9df39882c","name":"Cope Alcoy","image":{"@type":"ImageObject","inLanguage":"es","@id":"https:\/\/secure.gravatar.com\/avatar\/bb65d0283347e303893ba14f0692005417c1e0e690a325a4c5d8bb2b3943ee14?s=96&d=mm&r=g","url":"https:\/\/secure.gravatar.com\/avatar\/bb65d0283347e303893ba14f0692005417c1e0e690a325a4c5d8bb2b3943ee14?s=96&d=mm&r=g","contentUrl":"https:\/\/secure.gravatar.com\/avatar\/bb65d0283347e303893ba14f0692005417c1e0e690a325a4c5d8bb2b3943ee14?s=96&d=mm&r=g","caption":"Cope Alcoy"}}]}},"_links":{"self":[{"href":"https:\/\/www.copealcoy.es\/es\/wp-json\/wp\/v2\/posts\/74304","targetHints":{"allow":["GET"]}}],"collection":[{"href":"https:\/\/www.copealcoy.es\/es\/wp-json\/wp\/v2\/posts"}],"about":[{"href":"https:\/\/www.copealcoy.es\/es\/wp-json\/wp\/v2\/types\/post"}],"author":[{"embeddable":true,"href":"https:\/\/www.copealcoy.es\/es\/wp-json\/wp\/v2\/users\/1"}],"replies":[{"embeddable":true,"href":"https:\/\/www.copealcoy.es\/es\/wp-json\/wp\/v2\/comments?post=74304"}],"version-history":[{"count":0,"href":"https:\/\/www.copealcoy.es\/es\/wp-json\/wp\/v2\/posts\/74304\/revisions"}],"wp:featuredmedia":[{"embeddable":true,"href":"https:\/\/www.copealcoy.es\/es\/wp-json\/wp\/v2\/media\/74305"}],"wp:attachment":[{"href":"https:\/\/www.copealcoy.es\/es\/wp-json\/wp\/v2\/media?parent=74304"}],"wp:term":[{"taxonomy":"category","embeddable":true,"href":"https:\/\/www.copealcoy.es\/es\/wp-json\/wp\/v2\/categories?post=74304"},{"taxonomy":"post_tag","embeddable":true,"href":"https:\/\/www.copealcoy.es\/es\/wp-json\/wp\/v2\/tags?post=74304"}],"curies":[{"name":"wp","href":"https:\/\/api.w.org\/{rel}","templated":true}]}}