{"id":74201,"date":"2021-05-31T14:48:24","date_gmt":"2021-05-31T13:48:24","guid":{"rendered":"https:\/\/www.copealcoy.es\/?p=74201"},"modified":"2021-05-31T14:56:21","modified_gmt":"2021-05-31T13:56:21","slug":"ximo-puig-hay-un-ligero-aumento-de-casos","status":"publish","type":"post","link":"https:\/\/www.copealcoy.es\/es\/ximo-puig-hay-un-ligero-aumento-de-casos\/","title":{"rendered":"Ximo Puig: &#8220;Hay un ligero aumento de casos&#8221;"},"content":{"rendered":"<p style=\"text-align: justify;\">El Jefe del Consell reconoce que <strong>en estos \u00faltimos d\u00edas<\/strong> ha habido un &#8220;<em>ligero repunte de casos<\/em>&#8221; y realiza<strong> un llamamiento a todos los\u00a0<\/strong><b>valencianos<\/b>\u00a0para &#8220;<em>pararlo<\/em>&#8221; y evitar as\u00ed &#8220;<em>dar pasos atr\u00e1s<\/em>&#8220;. Estas palabras llegan <strong>a las puertas del posible fin de toque de queda<\/strong>.<\/p>\n<div class=\"teads-inread sm-screen\">\n<div>\n<div class=\"teads-ui-components-adchoices\">\n<p style=\"text-align: justify;\">Ayer domingo Puig ha hecho <strong>apel\u00f3\u00a0a toda la ciudadan\u00eda<\/strong> para que &#8220;<em>no relaje la prudencia<\/em>&#8221; y mantenga <strong>el cumplimiento de las normas de protecci\u00f3n<\/strong> porque, ha remarc\u00f3, el virus <em>&#8220;sigue estando ah\u00ed<\/em>&#8221; y en los \u00faltimos d\u00edas &#8220;<em>hemos notado un ligero aumento que tenemos que parar<\/em>&#8220;. Cabe recordar que <strong>el uso de mascarilla todav\u00eda contin\u00faa siendo obligatorio<\/strong> tanto en espacios abiertos como en espacios cerrados.<\/p>\n<p style=\"text-align: justify;\">Tambi\u00e9n el Presidente de la Generalitat <strong>quiso hacer hincapi\u00e9<\/strong> en que &#8220;<em>hay que ser conscientes de que a\u00fan seguimos en pandemia y de que las \u00faltimas medidas que permiten mayor movilidad pueden propiciar un aumento de contagios<\/em>&#8220;.<\/p>\n<aside class=\"add add-300 centeradv\">\n<div id=\"Left4\" style=\"text-align: justify;\" data-google-query-id=\"CPaDs8CH9PACFUYO0wodFpcLbQ\"><strong><span style=\"color: #0000ff;\">Semana r\u00e9cord de vacunaci\u00f3n\u00a0<\/span><\/strong><\/div>\n<div data-google-query-id=\"CPaDs8CH9PACFUYO0wodFpcLbQ\">\n<p style=\"text-align: justify;\">Respecto al <strong>Plan de Vacunaci\u00f3n<\/strong> para esta semana <strong>la\u00a0Conseller\u00eda de Sanidad y Salud P\u00fablica<\/strong>\u00a0ha informado que de la farmac\u00e9utica <strong>Pfizer<\/strong> se administrar\u00e1n m\u00e1s de <strong>124.000 vacunas a los colectivos de 66 a\u00f1os o m\u00e1s edad<\/strong> que estaban pendientes de la segunda dosis. Tambi\u00e9n se administrar\u00e1n <strong>160.000 primeras dosis de esta vacuna<\/strong> a personas de entre 50 y 59 a\u00f1os. De <strong>Moderna<\/strong> se inocular\u00e1n <strong>16.000 primeras dosis<\/strong> a personas de 50 a 59 a\u00f1os y tambi\u00e9n 2.500 dosis a personas de alto riesgo.<\/p>\n<\/div>\n<\/aside>\n<\/div>\n<\/div>\n<\/div>\n","protected":false},"excerpt":{"rendered":"<p>El Jefe del Consell reconoce que en estos \u00faltimos d\u00edas ha habido un &#8220;ligero repunte de casos&#8221; y realiza un&#8230;<\/p>\n","protected":false},"author":1,"featured_media":70299,"comment_status":"open","ping_status":"open","sticky":false,"template":"","format":"standard","meta":{"footnotes":""},"categories":[97,75,79],"tags":[1768,7401,7281,7477,11329,1728],"class_list":["post-74201","post","type-post","status-publish","format-standard","has-post-thumbnail","hentry","category-alcoy","category-noticias","category-politicayeconomia","tag-comunitat-valenciana","tag-contagios","tag-coronavirus","tag-pandemia","tag-repunte","tag-ximo-puig"],"yoast_head":"<!-- This site is optimized with the Yoast SEO plugin v27.3 - https:\/\/yoast.com\/product\/yoast-seo-wordpress\/ -->\n<title>Ximo Puig: &quot;Hay un ligero aumento de casos&quot; - COPE Alcoy<\/title>\n<meta name=\"robots\" content=\"index, follow, max-snippet:-1, max-image-preview:large, max-video-preview:-1\" \/>\n<link rel=\"canonical\" href=\"https:\/\/www.copealcoy.es\/es\/ximo-puig-hay-un-ligero-aumento-de-casos\/\" \/>\n<meta property=\"og:locale\" content=\"es_ES\" \/>\n<meta property=\"og:type\" content=\"article\" \/>\n<meta property=\"og:title\" content=\"Ximo Puig: &quot;Hay un ligero aumento de casos&quot; - COPE Alcoy\" \/>\n<meta property=\"og:description\" content=\"El Jefe del Consell reconoce que en estos \u00faltimos d\u00edas ha habido un &#8220;ligero repunte de casos&#8221; y realiza un...\" \/>\n<meta property=\"og:url\" content=\"https:\/\/www.copealcoy.es\/es\/ximo-puig-hay-un-ligero-aumento-de-casos\/\" \/>\n<meta property=\"og:site_name\" content=\"COPE Alcoy\" \/>\n<meta property=\"article:published_time\" content=\"2021-05-31T13:48:24+00:00\" \/>\n<meta property=\"article:modified_time\" content=\"2021-05-31T13:56:21+00:00\" \/>\n<meta property=\"og:image\" content=\"https:\/\/www.copealcoy.es\/wp-content\/uploads\/2021\/01\/unnamed-4.jpg\" \/>\n\t<meta property=\"og:image:width\" content=\"644\" \/>\n\t<meta property=\"og:image:height\" content=\"483\" \/>\n\t<meta property=\"og:image:type\" content=\"image\/jpeg\" \/>\n<meta name=\"author\" content=\"Cope Alcoy\" \/>\n<meta name=\"twitter:label1\" content=\"Escrito por\" \/>\n\t<meta name=\"twitter:data1\" content=\"Cope Alcoy\" \/>\n\t<meta name=\"twitter:label2\" content=\"Tiempo de lectura\" \/>\n\t<meta name=\"twitter:data2\" content=\"1 minuto\" \/>\n<script type=\"application\/ld+json\" class=\"yoast-schema-graph\">{\"@context\":\"https:\\\/\\\/schema.org\",\"@graph\":[{\"@type\":\"Article\",\"@id\":\"https:\\\/\\\/www.copealcoy.es\\\/es\\\/ximo-puig-hay-un-ligero-aumento-de-casos\\\/#article\",\"isPartOf\":{\"@id\":\"https:\\\/\\\/www.copealcoy.es\\\/es\\\/ximo-puig-hay-un-ligero-aumento-de-casos\\\/\"},\"author\":{\"name\":\"Cope Alcoy\",\"@id\":\"https:\\\/\\\/www.copealcoy.es\\\/es\\\/#\\\/schema\\\/person\\\/e777c87fa024e57d40170af9df39882c\"},\"headline\":\"Ximo Puig: &#8220;Hay un ligero aumento de casos&#8221;\",\"datePublished\":\"2021-05-31T13:48:24+00:00\",\"dateModified\":\"2021-05-31T13:56:21+00:00\",\"mainEntityOfPage\":{\"@id\":\"https:\\\/\\\/www.copealcoy.es\\\/es\\\/ximo-puig-hay-un-ligero-aumento-de-casos\\\/\"},\"wordCount\":261,\"commentCount\":0,\"image\":{\"@id\":\"https:\\\/\\\/www.copealcoy.es\\\/es\\\/ximo-puig-hay-un-ligero-aumento-de-casos\\\/#primaryimage\"},\"thumbnailUrl\":\"https:\\\/\\\/www.copealcoy.es\\\/wp-content\\\/uploads\\\/2021\\\/01\\\/unnamed-4.jpg\",\"keywords\":[\"Comunitat Valenciana\",\"contagios\",\"Coronavirus\",\"pandemia\",\"repunte\",\"Ximo Puig\"],\"articleSection\":[\"Alcoy\",\"Noticias\",\"Pol\u00edtica y Econom\u00eda\"],\"inLanguage\":\"es\"},{\"@type\":\"WebPage\",\"@id\":\"https:\\\/\\\/www.copealcoy.es\\\/es\\\/ximo-puig-hay-un-ligero-aumento-de-casos\\\/\",\"url\":\"https:\\\/\\\/www.copealcoy.es\\\/es\\\/ximo-puig-hay-un-ligero-aumento-de-casos\\\/\",\"name\":\"Ximo Puig: \\\"Hay un ligero aumento de casos\\\" - COPE Alcoy\",\"isPartOf\":{\"@id\":\"https:\\\/\\\/www.copealcoy.es\\\/es\\\/#website\"},\"primaryImageOfPage\":{\"@id\":\"https:\\\/\\\/www.copealcoy.es\\\/es\\\/ximo-puig-hay-un-ligero-aumento-de-casos\\\/#primaryimage\"},\"image\":{\"@id\":\"https:\\\/\\\/www.copealcoy.es\\\/es\\\/ximo-puig-hay-un-ligero-aumento-de-casos\\\/#primaryimage\"},\"thumbnailUrl\":\"https:\\\/\\\/www.copealcoy.es\\\/wp-content\\\/uploads\\\/2021\\\/01\\\/unnamed-4.jpg\",\"datePublished\":\"2021-05-31T13:48:24+00:00\",\"dateModified\":\"2021-05-31T13:56:21+00:00\",\"author\":{\"@id\":\"https:\\\/\\\/www.copealcoy.es\\\/es\\\/#\\\/schema\\\/person\\\/e777c87fa024e57d40170af9df39882c\"},\"breadcrumb\":{\"@id\":\"https:\\\/\\\/www.copealcoy.es\\\/es\\\/ximo-puig-hay-un-ligero-aumento-de-casos\\\/#breadcrumb\"},\"inLanguage\":\"es\",\"potentialAction\":[{\"@type\":\"ReadAction\",\"target\":[\"https:\\\/\\\/www.copealcoy.es\\\/es\\\/ximo-puig-hay-un-ligero-aumento-de-casos\\\/\"]}]},{\"@type\":\"ImageObject\",\"inLanguage\":\"es\",\"@id\":\"https:\\\/\\\/www.copealcoy.es\\\/es\\\/ximo-puig-hay-un-ligero-aumento-de-casos\\\/#primaryimage\",\"url\":\"https:\\\/\\\/www.copealcoy.es\\\/wp-content\\\/uploads\\\/2021\\\/01\\\/unnamed-4.jpg\",\"contentUrl\":\"https:\\\/\\\/www.copealcoy.es\\\/wp-content\\\/uploads\\\/2021\\\/01\\\/unnamed-4.jpg\",\"width\":644,\"height\":483},{\"@type\":\"BreadcrumbList\",\"@id\":\"https:\\\/\\\/www.copealcoy.es\\\/es\\\/ximo-puig-hay-un-ligero-aumento-de-casos\\\/#breadcrumb\",\"itemListElement\":[{\"@type\":\"ListItem\",\"position\":1,\"name\":\"Portada\",\"item\":\"https:\\\/\\\/www.copealcoy.es\\\/es\\\/\"},{\"@type\":\"ListItem\",\"position\":2,\"name\":\"Ximo Puig: &#8220;Hay un ligero aumento de casos&#8221;\"}]},{\"@type\":\"WebSite\",\"@id\":\"https:\\\/\\\/www.copealcoy.es\\\/es\\\/#website\",\"url\":\"https:\\\/\\\/www.copealcoy.es\\\/es\\\/\",\"name\":\"COPE Alcoy\",\"description\":\"Emisora COPE de radio local con emisi\u00f3n online. Pont de Sant Jordi 8-10 03803 Alcoy\",\"potentialAction\":[{\"@type\":\"SearchAction\",\"target\":{\"@type\":\"EntryPoint\",\"urlTemplate\":\"https:\\\/\\\/www.copealcoy.es\\\/es\\\/?s={search_term_string}\"},\"query-input\":{\"@type\":\"PropertyValueSpecification\",\"valueRequired\":true,\"valueName\":\"search_term_string\"}}],\"inLanguage\":\"es\"},{\"@type\":\"Person\",\"@id\":\"https:\\\/\\\/www.copealcoy.es\\\/es\\\/#\\\/schema\\\/person\\\/e777c87fa024e57d40170af9df39882c\",\"name\":\"Cope Alcoy\",\"image\":{\"@type\":\"ImageObject\",\"inLanguage\":\"es\",\"@id\":\"https:\\\/\\\/secure.gravatar.com\\\/avatar\\\/bb65d0283347e303893ba14f0692005417c1e0e690a325a4c5d8bb2b3943ee14?s=96&d=mm&r=g\",\"url\":\"https:\\\/\\\/secure.gravatar.com\\\/avatar\\\/bb65d0283347e303893ba14f0692005417c1e0e690a325a4c5d8bb2b3943ee14?s=96&d=mm&r=g\",\"contentUrl\":\"https:\\\/\\\/secure.gravatar.com\\\/avatar\\\/bb65d0283347e303893ba14f0692005417c1e0e690a325a4c5d8bb2b3943ee14?s=96&d=mm&r=g\",\"caption\":\"Cope Alcoy\"}}]}<\/script>\n<!-- \/ Yoast SEO plugin. -->","yoast_head_json":{"title":"Ximo Puig: \"Hay un ligero aumento de casos\" - COPE Alcoy","robots":{"index":"index","follow":"follow","max-snippet":"max-snippet:-1","max-image-preview":"max-image-preview:large","max-video-preview":"max-video-preview:-1"},"canonical":"https:\/\/www.copealcoy.es\/es\/ximo-puig-hay-un-ligero-aumento-de-casos\/","og_locale":"es_ES","og_type":"article","og_title":"Ximo Puig: \"Hay un ligero aumento de casos\" - COPE Alcoy","og_description":"El Jefe del Consell reconoce que en estos \u00faltimos d\u00edas ha habido un &#8220;ligero repunte de casos&#8221; y realiza un...","og_url":"https:\/\/www.copealcoy.es\/es\/ximo-puig-hay-un-ligero-aumento-de-casos\/","og_site_name":"COPE Alcoy","article_published_time":"2021-05-31T13:48:24+00:00","article_modified_time":"2021-05-31T13:56:21+00:00","og_image":[{"width":644,"height":483,"url":"https:\/\/www.copealcoy.es\/wp-content\/uploads\/2021\/01\/unnamed-4.jpg","type":"image\/jpeg"}],"author":"Cope Alcoy","twitter_misc":{"Escrito por":"Cope Alcoy","Tiempo de lectura":"1 minuto"},"schema":{"@context":"https:\/\/schema.org","@graph":[{"@type":"Article","@id":"https:\/\/www.copealcoy.es\/es\/ximo-puig-hay-un-ligero-aumento-de-casos\/#article","isPartOf":{"@id":"https:\/\/www.copealcoy.es\/es\/ximo-puig-hay-un-ligero-aumento-de-casos\/"},"author":{"name":"Cope Alcoy","@id":"https:\/\/www.copealcoy.es\/es\/#\/schema\/person\/e777c87fa024e57d40170af9df39882c"},"headline":"Ximo Puig: &#8220;Hay un ligero aumento de casos&#8221;","datePublished":"2021-05-31T13:48:24+00:00","dateModified":"2021-05-31T13:56:21+00:00","mainEntityOfPage":{"@id":"https:\/\/www.copealcoy.es\/es\/ximo-puig-hay-un-ligero-aumento-de-casos\/"},"wordCount":261,"commentCount":0,"image":{"@id":"https:\/\/www.copealcoy.es\/es\/ximo-puig-hay-un-ligero-aumento-de-casos\/#primaryimage"},"thumbnailUrl":"https:\/\/www.copealcoy.es\/wp-content\/uploads\/2021\/01\/unnamed-4.jpg","keywords":["Comunitat Valenciana","contagios","Coronavirus","pandemia","repunte","Ximo Puig"],"articleSection":["Alcoy","Noticias","Pol\u00edtica y Econom\u00eda"],"inLanguage":"es"},{"@type":"WebPage","@id":"https:\/\/www.copealcoy.es\/es\/ximo-puig-hay-un-ligero-aumento-de-casos\/","url":"https:\/\/www.copealcoy.es\/es\/ximo-puig-hay-un-ligero-aumento-de-casos\/","name":"Ximo Puig: \"Hay un ligero aumento de casos\" - COPE Alcoy","isPartOf":{"@id":"https:\/\/www.copealcoy.es\/es\/#website"},"primaryImageOfPage":{"@id":"https:\/\/www.copealcoy.es\/es\/ximo-puig-hay-un-ligero-aumento-de-casos\/#primaryimage"},"image":{"@id":"https:\/\/www.copealcoy.es\/es\/ximo-puig-hay-un-ligero-aumento-de-casos\/#primaryimage"},"thumbnailUrl":"https:\/\/www.copealcoy.es\/wp-content\/uploads\/2021\/01\/unnamed-4.jpg","datePublished":"2021-05-31T13:48:24+00:00","dateModified":"2021-05-31T13:56:21+00:00","author":{"@id":"https:\/\/www.copealcoy.es\/es\/#\/schema\/person\/e777c87fa024e57d40170af9df39882c"},"breadcrumb":{"@id":"https:\/\/www.copealcoy.es\/es\/ximo-puig-hay-un-ligero-aumento-de-casos\/#breadcrumb"},"inLanguage":"es","potentialAction":[{"@type":"ReadAction","target":["https:\/\/www.copealcoy.es\/es\/ximo-puig-hay-un-ligero-aumento-de-casos\/"]}]},{"@type":"ImageObject","inLanguage":"es","@id":"https:\/\/www.copealcoy.es\/es\/ximo-puig-hay-un-ligero-aumento-de-casos\/#primaryimage","url":"https:\/\/www.copealcoy.es\/wp-content\/uploads\/2021\/01\/unnamed-4.jpg","contentUrl":"https:\/\/www.copealcoy.es\/wp-content\/uploads\/2021\/01\/unnamed-4.jpg","width":644,"height":483},{"@type":"BreadcrumbList","@id":"https:\/\/www.copealcoy.es\/es\/ximo-puig-hay-un-ligero-aumento-de-casos\/#breadcrumb","itemListElement":[{"@type":"ListItem","position":1,"name":"Portada","item":"https:\/\/www.copealcoy.es\/es\/"},{"@type":"ListItem","position":2,"name":"Ximo Puig: &#8220;Hay un ligero aumento de casos&#8221;"}]},{"@type":"WebSite","@id":"https:\/\/www.copealcoy.es\/es\/#website","url":"https:\/\/www.copealcoy.es\/es\/","name":"COPE Alcoy","description":"Emisora COPE de radio local con emisi\u00f3n online. Pont de Sant Jordi 8-10 03803 Alcoy","potentialAction":[{"@type":"SearchAction","target":{"@type":"EntryPoint","urlTemplate":"https:\/\/www.copealcoy.es\/es\/?s={search_term_string}"},"query-input":{"@type":"PropertyValueSpecification","valueRequired":true,"valueName":"search_term_string"}}],"inLanguage":"es"},{"@type":"Person","@id":"https:\/\/www.copealcoy.es\/es\/#\/schema\/person\/e777c87fa024e57d40170af9df39882c","name":"Cope Alcoy","image":{"@type":"ImageObject","inLanguage":"es","@id":"https:\/\/secure.gravatar.com\/avatar\/bb65d0283347e303893ba14f0692005417c1e0e690a325a4c5d8bb2b3943ee14?s=96&d=mm&r=g","url":"https:\/\/secure.gravatar.com\/avatar\/bb65d0283347e303893ba14f0692005417c1e0e690a325a4c5d8bb2b3943ee14?s=96&d=mm&r=g","contentUrl":"https:\/\/secure.gravatar.com\/avatar\/bb65d0283347e303893ba14f0692005417c1e0e690a325a4c5d8bb2b3943ee14?s=96&d=mm&r=g","caption":"Cope Alcoy"}}]}},"_links":{"self":[{"href":"https:\/\/www.copealcoy.es\/es\/wp-json\/wp\/v2\/posts\/74201","targetHints":{"allow":["GET"]}}],"collection":[{"href":"https:\/\/www.copealcoy.es\/es\/wp-json\/wp\/v2\/posts"}],"about":[{"href":"https:\/\/www.copealcoy.es\/es\/wp-json\/wp\/v2\/types\/post"}],"author":[{"embeddable":true,"href":"https:\/\/www.copealcoy.es\/es\/wp-json\/wp\/v2\/users\/1"}],"replies":[{"embeddable":true,"href":"https:\/\/www.copealcoy.es\/es\/wp-json\/wp\/v2\/comments?post=74201"}],"version-history":[{"count":0,"href":"https:\/\/www.copealcoy.es\/es\/wp-json\/wp\/v2\/posts\/74201\/revisions"}],"wp:featuredmedia":[{"embeddable":true,"href":"https:\/\/www.copealcoy.es\/es\/wp-json\/wp\/v2\/media\/70299"}],"wp:attachment":[{"href":"https:\/\/www.copealcoy.es\/es\/wp-json\/wp\/v2\/media?parent=74201"}],"wp:term":[{"taxonomy":"category","embeddable":true,"href":"https:\/\/www.copealcoy.es\/es\/wp-json\/wp\/v2\/categories?post=74201"},{"taxonomy":"post_tag","embeddable":true,"href":"https:\/\/www.copealcoy.es\/es\/wp-json\/wp\/v2\/tags?post=74201"}],"curies":[{"name":"wp","href":"https:\/\/api.w.org\/{rel}","templated":true}]}}