{"id":74175,"date":"2021-05-28T16:58:52","date_gmt":"2021-05-28T15:58:52","guid":{"rendered":"https:\/\/www.copealcoy.es\/?p=74175"},"modified":"2021-05-28T17:41:47","modified_gmt":"2021-05-28T16:41:47","slug":"primeros-pasos-para-crear-el-museo-dedicado-a-camilo-sesto","status":"publish","type":"post","link":"https:\/\/www.copealcoy.es\/es\/primeros-pasos-para-crear-el-museo-dedicado-a-camilo-sesto\/","title":{"rendered":"Primeros pasos para crear el Museo dedicado a Camilo Sesto"},"content":{"rendered":"<p style=\"text-align: justify;\">El\u00a0<strong>Ayuntamiento de Alcoy <\/strong>adjudicar\u00e1por medio de <strong>dos contratos menores<\/strong> <strong>la redacci\u00f3n del proyecto de obra<\/strong> y del <strong>proyecto muse\u00edstico<\/strong> del futuro <strong>Museo dedicado a Camilo Sesto<\/strong>. El primero de los mencionados contratos <strong>ha ido a manos de Dolores Molt\u00f3 Rodr\u00edguez<\/strong>, por un importe de 17.852 euros, mientras que el segundo <strong>lo asume Matra Museograf\u00eda y H\u00e1bitat SL<\/strong> con una cuant\u00eda de 11.495 euros.<\/p>\n<p style=\"text-align: justify;\">Esta semana tuvo lugar <strong>la primera reuni\u00f3n con Matra Museografia y H\u00e1bitat SL<\/strong>, que se encargar\u00e1n de la elaboraci\u00f3n del relato muse\u00edstico y la definici\u00f3n de contenidos del futuro Museo Camilo Sesto. Tras esta primera toma de contacto <strong>se ha acordado una nueva reuni\u00f3n que tendr\u00e1 lugar a principios de junio,<\/strong> tambi\u00e9n con la empresa encargada de la redacci\u00f3n del proyecto de la obra, ya que ambas <strong>deber\u00e1n trabajar conjuntamente para definir como actuar en el edificio ubicado en la calle El Cam\u00ed 44<\/strong> que albergar\u00e1 el Museo &#8220;<em>paso a paso vamos avanzando para llevar adelante el Museo que Camilo merece. Estamos hablando de un gran proyecto que servir\u00e1 para homenajear al artista m\u00e1s grande nacido en Alcoy y que es m\u00e1s conocido a nivel mundial, por lo que servir\u00e1 tambi\u00e9n como un importante reclamo tur\u00edstico<\/em>&#8220;, explica el concejal de Cultura, <strong>Ra\u00fcl Llopis<\/strong>.<\/p>\n<p style=\"text-align: justify;\">El Museo e<strong>star\u00e1 cerca de dos enclaves de la ruta tur\u00edstica del mismo Camilo Sesto<\/strong> como el <strong>Colegio Salesiano San Vicente Ferrer<\/strong> y <strong>La Glorieta<\/strong>, lugares donde empez\u00f3 a cantar. Tambi\u00e9n est\u00e1 <strong>en el trayecto hacia el Cementerio San Antoni Abad<\/strong>, lugar donde reposan sus cenizas.<\/p>\n","protected":false},"excerpt":{"rendered":"<p>El\u00a0Ayuntamiento de Alcoy adjudicar\u00e1por medio de dos contratos menores la redacci\u00f3n del proyecto de obra y del proyecto muse\u00edstico del&#8230;<\/p>\n","protected":false},"author":1,"featured_media":74176,"comment_status":"open","ping_status":"open","sticky":false,"template":"","format":"standard","meta":{"footnotes":""},"categories":[97,78,75],"tags":[1494,2559,1114,1856],"class_list":["post-74175","post","type-post","status-publish","format-standard","has-post-thumbnail","hentry","category-alcoy","category-fiestaycultura","category-noticias","tag-alcoy","tag-camilo-sesto","tag-museo","tag-raul-llopis"],"yoast_head":"<!-- This site is optimized with the Yoast SEO plugin v27.3 - https:\/\/yoast.com\/product\/yoast-seo-wordpress\/ -->\n<title>Primeros pasos para crear el Museo dedicado a Camilo Sesto - COPE Alcoy<\/title>\n<meta name=\"robots\" content=\"index, follow, max-snippet:-1, max-image-preview:large, max-video-preview:-1\" \/>\n<link rel=\"canonical\" href=\"https:\/\/www.copealcoy.es\/es\/primeros-pasos-para-crear-el-museo-dedicado-a-camilo-sesto\/\" \/>\n<meta property=\"og:locale\" content=\"es_ES\" \/>\n<meta property=\"og:type\" content=\"article\" \/>\n<meta property=\"og:title\" content=\"Primeros pasos para crear el Museo dedicado a Camilo Sesto - COPE Alcoy\" \/>\n<meta property=\"og:description\" content=\"El\u00a0Ayuntamiento de Alcoy adjudicar\u00e1por medio de dos contratos menores la redacci\u00f3n del proyecto de obra y del proyecto muse\u00edstico del...\" \/>\n<meta property=\"og:url\" content=\"https:\/\/www.copealcoy.es\/es\/primeros-pasos-para-crear-el-museo-dedicado-a-camilo-sesto\/\" \/>\n<meta property=\"og:site_name\" content=\"COPE Alcoy\" \/>\n<meta property=\"article:published_time\" content=\"2021-05-28T15:58:52+00:00\" \/>\n<meta property=\"article:modified_time\" content=\"2021-05-28T16:41:47+00:00\" \/>\n<meta property=\"og:image\" content=\"https:\/\/www.copealcoy.es\/wp-content\/uploads\/2021\/05\/1622135455_819952_1622135882_noticia_normal_recorte1.jpg\" \/>\n\t<meta property=\"og:image:width\" content=\"1300\" \/>\n\t<meta property=\"og:image:height\" content=\"845\" \/>\n\t<meta property=\"og:image:type\" content=\"image\/jpeg\" \/>\n<meta name=\"author\" content=\"Cope Alcoy\" \/>\n<meta name=\"twitter:label1\" content=\"Escrito por\" \/>\n\t<meta name=\"twitter:data1\" content=\"Cope Alcoy\" \/>\n\t<meta name=\"twitter:label2\" content=\"Tiempo de lectura\" \/>\n\t<meta name=\"twitter:data2\" content=\"1 minuto\" \/>\n<script type=\"application\/ld+json\" class=\"yoast-schema-graph\">{\"@context\":\"https:\\\/\\\/schema.org\",\"@graph\":[{\"@type\":\"Article\",\"@id\":\"https:\\\/\\\/www.copealcoy.es\\\/es\\\/primeros-pasos-para-crear-el-museo-dedicado-a-camilo-sesto\\\/#article\",\"isPartOf\":{\"@id\":\"https:\\\/\\\/www.copealcoy.es\\\/es\\\/primeros-pasos-para-crear-el-museo-dedicado-a-camilo-sesto\\\/\"},\"author\":{\"name\":\"Cope Alcoy\",\"@id\":\"https:\\\/\\\/www.copealcoy.es\\\/es\\\/#\\\/schema\\\/person\\\/e777c87fa024e57d40170af9df39882c\"},\"headline\":\"Primeros pasos para crear el Museo dedicado a Camilo Sesto\",\"datePublished\":\"2021-05-28T15:58:52+00:00\",\"dateModified\":\"2021-05-28T16:41:47+00:00\",\"mainEntityOfPage\":{\"@id\":\"https:\\\/\\\/www.copealcoy.es\\\/es\\\/primeros-pasos-para-crear-el-museo-dedicado-a-camilo-sesto\\\/\"},\"wordCount\":284,\"commentCount\":0,\"image\":{\"@id\":\"https:\\\/\\\/www.copealcoy.es\\\/es\\\/primeros-pasos-para-crear-el-museo-dedicado-a-camilo-sesto\\\/#primaryimage\"},\"thumbnailUrl\":\"https:\\\/\\\/www.copealcoy.es\\\/wp-content\\\/uploads\\\/2021\\\/05\\\/1622135455_819952_1622135882_noticia_normal_recorte1.jpg\",\"keywords\":[\"Alcoy\",\"Camilo Sesto\",\"Museo\",\"Ra\u00fcl Llopis\"],\"articleSection\":[\"Alcoy\",\"Fiesta y Cultura\",\"Noticias\"],\"inLanguage\":\"es\"},{\"@type\":\"WebPage\",\"@id\":\"https:\\\/\\\/www.copealcoy.es\\\/es\\\/primeros-pasos-para-crear-el-museo-dedicado-a-camilo-sesto\\\/\",\"url\":\"https:\\\/\\\/www.copealcoy.es\\\/es\\\/primeros-pasos-para-crear-el-museo-dedicado-a-camilo-sesto\\\/\",\"name\":\"Primeros pasos para crear el Museo dedicado a Camilo Sesto - COPE Alcoy\",\"isPartOf\":{\"@id\":\"https:\\\/\\\/www.copealcoy.es\\\/es\\\/#website\"},\"primaryImageOfPage\":{\"@id\":\"https:\\\/\\\/www.copealcoy.es\\\/es\\\/primeros-pasos-para-crear-el-museo-dedicado-a-camilo-sesto\\\/#primaryimage\"},\"image\":{\"@id\":\"https:\\\/\\\/www.copealcoy.es\\\/es\\\/primeros-pasos-para-crear-el-museo-dedicado-a-camilo-sesto\\\/#primaryimage\"},\"thumbnailUrl\":\"https:\\\/\\\/www.copealcoy.es\\\/wp-content\\\/uploads\\\/2021\\\/05\\\/1622135455_819952_1622135882_noticia_normal_recorte1.jpg\",\"datePublished\":\"2021-05-28T15:58:52+00:00\",\"dateModified\":\"2021-05-28T16:41:47+00:00\",\"author\":{\"@id\":\"https:\\\/\\\/www.copealcoy.es\\\/es\\\/#\\\/schema\\\/person\\\/e777c87fa024e57d40170af9df39882c\"},\"breadcrumb\":{\"@id\":\"https:\\\/\\\/www.copealcoy.es\\\/es\\\/primeros-pasos-para-crear-el-museo-dedicado-a-camilo-sesto\\\/#breadcrumb\"},\"inLanguage\":\"es\",\"potentialAction\":[{\"@type\":\"ReadAction\",\"target\":[\"https:\\\/\\\/www.copealcoy.es\\\/es\\\/primeros-pasos-para-crear-el-museo-dedicado-a-camilo-sesto\\\/\"]}]},{\"@type\":\"ImageObject\",\"inLanguage\":\"es\",\"@id\":\"https:\\\/\\\/www.copealcoy.es\\\/es\\\/primeros-pasos-para-crear-el-museo-dedicado-a-camilo-sesto\\\/#primaryimage\",\"url\":\"https:\\\/\\\/www.copealcoy.es\\\/wp-content\\\/uploads\\\/2021\\\/05\\\/1622135455_819952_1622135882_noticia_normal_recorte1.jpg\",\"contentUrl\":\"https:\\\/\\\/www.copealcoy.es\\\/wp-content\\\/uploads\\\/2021\\\/05\\\/1622135455_819952_1622135882_noticia_normal_recorte1.jpg\",\"width\":1300,\"height\":845},{\"@type\":\"BreadcrumbList\",\"@id\":\"https:\\\/\\\/www.copealcoy.es\\\/es\\\/primeros-pasos-para-crear-el-museo-dedicado-a-camilo-sesto\\\/#breadcrumb\",\"itemListElement\":[{\"@type\":\"ListItem\",\"position\":1,\"name\":\"Portada\",\"item\":\"https:\\\/\\\/www.copealcoy.es\\\/es\\\/\"},{\"@type\":\"ListItem\",\"position\":2,\"name\":\"Primeros pasos para crear el Museo dedicado a Camilo Sesto\"}]},{\"@type\":\"WebSite\",\"@id\":\"https:\\\/\\\/www.copealcoy.es\\\/es\\\/#website\",\"url\":\"https:\\\/\\\/www.copealcoy.es\\\/es\\\/\",\"name\":\"COPE Alcoy\",\"description\":\"Emisora COPE de radio local con emisi\u00f3n online. Pont de Sant Jordi 8-10 03803 Alcoy\",\"potentialAction\":[{\"@type\":\"SearchAction\",\"target\":{\"@type\":\"EntryPoint\",\"urlTemplate\":\"https:\\\/\\\/www.copealcoy.es\\\/es\\\/?s={search_term_string}\"},\"query-input\":{\"@type\":\"PropertyValueSpecification\",\"valueRequired\":true,\"valueName\":\"search_term_string\"}}],\"inLanguage\":\"es\"},{\"@type\":\"Person\",\"@id\":\"https:\\\/\\\/www.copealcoy.es\\\/es\\\/#\\\/schema\\\/person\\\/e777c87fa024e57d40170af9df39882c\",\"name\":\"Cope Alcoy\",\"image\":{\"@type\":\"ImageObject\",\"inLanguage\":\"es\",\"@id\":\"https:\\\/\\\/secure.gravatar.com\\\/avatar\\\/bb65d0283347e303893ba14f0692005417c1e0e690a325a4c5d8bb2b3943ee14?s=96&d=mm&r=g\",\"url\":\"https:\\\/\\\/secure.gravatar.com\\\/avatar\\\/bb65d0283347e303893ba14f0692005417c1e0e690a325a4c5d8bb2b3943ee14?s=96&d=mm&r=g\",\"contentUrl\":\"https:\\\/\\\/secure.gravatar.com\\\/avatar\\\/bb65d0283347e303893ba14f0692005417c1e0e690a325a4c5d8bb2b3943ee14?s=96&d=mm&r=g\",\"caption\":\"Cope Alcoy\"}}]}<\/script>\n<!-- \/ Yoast SEO plugin. -->","yoast_head_json":{"title":"Primeros pasos para crear el Museo dedicado a Camilo Sesto - COPE Alcoy","robots":{"index":"index","follow":"follow","max-snippet":"max-snippet:-1","max-image-preview":"max-image-preview:large","max-video-preview":"max-video-preview:-1"},"canonical":"https:\/\/www.copealcoy.es\/es\/primeros-pasos-para-crear-el-museo-dedicado-a-camilo-sesto\/","og_locale":"es_ES","og_type":"article","og_title":"Primeros pasos para crear el Museo dedicado a Camilo Sesto - COPE Alcoy","og_description":"El\u00a0Ayuntamiento de Alcoy adjudicar\u00e1por medio de dos contratos menores la redacci\u00f3n del proyecto de obra y del proyecto muse\u00edstico del...","og_url":"https:\/\/www.copealcoy.es\/es\/primeros-pasos-para-crear-el-museo-dedicado-a-camilo-sesto\/","og_site_name":"COPE Alcoy","article_published_time":"2021-05-28T15:58:52+00:00","article_modified_time":"2021-05-28T16:41:47+00:00","og_image":[{"width":1300,"height":845,"url":"https:\/\/www.copealcoy.es\/wp-content\/uploads\/2021\/05\/1622135455_819952_1622135882_noticia_normal_recorte1.jpg","type":"image\/jpeg"}],"author":"Cope Alcoy","twitter_misc":{"Escrito por":"Cope Alcoy","Tiempo de lectura":"1 minuto"},"schema":{"@context":"https:\/\/schema.org","@graph":[{"@type":"Article","@id":"https:\/\/www.copealcoy.es\/es\/primeros-pasos-para-crear-el-museo-dedicado-a-camilo-sesto\/#article","isPartOf":{"@id":"https:\/\/www.copealcoy.es\/es\/primeros-pasos-para-crear-el-museo-dedicado-a-camilo-sesto\/"},"author":{"name":"Cope Alcoy","@id":"https:\/\/www.copealcoy.es\/es\/#\/schema\/person\/e777c87fa024e57d40170af9df39882c"},"headline":"Primeros pasos para crear el Museo dedicado a Camilo Sesto","datePublished":"2021-05-28T15:58:52+00:00","dateModified":"2021-05-28T16:41:47+00:00","mainEntityOfPage":{"@id":"https:\/\/www.copealcoy.es\/es\/primeros-pasos-para-crear-el-museo-dedicado-a-camilo-sesto\/"},"wordCount":284,"commentCount":0,"image":{"@id":"https:\/\/www.copealcoy.es\/es\/primeros-pasos-para-crear-el-museo-dedicado-a-camilo-sesto\/#primaryimage"},"thumbnailUrl":"https:\/\/www.copealcoy.es\/wp-content\/uploads\/2021\/05\/1622135455_819952_1622135882_noticia_normal_recorte1.jpg","keywords":["Alcoy","Camilo Sesto","Museo","Ra\u00fcl Llopis"],"articleSection":["Alcoy","Fiesta y Cultura","Noticias"],"inLanguage":"es"},{"@type":"WebPage","@id":"https:\/\/www.copealcoy.es\/es\/primeros-pasos-para-crear-el-museo-dedicado-a-camilo-sesto\/","url":"https:\/\/www.copealcoy.es\/es\/primeros-pasos-para-crear-el-museo-dedicado-a-camilo-sesto\/","name":"Primeros pasos para crear el Museo dedicado a Camilo Sesto - COPE Alcoy","isPartOf":{"@id":"https:\/\/www.copealcoy.es\/es\/#website"},"primaryImageOfPage":{"@id":"https:\/\/www.copealcoy.es\/es\/primeros-pasos-para-crear-el-museo-dedicado-a-camilo-sesto\/#primaryimage"},"image":{"@id":"https:\/\/www.copealcoy.es\/es\/primeros-pasos-para-crear-el-museo-dedicado-a-camilo-sesto\/#primaryimage"},"thumbnailUrl":"https:\/\/www.copealcoy.es\/wp-content\/uploads\/2021\/05\/1622135455_819952_1622135882_noticia_normal_recorte1.jpg","datePublished":"2021-05-28T15:58:52+00:00","dateModified":"2021-05-28T16:41:47+00:00","author":{"@id":"https:\/\/www.copealcoy.es\/es\/#\/schema\/person\/e777c87fa024e57d40170af9df39882c"},"breadcrumb":{"@id":"https:\/\/www.copealcoy.es\/es\/primeros-pasos-para-crear-el-museo-dedicado-a-camilo-sesto\/#breadcrumb"},"inLanguage":"es","potentialAction":[{"@type":"ReadAction","target":["https:\/\/www.copealcoy.es\/es\/primeros-pasos-para-crear-el-museo-dedicado-a-camilo-sesto\/"]}]},{"@type":"ImageObject","inLanguage":"es","@id":"https:\/\/www.copealcoy.es\/es\/primeros-pasos-para-crear-el-museo-dedicado-a-camilo-sesto\/#primaryimage","url":"https:\/\/www.copealcoy.es\/wp-content\/uploads\/2021\/05\/1622135455_819952_1622135882_noticia_normal_recorte1.jpg","contentUrl":"https:\/\/www.copealcoy.es\/wp-content\/uploads\/2021\/05\/1622135455_819952_1622135882_noticia_normal_recorte1.jpg","width":1300,"height":845},{"@type":"BreadcrumbList","@id":"https:\/\/www.copealcoy.es\/es\/primeros-pasos-para-crear-el-museo-dedicado-a-camilo-sesto\/#breadcrumb","itemListElement":[{"@type":"ListItem","position":1,"name":"Portada","item":"https:\/\/www.copealcoy.es\/es\/"},{"@type":"ListItem","position":2,"name":"Primeros pasos para crear el Museo dedicado a Camilo Sesto"}]},{"@type":"WebSite","@id":"https:\/\/www.copealcoy.es\/es\/#website","url":"https:\/\/www.copealcoy.es\/es\/","name":"COPE Alcoy","description":"Emisora COPE de radio local con emisi\u00f3n online. Pont de Sant Jordi 8-10 03803 Alcoy","potentialAction":[{"@type":"SearchAction","target":{"@type":"EntryPoint","urlTemplate":"https:\/\/www.copealcoy.es\/es\/?s={search_term_string}"},"query-input":{"@type":"PropertyValueSpecification","valueRequired":true,"valueName":"search_term_string"}}],"inLanguage":"es"},{"@type":"Person","@id":"https:\/\/www.copealcoy.es\/es\/#\/schema\/person\/e777c87fa024e57d40170af9df39882c","name":"Cope Alcoy","image":{"@type":"ImageObject","inLanguage":"es","@id":"https:\/\/secure.gravatar.com\/avatar\/bb65d0283347e303893ba14f0692005417c1e0e690a325a4c5d8bb2b3943ee14?s=96&d=mm&r=g","url":"https:\/\/secure.gravatar.com\/avatar\/bb65d0283347e303893ba14f0692005417c1e0e690a325a4c5d8bb2b3943ee14?s=96&d=mm&r=g","contentUrl":"https:\/\/secure.gravatar.com\/avatar\/bb65d0283347e303893ba14f0692005417c1e0e690a325a4c5d8bb2b3943ee14?s=96&d=mm&r=g","caption":"Cope Alcoy"}}]}},"_links":{"self":[{"href":"https:\/\/www.copealcoy.es\/es\/wp-json\/wp\/v2\/posts\/74175","targetHints":{"allow":["GET"]}}],"collection":[{"href":"https:\/\/www.copealcoy.es\/es\/wp-json\/wp\/v2\/posts"}],"about":[{"href":"https:\/\/www.copealcoy.es\/es\/wp-json\/wp\/v2\/types\/post"}],"author":[{"embeddable":true,"href":"https:\/\/www.copealcoy.es\/es\/wp-json\/wp\/v2\/users\/1"}],"replies":[{"embeddable":true,"href":"https:\/\/www.copealcoy.es\/es\/wp-json\/wp\/v2\/comments?post=74175"}],"version-history":[{"count":0,"href":"https:\/\/www.copealcoy.es\/es\/wp-json\/wp\/v2\/posts\/74175\/revisions"}],"wp:featuredmedia":[{"embeddable":true,"href":"https:\/\/www.copealcoy.es\/es\/wp-json\/wp\/v2\/media\/74176"}],"wp:attachment":[{"href":"https:\/\/www.copealcoy.es\/es\/wp-json\/wp\/v2\/media?parent=74175"}],"wp:term":[{"taxonomy":"category","embeddable":true,"href":"https:\/\/www.copealcoy.es\/es\/wp-json\/wp\/v2\/categories?post=74175"},{"taxonomy":"post_tag","embeddable":true,"href":"https:\/\/www.copealcoy.es\/es\/wp-json\/wp\/v2\/tags?post=74175"}],"curies":[{"name":"wp","href":"https:\/\/api.w.org\/{rel}","templated":true}]}}