{"id":74131,"date":"2021-05-27T17:17:32","date_gmt":"2021-05-27T16:17:32","guid":{"rendered":"https:\/\/www.copealcoy.es\/?p=74131"},"modified":"2021-05-27T17:33:26","modified_gmt":"2021-05-27T16:33:26","slug":"caritas-estrena-en-alcoy-la-primera-tienda-de-muebles-de-segunda-mano","status":"publish","type":"post","link":"https:\/\/www.copealcoy.es\/es\/caritas-estrena-en-alcoy-la-primera-tienda-de-muebles-de-segunda-mano\/","title":{"rendered":"C\u00e1ritas estrena en Alcoy la primera tienda de muebles de segunda mano"},"content":{"rendered":"<p style=\"text-align: justify;\"><strong>C\u00e1ritas abri\u00f3 ayer en Alcoy la primera tienda de muebles de segunda mano<\/strong> de toda la Di\u00f3cesis de Valencia, un proyecto pionero que tiene un fin solidario pero que tambi\u00e9n apuesta por la preservaci\u00f3n del Medio Ambiente.\u00a0Decora, a trav\u00e9s de la empresa\u00a0<strong>Arropa Valencia, quiere servir de ayuda a las personas que se encuentran en riesgo de exclusi\u00f3n social<\/strong> y a la vez reciclar a trav\u00e9s de la reutilizaci\u00f3n del mobiliario junto a\u00a0la colaboraci\u00f3n con el Ayuntamiento.<\/p>\n<p style=\"text-align: justify;\">El proyecto\u00a0<strong>permitir\u00e1 fomentar el empleo<\/strong>\u00a0entre las personas que m\u00e1s lo necesiten gracias a la formaci\u00f3n que recibir\u00e1n, lo que les proporcionar\u00e1 mayores recursos y un aumento de oportunidades en el mercado laboral. Adem\u00e1s, el acuerdo con\u00a0<strong>el Consistorio de nuestra ciudad les permitir\u00e1 obtener los productos que los ciudadanos depositan en el Ecoparque <\/strong>&#8220;<em>y finalmente todo lo que se obtenga en la tienda con la venta de los art\u00edculos revertir\u00e1 en forma de recursos econ\u00f3micos para atender las necesidades que tiene C\u00e1ritas Alcoy&#8221;, <\/em>apostill\u00f3 <strong>el director de C\u00e1ritas Valencia, Ignacio Grande. <\/strong>Por su parte<strong> el concejal de Transici\u00f3n Ecol\u00f3gica del Ayuntamiento <\/strong>explic\u00f3 el origen de este proyecto &#8220;<em>la idea se estuvo perfilando en el Departamento de Medio Ambiente porque quer\u00edamos darle una segunda oportunidad a esos enseres que est\u00e1n en buenas condiciones y que muchas veces acaban en el Ecoparque. Lo perfilamos con C\u00e1ritas y al final el resultado es esta tienda, un espacio que esperamos que tenga una buena acogida<\/em>&#8220;, dijo <strong>Jordi Silvestre<\/strong>. Finalmente el Vicario Episcopal de la zona a la que pertenece Alcoy<strong> bendijo las instalaciones<\/strong> y destac\u00f3\u00a0<strong>la gran labor social de la iglesia cat\u00f3lica a trav\u00e9s de C\u00e1ritas<\/strong> &#8220;<em>seguimos estando ah\u00ed, junto a los m\u00e1s desfavorecidos y atendiendo sus necesidades gracias a un gran equipo de voluntarios que desempe\u00f1a un importante trabajo en cada una de las Parroquias de la vicar\u00eda as\u00ed como de nuestra Di\u00f3cesis<\/em>&#8220;, apostill\u00f3.<\/p>\n<p style=\"text-align: justify;\">A la apertura de la tienda asistieron <strong>miembros del Arciprestazgo<\/strong> que agrupa a las 28 parroquias de Alcoy, <strong>representantes del Ayuntamiento<\/strong> y de <strong>C\u00e1ritas Interparroquial<\/strong> de nuestra ciudad.<\/p>\n","protected":false},"excerpt":{"rendered":"<p>C\u00e1ritas abri\u00f3 ayer en Alcoy la primera tienda de muebles de segunda mano de toda la Di\u00f3cesis de Valencia, un&#8230;<\/p>\n","protected":false},"author":1,"featured_media":74132,"comment_status":"open","ping_status":"open","sticky":false,"template":"","format":"standard","meta":{"footnotes":""},"categories":[97,75,125],"tags":[460,11318,4127,11319,11320,11317],"class_list":["post-74131","post","type-post","status-publish","format-standard","has-post-thumbnail","hentry","category-alcoy","category-noticias","category-portada","tag-caritas","tag-decora","tag-estreno","tag-muebles","tag-segunda-mano","tag-tienda"],"yoast_head":"<!-- This site is optimized with the Yoast SEO plugin v27.3 - https:\/\/yoast.com\/product\/yoast-seo-wordpress\/ -->\n<title>C\u00e1ritas estrena en Alcoy la primera tienda de muebles de segunda mano - COPE Alcoy<\/title>\n<meta name=\"robots\" content=\"index, follow, max-snippet:-1, max-image-preview:large, max-video-preview:-1\" \/>\n<link rel=\"canonical\" href=\"https:\/\/www.copealcoy.es\/es\/caritas-estrena-en-alcoy-la-primera-tienda-de-muebles-de-segunda-mano\/\" \/>\n<meta property=\"og:locale\" content=\"es_ES\" \/>\n<meta property=\"og:type\" content=\"article\" \/>\n<meta property=\"og:title\" content=\"C\u00e1ritas estrena en Alcoy la primera tienda de muebles de segunda mano - COPE Alcoy\" \/>\n<meta property=\"og:description\" content=\"C\u00e1ritas abri\u00f3 ayer en Alcoy la primera tienda de muebles de segunda mano de toda la Di\u00f3cesis de Valencia, un...\" \/>\n<meta property=\"og:url\" content=\"https:\/\/www.copealcoy.es\/es\/caritas-estrena-en-alcoy-la-primera-tienda-de-muebles-de-segunda-mano\/\" \/>\n<meta property=\"og:site_name\" content=\"COPE Alcoy\" \/>\n<meta property=\"article:published_time\" content=\"2021-05-27T16:17:32+00:00\" \/>\n<meta property=\"article:modified_time\" content=\"2021-05-27T16:33:26+00:00\" \/>\n<meta property=\"og:image\" content=\"https:\/\/www.copealcoy.es\/wp-content\/uploads\/2021\/05\/191047714_2405453289598142_6492776298658149994_n.jpg\" \/>\n\t<meta property=\"og:image:width\" content=\"1440\" \/>\n\t<meta property=\"og:image:height\" content=\"1078\" \/>\n\t<meta property=\"og:image:type\" content=\"image\/jpeg\" \/>\n<meta name=\"author\" content=\"Cope Alcoy\" \/>\n<meta name=\"twitter:label1\" content=\"Escrito por\" \/>\n\t<meta name=\"twitter:data1\" content=\"Cope Alcoy\" \/>\n\t<meta name=\"twitter:label2\" content=\"Tiempo de lectura\" \/>\n\t<meta name=\"twitter:data2\" content=\"2 minutos\" \/>\n<script type=\"application\/ld+json\" class=\"yoast-schema-graph\">{\"@context\":\"https:\\\/\\\/schema.org\",\"@graph\":[{\"@type\":\"Article\",\"@id\":\"https:\\\/\\\/www.copealcoy.es\\\/es\\\/caritas-estrena-en-alcoy-la-primera-tienda-de-muebles-de-segunda-mano\\\/#article\",\"isPartOf\":{\"@id\":\"https:\\\/\\\/www.copealcoy.es\\\/es\\\/caritas-estrena-en-alcoy-la-primera-tienda-de-muebles-de-segunda-mano\\\/\"},\"author\":{\"name\":\"Cope Alcoy\",\"@id\":\"https:\\\/\\\/www.copealcoy.es\\\/es\\\/#\\\/schema\\\/person\\\/e777c87fa024e57d40170af9df39882c\"},\"headline\":\"C\u00e1ritas estrena en Alcoy la primera tienda de muebles de segunda mano\",\"datePublished\":\"2021-05-27T16:17:32+00:00\",\"dateModified\":\"2021-05-27T16:33:26+00:00\",\"mainEntityOfPage\":{\"@id\":\"https:\\\/\\\/www.copealcoy.es\\\/es\\\/caritas-estrena-en-alcoy-la-primera-tienda-de-muebles-de-segunda-mano\\\/\"},\"wordCount\":383,\"commentCount\":0,\"image\":{\"@id\":\"https:\\\/\\\/www.copealcoy.es\\\/es\\\/caritas-estrena-en-alcoy-la-primera-tienda-de-muebles-de-segunda-mano\\\/#primaryimage\"},\"thumbnailUrl\":\"https:\\\/\\\/www.copealcoy.es\\\/wp-content\\\/uploads\\\/2021\\\/05\\\/191047714_2405453289598142_6492776298658149994_n.jpg\",\"keywords\":[\"C\u00e1ritas\",\"Decora\",\"estreno\",\"muebles\",\"segunda mano\",\"tienda\"],\"articleSection\":[\"Alcoy\",\"Noticias\",\"Portada\"],\"inLanguage\":\"es\"},{\"@type\":\"WebPage\",\"@id\":\"https:\\\/\\\/www.copealcoy.es\\\/es\\\/caritas-estrena-en-alcoy-la-primera-tienda-de-muebles-de-segunda-mano\\\/\",\"url\":\"https:\\\/\\\/www.copealcoy.es\\\/es\\\/caritas-estrena-en-alcoy-la-primera-tienda-de-muebles-de-segunda-mano\\\/\",\"name\":\"C\u00e1ritas estrena en Alcoy la primera tienda de muebles de segunda mano - COPE Alcoy\",\"isPartOf\":{\"@id\":\"https:\\\/\\\/www.copealcoy.es\\\/es\\\/#website\"},\"primaryImageOfPage\":{\"@id\":\"https:\\\/\\\/www.copealcoy.es\\\/es\\\/caritas-estrena-en-alcoy-la-primera-tienda-de-muebles-de-segunda-mano\\\/#primaryimage\"},\"image\":{\"@id\":\"https:\\\/\\\/www.copealcoy.es\\\/es\\\/caritas-estrena-en-alcoy-la-primera-tienda-de-muebles-de-segunda-mano\\\/#primaryimage\"},\"thumbnailUrl\":\"https:\\\/\\\/www.copealcoy.es\\\/wp-content\\\/uploads\\\/2021\\\/05\\\/191047714_2405453289598142_6492776298658149994_n.jpg\",\"datePublished\":\"2021-05-27T16:17:32+00:00\",\"dateModified\":\"2021-05-27T16:33:26+00:00\",\"author\":{\"@id\":\"https:\\\/\\\/www.copealcoy.es\\\/es\\\/#\\\/schema\\\/person\\\/e777c87fa024e57d40170af9df39882c\"},\"breadcrumb\":{\"@id\":\"https:\\\/\\\/www.copealcoy.es\\\/es\\\/caritas-estrena-en-alcoy-la-primera-tienda-de-muebles-de-segunda-mano\\\/#breadcrumb\"},\"inLanguage\":\"es\",\"potentialAction\":[{\"@type\":\"ReadAction\",\"target\":[\"https:\\\/\\\/www.copealcoy.es\\\/es\\\/caritas-estrena-en-alcoy-la-primera-tienda-de-muebles-de-segunda-mano\\\/\"]}]},{\"@type\":\"ImageObject\",\"inLanguage\":\"es\",\"@id\":\"https:\\\/\\\/www.copealcoy.es\\\/es\\\/caritas-estrena-en-alcoy-la-primera-tienda-de-muebles-de-segunda-mano\\\/#primaryimage\",\"url\":\"https:\\\/\\\/www.copealcoy.es\\\/wp-content\\\/uploads\\\/2021\\\/05\\\/191047714_2405453289598142_6492776298658149994_n.jpg\",\"contentUrl\":\"https:\\\/\\\/www.copealcoy.es\\\/wp-content\\\/uploads\\\/2021\\\/05\\\/191047714_2405453289598142_6492776298658149994_n.jpg\",\"width\":1440,\"height\":1078},{\"@type\":\"BreadcrumbList\",\"@id\":\"https:\\\/\\\/www.copealcoy.es\\\/es\\\/caritas-estrena-en-alcoy-la-primera-tienda-de-muebles-de-segunda-mano\\\/#breadcrumb\",\"itemListElement\":[{\"@type\":\"ListItem\",\"position\":1,\"name\":\"Portada\",\"item\":\"https:\\\/\\\/www.copealcoy.es\\\/es\\\/\"},{\"@type\":\"ListItem\",\"position\":2,\"name\":\"C\u00e1ritas estrena en Alcoy la primera tienda de muebles de segunda mano\"}]},{\"@type\":\"WebSite\",\"@id\":\"https:\\\/\\\/www.copealcoy.es\\\/es\\\/#website\",\"url\":\"https:\\\/\\\/www.copealcoy.es\\\/es\\\/\",\"name\":\"COPE Alcoy\",\"description\":\"Emisora COPE de radio local con emisi\u00f3n online. Pont de Sant Jordi 8-10 03803 Alcoy\",\"potentialAction\":[{\"@type\":\"SearchAction\",\"target\":{\"@type\":\"EntryPoint\",\"urlTemplate\":\"https:\\\/\\\/www.copealcoy.es\\\/es\\\/?s={search_term_string}\"},\"query-input\":{\"@type\":\"PropertyValueSpecification\",\"valueRequired\":true,\"valueName\":\"search_term_string\"}}],\"inLanguage\":\"es\"},{\"@type\":\"Person\",\"@id\":\"https:\\\/\\\/www.copealcoy.es\\\/es\\\/#\\\/schema\\\/person\\\/e777c87fa024e57d40170af9df39882c\",\"name\":\"Cope Alcoy\",\"image\":{\"@type\":\"ImageObject\",\"inLanguage\":\"es\",\"@id\":\"https:\\\/\\\/secure.gravatar.com\\\/avatar\\\/bb65d0283347e303893ba14f0692005417c1e0e690a325a4c5d8bb2b3943ee14?s=96&d=mm&r=g\",\"url\":\"https:\\\/\\\/secure.gravatar.com\\\/avatar\\\/bb65d0283347e303893ba14f0692005417c1e0e690a325a4c5d8bb2b3943ee14?s=96&d=mm&r=g\",\"contentUrl\":\"https:\\\/\\\/secure.gravatar.com\\\/avatar\\\/bb65d0283347e303893ba14f0692005417c1e0e690a325a4c5d8bb2b3943ee14?s=96&d=mm&r=g\",\"caption\":\"Cope Alcoy\"}}]}<\/script>\n<!-- \/ Yoast SEO plugin. -->","yoast_head_json":{"title":"C\u00e1ritas estrena en Alcoy la primera tienda de muebles de segunda mano - COPE Alcoy","robots":{"index":"index","follow":"follow","max-snippet":"max-snippet:-1","max-image-preview":"max-image-preview:large","max-video-preview":"max-video-preview:-1"},"canonical":"https:\/\/www.copealcoy.es\/es\/caritas-estrena-en-alcoy-la-primera-tienda-de-muebles-de-segunda-mano\/","og_locale":"es_ES","og_type":"article","og_title":"C\u00e1ritas estrena en Alcoy la primera tienda de muebles de segunda mano - COPE Alcoy","og_description":"C\u00e1ritas abri\u00f3 ayer en Alcoy la primera tienda de muebles de segunda mano de toda la Di\u00f3cesis de Valencia, un...","og_url":"https:\/\/www.copealcoy.es\/es\/caritas-estrena-en-alcoy-la-primera-tienda-de-muebles-de-segunda-mano\/","og_site_name":"COPE Alcoy","article_published_time":"2021-05-27T16:17:32+00:00","article_modified_time":"2021-05-27T16:33:26+00:00","og_image":[{"width":1440,"height":1078,"url":"https:\/\/www.copealcoy.es\/wp-content\/uploads\/2021\/05\/191047714_2405453289598142_6492776298658149994_n.jpg","type":"image\/jpeg"}],"author":"Cope Alcoy","twitter_misc":{"Escrito por":"Cope Alcoy","Tiempo de lectura":"2 minutos"},"schema":{"@context":"https:\/\/schema.org","@graph":[{"@type":"Article","@id":"https:\/\/www.copealcoy.es\/es\/caritas-estrena-en-alcoy-la-primera-tienda-de-muebles-de-segunda-mano\/#article","isPartOf":{"@id":"https:\/\/www.copealcoy.es\/es\/caritas-estrena-en-alcoy-la-primera-tienda-de-muebles-de-segunda-mano\/"},"author":{"name":"Cope Alcoy","@id":"https:\/\/www.copealcoy.es\/es\/#\/schema\/person\/e777c87fa024e57d40170af9df39882c"},"headline":"C\u00e1ritas estrena en Alcoy la primera tienda de muebles de segunda mano","datePublished":"2021-05-27T16:17:32+00:00","dateModified":"2021-05-27T16:33:26+00:00","mainEntityOfPage":{"@id":"https:\/\/www.copealcoy.es\/es\/caritas-estrena-en-alcoy-la-primera-tienda-de-muebles-de-segunda-mano\/"},"wordCount":383,"commentCount":0,"image":{"@id":"https:\/\/www.copealcoy.es\/es\/caritas-estrena-en-alcoy-la-primera-tienda-de-muebles-de-segunda-mano\/#primaryimage"},"thumbnailUrl":"https:\/\/www.copealcoy.es\/wp-content\/uploads\/2021\/05\/191047714_2405453289598142_6492776298658149994_n.jpg","keywords":["C\u00e1ritas","Decora","estreno","muebles","segunda mano","tienda"],"articleSection":["Alcoy","Noticias","Portada"],"inLanguage":"es"},{"@type":"WebPage","@id":"https:\/\/www.copealcoy.es\/es\/caritas-estrena-en-alcoy-la-primera-tienda-de-muebles-de-segunda-mano\/","url":"https:\/\/www.copealcoy.es\/es\/caritas-estrena-en-alcoy-la-primera-tienda-de-muebles-de-segunda-mano\/","name":"C\u00e1ritas estrena en Alcoy la primera tienda de muebles de segunda mano - COPE Alcoy","isPartOf":{"@id":"https:\/\/www.copealcoy.es\/es\/#website"},"primaryImageOfPage":{"@id":"https:\/\/www.copealcoy.es\/es\/caritas-estrena-en-alcoy-la-primera-tienda-de-muebles-de-segunda-mano\/#primaryimage"},"image":{"@id":"https:\/\/www.copealcoy.es\/es\/caritas-estrena-en-alcoy-la-primera-tienda-de-muebles-de-segunda-mano\/#primaryimage"},"thumbnailUrl":"https:\/\/www.copealcoy.es\/wp-content\/uploads\/2021\/05\/191047714_2405453289598142_6492776298658149994_n.jpg","datePublished":"2021-05-27T16:17:32+00:00","dateModified":"2021-05-27T16:33:26+00:00","author":{"@id":"https:\/\/www.copealcoy.es\/es\/#\/schema\/person\/e777c87fa024e57d40170af9df39882c"},"breadcrumb":{"@id":"https:\/\/www.copealcoy.es\/es\/caritas-estrena-en-alcoy-la-primera-tienda-de-muebles-de-segunda-mano\/#breadcrumb"},"inLanguage":"es","potentialAction":[{"@type":"ReadAction","target":["https:\/\/www.copealcoy.es\/es\/caritas-estrena-en-alcoy-la-primera-tienda-de-muebles-de-segunda-mano\/"]}]},{"@type":"ImageObject","inLanguage":"es","@id":"https:\/\/www.copealcoy.es\/es\/caritas-estrena-en-alcoy-la-primera-tienda-de-muebles-de-segunda-mano\/#primaryimage","url":"https:\/\/www.copealcoy.es\/wp-content\/uploads\/2021\/05\/191047714_2405453289598142_6492776298658149994_n.jpg","contentUrl":"https:\/\/www.copealcoy.es\/wp-content\/uploads\/2021\/05\/191047714_2405453289598142_6492776298658149994_n.jpg","width":1440,"height":1078},{"@type":"BreadcrumbList","@id":"https:\/\/www.copealcoy.es\/es\/caritas-estrena-en-alcoy-la-primera-tienda-de-muebles-de-segunda-mano\/#breadcrumb","itemListElement":[{"@type":"ListItem","position":1,"name":"Portada","item":"https:\/\/www.copealcoy.es\/es\/"},{"@type":"ListItem","position":2,"name":"C\u00e1ritas estrena en Alcoy la primera tienda de muebles de segunda mano"}]},{"@type":"WebSite","@id":"https:\/\/www.copealcoy.es\/es\/#website","url":"https:\/\/www.copealcoy.es\/es\/","name":"COPE Alcoy","description":"Emisora COPE de radio local con emisi\u00f3n online. Pont de Sant Jordi 8-10 03803 Alcoy","potentialAction":[{"@type":"SearchAction","target":{"@type":"EntryPoint","urlTemplate":"https:\/\/www.copealcoy.es\/es\/?s={search_term_string}"},"query-input":{"@type":"PropertyValueSpecification","valueRequired":true,"valueName":"search_term_string"}}],"inLanguage":"es"},{"@type":"Person","@id":"https:\/\/www.copealcoy.es\/es\/#\/schema\/person\/e777c87fa024e57d40170af9df39882c","name":"Cope Alcoy","image":{"@type":"ImageObject","inLanguage":"es","@id":"https:\/\/secure.gravatar.com\/avatar\/bb65d0283347e303893ba14f0692005417c1e0e690a325a4c5d8bb2b3943ee14?s=96&d=mm&r=g","url":"https:\/\/secure.gravatar.com\/avatar\/bb65d0283347e303893ba14f0692005417c1e0e690a325a4c5d8bb2b3943ee14?s=96&d=mm&r=g","contentUrl":"https:\/\/secure.gravatar.com\/avatar\/bb65d0283347e303893ba14f0692005417c1e0e690a325a4c5d8bb2b3943ee14?s=96&d=mm&r=g","caption":"Cope Alcoy"}}]}},"_links":{"self":[{"href":"https:\/\/www.copealcoy.es\/es\/wp-json\/wp\/v2\/posts\/74131","targetHints":{"allow":["GET"]}}],"collection":[{"href":"https:\/\/www.copealcoy.es\/es\/wp-json\/wp\/v2\/posts"}],"about":[{"href":"https:\/\/www.copealcoy.es\/es\/wp-json\/wp\/v2\/types\/post"}],"author":[{"embeddable":true,"href":"https:\/\/www.copealcoy.es\/es\/wp-json\/wp\/v2\/users\/1"}],"replies":[{"embeddable":true,"href":"https:\/\/www.copealcoy.es\/es\/wp-json\/wp\/v2\/comments?post=74131"}],"version-history":[{"count":0,"href":"https:\/\/www.copealcoy.es\/es\/wp-json\/wp\/v2\/posts\/74131\/revisions"}],"wp:featuredmedia":[{"embeddable":true,"href":"https:\/\/www.copealcoy.es\/es\/wp-json\/wp\/v2\/media\/74132"}],"wp:attachment":[{"href":"https:\/\/www.copealcoy.es\/es\/wp-json\/wp\/v2\/media?parent=74131"}],"wp:term":[{"taxonomy":"category","embeddable":true,"href":"https:\/\/www.copealcoy.es\/es\/wp-json\/wp\/v2\/categories?post=74131"},{"taxonomy":"post_tag","embeddable":true,"href":"https:\/\/www.copealcoy.es\/es\/wp-json\/wp\/v2\/tags?post=74131"}],"curies":[{"name":"wp","href":"https:\/\/api.w.org\/{rel}","templated":true}]}}