{"id":74086,"date":"2021-05-26T15:32:14","date_gmt":"2021-05-26T14:32:14","guid":{"rendered":"https:\/\/www.copealcoy.es\/?p=74086"},"modified":"2021-05-26T16:01:49","modified_gmt":"2021-05-26T15:01:49","slug":"nuevo-escenario-politico-dos-anos-despues-de-las-ultimas-elecciones-municipales","status":"publish","type":"post","link":"https:\/\/www.copealcoy.es\/es\/nuevo-escenario-politico-dos-anos-despues-de-las-ultimas-elecciones-municipales\/","title":{"rendered":"Nuevo escenario pol\u00edtico dos a\u00f1os despu\u00e9s de las \u00faltimas Elecciones Municipales"},"content":{"rendered":"<p style=\"text-align: justify;\">Este mi\u00e9rcoles 26 de mayo se cumplen <strong>dos a\u00f1os de las \u00faltimas Elecciones Municipales<\/strong>, unos comicios que en Alcoy <strong>gan\u00f3 el Partido Socialista<\/strong> con 12.603 votos que se tradujeron en 12 concejales. Los socialistas, rozando casi la mayor\u00eda absoluta, <strong>revalidaron el Gobierno Municipal y Antonio Franc\u00e9s inicio el 15 de junio de 2019 su tercera legislatura como primer edil<\/strong>. 731 d\u00edas despu\u00e9s de aquel 26 de mayo <strong>la Corporaci\u00f3n Municipal de Alcoy ha variado<\/strong> y todos los grupos ven m\u00e1s cerca en el horizonte <strong>las futuras Elecciones Municipales<\/strong> mientras la pandemia de la Covid-19 condiciona la actividad pol\u00edtica e incluso la gesti\u00f3n del Ejecutivo.<\/p>\n<p style=\"text-align: justify;\">En <strong>el PSOE<\/strong> Antonio Franc\u00e9s ultima la remodelaci\u00f3n de su Gobierno tras la salida del concejal Miguel Juan Reig, por jubilaci\u00f3n, y la llegada de Jordi Segua como nuevo edil. El alcalde aprovechar\u00e1 este contexto para hacer algunos ajustes en su gabinete, cambiar aquello que no pueda funcionar y as\u00ed afrontar con garant\u00edas la segunda mitad de la legislatura. Estas modificaciones se anunciar\u00e1n en los pr\u00f3ximos d\u00edas.<\/p>\n<p style=\"text-align: justify;\">Por su parte <strong>el PP<\/strong>, con Quique Ruiz como portavoz, mantiene el pulso como principal partido de la oposici\u00f3n mientras trata de consolidar la nueva etapa que inicio su Grupo Municipal tras el 26M de 2019. <strong>Comprom\u00eds<\/strong>, con M\u00e0rius Ivorra al frente, no pudo fraguar un acuerdo de gobierno con los socialistas similar al Pacte del Bot\u00e0nic\u00a0 y se ha erigido tambi\u00e9n como uno de los partidos opositores a la gesti\u00f3n de Franc\u00e9s pese a que se han dado su respaldo a algunos proyectos e incluso a Presupuestos Municipales. <strong>Ciudadanos<\/strong> no llega con muchas alegr\u00edas a este ecuador de legislatura y Rosa Garc\u00eda, la portavoz, se ha quedado sola en el pleno municipal para defender las demandas de la formaci\u00f3n naranja. Su hasta ahora compa\u00f1ero, Marcos Mart\u00ednez, ha dejado el partido y sigue como <strong>edil No Adscrito<\/strong> afrontando una nueva etapa que arranc\u00f3 hace unas semanas.<\/p>\n<p style=\"text-align: justify;\">Tambi\u00e9n han habido cambios en <strong>Podem Alcoi<\/strong> con respecto a aquel 26 de mayo de hace dos a\u00f1os. D\u00edas despu\u00e9s de constituirse el Ayuntamiento la candidata y portavoz, Naiara Dav\u00f3, se fue a Valencia ya que pas\u00f3 a ser S\u00edndica del partido en les Corts Valencianes. Su puesto en el Ayuntamiento lo ocup\u00f3\u00a0Cristian Santiago y como nuevo concejal entr\u00f3 Aar\u00f3n Ferr\u00e1ndiz. En <strong>Guanyar<\/strong> siguen igual, con Sandra\u00a0Obiol como portavoz,y manteniendo una f\u00e9rrea oposici\u00f3n al Gobierno Municipal que les ha llevado a alcanzar escasos acuerdos con los socialistas en los primeros dos a\u00f1os de legislatura. Por \u00faltimo <strong>VOX<\/strong>, y su portavoz David Abad, mantienen posturas a nivel nacional y su incompatibilidad con los socialistas les ha llevado tambi\u00e9n a alcanzar escasos acuerdos con el Gobierno de Franc\u00e9s.<\/p>\n<p style=\"text-align: justify;\">La actual <strong>Corporaci\u00f3n Municipal de Alcoy<\/strong> es una de las <strong>m\u00e1s multicolores de la Democracia<\/strong> ya que son 7 los partidos representados en la misma, algo que hasta ahora nunca se hab\u00eda dado. A ello se le suma ahora <strong>el edil No Adscrito<\/strong> procedente de Ciudadanos.<\/p>\n","protected":false},"excerpt":{"rendered":"<p>Este mi\u00e9rcoles 26 de mayo se cumplen dos a\u00f1os de las \u00faltimas Elecciones Municipales, unos comicios que en Alcoy gan\u00f3&#8230;<\/p>\n","protected":false},"author":1,"featured_media":52180,"comment_status":"open","ping_status":"open","sticky":false,"template":"","format":"standard","meta":{"footnotes":""},"categories":[97,75,125],"tags":[1494,1109,8244,721,2618],"class_list":["post-74086","post","type-post","status-publish","format-standard","has-post-thumbnail","hentry","category-alcoy","category-noticias","category-portada","tag-alcoy","tag-cambios","tag-dos-anos","tag-elecciones-municipales","tag-gobierno-municipal"],"yoast_head":"<!-- This site is optimized with the Yoast SEO plugin v27.3 - https:\/\/yoast.com\/product\/yoast-seo-wordpress\/ -->\n<title>Nuevo escenario pol\u00edtico dos a\u00f1os despu\u00e9s de las \u00faltimas Elecciones Municipales - COPE Alcoy<\/title>\n<meta name=\"robots\" content=\"index, follow, max-snippet:-1, max-image-preview:large, max-video-preview:-1\" \/>\n<link rel=\"canonical\" href=\"https:\/\/www.copealcoy.es\/es\/nuevo-escenario-politico-dos-anos-despues-de-las-ultimas-elecciones-municipales\/\" \/>\n<meta property=\"og:locale\" content=\"es_ES\" \/>\n<meta property=\"og:type\" content=\"article\" \/>\n<meta property=\"og:title\" content=\"Nuevo escenario pol\u00edtico dos a\u00f1os despu\u00e9s de las \u00faltimas Elecciones Municipales - COPE Alcoy\" \/>\n<meta property=\"og:description\" content=\"Este mi\u00e9rcoles 26 de mayo se cumplen dos a\u00f1os de las \u00faltimas Elecciones Municipales, unos comicios que en Alcoy gan\u00f3...\" \/>\n<meta property=\"og:url\" content=\"https:\/\/www.copealcoy.es\/es\/nuevo-escenario-politico-dos-anos-despues-de-las-ultimas-elecciones-municipales\/\" \/>\n<meta property=\"og:site_name\" content=\"COPE Alcoy\" \/>\n<meta property=\"article:published_time\" content=\"2021-05-26T14:32:14+00:00\" \/>\n<meta property=\"article:modified_time\" content=\"2021-05-26T15:01:49+00:00\" \/>\n<meta property=\"og:image\" content=\"https:\/\/www.copealcoy.es\/wp-content\/uploads\/2019\/06\/64734779_3299494993409995_5949980609337098240_n-e1560621083773-1.jpg\" \/>\n\t<meta property=\"og:image:width\" content=\"960\" \/>\n\t<meta property=\"og:image:height\" content=\"525\" \/>\n\t<meta property=\"og:image:type\" content=\"image\/jpeg\" \/>\n<meta name=\"author\" content=\"Cope Alcoy\" \/>\n<meta name=\"twitter:label1\" content=\"Escrito por\" \/>\n\t<meta name=\"twitter:data1\" content=\"Cope Alcoy\" \/>\n\t<meta name=\"twitter:label2\" content=\"Tiempo de lectura\" \/>\n\t<meta name=\"twitter:data2\" content=\"3 minutos\" \/>\n<script type=\"application\/ld+json\" class=\"yoast-schema-graph\">{\"@context\":\"https:\\\/\\\/schema.org\",\"@graph\":[{\"@type\":\"Article\",\"@id\":\"https:\\\/\\\/www.copealcoy.es\\\/es\\\/nuevo-escenario-politico-dos-anos-despues-de-las-ultimas-elecciones-municipales\\\/#article\",\"isPartOf\":{\"@id\":\"https:\\\/\\\/www.copealcoy.es\\\/es\\\/nuevo-escenario-politico-dos-anos-despues-de-las-ultimas-elecciones-municipales\\\/\"},\"author\":{\"name\":\"Cope Alcoy\",\"@id\":\"https:\\\/\\\/www.copealcoy.es\\\/es\\\/#\\\/schema\\\/person\\\/e777c87fa024e57d40170af9df39882c\"},\"headline\":\"Nuevo escenario pol\u00edtico dos a\u00f1os despu\u00e9s de las \u00faltimas Elecciones Municipales\",\"datePublished\":\"2021-05-26T14:32:14+00:00\",\"dateModified\":\"2021-05-26T15:01:49+00:00\",\"mainEntityOfPage\":{\"@id\":\"https:\\\/\\\/www.copealcoy.es\\\/es\\\/nuevo-escenario-politico-dos-anos-despues-de-las-ultimas-elecciones-municipales\\\/\"},\"wordCount\":540,\"commentCount\":0,\"image\":{\"@id\":\"https:\\\/\\\/www.copealcoy.es\\\/es\\\/nuevo-escenario-politico-dos-anos-despues-de-las-ultimas-elecciones-municipales\\\/#primaryimage\"},\"thumbnailUrl\":\"https:\\\/\\\/www.copealcoy.es\\\/wp-content\\\/uploads\\\/2019\\\/06\\\/64734779_3299494993409995_5949980609337098240_n-e1560621083773-1.jpg\",\"keywords\":[\"Alcoy\",\"Cambios\",\"dos a\u00f1os\",\"Elecciones Municipales\",\"Gobierno Municipal\"],\"articleSection\":[\"Alcoy\",\"Noticias\",\"Portada\"],\"inLanguage\":\"es\"},{\"@type\":\"WebPage\",\"@id\":\"https:\\\/\\\/www.copealcoy.es\\\/es\\\/nuevo-escenario-politico-dos-anos-despues-de-las-ultimas-elecciones-municipales\\\/\",\"url\":\"https:\\\/\\\/www.copealcoy.es\\\/es\\\/nuevo-escenario-politico-dos-anos-despues-de-las-ultimas-elecciones-municipales\\\/\",\"name\":\"Nuevo escenario pol\u00edtico dos a\u00f1os despu\u00e9s de las \u00faltimas Elecciones Municipales - COPE Alcoy\",\"isPartOf\":{\"@id\":\"https:\\\/\\\/www.copealcoy.es\\\/es\\\/#website\"},\"primaryImageOfPage\":{\"@id\":\"https:\\\/\\\/www.copealcoy.es\\\/es\\\/nuevo-escenario-politico-dos-anos-despues-de-las-ultimas-elecciones-municipales\\\/#primaryimage\"},\"image\":{\"@id\":\"https:\\\/\\\/www.copealcoy.es\\\/es\\\/nuevo-escenario-politico-dos-anos-despues-de-las-ultimas-elecciones-municipales\\\/#primaryimage\"},\"thumbnailUrl\":\"https:\\\/\\\/www.copealcoy.es\\\/wp-content\\\/uploads\\\/2019\\\/06\\\/64734779_3299494993409995_5949980609337098240_n-e1560621083773-1.jpg\",\"datePublished\":\"2021-05-26T14:32:14+00:00\",\"dateModified\":\"2021-05-26T15:01:49+00:00\",\"author\":{\"@id\":\"https:\\\/\\\/www.copealcoy.es\\\/es\\\/#\\\/schema\\\/person\\\/e777c87fa024e57d40170af9df39882c\"},\"breadcrumb\":{\"@id\":\"https:\\\/\\\/www.copealcoy.es\\\/es\\\/nuevo-escenario-politico-dos-anos-despues-de-las-ultimas-elecciones-municipales\\\/#breadcrumb\"},\"inLanguage\":\"es\",\"potentialAction\":[{\"@type\":\"ReadAction\",\"target\":[\"https:\\\/\\\/www.copealcoy.es\\\/es\\\/nuevo-escenario-politico-dos-anos-despues-de-las-ultimas-elecciones-municipales\\\/\"]}]},{\"@type\":\"ImageObject\",\"inLanguage\":\"es\",\"@id\":\"https:\\\/\\\/www.copealcoy.es\\\/es\\\/nuevo-escenario-politico-dos-anos-despues-de-las-ultimas-elecciones-municipales\\\/#primaryimage\",\"url\":\"https:\\\/\\\/www.copealcoy.es\\\/wp-content\\\/uploads\\\/2019\\\/06\\\/64734779_3299494993409995_5949980609337098240_n-e1560621083773-1.jpg\",\"contentUrl\":\"https:\\\/\\\/www.copealcoy.es\\\/wp-content\\\/uploads\\\/2019\\\/06\\\/64734779_3299494993409995_5949980609337098240_n-e1560621083773-1.jpg\",\"width\":960,\"height\":525,\"caption\":\"Franc\u00e9s con todos los miembros de la Corporaci\u00f3n Municipal \\\/ Ajuntament de Alcoy\"},{\"@type\":\"BreadcrumbList\",\"@id\":\"https:\\\/\\\/www.copealcoy.es\\\/es\\\/nuevo-escenario-politico-dos-anos-despues-de-las-ultimas-elecciones-municipales\\\/#breadcrumb\",\"itemListElement\":[{\"@type\":\"ListItem\",\"position\":1,\"name\":\"Portada\",\"item\":\"https:\\\/\\\/www.copealcoy.es\\\/es\\\/\"},{\"@type\":\"ListItem\",\"position\":2,\"name\":\"Nuevo escenario pol\u00edtico dos a\u00f1os despu\u00e9s de las \u00faltimas Elecciones Municipales\"}]},{\"@type\":\"WebSite\",\"@id\":\"https:\\\/\\\/www.copealcoy.es\\\/es\\\/#website\",\"url\":\"https:\\\/\\\/www.copealcoy.es\\\/es\\\/\",\"name\":\"COPE Alcoy\",\"description\":\"Emisora COPE de radio local con emisi\u00f3n online. Pont de Sant Jordi 8-10 03803 Alcoy\",\"potentialAction\":[{\"@type\":\"SearchAction\",\"target\":{\"@type\":\"EntryPoint\",\"urlTemplate\":\"https:\\\/\\\/www.copealcoy.es\\\/es\\\/?s={search_term_string}\"},\"query-input\":{\"@type\":\"PropertyValueSpecification\",\"valueRequired\":true,\"valueName\":\"search_term_string\"}}],\"inLanguage\":\"es\"},{\"@type\":\"Person\",\"@id\":\"https:\\\/\\\/www.copealcoy.es\\\/es\\\/#\\\/schema\\\/person\\\/e777c87fa024e57d40170af9df39882c\",\"name\":\"Cope Alcoy\",\"image\":{\"@type\":\"ImageObject\",\"inLanguage\":\"es\",\"@id\":\"https:\\\/\\\/secure.gravatar.com\\\/avatar\\\/bb65d0283347e303893ba14f0692005417c1e0e690a325a4c5d8bb2b3943ee14?s=96&d=mm&r=g\",\"url\":\"https:\\\/\\\/secure.gravatar.com\\\/avatar\\\/bb65d0283347e303893ba14f0692005417c1e0e690a325a4c5d8bb2b3943ee14?s=96&d=mm&r=g\",\"contentUrl\":\"https:\\\/\\\/secure.gravatar.com\\\/avatar\\\/bb65d0283347e303893ba14f0692005417c1e0e690a325a4c5d8bb2b3943ee14?s=96&d=mm&r=g\",\"caption\":\"Cope Alcoy\"}}]}<\/script>\n<!-- \/ Yoast SEO plugin. -->","yoast_head_json":{"title":"Nuevo escenario pol\u00edtico dos a\u00f1os despu\u00e9s de las \u00faltimas Elecciones Municipales - COPE Alcoy","robots":{"index":"index","follow":"follow","max-snippet":"max-snippet:-1","max-image-preview":"max-image-preview:large","max-video-preview":"max-video-preview:-1"},"canonical":"https:\/\/www.copealcoy.es\/es\/nuevo-escenario-politico-dos-anos-despues-de-las-ultimas-elecciones-municipales\/","og_locale":"es_ES","og_type":"article","og_title":"Nuevo escenario pol\u00edtico dos a\u00f1os despu\u00e9s de las \u00faltimas Elecciones Municipales - COPE Alcoy","og_description":"Este mi\u00e9rcoles 26 de mayo se cumplen dos a\u00f1os de las \u00faltimas Elecciones Municipales, unos comicios que en Alcoy gan\u00f3...","og_url":"https:\/\/www.copealcoy.es\/es\/nuevo-escenario-politico-dos-anos-despues-de-las-ultimas-elecciones-municipales\/","og_site_name":"COPE Alcoy","article_published_time":"2021-05-26T14:32:14+00:00","article_modified_time":"2021-05-26T15:01:49+00:00","og_image":[{"width":960,"height":525,"url":"https:\/\/www.copealcoy.es\/wp-content\/uploads\/2019\/06\/64734779_3299494993409995_5949980609337098240_n-e1560621083773-1.jpg","type":"image\/jpeg"}],"author":"Cope Alcoy","twitter_misc":{"Escrito por":"Cope Alcoy","Tiempo de lectura":"3 minutos"},"schema":{"@context":"https:\/\/schema.org","@graph":[{"@type":"Article","@id":"https:\/\/www.copealcoy.es\/es\/nuevo-escenario-politico-dos-anos-despues-de-las-ultimas-elecciones-municipales\/#article","isPartOf":{"@id":"https:\/\/www.copealcoy.es\/es\/nuevo-escenario-politico-dos-anos-despues-de-las-ultimas-elecciones-municipales\/"},"author":{"name":"Cope Alcoy","@id":"https:\/\/www.copealcoy.es\/es\/#\/schema\/person\/e777c87fa024e57d40170af9df39882c"},"headline":"Nuevo escenario pol\u00edtico dos a\u00f1os despu\u00e9s de las \u00faltimas Elecciones Municipales","datePublished":"2021-05-26T14:32:14+00:00","dateModified":"2021-05-26T15:01:49+00:00","mainEntityOfPage":{"@id":"https:\/\/www.copealcoy.es\/es\/nuevo-escenario-politico-dos-anos-despues-de-las-ultimas-elecciones-municipales\/"},"wordCount":540,"commentCount":0,"image":{"@id":"https:\/\/www.copealcoy.es\/es\/nuevo-escenario-politico-dos-anos-despues-de-las-ultimas-elecciones-municipales\/#primaryimage"},"thumbnailUrl":"https:\/\/www.copealcoy.es\/wp-content\/uploads\/2019\/06\/64734779_3299494993409995_5949980609337098240_n-e1560621083773-1.jpg","keywords":["Alcoy","Cambios","dos a\u00f1os","Elecciones Municipales","Gobierno Municipal"],"articleSection":["Alcoy","Noticias","Portada"],"inLanguage":"es"},{"@type":"WebPage","@id":"https:\/\/www.copealcoy.es\/es\/nuevo-escenario-politico-dos-anos-despues-de-las-ultimas-elecciones-municipales\/","url":"https:\/\/www.copealcoy.es\/es\/nuevo-escenario-politico-dos-anos-despues-de-las-ultimas-elecciones-municipales\/","name":"Nuevo escenario pol\u00edtico dos a\u00f1os despu\u00e9s de las \u00faltimas Elecciones Municipales - COPE Alcoy","isPartOf":{"@id":"https:\/\/www.copealcoy.es\/es\/#website"},"primaryImageOfPage":{"@id":"https:\/\/www.copealcoy.es\/es\/nuevo-escenario-politico-dos-anos-despues-de-las-ultimas-elecciones-municipales\/#primaryimage"},"image":{"@id":"https:\/\/www.copealcoy.es\/es\/nuevo-escenario-politico-dos-anos-despues-de-las-ultimas-elecciones-municipales\/#primaryimage"},"thumbnailUrl":"https:\/\/www.copealcoy.es\/wp-content\/uploads\/2019\/06\/64734779_3299494993409995_5949980609337098240_n-e1560621083773-1.jpg","datePublished":"2021-05-26T14:32:14+00:00","dateModified":"2021-05-26T15:01:49+00:00","author":{"@id":"https:\/\/www.copealcoy.es\/es\/#\/schema\/person\/e777c87fa024e57d40170af9df39882c"},"breadcrumb":{"@id":"https:\/\/www.copealcoy.es\/es\/nuevo-escenario-politico-dos-anos-despues-de-las-ultimas-elecciones-municipales\/#breadcrumb"},"inLanguage":"es","potentialAction":[{"@type":"ReadAction","target":["https:\/\/www.copealcoy.es\/es\/nuevo-escenario-politico-dos-anos-despues-de-las-ultimas-elecciones-municipales\/"]}]},{"@type":"ImageObject","inLanguage":"es","@id":"https:\/\/www.copealcoy.es\/es\/nuevo-escenario-politico-dos-anos-despues-de-las-ultimas-elecciones-municipales\/#primaryimage","url":"https:\/\/www.copealcoy.es\/wp-content\/uploads\/2019\/06\/64734779_3299494993409995_5949980609337098240_n-e1560621083773-1.jpg","contentUrl":"https:\/\/www.copealcoy.es\/wp-content\/uploads\/2019\/06\/64734779_3299494993409995_5949980609337098240_n-e1560621083773-1.jpg","width":960,"height":525,"caption":"Franc\u00e9s con todos los miembros de la Corporaci\u00f3n Municipal \/ Ajuntament de Alcoy"},{"@type":"BreadcrumbList","@id":"https:\/\/www.copealcoy.es\/es\/nuevo-escenario-politico-dos-anos-despues-de-las-ultimas-elecciones-municipales\/#breadcrumb","itemListElement":[{"@type":"ListItem","position":1,"name":"Portada","item":"https:\/\/www.copealcoy.es\/es\/"},{"@type":"ListItem","position":2,"name":"Nuevo escenario pol\u00edtico dos a\u00f1os despu\u00e9s de las \u00faltimas Elecciones Municipales"}]},{"@type":"WebSite","@id":"https:\/\/www.copealcoy.es\/es\/#website","url":"https:\/\/www.copealcoy.es\/es\/","name":"COPE Alcoy","description":"Emisora COPE de radio local con emisi\u00f3n online. Pont de Sant Jordi 8-10 03803 Alcoy","potentialAction":[{"@type":"SearchAction","target":{"@type":"EntryPoint","urlTemplate":"https:\/\/www.copealcoy.es\/es\/?s={search_term_string}"},"query-input":{"@type":"PropertyValueSpecification","valueRequired":true,"valueName":"search_term_string"}}],"inLanguage":"es"},{"@type":"Person","@id":"https:\/\/www.copealcoy.es\/es\/#\/schema\/person\/e777c87fa024e57d40170af9df39882c","name":"Cope Alcoy","image":{"@type":"ImageObject","inLanguage":"es","@id":"https:\/\/secure.gravatar.com\/avatar\/bb65d0283347e303893ba14f0692005417c1e0e690a325a4c5d8bb2b3943ee14?s=96&d=mm&r=g","url":"https:\/\/secure.gravatar.com\/avatar\/bb65d0283347e303893ba14f0692005417c1e0e690a325a4c5d8bb2b3943ee14?s=96&d=mm&r=g","contentUrl":"https:\/\/secure.gravatar.com\/avatar\/bb65d0283347e303893ba14f0692005417c1e0e690a325a4c5d8bb2b3943ee14?s=96&d=mm&r=g","caption":"Cope Alcoy"}}]}},"_links":{"self":[{"href":"https:\/\/www.copealcoy.es\/es\/wp-json\/wp\/v2\/posts\/74086","targetHints":{"allow":["GET"]}}],"collection":[{"href":"https:\/\/www.copealcoy.es\/es\/wp-json\/wp\/v2\/posts"}],"about":[{"href":"https:\/\/www.copealcoy.es\/es\/wp-json\/wp\/v2\/types\/post"}],"author":[{"embeddable":true,"href":"https:\/\/www.copealcoy.es\/es\/wp-json\/wp\/v2\/users\/1"}],"replies":[{"embeddable":true,"href":"https:\/\/www.copealcoy.es\/es\/wp-json\/wp\/v2\/comments?post=74086"}],"version-history":[{"count":0,"href":"https:\/\/www.copealcoy.es\/es\/wp-json\/wp\/v2\/posts\/74086\/revisions"}],"wp:featuredmedia":[{"embeddable":true,"href":"https:\/\/www.copealcoy.es\/es\/wp-json\/wp\/v2\/media\/52180"}],"wp:attachment":[{"href":"https:\/\/www.copealcoy.es\/es\/wp-json\/wp\/v2\/media?parent=74086"}],"wp:term":[{"taxonomy":"category","embeddable":true,"href":"https:\/\/www.copealcoy.es\/es\/wp-json\/wp\/v2\/categories?post=74086"},{"taxonomy":"post_tag","embeddable":true,"href":"https:\/\/www.copealcoy.es\/es\/wp-json\/wp\/v2\/tags?post=74086"}],"curies":[{"name":"wp","href":"https:\/\/api.w.org\/{rel}","templated":true}]}}