{"id":74014,"date":"2021-05-25T12:19:50","date_gmt":"2021-05-25T11:19:50","guid":{"rendered":"https:\/\/www.copealcoy.es\/?p=74014"},"modified":"2021-05-25T14:20:22","modified_gmt":"2021-05-25T13:20:22","slug":"miguel-juan-reig-trabajar-por-alcoy-ha-sido-muy-satisfactorio","status":"publish","type":"post","link":"https:\/\/www.copealcoy.es\/es\/miguel-juan-reig-trabajar-por-alcoy-ha-sido-muy-satisfactorio\/","title":{"rendered":"Miguel Juan Reig: &#8220;trabajar por Alcoy ha sido muy satisfactorio&#8221;"},"content":{"rendered":"<p style=\"text-align: justify;\">Miguel Juan Reig <strong>valora muy positivamente su paso por el Gobierno Municipal del PSOE<\/strong> en el que en los \u00faltimos dos a\u00f1os\u00a0 ha sido <strong>concejal de Deportes, Salud P\u00fablica y Prevenci\u00f3n de Riesgos Laborales<\/strong>. El todav\u00eda edil ha estado este martes en el #TiempoDeAn\u00e1lisis de #Mediod\u00edaCopeAlcoy para <strong>hacer balance de su trayectoria en la pol\u00edtica municipal<\/strong>, antes de su jubilaci\u00f3n, as\u00ed como para <strong>recordar la etapa en la que estuvo al frente del Centre d\u2019 Esports<\/strong>.<\/p>\n<p style=\"text-align: justify;\">Reig ha destacado <strong>el respaldo que ha recibido siempre en el Partido Socialista<\/strong> y ha dejado claro que <strong>seguir\u00e1 en la formaci\u00f3n<\/strong> pese a jubilarse como concejal.\u00a0 Tambi\u00e9n\u00a0 <strong>ha animado a sus compa\u00f1eros del Ejecutivo de Franc\u00e9s a seguir trabajando con ilusi\u00f3n<\/strong>\u00a0 &#8220;<em>siempre es un honor dedicar tu tiempo para mejorar la ciudad. Para m\u00ed ha sido una grata experiencia y, aunque hemos tenido momentos dif\u00edciles por las situaciones que nos ha tocado vivir a ra\u00edz de la crisis econ\u00f3mica o la pandemia, me llevo un buen recuerdo y el cari\u00f1o de mucha gente<\/em>&#8220;, ha matizado.<\/p>\n<p style=\"text-align: justify;\">Miguel Juan Reig <strong>dejar\u00e1 de ser concejal en el Pleno Ordinario de junio previsto para el viernes d\u00eda 4<\/strong>, fecha en la que se har\u00e1 efectiva su renuncia. Desde COPE ALCOY <strong>le deseamos la mejor de las suertes en esta nueva etapa de su vida que emprende<\/strong> y le agradecemos p\u00fablicamente <strong>las atenciones<\/strong> que siempre ha tenido con esta casa.<\/p>\n","protected":false},"excerpt":{"rendered":"<p>Miguel Juan Reig valora muy positivamente su paso por el Gobierno Municipal del PSOE en el que en los \u00faltimos&#8230;<\/p>\n","protected":false},"author":1,"featured_media":74016,"comment_status":"open","ping_status":"open","sticky":false,"template":"","format":"standard","meta":{"footnotes":""},"categories":[97,75,79],"tags":[3575,2027,5140,2366],"class_list":["post-74014","post","type-post","status-publish","format-standard","has-post-thumbnail","hentry","category-alcoy","category-noticias","category-politicayeconomia","tag-concejalia-de-deportes","tag-despedida","tag-jubilacion","tag-miguel-juan-reig"],"yoast_head":"<!-- This site is optimized with the Yoast SEO plugin v27.3 - https:\/\/yoast.com\/product\/yoast-seo-wordpress\/ -->\n<title>Miguel Juan Reig: &quot;trabajar por Alcoy ha sido muy satisfactorio&quot; - COPE Alcoy<\/title>\n<meta name=\"robots\" content=\"index, follow, max-snippet:-1, max-image-preview:large, max-video-preview:-1\" \/>\n<link rel=\"canonical\" href=\"https:\/\/www.copealcoy.es\/es\/miguel-juan-reig-trabajar-por-alcoy-ha-sido-muy-satisfactorio\/\" \/>\n<meta property=\"og:locale\" content=\"es_ES\" \/>\n<meta property=\"og:type\" content=\"article\" \/>\n<meta property=\"og:title\" content=\"Miguel Juan Reig: &quot;trabajar por Alcoy ha sido muy satisfactorio&quot; - COPE Alcoy\" \/>\n<meta property=\"og:description\" content=\"Miguel Juan Reig valora muy positivamente su paso por el Gobierno Municipal del PSOE en el que en los \u00faltimos...\" \/>\n<meta property=\"og:url\" content=\"https:\/\/www.copealcoy.es\/es\/miguel-juan-reig-trabajar-por-alcoy-ha-sido-muy-satisfactorio\/\" \/>\n<meta property=\"og:site_name\" content=\"COPE Alcoy\" \/>\n<meta property=\"article:published_time\" content=\"2021-05-25T11:19:50+00:00\" \/>\n<meta property=\"article:modified_time\" content=\"2021-05-25T13:20:22+00:00\" \/>\n<meta property=\"og:image\" content=\"https:\/\/www.copealcoy.es\/wp-content\/uploads\/2021\/05\/189939348_2404410806369057_2075915403881158940_n-e1621941693435.jpg\" \/>\n\t<meta property=\"og:image:width\" content=\"1321\" \/>\n\t<meta property=\"og:image:height\" content=\"935\" \/>\n\t<meta property=\"og:image:type\" content=\"image\/jpeg\" \/>\n<meta name=\"author\" content=\"Cope Alcoy\" \/>\n<meta name=\"twitter:label1\" content=\"Escrito por\" \/>\n\t<meta name=\"twitter:data1\" content=\"Cope Alcoy\" \/>\n\t<meta name=\"twitter:label2\" content=\"Tiempo de lectura\" \/>\n\t<meta name=\"twitter:data2\" content=\"1 minuto\" \/>\n<script type=\"application\/ld+json\" class=\"yoast-schema-graph\">{\"@context\":\"https:\\\/\\\/schema.org\",\"@graph\":[{\"@type\":\"Article\",\"@id\":\"https:\\\/\\\/www.copealcoy.es\\\/es\\\/miguel-juan-reig-trabajar-por-alcoy-ha-sido-muy-satisfactorio\\\/#article\",\"isPartOf\":{\"@id\":\"https:\\\/\\\/www.copealcoy.es\\\/es\\\/miguel-juan-reig-trabajar-por-alcoy-ha-sido-muy-satisfactorio\\\/\"},\"author\":{\"name\":\"Cope Alcoy\",\"@id\":\"https:\\\/\\\/www.copealcoy.es\\\/es\\\/#\\\/schema\\\/person\\\/e777c87fa024e57d40170af9df39882c\"},\"headline\":\"Miguel Juan Reig: &#8220;trabajar por Alcoy ha sido muy satisfactorio&#8221;\",\"datePublished\":\"2021-05-25T11:19:50+00:00\",\"dateModified\":\"2021-05-25T13:20:22+00:00\",\"mainEntityOfPage\":{\"@id\":\"https:\\\/\\\/www.copealcoy.es\\\/es\\\/miguel-juan-reig-trabajar-por-alcoy-ha-sido-muy-satisfactorio\\\/\"},\"wordCount\":260,\"commentCount\":0,\"image\":{\"@id\":\"https:\\\/\\\/www.copealcoy.es\\\/es\\\/miguel-juan-reig-trabajar-por-alcoy-ha-sido-muy-satisfactorio\\\/#primaryimage\"},\"thumbnailUrl\":\"https:\\\/\\\/www.copealcoy.es\\\/wp-content\\\/uploads\\\/2021\\\/05\\\/189939348_2404410806369057_2075915403881158940_n-e1621941693435.jpg\",\"keywords\":[\"concejal\u00eda de deportes\",\"Despedida\",\"jubilaci\u00f3n\",\"Miguel Juan Reig\"],\"articleSection\":[\"Alcoy\",\"Noticias\",\"Pol\u00edtica y Econom\u00eda\"],\"inLanguage\":\"es\"},{\"@type\":\"WebPage\",\"@id\":\"https:\\\/\\\/www.copealcoy.es\\\/es\\\/miguel-juan-reig-trabajar-por-alcoy-ha-sido-muy-satisfactorio\\\/\",\"url\":\"https:\\\/\\\/www.copealcoy.es\\\/es\\\/miguel-juan-reig-trabajar-por-alcoy-ha-sido-muy-satisfactorio\\\/\",\"name\":\"Miguel Juan Reig: \\\"trabajar por Alcoy ha sido muy satisfactorio\\\" - COPE Alcoy\",\"isPartOf\":{\"@id\":\"https:\\\/\\\/www.copealcoy.es\\\/es\\\/#website\"},\"primaryImageOfPage\":{\"@id\":\"https:\\\/\\\/www.copealcoy.es\\\/es\\\/miguel-juan-reig-trabajar-por-alcoy-ha-sido-muy-satisfactorio\\\/#primaryimage\"},\"image\":{\"@id\":\"https:\\\/\\\/www.copealcoy.es\\\/es\\\/miguel-juan-reig-trabajar-por-alcoy-ha-sido-muy-satisfactorio\\\/#primaryimage\"},\"thumbnailUrl\":\"https:\\\/\\\/www.copealcoy.es\\\/wp-content\\\/uploads\\\/2021\\\/05\\\/189939348_2404410806369057_2075915403881158940_n-e1621941693435.jpg\",\"datePublished\":\"2021-05-25T11:19:50+00:00\",\"dateModified\":\"2021-05-25T13:20:22+00:00\",\"author\":{\"@id\":\"https:\\\/\\\/www.copealcoy.es\\\/es\\\/#\\\/schema\\\/person\\\/e777c87fa024e57d40170af9df39882c\"},\"breadcrumb\":{\"@id\":\"https:\\\/\\\/www.copealcoy.es\\\/es\\\/miguel-juan-reig-trabajar-por-alcoy-ha-sido-muy-satisfactorio\\\/#breadcrumb\"},\"inLanguage\":\"es\",\"potentialAction\":[{\"@type\":\"ReadAction\",\"target\":[\"https:\\\/\\\/www.copealcoy.es\\\/es\\\/miguel-juan-reig-trabajar-por-alcoy-ha-sido-muy-satisfactorio\\\/\"]}]},{\"@type\":\"ImageObject\",\"inLanguage\":\"es\",\"@id\":\"https:\\\/\\\/www.copealcoy.es\\\/es\\\/miguel-juan-reig-trabajar-por-alcoy-ha-sido-muy-satisfactorio\\\/#primaryimage\",\"url\":\"https:\\\/\\\/www.copealcoy.es\\\/wp-content\\\/uploads\\\/2021\\\/05\\\/189939348_2404410806369057_2075915403881158940_n-e1621941693435.jpg\",\"contentUrl\":\"https:\\\/\\\/www.copealcoy.es\\\/wp-content\\\/uploads\\\/2021\\\/05\\\/189939348_2404410806369057_2075915403881158940_n-e1621941693435.jpg\",\"width\":1321,\"height\":935},{\"@type\":\"BreadcrumbList\",\"@id\":\"https:\\\/\\\/www.copealcoy.es\\\/es\\\/miguel-juan-reig-trabajar-por-alcoy-ha-sido-muy-satisfactorio\\\/#breadcrumb\",\"itemListElement\":[{\"@type\":\"ListItem\",\"position\":1,\"name\":\"Portada\",\"item\":\"https:\\\/\\\/www.copealcoy.es\\\/es\\\/\"},{\"@type\":\"ListItem\",\"position\":2,\"name\":\"Miguel Juan Reig: &#8220;trabajar por Alcoy ha sido muy satisfactorio&#8221;\"}]},{\"@type\":\"WebSite\",\"@id\":\"https:\\\/\\\/www.copealcoy.es\\\/es\\\/#website\",\"url\":\"https:\\\/\\\/www.copealcoy.es\\\/es\\\/\",\"name\":\"COPE Alcoy\",\"description\":\"Emisora COPE de radio local con emisi\u00f3n online. Pont de Sant Jordi 8-10 03803 Alcoy\",\"potentialAction\":[{\"@type\":\"SearchAction\",\"target\":{\"@type\":\"EntryPoint\",\"urlTemplate\":\"https:\\\/\\\/www.copealcoy.es\\\/es\\\/?s={search_term_string}\"},\"query-input\":{\"@type\":\"PropertyValueSpecification\",\"valueRequired\":true,\"valueName\":\"search_term_string\"}}],\"inLanguage\":\"es\"},{\"@type\":\"Person\",\"@id\":\"https:\\\/\\\/www.copealcoy.es\\\/es\\\/#\\\/schema\\\/person\\\/e777c87fa024e57d40170af9df39882c\",\"name\":\"Cope Alcoy\",\"image\":{\"@type\":\"ImageObject\",\"inLanguage\":\"es\",\"@id\":\"https:\\\/\\\/secure.gravatar.com\\\/avatar\\\/bb65d0283347e303893ba14f0692005417c1e0e690a325a4c5d8bb2b3943ee14?s=96&d=mm&r=g\",\"url\":\"https:\\\/\\\/secure.gravatar.com\\\/avatar\\\/bb65d0283347e303893ba14f0692005417c1e0e690a325a4c5d8bb2b3943ee14?s=96&d=mm&r=g\",\"contentUrl\":\"https:\\\/\\\/secure.gravatar.com\\\/avatar\\\/bb65d0283347e303893ba14f0692005417c1e0e690a325a4c5d8bb2b3943ee14?s=96&d=mm&r=g\",\"caption\":\"Cope Alcoy\"}}]}<\/script>\n<!-- \/ Yoast SEO plugin. -->","yoast_head_json":{"title":"Miguel Juan Reig: \"trabajar por Alcoy ha sido muy satisfactorio\" - COPE Alcoy","robots":{"index":"index","follow":"follow","max-snippet":"max-snippet:-1","max-image-preview":"max-image-preview:large","max-video-preview":"max-video-preview:-1"},"canonical":"https:\/\/www.copealcoy.es\/es\/miguel-juan-reig-trabajar-por-alcoy-ha-sido-muy-satisfactorio\/","og_locale":"es_ES","og_type":"article","og_title":"Miguel Juan Reig: \"trabajar por Alcoy ha sido muy satisfactorio\" - COPE Alcoy","og_description":"Miguel Juan Reig valora muy positivamente su paso por el Gobierno Municipal del PSOE en el que en los \u00faltimos...","og_url":"https:\/\/www.copealcoy.es\/es\/miguel-juan-reig-trabajar-por-alcoy-ha-sido-muy-satisfactorio\/","og_site_name":"COPE Alcoy","article_published_time":"2021-05-25T11:19:50+00:00","article_modified_time":"2021-05-25T13:20:22+00:00","og_image":[{"width":1321,"height":935,"url":"https:\/\/www.copealcoy.es\/wp-content\/uploads\/2021\/05\/189939348_2404410806369057_2075915403881158940_n-e1621941693435.jpg","type":"image\/jpeg"}],"author":"Cope Alcoy","twitter_misc":{"Escrito por":"Cope Alcoy","Tiempo de lectura":"1 minuto"},"schema":{"@context":"https:\/\/schema.org","@graph":[{"@type":"Article","@id":"https:\/\/www.copealcoy.es\/es\/miguel-juan-reig-trabajar-por-alcoy-ha-sido-muy-satisfactorio\/#article","isPartOf":{"@id":"https:\/\/www.copealcoy.es\/es\/miguel-juan-reig-trabajar-por-alcoy-ha-sido-muy-satisfactorio\/"},"author":{"name":"Cope Alcoy","@id":"https:\/\/www.copealcoy.es\/es\/#\/schema\/person\/e777c87fa024e57d40170af9df39882c"},"headline":"Miguel Juan Reig: &#8220;trabajar por Alcoy ha sido muy satisfactorio&#8221;","datePublished":"2021-05-25T11:19:50+00:00","dateModified":"2021-05-25T13:20:22+00:00","mainEntityOfPage":{"@id":"https:\/\/www.copealcoy.es\/es\/miguel-juan-reig-trabajar-por-alcoy-ha-sido-muy-satisfactorio\/"},"wordCount":260,"commentCount":0,"image":{"@id":"https:\/\/www.copealcoy.es\/es\/miguel-juan-reig-trabajar-por-alcoy-ha-sido-muy-satisfactorio\/#primaryimage"},"thumbnailUrl":"https:\/\/www.copealcoy.es\/wp-content\/uploads\/2021\/05\/189939348_2404410806369057_2075915403881158940_n-e1621941693435.jpg","keywords":["concejal\u00eda de deportes","Despedida","jubilaci\u00f3n","Miguel Juan Reig"],"articleSection":["Alcoy","Noticias","Pol\u00edtica y Econom\u00eda"],"inLanguage":"es"},{"@type":"WebPage","@id":"https:\/\/www.copealcoy.es\/es\/miguel-juan-reig-trabajar-por-alcoy-ha-sido-muy-satisfactorio\/","url":"https:\/\/www.copealcoy.es\/es\/miguel-juan-reig-trabajar-por-alcoy-ha-sido-muy-satisfactorio\/","name":"Miguel Juan Reig: \"trabajar por Alcoy ha sido muy satisfactorio\" - COPE Alcoy","isPartOf":{"@id":"https:\/\/www.copealcoy.es\/es\/#website"},"primaryImageOfPage":{"@id":"https:\/\/www.copealcoy.es\/es\/miguel-juan-reig-trabajar-por-alcoy-ha-sido-muy-satisfactorio\/#primaryimage"},"image":{"@id":"https:\/\/www.copealcoy.es\/es\/miguel-juan-reig-trabajar-por-alcoy-ha-sido-muy-satisfactorio\/#primaryimage"},"thumbnailUrl":"https:\/\/www.copealcoy.es\/wp-content\/uploads\/2021\/05\/189939348_2404410806369057_2075915403881158940_n-e1621941693435.jpg","datePublished":"2021-05-25T11:19:50+00:00","dateModified":"2021-05-25T13:20:22+00:00","author":{"@id":"https:\/\/www.copealcoy.es\/es\/#\/schema\/person\/e777c87fa024e57d40170af9df39882c"},"breadcrumb":{"@id":"https:\/\/www.copealcoy.es\/es\/miguel-juan-reig-trabajar-por-alcoy-ha-sido-muy-satisfactorio\/#breadcrumb"},"inLanguage":"es","potentialAction":[{"@type":"ReadAction","target":["https:\/\/www.copealcoy.es\/es\/miguel-juan-reig-trabajar-por-alcoy-ha-sido-muy-satisfactorio\/"]}]},{"@type":"ImageObject","inLanguage":"es","@id":"https:\/\/www.copealcoy.es\/es\/miguel-juan-reig-trabajar-por-alcoy-ha-sido-muy-satisfactorio\/#primaryimage","url":"https:\/\/www.copealcoy.es\/wp-content\/uploads\/2021\/05\/189939348_2404410806369057_2075915403881158940_n-e1621941693435.jpg","contentUrl":"https:\/\/www.copealcoy.es\/wp-content\/uploads\/2021\/05\/189939348_2404410806369057_2075915403881158940_n-e1621941693435.jpg","width":1321,"height":935},{"@type":"BreadcrumbList","@id":"https:\/\/www.copealcoy.es\/es\/miguel-juan-reig-trabajar-por-alcoy-ha-sido-muy-satisfactorio\/#breadcrumb","itemListElement":[{"@type":"ListItem","position":1,"name":"Portada","item":"https:\/\/www.copealcoy.es\/es\/"},{"@type":"ListItem","position":2,"name":"Miguel Juan Reig: &#8220;trabajar por Alcoy ha sido muy satisfactorio&#8221;"}]},{"@type":"WebSite","@id":"https:\/\/www.copealcoy.es\/es\/#website","url":"https:\/\/www.copealcoy.es\/es\/","name":"COPE Alcoy","description":"Emisora COPE de radio local con emisi\u00f3n online. Pont de Sant Jordi 8-10 03803 Alcoy","potentialAction":[{"@type":"SearchAction","target":{"@type":"EntryPoint","urlTemplate":"https:\/\/www.copealcoy.es\/es\/?s={search_term_string}"},"query-input":{"@type":"PropertyValueSpecification","valueRequired":true,"valueName":"search_term_string"}}],"inLanguage":"es"},{"@type":"Person","@id":"https:\/\/www.copealcoy.es\/es\/#\/schema\/person\/e777c87fa024e57d40170af9df39882c","name":"Cope Alcoy","image":{"@type":"ImageObject","inLanguage":"es","@id":"https:\/\/secure.gravatar.com\/avatar\/bb65d0283347e303893ba14f0692005417c1e0e690a325a4c5d8bb2b3943ee14?s=96&d=mm&r=g","url":"https:\/\/secure.gravatar.com\/avatar\/bb65d0283347e303893ba14f0692005417c1e0e690a325a4c5d8bb2b3943ee14?s=96&d=mm&r=g","contentUrl":"https:\/\/secure.gravatar.com\/avatar\/bb65d0283347e303893ba14f0692005417c1e0e690a325a4c5d8bb2b3943ee14?s=96&d=mm&r=g","caption":"Cope Alcoy"}}]}},"_links":{"self":[{"href":"https:\/\/www.copealcoy.es\/es\/wp-json\/wp\/v2\/posts\/74014","targetHints":{"allow":["GET"]}}],"collection":[{"href":"https:\/\/www.copealcoy.es\/es\/wp-json\/wp\/v2\/posts"}],"about":[{"href":"https:\/\/www.copealcoy.es\/es\/wp-json\/wp\/v2\/types\/post"}],"author":[{"embeddable":true,"href":"https:\/\/www.copealcoy.es\/es\/wp-json\/wp\/v2\/users\/1"}],"replies":[{"embeddable":true,"href":"https:\/\/www.copealcoy.es\/es\/wp-json\/wp\/v2\/comments?post=74014"}],"version-history":[{"count":0,"href":"https:\/\/www.copealcoy.es\/es\/wp-json\/wp\/v2\/posts\/74014\/revisions"}],"wp:featuredmedia":[{"embeddable":true,"href":"https:\/\/www.copealcoy.es\/es\/wp-json\/wp\/v2\/media\/74016"}],"wp:attachment":[{"href":"https:\/\/www.copealcoy.es\/es\/wp-json\/wp\/v2\/media?parent=74014"}],"wp:term":[{"taxonomy":"category","embeddable":true,"href":"https:\/\/www.copealcoy.es\/es\/wp-json\/wp\/v2\/categories?post=74014"},{"taxonomy":"post_tag","embeddable":true,"href":"https:\/\/www.copealcoy.es\/es\/wp-json\/wp\/v2\/tags?post=74014"}],"curies":[{"name":"wp","href":"https:\/\/api.w.org\/{rel}","templated":true}]}}