{"id":73987,"date":"2021-05-24T15:02:23","date_gmt":"2021-05-24T14:02:23","guid":{"rendered":"https:\/\/www.copealcoy.es\/?p=73987"},"modified":"2021-05-24T15:17:45","modified_gmt":"2021-05-24T14:17:45","slug":"escultura-infinita-ya-toma-el-ivam-cada-de-alcoy","status":"publish","type":"post","link":"https:\/\/www.copealcoy.es\/es\/escultura-infinita-ya-toma-el-ivam-cada-de-alcoy\/","title":{"rendered":"&#8216;Escultura Infinita&#8217; ya toma el IVAM-CADA de Alcoy"},"content":{"rendered":"<p style=\"text-align: justify;\">El pasado viernes <strong>abri\u00f3 sus puertas en el IVAM-CADA de Alcoy<\/strong> la exposici\u00f3n titulada <strong>&#8216;Escultura Infinita&#8217;<\/strong>, una muestra que llega a la ciudad con motivo de<strong> la Capitalidad Cultural Valenciana<\/strong> que ostenta la misma en este 2021 junto al municipio de Bocairent. La exposici\u00f3n <strong>re\u00fane el trabajo de 41 artistas de nacionalidad espa\u00f1ola a trav\u00e9s de 92 obras<\/strong> procedentes, fundamentalmente, de las colecciones de IVAM-Institut Valenci\u00e0 d\u2019Art Modern, Museo Nacional Centro de Arte Reina Sof\u00eda,\u00a0Museo Patio Herreriano de Arte Contempor\u00e1neo Espa\u00f1ol, Museo de Arte Contempor\u00e1neo Espa\u00f1ol y\u00a0Fundaci\u00f3 Antoni T\u00e0pies.<\/p>\n<p style=\"text-align: justify;\">&#8216;Escultura Infinita&#8217; propone una mirada, <strong>un relato posible entre aquellos que la museograf\u00eda actual ofrece<\/strong>, sobre la escultura espa\u00f1ola en el n\u00facleo central del siglo XX. Adem\u00e1s est\u00e1 planteada desde un delimitado marco cronol\u00f3gico, <strong>del 1930 al 1996<\/strong>, y en la misma se aprecian obras de Alberto S\u00e1nchez, \u00c1ngel Ferrant, Jorge de Oteiza o Pablo Palazuelo, que actuaron como <strong>resorte e inspiraci\u00f3n<\/strong> para autores de generaciones posteriores como Sergi Aguilar, Cristina Iglesias o Fernando Sinaga &#8220;<em>son m\u00faltiples los motivos para que prepar\u00e1ramos una exposici\u00f3n de primer\u00edsimo nivel en el IVAM de Alcoy, que fuera un potente reclamo cultural para las valencianas y los valencianos y un motivo de atracci\u00f3n importante para los visitantes que quieren descubrir la ciudad de los puentes. con esta exposici\u00f3n, el IVAM-CADA pasa a ser una parada cultural ineludible. La muestra re\u00fane piezas de creadores y creadoras fundamentales que reformularon la escultura en el siglo XX con la experimentaci\u00f3n y la ruptura de los c\u00e1nones establecidos<\/em>&#8220;, indic\u00f3 el Conseller de Cultura; <strong>Vicent Marz\u00e0<\/strong>.<\/p>\n<p style=\"text-align: justify;\">Por su parte la Directora del IVAM, <strong>N\u00faria Enguita<\/strong>, valor\u00f3 positivamente la puesta en marcha de esta iniciativa en Alcoy y anim\u00f3 a que la visiten todos los amantes del arte de la ciudad y de nuestras comarcas. Finalmente avanz\u00f3 que <strong>llegar\u00e1n m\u00e1s propuestas a la capital de l&#8217;Alcoi\u00e0<\/strong> con ocasi\u00f3n de la Capital Cultural Valenciana 2021 &#8220;<em>entre ellas conciertos que, junto a las exposiciones, llegar\u00e1n en los meses de oto\u00f1o<\/em>&#8220;, matiz\u00f3.<\/p>\n<p style=\"text-align: justify;\">\u2018Escultura infinita\u2019 <strong>podr\u00e1 visitarse hasta el 24 de octubre de 2021 <\/strong>en las instalaciones del IVAM-CADA de Alcoy.<\/p>\n","protected":false},"excerpt":{"rendered":"<p>El pasado viernes abri\u00f3 sus puertas en el IVAM-CADA de Alcoy la exposici\u00f3n titulada &#8216;Escultura Infinita&#8217;, una muestra que llega&#8230;<\/p>\n","protected":false},"author":1,"featured_media":73989,"comment_status":"open","ping_status":"open","sticky":false,"template":"","format":"standard","meta":{"footnotes":""},"categories":[97,78,75],"tags":[11292,1494,414,7084,11293,2219],"class_list":["post-73987","post","type-post","status-publish","format-standard","has-post-thumbnail","hentry","category-alcoy","category-fiestaycultura","category-noticias","tag-escultura-infinita","tag-alcoy","tag-cultura","tag-ivam-cada","tag-nuria-enguita","tag-vicent-marza"],"yoast_head":"<!-- This site is optimized with the Yoast SEO plugin v27.3 - https:\/\/yoast.com\/product\/yoast-seo-wordpress\/ -->\n<title>&#039;Escultura Infinita&#039; ya toma el IVAM-CADA de Alcoy - COPE Alcoy<\/title>\n<meta name=\"robots\" content=\"index, follow, max-snippet:-1, max-image-preview:large, max-video-preview:-1\" \/>\n<link rel=\"canonical\" href=\"https:\/\/www.copealcoy.es\/es\/escultura-infinita-ya-toma-el-ivam-cada-de-alcoy\/\" \/>\n<meta property=\"og:locale\" content=\"es_ES\" \/>\n<meta property=\"og:type\" content=\"article\" \/>\n<meta property=\"og:title\" content=\"&#039;Escultura Infinita&#039; ya toma el IVAM-CADA de Alcoy - COPE Alcoy\" \/>\n<meta property=\"og:description\" content=\"El pasado viernes abri\u00f3 sus puertas en el IVAM-CADA de Alcoy la exposici\u00f3n titulada &#8216;Escultura Infinita&#8217;, una muestra que llega...\" \/>\n<meta property=\"og:url\" content=\"https:\/\/www.copealcoy.es\/es\/escultura-infinita-ya-toma-el-ivam-cada-de-alcoy\/\" \/>\n<meta property=\"og:site_name\" content=\"COPE Alcoy\" \/>\n<meta property=\"article:published_time\" content=\"2021-05-24T14:02:23+00:00\" \/>\n<meta property=\"article:modified_time\" content=\"2021-05-24T14:17:45+00:00\" \/>\n<meta property=\"og:image\" content=\"https:\/\/www.copealcoy.es\/wp-content\/uploads\/2021\/05\/1621610535_943780_1621611585_noticia_normal_recorte1.jpg\" \/>\n\t<meta property=\"og:image:width\" content=\"1300\" \/>\n\t<meta property=\"og:image:height\" content=\"856\" \/>\n\t<meta property=\"og:image:type\" content=\"image\/jpeg\" \/>\n<meta name=\"author\" content=\"Cope Alcoy\" \/>\n<meta name=\"twitter:label1\" content=\"Escrito por\" \/>\n\t<meta name=\"twitter:data1\" content=\"Cope Alcoy\" \/>\n\t<meta name=\"twitter:label2\" content=\"Tiempo de lectura\" \/>\n\t<meta name=\"twitter:data2\" content=\"2 minutos\" \/>\n<script type=\"application\/ld+json\" class=\"yoast-schema-graph\">{\"@context\":\"https:\\\/\\\/schema.org\",\"@graph\":[{\"@type\":\"Article\",\"@id\":\"https:\\\/\\\/www.copealcoy.es\\\/es\\\/escultura-infinita-ya-toma-el-ivam-cada-de-alcoy\\\/#article\",\"isPartOf\":{\"@id\":\"https:\\\/\\\/www.copealcoy.es\\\/es\\\/escultura-infinita-ya-toma-el-ivam-cada-de-alcoy\\\/\"},\"author\":{\"name\":\"Cope Alcoy\",\"@id\":\"https:\\\/\\\/www.copealcoy.es\\\/es\\\/#\\\/schema\\\/person\\\/e777c87fa024e57d40170af9df39882c\"},\"headline\":\"&#8216;Escultura Infinita&#8217; ya toma el IVAM-CADA de Alcoy\",\"datePublished\":\"2021-05-24T14:02:23+00:00\",\"dateModified\":\"2021-05-24T14:17:45+00:00\",\"mainEntityOfPage\":{\"@id\":\"https:\\\/\\\/www.copealcoy.es\\\/es\\\/escultura-infinita-ya-toma-el-ivam-cada-de-alcoy\\\/\"},\"wordCount\":383,\"commentCount\":0,\"image\":{\"@id\":\"https:\\\/\\\/www.copealcoy.es\\\/es\\\/escultura-infinita-ya-toma-el-ivam-cada-de-alcoy\\\/#primaryimage\"},\"thumbnailUrl\":\"https:\\\/\\\/www.copealcoy.es\\\/wp-content\\\/uploads\\\/2021\\\/05\\\/1621610535_943780_1621611585_noticia_normal_recorte1.jpg\",\"keywords\":[\"'Escultura Infinita'\",\"Alcoy\",\"Cultura\",\"IVAM-CADA\",\"N\u00faria Enguita\",\"Vicent Marz\u00e0\"],\"articleSection\":[\"Alcoy\",\"Fiesta y Cultura\",\"Noticias\"],\"inLanguage\":\"es\"},{\"@type\":\"WebPage\",\"@id\":\"https:\\\/\\\/www.copealcoy.es\\\/es\\\/escultura-infinita-ya-toma-el-ivam-cada-de-alcoy\\\/\",\"url\":\"https:\\\/\\\/www.copealcoy.es\\\/es\\\/escultura-infinita-ya-toma-el-ivam-cada-de-alcoy\\\/\",\"name\":\"'Escultura Infinita' ya toma el IVAM-CADA de Alcoy - COPE Alcoy\",\"isPartOf\":{\"@id\":\"https:\\\/\\\/www.copealcoy.es\\\/es\\\/#website\"},\"primaryImageOfPage\":{\"@id\":\"https:\\\/\\\/www.copealcoy.es\\\/es\\\/escultura-infinita-ya-toma-el-ivam-cada-de-alcoy\\\/#primaryimage\"},\"image\":{\"@id\":\"https:\\\/\\\/www.copealcoy.es\\\/es\\\/escultura-infinita-ya-toma-el-ivam-cada-de-alcoy\\\/#primaryimage\"},\"thumbnailUrl\":\"https:\\\/\\\/www.copealcoy.es\\\/wp-content\\\/uploads\\\/2021\\\/05\\\/1621610535_943780_1621611585_noticia_normal_recorte1.jpg\",\"datePublished\":\"2021-05-24T14:02:23+00:00\",\"dateModified\":\"2021-05-24T14:17:45+00:00\",\"author\":{\"@id\":\"https:\\\/\\\/www.copealcoy.es\\\/es\\\/#\\\/schema\\\/person\\\/e777c87fa024e57d40170af9df39882c\"},\"breadcrumb\":{\"@id\":\"https:\\\/\\\/www.copealcoy.es\\\/es\\\/escultura-infinita-ya-toma-el-ivam-cada-de-alcoy\\\/#breadcrumb\"},\"inLanguage\":\"es\",\"potentialAction\":[{\"@type\":\"ReadAction\",\"target\":[\"https:\\\/\\\/www.copealcoy.es\\\/es\\\/escultura-infinita-ya-toma-el-ivam-cada-de-alcoy\\\/\"]}]},{\"@type\":\"ImageObject\",\"inLanguage\":\"es\",\"@id\":\"https:\\\/\\\/www.copealcoy.es\\\/es\\\/escultura-infinita-ya-toma-el-ivam-cada-de-alcoy\\\/#primaryimage\",\"url\":\"https:\\\/\\\/www.copealcoy.es\\\/wp-content\\\/uploads\\\/2021\\\/05\\\/1621610535_943780_1621611585_noticia_normal_recorte1.jpg\",\"contentUrl\":\"https:\\\/\\\/www.copealcoy.es\\\/wp-content\\\/uploads\\\/2021\\\/05\\\/1621610535_943780_1621611585_noticia_normal_recorte1.jpg\",\"width\":1300,\"height\":856},{\"@type\":\"BreadcrumbList\",\"@id\":\"https:\\\/\\\/www.copealcoy.es\\\/es\\\/escultura-infinita-ya-toma-el-ivam-cada-de-alcoy\\\/#breadcrumb\",\"itemListElement\":[{\"@type\":\"ListItem\",\"position\":1,\"name\":\"Portada\",\"item\":\"https:\\\/\\\/www.copealcoy.es\\\/es\\\/\"},{\"@type\":\"ListItem\",\"position\":2,\"name\":\"&#8216;Escultura Infinita&#8217; ya toma el IVAM-CADA de Alcoy\"}]},{\"@type\":\"WebSite\",\"@id\":\"https:\\\/\\\/www.copealcoy.es\\\/es\\\/#website\",\"url\":\"https:\\\/\\\/www.copealcoy.es\\\/es\\\/\",\"name\":\"COPE Alcoy\",\"description\":\"Emisora COPE de radio local con emisi\u00f3n online. Pont de Sant Jordi 8-10 03803 Alcoy\",\"potentialAction\":[{\"@type\":\"SearchAction\",\"target\":{\"@type\":\"EntryPoint\",\"urlTemplate\":\"https:\\\/\\\/www.copealcoy.es\\\/es\\\/?s={search_term_string}\"},\"query-input\":{\"@type\":\"PropertyValueSpecification\",\"valueRequired\":true,\"valueName\":\"search_term_string\"}}],\"inLanguage\":\"es\"},{\"@type\":\"Person\",\"@id\":\"https:\\\/\\\/www.copealcoy.es\\\/es\\\/#\\\/schema\\\/person\\\/e777c87fa024e57d40170af9df39882c\",\"name\":\"Cope Alcoy\",\"image\":{\"@type\":\"ImageObject\",\"inLanguage\":\"es\",\"@id\":\"https:\\\/\\\/secure.gravatar.com\\\/avatar\\\/bb65d0283347e303893ba14f0692005417c1e0e690a325a4c5d8bb2b3943ee14?s=96&d=mm&r=g\",\"url\":\"https:\\\/\\\/secure.gravatar.com\\\/avatar\\\/bb65d0283347e303893ba14f0692005417c1e0e690a325a4c5d8bb2b3943ee14?s=96&d=mm&r=g\",\"contentUrl\":\"https:\\\/\\\/secure.gravatar.com\\\/avatar\\\/bb65d0283347e303893ba14f0692005417c1e0e690a325a4c5d8bb2b3943ee14?s=96&d=mm&r=g\",\"caption\":\"Cope Alcoy\"}}]}<\/script>\n<!-- \/ Yoast SEO plugin. -->","yoast_head_json":{"title":"'Escultura Infinita' ya toma el IVAM-CADA de Alcoy - COPE Alcoy","robots":{"index":"index","follow":"follow","max-snippet":"max-snippet:-1","max-image-preview":"max-image-preview:large","max-video-preview":"max-video-preview:-1"},"canonical":"https:\/\/www.copealcoy.es\/es\/escultura-infinita-ya-toma-el-ivam-cada-de-alcoy\/","og_locale":"es_ES","og_type":"article","og_title":"'Escultura Infinita' ya toma el IVAM-CADA de Alcoy - COPE Alcoy","og_description":"El pasado viernes abri\u00f3 sus puertas en el IVAM-CADA de Alcoy la exposici\u00f3n titulada &#8216;Escultura Infinita&#8217;, una muestra que llega...","og_url":"https:\/\/www.copealcoy.es\/es\/escultura-infinita-ya-toma-el-ivam-cada-de-alcoy\/","og_site_name":"COPE Alcoy","article_published_time":"2021-05-24T14:02:23+00:00","article_modified_time":"2021-05-24T14:17:45+00:00","og_image":[{"width":1300,"height":856,"url":"https:\/\/www.copealcoy.es\/wp-content\/uploads\/2021\/05\/1621610535_943780_1621611585_noticia_normal_recorte1.jpg","type":"image\/jpeg"}],"author":"Cope Alcoy","twitter_misc":{"Escrito por":"Cope Alcoy","Tiempo de lectura":"2 minutos"},"schema":{"@context":"https:\/\/schema.org","@graph":[{"@type":"Article","@id":"https:\/\/www.copealcoy.es\/es\/escultura-infinita-ya-toma-el-ivam-cada-de-alcoy\/#article","isPartOf":{"@id":"https:\/\/www.copealcoy.es\/es\/escultura-infinita-ya-toma-el-ivam-cada-de-alcoy\/"},"author":{"name":"Cope Alcoy","@id":"https:\/\/www.copealcoy.es\/es\/#\/schema\/person\/e777c87fa024e57d40170af9df39882c"},"headline":"&#8216;Escultura Infinita&#8217; ya toma el IVAM-CADA de Alcoy","datePublished":"2021-05-24T14:02:23+00:00","dateModified":"2021-05-24T14:17:45+00:00","mainEntityOfPage":{"@id":"https:\/\/www.copealcoy.es\/es\/escultura-infinita-ya-toma-el-ivam-cada-de-alcoy\/"},"wordCount":383,"commentCount":0,"image":{"@id":"https:\/\/www.copealcoy.es\/es\/escultura-infinita-ya-toma-el-ivam-cada-de-alcoy\/#primaryimage"},"thumbnailUrl":"https:\/\/www.copealcoy.es\/wp-content\/uploads\/2021\/05\/1621610535_943780_1621611585_noticia_normal_recorte1.jpg","keywords":["'Escultura Infinita'","Alcoy","Cultura","IVAM-CADA","N\u00faria Enguita","Vicent Marz\u00e0"],"articleSection":["Alcoy","Fiesta y Cultura","Noticias"],"inLanguage":"es"},{"@type":"WebPage","@id":"https:\/\/www.copealcoy.es\/es\/escultura-infinita-ya-toma-el-ivam-cada-de-alcoy\/","url":"https:\/\/www.copealcoy.es\/es\/escultura-infinita-ya-toma-el-ivam-cada-de-alcoy\/","name":"'Escultura Infinita' ya toma el IVAM-CADA de Alcoy - COPE Alcoy","isPartOf":{"@id":"https:\/\/www.copealcoy.es\/es\/#website"},"primaryImageOfPage":{"@id":"https:\/\/www.copealcoy.es\/es\/escultura-infinita-ya-toma-el-ivam-cada-de-alcoy\/#primaryimage"},"image":{"@id":"https:\/\/www.copealcoy.es\/es\/escultura-infinita-ya-toma-el-ivam-cada-de-alcoy\/#primaryimage"},"thumbnailUrl":"https:\/\/www.copealcoy.es\/wp-content\/uploads\/2021\/05\/1621610535_943780_1621611585_noticia_normal_recorte1.jpg","datePublished":"2021-05-24T14:02:23+00:00","dateModified":"2021-05-24T14:17:45+00:00","author":{"@id":"https:\/\/www.copealcoy.es\/es\/#\/schema\/person\/e777c87fa024e57d40170af9df39882c"},"breadcrumb":{"@id":"https:\/\/www.copealcoy.es\/es\/escultura-infinita-ya-toma-el-ivam-cada-de-alcoy\/#breadcrumb"},"inLanguage":"es","potentialAction":[{"@type":"ReadAction","target":["https:\/\/www.copealcoy.es\/es\/escultura-infinita-ya-toma-el-ivam-cada-de-alcoy\/"]}]},{"@type":"ImageObject","inLanguage":"es","@id":"https:\/\/www.copealcoy.es\/es\/escultura-infinita-ya-toma-el-ivam-cada-de-alcoy\/#primaryimage","url":"https:\/\/www.copealcoy.es\/wp-content\/uploads\/2021\/05\/1621610535_943780_1621611585_noticia_normal_recorte1.jpg","contentUrl":"https:\/\/www.copealcoy.es\/wp-content\/uploads\/2021\/05\/1621610535_943780_1621611585_noticia_normal_recorte1.jpg","width":1300,"height":856},{"@type":"BreadcrumbList","@id":"https:\/\/www.copealcoy.es\/es\/escultura-infinita-ya-toma-el-ivam-cada-de-alcoy\/#breadcrumb","itemListElement":[{"@type":"ListItem","position":1,"name":"Portada","item":"https:\/\/www.copealcoy.es\/es\/"},{"@type":"ListItem","position":2,"name":"&#8216;Escultura Infinita&#8217; ya toma el IVAM-CADA de Alcoy"}]},{"@type":"WebSite","@id":"https:\/\/www.copealcoy.es\/es\/#website","url":"https:\/\/www.copealcoy.es\/es\/","name":"COPE Alcoy","description":"Emisora COPE de radio local con emisi\u00f3n online. Pont de Sant Jordi 8-10 03803 Alcoy","potentialAction":[{"@type":"SearchAction","target":{"@type":"EntryPoint","urlTemplate":"https:\/\/www.copealcoy.es\/es\/?s={search_term_string}"},"query-input":{"@type":"PropertyValueSpecification","valueRequired":true,"valueName":"search_term_string"}}],"inLanguage":"es"},{"@type":"Person","@id":"https:\/\/www.copealcoy.es\/es\/#\/schema\/person\/e777c87fa024e57d40170af9df39882c","name":"Cope Alcoy","image":{"@type":"ImageObject","inLanguage":"es","@id":"https:\/\/secure.gravatar.com\/avatar\/bb65d0283347e303893ba14f0692005417c1e0e690a325a4c5d8bb2b3943ee14?s=96&d=mm&r=g","url":"https:\/\/secure.gravatar.com\/avatar\/bb65d0283347e303893ba14f0692005417c1e0e690a325a4c5d8bb2b3943ee14?s=96&d=mm&r=g","contentUrl":"https:\/\/secure.gravatar.com\/avatar\/bb65d0283347e303893ba14f0692005417c1e0e690a325a4c5d8bb2b3943ee14?s=96&d=mm&r=g","caption":"Cope Alcoy"}}]}},"_links":{"self":[{"href":"https:\/\/www.copealcoy.es\/es\/wp-json\/wp\/v2\/posts\/73987","targetHints":{"allow":["GET"]}}],"collection":[{"href":"https:\/\/www.copealcoy.es\/es\/wp-json\/wp\/v2\/posts"}],"about":[{"href":"https:\/\/www.copealcoy.es\/es\/wp-json\/wp\/v2\/types\/post"}],"author":[{"embeddable":true,"href":"https:\/\/www.copealcoy.es\/es\/wp-json\/wp\/v2\/users\/1"}],"replies":[{"embeddable":true,"href":"https:\/\/www.copealcoy.es\/es\/wp-json\/wp\/v2\/comments?post=73987"}],"version-history":[{"count":0,"href":"https:\/\/www.copealcoy.es\/es\/wp-json\/wp\/v2\/posts\/73987\/revisions"}],"wp:featuredmedia":[{"embeddable":true,"href":"https:\/\/www.copealcoy.es\/es\/wp-json\/wp\/v2\/media\/73989"}],"wp:attachment":[{"href":"https:\/\/www.copealcoy.es\/es\/wp-json\/wp\/v2\/media?parent=73987"}],"wp:term":[{"taxonomy":"category","embeddable":true,"href":"https:\/\/www.copealcoy.es\/es\/wp-json\/wp\/v2\/categories?post=73987"},{"taxonomy":"post_tag","embeddable":true,"href":"https:\/\/www.copealcoy.es\/es\/wp-json\/wp\/v2\/tags?post=73987"}],"curies":[{"name":"wp","href":"https:\/\/api.w.org\/{rel}","templated":true}]}}