{"id":73975,"date":"2021-05-24T14:41:53","date_gmt":"2021-05-24T13:41:53","guid":{"rendered":"https:\/\/www.copealcoy.es\/?p=73975"},"modified":"2021-05-25T10:55:27","modified_gmt":"2021-05-25T09:55:27","slug":"aprobada-la-compra-de-terrenos-para-crear-el-aparcamiento-de-la-riba","status":"publish","type":"post","link":"https:\/\/www.copealcoy.es\/es\/aprobada-la-compra-de-terrenos-para-crear-el-aparcamiento-de-la-riba\/","title":{"rendered":"Aprobada la compra de terrenos para crear el aparcamiento de La Riba"},"content":{"rendered":"<p style=\"text-align: justify;\">El Ayuntamiento de Alcoy ha celebrado hoy <strong>un Pleno extraordinario<\/strong> en el que se ha aprobado<strong> la adquisici\u00f3n de los terrenos en el \u00e1rea de La Riba<\/strong>, entre las calles Torre de les Ma\u00e7anes y Sor Elena Picurelli, para habilitar un aparcamiento p\u00fablico. La propuesta ha salido adelante con <strong>el voto favorable del PSOE, el PP, Comprom\u00eds Alcoi, Ciudadanos, Podem, VOX y el edil No Adscrito<\/strong>; Marcos Mart\u00ednez. Por su parte <strong>Guanyar Alcoi<\/strong> se ha abstenido.<\/p>\n<p style=\"text-align: justify;\">El coste de la operaci\u00f3n<strong> ha sido de 361.132 euros<\/strong> a pagar en cuatro a\u00f1os y supone <strong>la compra de cuatro fincas<\/strong> que eran propiedad de la Generalitat Valenciana. Este proceso facilitar\u00e1<strong> la creaci\u00f3n de un aparcamiento p\u00fablico de cerca de 140 plazas<\/strong>, cifra que puede llegar a triplicarse con <strong>la compra de terrenos colindantes de propietarios<\/strong> y con los que ya se est\u00e1 negociando. El compromiso de adquisici\u00f3n de las parcelas <strong>fue aprobado por el Pleno del Consistorio alcoyano<\/strong> del pasado 4 de diciembre de 2020 &#8220;<em>esperamos que esta adquisici\u00f3n, que ha costado tanto esfuerzo en conseguir y que ser\u00e1 tan importante para la mejora de la movilidad y del aparcamiento en el Centro, sea respaldada un\u00e1nimemente por la oposici\u00f3n<\/em>&#8220;, indica la edil; <strong>Mar\u00eda Baca<\/strong>.<\/p>\n<p style=\"text-align: justify;\">La creaci\u00f3n del aparcamiento en La Riba <strong>atiende a una vieja reivindicaci\u00f3n de los vecinos y comerciantes del Centro<\/strong>. Adem\u00e1s <strong>tendr\u00e1 especial importancia<\/strong> para mejorar la movilidad en esta parte de la ciudad.<\/p>\n","protected":false},"excerpt":{"rendered":"<p>El Ayuntamiento de Alcoy ha celebrado hoy un Pleno extraordinario en el que se ha aprobado la adquisici\u00f3n de los&#8230;<\/p>\n","protected":false},"author":1,"featured_media":73977,"comment_status":"open","ping_status":"open","sticky":false,"template":"","format":"standard","meta":{"footnotes":""},"categories":[97,75,79],"tags":[1494,146,295,7794,8125,4855],"class_list":["post-73975","post","type-post","status-publish","format-standard","has-post-thumbnail","hentry","category-alcoy","category-noticias","category-politicayeconomia","tag-alcoy","tag-aparcamiento","tag-centro","tag-compra","tag-la-riba","tag-terrenos"],"yoast_head":"<!-- This site is optimized with the Yoast SEO plugin v27.3 - https:\/\/yoast.com\/product\/yoast-seo-wordpress\/ -->\n<title>Aprobada la compra de terrenos para crear el aparcamiento de La Riba - COPE Alcoy<\/title>\n<meta name=\"robots\" content=\"index, follow, max-snippet:-1, max-image-preview:large, max-video-preview:-1\" \/>\n<link rel=\"canonical\" href=\"https:\/\/www.copealcoy.es\/es\/aprobada-la-compra-de-terrenos-para-crear-el-aparcamiento-de-la-riba\/\" \/>\n<meta property=\"og:locale\" content=\"es_ES\" \/>\n<meta property=\"og:type\" content=\"article\" \/>\n<meta property=\"og:title\" content=\"Aprobada la compra de terrenos para crear el aparcamiento de La Riba - COPE Alcoy\" \/>\n<meta property=\"og:description\" content=\"El Ayuntamiento de Alcoy ha celebrado hoy un Pleno extraordinario en el que se ha aprobado la adquisici\u00f3n de los...\" \/>\n<meta property=\"og:url\" content=\"https:\/\/www.copealcoy.es\/es\/aprobada-la-compra-de-terrenos-para-crear-el-aparcamiento-de-la-riba\/\" \/>\n<meta property=\"og:site_name\" content=\"COPE Alcoy\" \/>\n<meta property=\"article:published_time\" content=\"2021-05-24T13:41:53+00:00\" \/>\n<meta property=\"article:modified_time\" content=\"2021-05-25T09:55:27+00:00\" \/>\n<meta property=\"og:image\" content=\"https:\/\/www.copealcoy.es\/wp-content\/uploads\/2021\/05\/189527747_6222618187764313_8333903289565977818_n.jpg\" \/>\n\t<meta property=\"og:image:width\" content=\"1024\" \/>\n\t<meta property=\"og:image:height\" content=\"768\" \/>\n\t<meta property=\"og:image:type\" content=\"image\/jpeg\" \/>\n<meta name=\"author\" content=\"Cope Alcoy\" \/>\n<meta name=\"twitter:label1\" content=\"Escrito por\" \/>\n\t<meta name=\"twitter:data1\" content=\"Cope Alcoy\" \/>\n\t<meta name=\"twitter:label2\" content=\"Tiempo de lectura\" \/>\n\t<meta name=\"twitter:data2\" content=\"1 minuto\" \/>\n<script type=\"application\/ld+json\" class=\"yoast-schema-graph\">{\"@context\":\"https:\\\/\\\/schema.org\",\"@graph\":[{\"@type\":\"Article\",\"@id\":\"https:\\\/\\\/www.copealcoy.es\\\/es\\\/aprobada-la-compra-de-terrenos-para-crear-el-aparcamiento-de-la-riba\\\/#article\",\"isPartOf\":{\"@id\":\"https:\\\/\\\/www.copealcoy.es\\\/es\\\/aprobada-la-compra-de-terrenos-para-crear-el-aparcamiento-de-la-riba\\\/\"},\"author\":{\"name\":\"Cope Alcoy\",\"@id\":\"https:\\\/\\\/www.copealcoy.es\\\/es\\\/#\\\/schema\\\/person\\\/e777c87fa024e57d40170af9df39882c\"},\"headline\":\"Aprobada la compra de terrenos para crear el aparcamiento de La Riba\",\"datePublished\":\"2021-05-24T13:41:53+00:00\",\"dateModified\":\"2021-05-25T09:55:27+00:00\",\"mainEntityOfPage\":{\"@id\":\"https:\\\/\\\/www.copealcoy.es\\\/es\\\/aprobada-la-compra-de-terrenos-para-crear-el-aparcamiento-de-la-riba\\\/\"},\"wordCount\":260,\"commentCount\":0,\"image\":{\"@id\":\"https:\\\/\\\/www.copealcoy.es\\\/es\\\/aprobada-la-compra-de-terrenos-para-crear-el-aparcamiento-de-la-riba\\\/#primaryimage\"},\"thumbnailUrl\":\"https:\\\/\\\/www.copealcoy.es\\\/wp-content\\\/uploads\\\/2021\\\/05\\\/189527747_6222618187764313_8333903289565977818_n.jpg\",\"keywords\":[\"Alcoy\",\"Aparcamiento\",\"Centro\",\"compra\",\"La Riba\",\"terrenos\"],\"articleSection\":[\"Alcoy\",\"Noticias\",\"Pol\u00edtica y Econom\u00eda\"],\"inLanguage\":\"es\"},{\"@type\":\"WebPage\",\"@id\":\"https:\\\/\\\/www.copealcoy.es\\\/es\\\/aprobada-la-compra-de-terrenos-para-crear-el-aparcamiento-de-la-riba\\\/\",\"url\":\"https:\\\/\\\/www.copealcoy.es\\\/es\\\/aprobada-la-compra-de-terrenos-para-crear-el-aparcamiento-de-la-riba\\\/\",\"name\":\"Aprobada la compra de terrenos para crear el aparcamiento de La Riba - COPE Alcoy\",\"isPartOf\":{\"@id\":\"https:\\\/\\\/www.copealcoy.es\\\/es\\\/#website\"},\"primaryImageOfPage\":{\"@id\":\"https:\\\/\\\/www.copealcoy.es\\\/es\\\/aprobada-la-compra-de-terrenos-para-crear-el-aparcamiento-de-la-riba\\\/#primaryimage\"},\"image\":{\"@id\":\"https:\\\/\\\/www.copealcoy.es\\\/es\\\/aprobada-la-compra-de-terrenos-para-crear-el-aparcamiento-de-la-riba\\\/#primaryimage\"},\"thumbnailUrl\":\"https:\\\/\\\/www.copealcoy.es\\\/wp-content\\\/uploads\\\/2021\\\/05\\\/189527747_6222618187764313_8333903289565977818_n.jpg\",\"datePublished\":\"2021-05-24T13:41:53+00:00\",\"dateModified\":\"2021-05-25T09:55:27+00:00\",\"author\":{\"@id\":\"https:\\\/\\\/www.copealcoy.es\\\/es\\\/#\\\/schema\\\/person\\\/e777c87fa024e57d40170af9df39882c\"},\"breadcrumb\":{\"@id\":\"https:\\\/\\\/www.copealcoy.es\\\/es\\\/aprobada-la-compra-de-terrenos-para-crear-el-aparcamiento-de-la-riba\\\/#breadcrumb\"},\"inLanguage\":\"es\",\"potentialAction\":[{\"@type\":\"ReadAction\",\"target\":[\"https:\\\/\\\/www.copealcoy.es\\\/es\\\/aprobada-la-compra-de-terrenos-para-crear-el-aparcamiento-de-la-riba\\\/\"]}]},{\"@type\":\"ImageObject\",\"inLanguage\":\"es\",\"@id\":\"https:\\\/\\\/www.copealcoy.es\\\/es\\\/aprobada-la-compra-de-terrenos-para-crear-el-aparcamiento-de-la-riba\\\/#primaryimage\",\"url\":\"https:\\\/\\\/www.copealcoy.es\\\/wp-content\\\/uploads\\\/2021\\\/05\\\/189527747_6222618187764313_8333903289565977818_n.jpg\",\"contentUrl\":\"https:\\\/\\\/www.copealcoy.es\\\/wp-content\\\/uploads\\\/2021\\\/05\\\/189527747_6222618187764313_8333903289565977818_n.jpg\",\"width\":1024,\"height\":768},{\"@type\":\"BreadcrumbList\",\"@id\":\"https:\\\/\\\/www.copealcoy.es\\\/es\\\/aprobada-la-compra-de-terrenos-para-crear-el-aparcamiento-de-la-riba\\\/#breadcrumb\",\"itemListElement\":[{\"@type\":\"ListItem\",\"position\":1,\"name\":\"Portada\",\"item\":\"https:\\\/\\\/www.copealcoy.es\\\/es\\\/\"},{\"@type\":\"ListItem\",\"position\":2,\"name\":\"Aprobada la compra de terrenos para crear el aparcamiento de La Riba\"}]},{\"@type\":\"WebSite\",\"@id\":\"https:\\\/\\\/www.copealcoy.es\\\/es\\\/#website\",\"url\":\"https:\\\/\\\/www.copealcoy.es\\\/es\\\/\",\"name\":\"COPE Alcoy\",\"description\":\"Emisora COPE de radio local con emisi\u00f3n online. Pont de Sant Jordi 8-10 03803 Alcoy\",\"potentialAction\":[{\"@type\":\"SearchAction\",\"target\":{\"@type\":\"EntryPoint\",\"urlTemplate\":\"https:\\\/\\\/www.copealcoy.es\\\/es\\\/?s={search_term_string}\"},\"query-input\":{\"@type\":\"PropertyValueSpecification\",\"valueRequired\":true,\"valueName\":\"search_term_string\"}}],\"inLanguage\":\"es\"},{\"@type\":\"Person\",\"@id\":\"https:\\\/\\\/www.copealcoy.es\\\/es\\\/#\\\/schema\\\/person\\\/e777c87fa024e57d40170af9df39882c\",\"name\":\"Cope Alcoy\",\"image\":{\"@type\":\"ImageObject\",\"inLanguage\":\"es\",\"@id\":\"https:\\\/\\\/secure.gravatar.com\\\/avatar\\\/bb65d0283347e303893ba14f0692005417c1e0e690a325a4c5d8bb2b3943ee14?s=96&d=mm&r=g\",\"url\":\"https:\\\/\\\/secure.gravatar.com\\\/avatar\\\/bb65d0283347e303893ba14f0692005417c1e0e690a325a4c5d8bb2b3943ee14?s=96&d=mm&r=g\",\"contentUrl\":\"https:\\\/\\\/secure.gravatar.com\\\/avatar\\\/bb65d0283347e303893ba14f0692005417c1e0e690a325a4c5d8bb2b3943ee14?s=96&d=mm&r=g\",\"caption\":\"Cope Alcoy\"}}]}<\/script>\n<!-- \/ Yoast SEO plugin. -->","yoast_head_json":{"title":"Aprobada la compra de terrenos para crear el aparcamiento de La Riba - COPE Alcoy","robots":{"index":"index","follow":"follow","max-snippet":"max-snippet:-1","max-image-preview":"max-image-preview:large","max-video-preview":"max-video-preview:-1"},"canonical":"https:\/\/www.copealcoy.es\/es\/aprobada-la-compra-de-terrenos-para-crear-el-aparcamiento-de-la-riba\/","og_locale":"es_ES","og_type":"article","og_title":"Aprobada la compra de terrenos para crear el aparcamiento de La Riba - COPE Alcoy","og_description":"El Ayuntamiento de Alcoy ha celebrado hoy un Pleno extraordinario en el que se ha aprobado la adquisici\u00f3n de los...","og_url":"https:\/\/www.copealcoy.es\/es\/aprobada-la-compra-de-terrenos-para-crear-el-aparcamiento-de-la-riba\/","og_site_name":"COPE Alcoy","article_published_time":"2021-05-24T13:41:53+00:00","article_modified_time":"2021-05-25T09:55:27+00:00","og_image":[{"width":1024,"height":768,"url":"https:\/\/www.copealcoy.es\/wp-content\/uploads\/2021\/05\/189527747_6222618187764313_8333903289565977818_n.jpg","type":"image\/jpeg"}],"author":"Cope Alcoy","twitter_misc":{"Escrito por":"Cope Alcoy","Tiempo de lectura":"1 minuto"},"schema":{"@context":"https:\/\/schema.org","@graph":[{"@type":"Article","@id":"https:\/\/www.copealcoy.es\/es\/aprobada-la-compra-de-terrenos-para-crear-el-aparcamiento-de-la-riba\/#article","isPartOf":{"@id":"https:\/\/www.copealcoy.es\/es\/aprobada-la-compra-de-terrenos-para-crear-el-aparcamiento-de-la-riba\/"},"author":{"name":"Cope Alcoy","@id":"https:\/\/www.copealcoy.es\/es\/#\/schema\/person\/e777c87fa024e57d40170af9df39882c"},"headline":"Aprobada la compra de terrenos para crear el aparcamiento de La Riba","datePublished":"2021-05-24T13:41:53+00:00","dateModified":"2021-05-25T09:55:27+00:00","mainEntityOfPage":{"@id":"https:\/\/www.copealcoy.es\/es\/aprobada-la-compra-de-terrenos-para-crear-el-aparcamiento-de-la-riba\/"},"wordCount":260,"commentCount":0,"image":{"@id":"https:\/\/www.copealcoy.es\/es\/aprobada-la-compra-de-terrenos-para-crear-el-aparcamiento-de-la-riba\/#primaryimage"},"thumbnailUrl":"https:\/\/www.copealcoy.es\/wp-content\/uploads\/2021\/05\/189527747_6222618187764313_8333903289565977818_n.jpg","keywords":["Alcoy","Aparcamiento","Centro","compra","La Riba","terrenos"],"articleSection":["Alcoy","Noticias","Pol\u00edtica y Econom\u00eda"],"inLanguage":"es"},{"@type":"WebPage","@id":"https:\/\/www.copealcoy.es\/es\/aprobada-la-compra-de-terrenos-para-crear-el-aparcamiento-de-la-riba\/","url":"https:\/\/www.copealcoy.es\/es\/aprobada-la-compra-de-terrenos-para-crear-el-aparcamiento-de-la-riba\/","name":"Aprobada la compra de terrenos para crear el aparcamiento de La Riba - COPE Alcoy","isPartOf":{"@id":"https:\/\/www.copealcoy.es\/es\/#website"},"primaryImageOfPage":{"@id":"https:\/\/www.copealcoy.es\/es\/aprobada-la-compra-de-terrenos-para-crear-el-aparcamiento-de-la-riba\/#primaryimage"},"image":{"@id":"https:\/\/www.copealcoy.es\/es\/aprobada-la-compra-de-terrenos-para-crear-el-aparcamiento-de-la-riba\/#primaryimage"},"thumbnailUrl":"https:\/\/www.copealcoy.es\/wp-content\/uploads\/2021\/05\/189527747_6222618187764313_8333903289565977818_n.jpg","datePublished":"2021-05-24T13:41:53+00:00","dateModified":"2021-05-25T09:55:27+00:00","author":{"@id":"https:\/\/www.copealcoy.es\/es\/#\/schema\/person\/e777c87fa024e57d40170af9df39882c"},"breadcrumb":{"@id":"https:\/\/www.copealcoy.es\/es\/aprobada-la-compra-de-terrenos-para-crear-el-aparcamiento-de-la-riba\/#breadcrumb"},"inLanguage":"es","potentialAction":[{"@type":"ReadAction","target":["https:\/\/www.copealcoy.es\/es\/aprobada-la-compra-de-terrenos-para-crear-el-aparcamiento-de-la-riba\/"]}]},{"@type":"ImageObject","inLanguage":"es","@id":"https:\/\/www.copealcoy.es\/es\/aprobada-la-compra-de-terrenos-para-crear-el-aparcamiento-de-la-riba\/#primaryimage","url":"https:\/\/www.copealcoy.es\/wp-content\/uploads\/2021\/05\/189527747_6222618187764313_8333903289565977818_n.jpg","contentUrl":"https:\/\/www.copealcoy.es\/wp-content\/uploads\/2021\/05\/189527747_6222618187764313_8333903289565977818_n.jpg","width":1024,"height":768},{"@type":"BreadcrumbList","@id":"https:\/\/www.copealcoy.es\/es\/aprobada-la-compra-de-terrenos-para-crear-el-aparcamiento-de-la-riba\/#breadcrumb","itemListElement":[{"@type":"ListItem","position":1,"name":"Portada","item":"https:\/\/www.copealcoy.es\/es\/"},{"@type":"ListItem","position":2,"name":"Aprobada la compra de terrenos para crear el aparcamiento de La Riba"}]},{"@type":"WebSite","@id":"https:\/\/www.copealcoy.es\/es\/#website","url":"https:\/\/www.copealcoy.es\/es\/","name":"COPE Alcoy","description":"Emisora COPE de radio local con emisi\u00f3n online. Pont de Sant Jordi 8-10 03803 Alcoy","potentialAction":[{"@type":"SearchAction","target":{"@type":"EntryPoint","urlTemplate":"https:\/\/www.copealcoy.es\/es\/?s={search_term_string}"},"query-input":{"@type":"PropertyValueSpecification","valueRequired":true,"valueName":"search_term_string"}}],"inLanguage":"es"},{"@type":"Person","@id":"https:\/\/www.copealcoy.es\/es\/#\/schema\/person\/e777c87fa024e57d40170af9df39882c","name":"Cope Alcoy","image":{"@type":"ImageObject","inLanguage":"es","@id":"https:\/\/secure.gravatar.com\/avatar\/bb65d0283347e303893ba14f0692005417c1e0e690a325a4c5d8bb2b3943ee14?s=96&d=mm&r=g","url":"https:\/\/secure.gravatar.com\/avatar\/bb65d0283347e303893ba14f0692005417c1e0e690a325a4c5d8bb2b3943ee14?s=96&d=mm&r=g","contentUrl":"https:\/\/secure.gravatar.com\/avatar\/bb65d0283347e303893ba14f0692005417c1e0e690a325a4c5d8bb2b3943ee14?s=96&d=mm&r=g","caption":"Cope Alcoy"}}]}},"_links":{"self":[{"href":"https:\/\/www.copealcoy.es\/es\/wp-json\/wp\/v2\/posts\/73975","targetHints":{"allow":["GET"]}}],"collection":[{"href":"https:\/\/www.copealcoy.es\/es\/wp-json\/wp\/v2\/posts"}],"about":[{"href":"https:\/\/www.copealcoy.es\/es\/wp-json\/wp\/v2\/types\/post"}],"author":[{"embeddable":true,"href":"https:\/\/www.copealcoy.es\/es\/wp-json\/wp\/v2\/users\/1"}],"replies":[{"embeddable":true,"href":"https:\/\/www.copealcoy.es\/es\/wp-json\/wp\/v2\/comments?post=73975"}],"version-history":[{"count":0,"href":"https:\/\/www.copealcoy.es\/es\/wp-json\/wp\/v2\/posts\/73975\/revisions"}],"wp:featuredmedia":[{"embeddable":true,"href":"https:\/\/www.copealcoy.es\/es\/wp-json\/wp\/v2\/media\/73977"}],"wp:attachment":[{"href":"https:\/\/www.copealcoy.es\/es\/wp-json\/wp\/v2\/media?parent=73975"}],"wp:term":[{"taxonomy":"category","embeddable":true,"href":"https:\/\/www.copealcoy.es\/es\/wp-json\/wp\/v2\/categories?post=73975"},{"taxonomy":"post_tag","embeddable":true,"href":"https:\/\/www.copealcoy.es\/es\/wp-json\/wp\/v2\/tags?post=73975"}],"curies":[{"name":"wp","href":"https:\/\/api.w.org\/{rel}","templated":true}]}}