{"id":73964,"date":"2021-05-24T09:04:00","date_gmt":"2021-05-24T08:04:00","guid":{"rendered":"https:\/\/www.copealcoy.es\/?p=73964"},"modified":"2021-05-24T14:19:51","modified_gmt":"2021-05-24T13:19:51","slug":"finalitzen-les-obres-del-poliesportiu-municipal-de-muro","status":"publish","type":"post","link":"https:\/\/www.copealcoy.es\/es\/finalitzen-les-obres-del-poliesportiu-municipal-de-muro\/","title":{"rendered":"Finalitzen les obres del Poliesportiu Municipal de Muro"},"content":{"rendered":"<p style=\"text-align: justify;\">L&#8217;<strong>Ajuntament de Muro<\/strong> ha donat per finalitzades les obres per a <strong>la millora del Poliesportiu Municipal<\/strong> de la localitat, un projecte que va comptar amb <strong>un pressupost inicial<\/strong> de prop de 450.000 euros i amb <strong>una adjudicaci\u00f3 final entorn de 375.000 euros<\/strong>.<\/p>\n<p style=\"text-align: justify;\">Aquestos treballs, sufragats per la Diputaci\u00f3 d\u2019Alacant i l\u2019Ajuntament de Muro,<strong> han suposat la millora i creaci\u00f3 de noves instal.lacions esportives<\/strong> per a fer un \u00fas amb unes condicions m\u00e9s \u00f2ptimes. L\u2019acta de recepci\u00f3 d\u2019aquestes noves infraestructures\u00a0 ha donat fe del <strong>cobriment i construcci\u00f3 d\u2019una nova grada en el Trinquet Municipal<\/strong>, del<strong> semi-cobriment de la Pista d\u2019Hoquei<\/strong> i de <strong>la creaci\u00f3 d\u2019un nou espai di\u00e0fan i multifuncional<\/strong> on abans es trobava l\u2019antiga graderia i els vestidors de la Pista Central <em>&#8220;la creaci\u00f3 d\u2019aquestes noves instal.lacions esportives suposar\u00e0 un salt exponencial en la qualitat de la pr\u00e0ctica esportiva per part de les nostres i els nostres esportistes locals, un fet que no ha estat exempt de complicacions (amb modificaci\u00f3 parcial del projecte inclosa), per\u00f2 que finalment ha acabat de manera feli\u00e7 per al futur gaudi dels nostres esportistes<\/em>&#8220;, comentava el regidor d\u2019Esports, <strong>Kike Pascual<\/strong>.<\/p>\n<p style=\"text-align: justify;\">Recordar que <strong>el Govern Municipal de Muro t\u00e9 m\u00e9s plans a curt termini per al Poliesportiu Municipal<\/strong>, com s\u00f3n la construcci\u00f3 inminent d\u2019una Pista de Padel i altra de Multiesport, i de manera m\u00e9s ambiciosa del desenvolupament del Pla Mestre del Poliesportiu Municipal de Muro, un pla que permetra una nova urbanitzaci\u00f3, harmonitzaci\u00f3 i senyalitzaci\u00f3 de tots els recursos i espais existents, per acabar per fi amb aqueix halo de decad\u00e8ncia que impregna l\u2019actual composici\u00f3 del Poliesportiu Municipal.<\/p>\n","protected":false},"excerpt":{"rendered":"<p>L&#8217;Ajuntament de Muro ha donat per finalitzades les obres per a la millora del Poliesportiu Municipal de la localitat, un&#8230;<\/p>\n","protected":false},"author":1,"featured_media":73965,"comment_status":"open","ping_status":"open","sticky":false,"template":"","format":"standard","meta":{"footnotes":""},"categories":[98,75],"tags":[3319,135,7770,7777],"class_list":["post-73964","post","type-post","status-publish","format-standard","has-post-thumbnail","hentry","category-comarcas","category-noticias","tag-kike-pascual","tag-muro","tag-obres","tag-poliesportiu-municipal"],"yoast_head":"<!-- This site is optimized with the Yoast SEO plugin v27.3 - https:\/\/yoast.com\/product\/yoast-seo-wordpress\/ -->\n<title>Finalitzen les obres del Poliesportiu Municipal de Muro - COPE Alcoy<\/title>\n<meta name=\"robots\" content=\"index, follow, max-snippet:-1, max-image-preview:large, max-video-preview:-1\" \/>\n<link rel=\"canonical\" href=\"https:\/\/www.copealcoy.es\/es\/finalitzen-les-obres-del-poliesportiu-municipal-de-muro\/\" \/>\n<meta property=\"og:locale\" content=\"es_ES\" \/>\n<meta property=\"og:type\" content=\"article\" \/>\n<meta property=\"og:title\" content=\"Finalitzen les obres del Poliesportiu Municipal de Muro - COPE Alcoy\" \/>\n<meta property=\"og:description\" content=\"L&#8217;Ajuntament de Muro ha donat per finalitzades les obres per a la millora del Poliesportiu Municipal de la localitat, un...\" \/>\n<meta property=\"og:url\" content=\"https:\/\/www.copealcoy.es\/es\/finalitzen-les-obres-del-poliesportiu-municipal-de-muro\/\" \/>\n<meta property=\"og:site_name\" content=\"COPE Alcoy\" \/>\n<meta property=\"article:published_time\" content=\"2021-05-24T08:04:00+00:00\" \/>\n<meta property=\"article:modified_time\" content=\"2021-05-24T13:19:51+00:00\" \/>\n<meta property=\"og:image\" content=\"https:\/\/www.copealcoy.es\/wp-content\/uploads\/2021\/05\/186508350_1710153502519635_4170117016009183971_n.jpg\" \/>\n\t<meta property=\"og:image:width\" content=\"1280\" \/>\n\t<meta property=\"og:image:height\" content=\"720\" \/>\n\t<meta property=\"og:image:type\" content=\"image\/jpeg\" \/>\n<meta name=\"author\" content=\"Cope Alcoy\" \/>\n<meta name=\"twitter:label1\" content=\"Escrito por\" \/>\n\t<meta name=\"twitter:data1\" content=\"Cope Alcoy\" \/>\n\t<meta name=\"twitter:label2\" content=\"Tiempo de lectura\" \/>\n\t<meta name=\"twitter:data2\" content=\"1 minuto\" \/>\n<script type=\"application\/ld+json\" class=\"yoast-schema-graph\">{\"@context\":\"https:\\\/\\\/schema.org\",\"@graph\":[{\"@type\":\"Article\",\"@id\":\"https:\\\/\\\/www.copealcoy.es\\\/es\\\/finalitzen-les-obres-del-poliesportiu-municipal-de-muro\\\/#article\",\"isPartOf\":{\"@id\":\"https:\\\/\\\/www.copealcoy.es\\\/es\\\/finalitzen-les-obres-del-poliesportiu-municipal-de-muro\\\/\"},\"author\":{\"name\":\"Cope Alcoy\",\"@id\":\"https:\\\/\\\/www.copealcoy.es\\\/es\\\/#\\\/schema\\\/person\\\/e777c87fa024e57d40170af9df39882c\"},\"headline\":\"Finalitzen les obres del Poliesportiu Municipal de Muro\",\"datePublished\":\"2021-05-24T08:04:00+00:00\",\"dateModified\":\"2021-05-24T13:19:51+00:00\",\"mainEntityOfPage\":{\"@id\":\"https:\\\/\\\/www.copealcoy.es\\\/es\\\/finalitzen-les-obres-del-poliesportiu-municipal-de-muro\\\/\"},\"wordCount\":291,\"commentCount\":0,\"image\":{\"@id\":\"https:\\\/\\\/www.copealcoy.es\\\/es\\\/finalitzen-les-obres-del-poliesportiu-municipal-de-muro\\\/#primaryimage\"},\"thumbnailUrl\":\"https:\\\/\\\/www.copealcoy.es\\\/wp-content\\\/uploads\\\/2021\\\/05\\\/186508350_1710153502519635_4170117016009183971_n.jpg\",\"keywords\":[\"Kike Pascual\",\"Muro\",\"obres\",\"Poliesportiu Municipal\"],\"articleSection\":[\"Comarcas\",\"Noticias\"],\"inLanguage\":\"es\"},{\"@type\":\"WebPage\",\"@id\":\"https:\\\/\\\/www.copealcoy.es\\\/es\\\/finalitzen-les-obres-del-poliesportiu-municipal-de-muro\\\/\",\"url\":\"https:\\\/\\\/www.copealcoy.es\\\/es\\\/finalitzen-les-obres-del-poliesportiu-municipal-de-muro\\\/\",\"name\":\"Finalitzen les obres del Poliesportiu Municipal de Muro - COPE Alcoy\",\"isPartOf\":{\"@id\":\"https:\\\/\\\/www.copealcoy.es\\\/es\\\/#website\"},\"primaryImageOfPage\":{\"@id\":\"https:\\\/\\\/www.copealcoy.es\\\/es\\\/finalitzen-les-obres-del-poliesportiu-municipal-de-muro\\\/#primaryimage\"},\"image\":{\"@id\":\"https:\\\/\\\/www.copealcoy.es\\\/es\\\/finalitzen-les-obres-del-poliesportiu-municipal-de-muro\\\/#primaryimage\"},\"thumbnailUrl\":\"https:\\\/\\\/www.copealcoy.es\\\/wp-content\\\/uploads\\\/2021\\\/05\\\/186508350_1710153502519635_4170117016009183971_n.jpg\",\"datePublished\":\"2021-05-24T08:04:00+00:00\",\"dateModified\":\"2021-05-24T13:19:51+00:00\",\"author\":{\"@id\":\"https:\\\/\\\/www.copealcoy.es\\\/es\\\/#\\\/schema\\\/person\\\/e777c87fa024e57d40170af9df39882c\"},\"breadcrumb\":{\"@id\":\"https:\\\/\\\/www.copealcoy.es\\\/es\\\/finalitzen-les-obres-del-poliesportiu-municipal-de-muro\\\/#breadcrumb\"},\"inLanguage\":\"es\",\"potentialAction\":[{\"@type\":\"ReadAction\",\"target\":[\"https:\\\/\\\/www.copealcoy.es\\\/es\\\/finalitzen-les-obres-del-poliesportiu-municipal-de-muro\\\/\"]}]},{\"@type\":\"ImageObject\",\"inLanguage\":\"es\",\"@id\":\"https:\\\/\\\/www.copealcoy.es\\\/es\\\/finalitzen-les-obres-del-poliesportiu-municipal-de-muro\\\/#primaryimage\",\"url\":\"https:\\\/\\\/www.copealcoy.es\\\/wp-content\\\/uploads\\\/2021\\\/05\\\/186508350_1710153502519635_4170117016009183971_n.jpg\",\"contentUrl\":\"https:\\\/\\\/www.copealcoy.es\\\/wp-content\\\/uploads\\\/2021\\\/05\\\/186508350_1710153502519635_4170117016009183971_n.jpg\",\"width\":1280,\"height\":720},{\"@type\":\"BreadcrumbList\",\"@id\":\"https:\\\/\\\/www.copealcoy.es\\\/es\\\/finalitzen-les-obres-del-poliesportiu-municipal-de-muro\\\/#breadcrumb\",\"itemListElement\":[{\"@type\":\"ListItem\",\"position\":1,\"name\":\"Portada\",\"item\":\"https:\\\/\\\/www.copealcoy.es\\\/es\\\/\"},{\"@type\":\"ListItem\",\"position\":2,\"name\":\"Finalitzen les obres del Poliesportiu Municipal de Muro\"}]},{\"@type\":\"WebSite\",\"@id\":\"https:\\\/\\\/www.copealcoy.es\\\/es\\\/#website\",\"url\":\"https:\\\/\\\/www.copealcoy.es\\\/es\\\/\",\"name\":\"COPE Alcoy\",\"description\":\"Emisora COPE de radio local con emisi\u00f3n online. Pont de Sant Jordi 8-10 03803 Alcoy\",\"potentialAction\":[{\"@type\":\"SearchAction\",\"target\":{\"@type\":\"EntryPoint\",\"urlTemplate\":\"https:\\\/\\\/www.copealcoy.es\\\/es\\\/?s={search_term_string}\"},\"query-input\":{\"@type\":\"PropertyValueSpecification\",\"valueRequired\":true,\"valueName\":\"search_term_string\"}}],\"inLanguage\":\"es\"},{\"@type\":\"Person\",\"@id\":\"https:\\\/\\\/www.copealcoy.es\\\/es\\\/#\\\/schema\\\/person\\\/e777c87fa024e57d40170af9df39882c\",\"name\":\"Cope Alcoy\",\"image\":{\"@type\":\"ImageObject\",\"inLanguage\":\"es\",\"@id\":\"https:\\\/\\\/secure.gravatar.com\\\/avatar\\\/bb65d0283347e303893ba14f0692005417c1e0e690a325a4c5d8bb2b3943ee14?s=96&d=mm&r=g\",\"url\":\"https:\\\/\\\/secure.gravatar.com\\\/avatar\\\/bb65d0283347e303893ba14f0692005417c1e0e690a325a4c5d8bb2b3943ee14?s=96&d=mm&r=g\",\"contentUrl\":\"https:\\\/\\\/secure.gravatar.com\\\/avatar\\\/bb65d0283347e303893ba14f0692005417c1e0e690a325a4c5d8bb2b3943ee14?s=96&d=mm&r=g\",\"caption\":\"Cope Alcoy\"}}]}<\/script>\n<!-- \/ Yoast SEO plugin. -->","yoast_head_json":{"title":"Finalitzen les obres del Poliesportiu Municipal de Muro - COPE Alcoy","robots":{"index":"index","follow":"follow","max-snippet":"max-snippet:-1","max-image-preview":"max-image-preview:large","max-video-preview":"max-video-preview:-1"},"canonical":"https:\/\/www.copealcoy.es\/es\/finalitzen-les-obres-del-poliesportiu-municipal-de-muro\/","og_locale":"es_ES","og_type":"article","og_title":"Finalitzen les obres del Poliesportiu Municipal de Muro - COPE Alcoy","og_description":"L&#8217;Ajuntament de Muro ha donat per finalitzades les obres per a la millora del Poliesportiu Municipal de la localitat, un...","og_url":"https:\/\/www.copealcoy.es\/es\/finalitzen-les-obres-del-poliesportiu-municipal-de-muro\/","og_site_name":"COPE Alcoy","article_published_time":"2021-05-24T08:04:00+00:00","article_modified_time":"2021-05-24T13:19:51+00:00","og_image":[{"width":1280,"height":720,"url":"https:\/\/www.copealcoy.es\/wp-content\/uploads\/2021\/05\/186508350_1710153502519635_4170117016009183971_n.jpg","type":"image\/jpeg"}],"author":"Cope Alcoy","twitter_misc":{"Escrito por":"Cope Alcoy","Tiempo de lectura":"1 minuto"},"schema":{"@context":"https:\/\/schema.org","@graph":[{"@type":"Article","@id":"https:\/\/www.copealcoy.es\/es\/finalitzen-les-obres-del-poliesportiu-municipal-de-muro\/#article","isPartOf":{"@id":"https:\/\/www.copealcoy.es\/es\/finalitzen-les-obres-del-poliesportiu-municipal-de-muro\/"},"author":{"name":"Cope Alcoy","@id":"https:\/\/www.copealcoy.es\/es\/#\/schema\/person\/e777c87fa024e57d40170af9df39882c"},"headline":"Finalitzen les obres del Poliesportiu Municipal de Muro","datePublished":"2021-05-24T08:04:00+00:00","dateModified":"2021-05-24T13:19:51+00:00","mainEntityOfPage":{"@id":"https:\/\/www.copealcoy.es\/es\/finalitzen-les-obres-del-poliesportiu-municipal-de-muro\/"},"wordCount":291,"commentCount":0,"image":{"@id":"https:\/\/www.copealcoy.es\/es\/finalitzen-les-obres-del-poliesportiu-municipal-de-muro\/#primaryimage"},"thumbnailUrl":"https:\/\/www.copealcoy.es\/wp-content\/uploads\/2021\/05\/186508350_1710153502519635_4170117016009183971_n.jpg","keywords":["Kike Pascual","Muro","obres","Poliesportiu Municipal"],"articleSection":["Comarcas","Noticias"],"inLanguage":"es"},{"@type":"WebPage","@id":"https:\/\/www.copealcoy.es\/es\/finalitzen-les-obres-del-poliesportiu-municipal-de-muro\/","url":"https:\/\/www.copealcoy.es\/es\/finalitzen-les-obres-del-poliesportiu-municipal-de-muro\/","name":"Finalitzen les obres del Poliesportiu Municipal de Muro - COPE Alcoy","isPartOf":{"@id":"https:\/\/www.copealcoy.es\/es\/#website"},"primaryImageOfPage":{"@id":"https:\/\/www.copealcoy.es\/es\/finalitzen-les-obres-del-poliesportiu-municipal-de-muro\/#primaryimage"},"image":{"@id":"https:\/\/www.copealcoy.es\/es\/finalitzen-les-obres-del-poliesportiu-municipal-de-muro\/#primaryimage"},"thumbnailUrl":"https:\/\/www.copealcoy.es\/wp-content\/uploads\/2021\/05\/186508350_1710153502519635_4170117016009183971_n.jpg","datePublished":"2021-05-24T08:04:00+00:00","dateModified":"2021-05-24T13:19:51+00:00","author":{"@id":"https:\/\/www.copealcoy.es\/es\/#\/schema\/person\/e777c87fa024e57d40170af9df39882c"},"breadcrumb":{"@id":"https:\/\/www.copealcoy.es\/es\/finalitzen-les-obres-del-poliesportiu-municipal-de-muro\/#breadcrumb"},"inLanguage":"es","potentialAction":[{"@type":"ReadAction","target":["https:\/\/www.copealcoy.es\/es\/finalitzen-les-obres-del-poliesportiu-municipal-de-muro\/"]}]},{"@type":"ImageObject","inLanguage":"es","@id":"https:\/\/www.copealcoy.es\/es\/finalitzen-les-obres-del-poliesportiu-municipal-de-muro\/#primaryimage","url":"https:\/\/www.copealcoy.es\/wp-content\/uploads\/2021\/05\/186508350_1710153502519635_4170117016009183971_n.jpg","contentUrl":"https:\/\/www.copealcoy.es\/wp-content\/uploads\/2021\/05\/186508350_1710153502519635_4170117016009183971_n.jpg","width":1280,"height":720},{"@type":"BreadcrumbList","@id":"https:\/\/www.copealcoy.es\/es\/finalitzen-les-obres-del-poliesportiu-municipal-de-muro\/#breadcrumb","itemListElement":[{"@type":"ListItem","position":1,"name":"Portada","item":"https:\/\/www.copealcoy.es\/es\/"},{"@type":"ListItem","position":2,"name":"Finalitzen les obres del Poliesportiu Municipal de Muro"}]},{"@type":"WebSite","@id":"https:\/\/www.copealcoy.es\/es\/#website","url":"https:\/\/www.copealcoy.es\/es\/","name":"COPE Alcoy","description":"Emisora COPE de radio local con emisi\u00f3n online. Pont de Sant Jordi 8-10 03803 Alcoy","potentialAction":[{"@type":"SearchAction","target":{"@type":"EntryPoint","urlTemplate":"https:\/\/www.copealcoy.es\/es\/?s={search_term_string}"},"query-input":{"@type":"PropertyValueSpecification","valueRequired":true,"valueName":"search_term_string"}}],"inLanguage":"es"},{"@type":"Person","@id":"https:\/\/www.copealcoy.es\/es\/#\/schema\/person\/e777c87fa024e57d40170af9df39882c","name":"Cope Alcoy","image":{"@type":"ImageObject","inLanguage":"es","@id":"https:\/\/secure.gravatar.com\/avatar\/bb65d0283347e303893ba14f0692005417c1e0e690a325a4c5d8bb2b3943ee14?s=96&d=mm&r=g","url":"https:\/\/secure.gravatar.com\/avatar\/bb65d0283347e303893ba14f0692005417c1e0e690a325a4c5d8bb2b3943ee14?s=96&d=mm&r=g","contentUrl":"https:\/\/secure.gravatar.com\/avatar\/bb65d0283347e303893ba14f0692005417c1e0e690a325a4c5d8bb2b3943ee14?s=96&d=mm&r=g","caption":"Cope Alcoy"}}]}},"_links":{"self":[{"href":"https:\/\/www.copealcoy.es\/es\/wp-json\/wp\/v2\/posts\/73964","targetHints":{"allow":["GET"]}}],"collection":[{"href":"https:\/\/www.copealcoy.es\/es\/wp-json\/wp\/v2\/posts"}],"about":[{"href":"https:\/\/www.copealcoy.es\/es\/wp-json\/wp\/v2\/types\/post"}],"author":[{"embeddable":true,"href":"https:\/\/www.copealcoy.es\/es\/wp-json\/wp\/v2\/users\/1"}],"replies":[{"embeddable":true,"href":"https:\/\/www.copealcoy.es\/es\/wp-json\/wp\/v2\/comments?post=73964"}],"version-history":[{"count":0,"href":"https:\/\/www.copealcoy.es\/es\/wp-json\/wp\/v2\/posts\/73964\/revisions"}],"wp:featuredmedia":[{"embeddable":true,"href":"https:\/\/www.copealcoy.es\/es\/wp-json\/wp\/v2\/media\/73965"}],"wp:attachment":[{"href":"https:\/\/www.copealcoy.es\/es\/wp-json\/wp\/v2\/media?parent=73964"}],"wp:term":[{"taxonomy":"category","embeddable":true,"href":"https:\/\/www.copealcoy.es\/es\/wp-json\/wp\/v2\/categories?post=73964"},{"taxonomy":"post_tag","embeddable":true,"href":"https:\/\/www.copealcoy.es\/es\/wp-json\/wp\/v2\/tags?post=73964"}],"curies":[{"name":"wp","href":"https:\/\/api.w.org\/{rel}","templated":true}]}}