{"id":73931,"date":"2021-05-23T17:55:02","date_gmt":"2021-05-23T16:55:02","guid":{"rendered":"https:\/\/www.copealcoy.es\/?p=73931"},"modified":"2021-05-23T18:05:16","modified_gmt":"2021-05-23T17:05:16","slug":"el-union-alcoyana-fs-llega-a-la-recta-final-de-la-temporada","status":"publish","type":"post","link":"https:\/\/www.copealcoy.es\/es\/el-union-alcoyana-fs-llega-a-la-recta-final-de-la-temporada\/","title":{"rendered":"El Uni\u00f3n Alcoyana FS llega a la recta final de la temporada"},"content":{"rendered":"<p style=\"text-align: justify;\">Pen\u00faltimo encuentro de <strong>la Fase de Ascenso y de la temporada<\/strong> para el Uni\u00f3n Alcoyana FS con <strong>la visita a una de las pistas m\u00e1s complicadas de la liga<\/strong> para enfrentarse al segundo clasificado, a\u00fan con opciones matem\u00e1ticas de entrar en el play off de ascenso, <strong>el CFS Horadada<\/strong>. Se esperaba <strong>un partido intenso y emocionante<\/strong>.<\/p>\n<p style=\"text-align: justify;\">El t\u00e9cnico alcoyano <strong>Javi Silvestre<\/strong> opt\u00f3 por el siguiente <strong>quinteto inicial<\/strong>: <strong>Javi Moyano, Mauro Vercher, Dako<\/strong>, que volv\u00eda a la pista tras tres semanas de sanci\u00f3n, <strong>Tito y Ximo<\/strong>. Mientras que <strong>en el banquillo<\/strong> esperaban Jorge Carmona, Bili, Borja Garc\u00eda y Iago. Borja Jord\u00e1 pese a estar en el banquillo <strong>no pudo disputar ning\u00fan minuto por las molestias arrastradas del anterior partido<\/strong> ante Nueva Elda B. Eran baja Pablo Sanz y Pablo Garc\u00eda.<\/p>\n<p style=\"text-align: justify;\">El encuentro comenz\u00f3 <strong>muy igualado<\/strong>. Pese a que Horadada como condici\u00f3n de local llevaba m\u00e1s el peso del partido, <strong>las ocasiones fueron muy repartidas en los primeros 10 minutos<\/strong>. Un tiro cruzado de Tito que desv\u00eda el portero, un poste de Dako tras un gran disparo desde fuera del \u00e1rea y <strong>una triple ocasi\u00f3n<\/strong> que salv\u00f3 el meta local a los lanzamientos de Bili por dos veces y otra de Carmona. Los locales tambi\u00e9n dispusieron de buenas ocasiones, un palo y las intervenciones de la defensa y Javi Moyano, que iba a tener un papel clave en la \u00faltima parte del partido, evitaban el gol local. Transcurr\u00edan los minutos y <strong>ning\u00fan equipo consegu\u00eda adelantarse en el marcador<\/strong>, fruto de esto y la necesidad del equipo local de conseguir los 3 puntos, optaron por el portero jugador. Con posesiones de hasta 3 minutos durmieron el partido. Fue entonces cuando <strong>llegar\u00eda la jugada pol\u00e9mica de la primera parte<\/strong>. Los \u00e1rbitros se\u00f1alar\u00edan <strong>un penalti inexistente<\/strong> a favor del equipo local que <strong>se encargar\u00edan de transformar y colocar el 1-0 (16\u2032)<\/strong>. La indignaci\u00f3n en pista del equipo alcoyano <strong>fue notable<\/strong> y esto se tradujo en <strong>tarjetas amarillas<\/strong> tanto para Dako, el supuesto autor del penalti, Carmona, Mauro Vercher y el entrenador Javi Silvestre. Esto espole\u00f3 a los alcoyanos que no tardaron en reaccionar y Dako poco despu\u00e9s empataba el encuentro con un tiro cruzado (18\u2032) llegando as\u00ed <strong>al final<\/strong> de la primera mitad.<\/p>\n<p style=\"text-align: justify;\">La <strong>segunda parte<\/strong> comenz\u00f3 como la primera, <strong>dominio local y ocasiones repartidas<\/strong> pero p\u00f3lvora mojada en ambos conjuntos. De nuevo Pinilla, el t\u00e9cnico local, opt\u00f3 por el portero jugador. Una vez m\u00e1s <strong>posesiones muy largas con alg\u00fan intento de finalizaci\u00f3n<\/strong> pero sin fortuna. No ser\u00eda hasta el minuto 29 cuando un desajusto defensivo en la defensa 5\u00d74 del conjunto alcoyano <strong>propici\u00f3 el gol local (2-1)<\/strong> y un mundo todav\u00eda por jugar. Pero al igual que en la primera parte <strong>los alcoyanos reaccionaron r\u00e1pido<\/strong>, 2 minutos m\u00e1s tarde, presionando la salida del portero jugador, Tito robaba el bal\u00f3n consiguiendo el empate a puerta vac\u00eda. A partir de aqu\u00ed <strong>se sucedieron muchas ocasiones<\/strong> para el equipo local que trataba de adelantarse en el marcador con el portero-jugador pero un espectacular Javi Moyano desbarataba una y otra vez las ocasiones locales. Y de nuevo, al igual que en la primera mitad, <strong>los \u00e1rbitros se convertir\u00edan en protagonistas<\/strong>. En un ataque local, Mauro Vercher <strong>robaba limpiamente el bal\u00f3n al rival<\/strong> y los \u00e1rbitros <strong>interpretaban falta<\/strong> con <strong>la consiguiente tarjeta amarilla<\/strong> que ser\u00eda la segunda y la expulsi\u00f3n de 2 celeste. Restaban 1:30 y <strong>los locales dispon\u00edan de una falta cercana y superioridad<\/strong> hasta el final del encuentro. Los alcoyanos <strong>defendieron bien la falta y el asedio local hasta el final del encuentro<\/strong> y el marcador no se mover\u00eda.<\/p>\n<p style=\"text-align: justify;\">Empate en un partido intenso, marcado por el juego de 5 del equipo local, y en el que <strong>los alcoyanos vuelven a sumar despu\u00e9s de 3 derrotas consecutivas<\/strong> en una pista muy complicada para encarar el \u00faltimo encuentro ante el Irefrank Elche, que <strong>ya es campe\u00f3n de liga<\/strong> al <strong>no conseguir sumar los 3 puntos<\/strong> el Horadada.<\/p>\n<p style=\"text-align: justify;\">El pr\u00f3ximo s\u00e1bado en Alcoy, <strong>la entidad celeste recibir\u00e1 al campe\u00f3n en la \u00faltima jornada<\/strong>, que si bien estos vendr\u00e1n con el t\u00edtulo en el bolsillo, los nuestros <strong>necesitar\u00e1n sumar los 3 puntos<\/strong> para conseguir la mejor posici\u00f3n en la tabla posible.<\/p>\n","protected":false},"excerpt":{"rendered":"<p>Pen\u00faltimo encuentro de la Fase de Ascenso y de la temporada para el Uni\u00f3n Alcoyana FS con la visita a&#8230;<\/p>\n","protected":false},"author":1,"featured_media":73933,"comment_status":"open","ping_status":"open","sticky":false,"template":"","format":"standard","meta":{"footnotes":""},"categories":[97,92,75],"tags":[11286,4136,300,11285,3284],"class_list":["post-73931","post","type-post","status-publish","format-standard","has-post-thumbnail","hentry","category-alcoy","category-deportes","category-noticias","tag-entidad-celeste","tag-horadada","tag-partido","tag-recta-final-temporada","tag-union-alcoyana-fs"],"yoast_head":"<!-- This site is optimized with the Yoast SEO plugin v27.3 - https:\/\/yoast.com\/product\/yoast-seo-wordpress\/ -->\n<title>El Uni\u00f3n Alcoyana FS llega a la recta final de la temporada - COPE Alcoy<\/title>\n<meta name=\"robots\" content=\"index, follow, max-snippet:-1, max-image-preview:large, max-video-preview:-1\" \/>\n<link rel=\"canonical\" href=\"https:\/\/www.copealcoy.es\/es\/el-union-alcoyana-fs-llega-a-la-recta-final-de-la-temporada\/\" \/>\n<meta property=\"og:locale\" content=\"es_ES\" \/>\n<meta property=\"og:type\" content=\"article\" \/>\n<meta property=\"og:title\" content=\"El Uni\u00f3n Alcoyana FS llega a la recta final de la temporada - COPE Alcoy\" \/>\n<meta property=\"og:description\" content=\"Pen\u00faltimo encuentro de la Fase de Ascenso y de la temporada para el Uni\u00f3n Alcoyana FS con la visita a...\" \/>\n<meta property=\"og:url\" content=\"https:\/\/www.copealcoy.es\/es\/el-union-alcoyana-fs-llega-a-la-recta-final-de-la-temporada\/\" \/>\n<meta property=\"og:site_name\" content=\"COPE Alcoy\" \/>\n<meta property=\"article:published_time\" content=\"2021-05-23T16:55:02+00:00\" \/>\n<meta property=\"article:modified_time\" content=\"2021-05-23T17:05:16+00:00\" \/>\n<meta property=\"og:image\" content=\"https:\/\/www.copealcoy.es\/wp-content\/uploads\/2021\/05\/\u00a9-PSTFotografia-270321-0044-1536x1025-1.jpg\" \/>\n\t<meta property=\"og:image:width\" content=\"1536\" \/>\n\t<meta property=\"og:image:height\" content=\"1025\" \/>\n\t<meta property=\"og:image:type\" content=\"image\/jpeg\" \/>\n<meta name=\"author\" content=\"Cope Alcoy\" \/>\n<meta name=\"twitter:label1\" content=\"Escrito por\" \/>\n\t<meta name=\"twitter:data1\" content=\"Cope Alcoy\" \/>\n\t<meta name=\"twitter:label2\" content=\"Tiempo de lectura\" \/>\n\t<meta name=\"twitter:data2\" content=\"4 minutos\" \/>\n<script type=\"application\/ld+json\" class=\"yoast-schema-graph\">{\"@context\":\"https:\\\/\\\/schema.org\",\"@graph\":[{\"@type\":\"Article\",\"@id\":\"https:\\\/\\\/www.copealcoy.es\\\/es\\\/el-union-alcoyana-fs-llega-a-la-recta-final-de-la-temporada\\\/#article\",\"isPartOf\":{\"@id\":\"https:\\\/\\\/www.copealcoy.es\\\/es\\\/el-union-alcoyana-fs-llega-a-la-recta-final-de-la-temporada\\\/\"},\"author\":{\"name\":\"Cope Alcoy\",\"@id\":\"https:\\\/\\\/www.copealcoy.es\\\/es\\\/#\\\/schema\\\/person\\\/e777c87fa024e57d40170af9df39882c\"},\"headline\":\"El Uni\u00f3n Alcoyana FS llega a la recta final de la temporada\",\"datePublished\":\"2021-05-23T16:55:02+00:00\",\"dateModified\":\"2021-05-23T17:05:16+00:00\",\"mainEntityOfPage\":{\"@id\":\"https:\\\/\\\/www.copealcoy.es\\\/es\\\/el-union-alcoyana-fs-llega-a-la-recta-final-de-la-temporada\\\/\"},\"wordCount\":742,\"commentCount\":0,\"image\":{\"@id\":\"https:\\\/\\\/www.copealcoy.es\\\/es\\\/el-union-alcoyana-fs-llega-a-la-recta-final-de-la-temporada\\\/#primaryimage\"},\"thumbnailUrl\":\"https:\\\/\\\/www.copealcoy.es\\\/wp-content\\\/uploads\\\/2021\\\/05\\\/\u00a9-PSTFotografia-270321-0044-1536x1025-1.jpg\",\"keywords\":[\"entidad celeste\",\"Horadada\",\"Partido\",\"recta final temporada\",\"Uni\u00f3n Alcoyana FS\"],\"articleSection\":[\"Alcoy\",\"Deportes\",\"Noticias\"],\"inLanguage\":\"es\"},{\"@type\":\"WebPage\",\"@id\":\"https:\\\/\\\/www.copealcoy.es\\\/es\\\/el-union-alcoyana-fs-llega-a-la-recta-final-de-la-temporada\\\/\",\"url\":\"https:\\\/\\\/www.copealcoy.es\\\/es\\\/el-union-alcoyana-fs-llega-a-la-recta-final-de-la-temporada\\\/\",\"name\":\"El Uni\u00f3n Alcoyana FS llega a la recta final de la temporada - COPE Alcoy\",\"isPartOf\":{\"@id\":\"https:\\\/\\\/www.copealcoy.es\\\/es\\\/#website\"},\"primaryImageOfPage\":{\"@id\":\"https:\\\/\\\/www.copealcoy.es\\\/es\\\/el-union-alcoyana-fs-llega-a-la-recta-final-de-la-temporada\\\/#primaryimage\"},\"image\":{\"@id\":\"https:\\\/\\\/www.copealcoy.es\\\/es\\\/el-union-alcoyana-fs-llega-a-la-recta-final-de-la-temporada\\\/#primaryimage\"},\"thumbnailUrl\":\"https:\\\/\\\/www.copealcoy.es\\\/wp-content\\\/uploads\\\/2021\\\/05\\\/\u00a9-PSTFotografia-270321-0044-1536x1025-1.jpg\",\"datePublished\":\"2021-05-23T16:55:02+00:00\",\"dateModified\":\"2021-05-23T17:05:16+00:00\",\"author\":{\"@id\":\"https:\\\/\\\/www.copealcoy.es\\\/es\\\/#\\\/schema\\\/person\\\/e777c87fa024e57d40170af9df39882c\"},\"breadcrumb\":{\"@id\":\"https:\\\/\\\/www.copealcoy.es\\\/es\\\/el-union-alcoyana-fs-llega-a-la-recta-final-de-la-temporada\\\/#breadcrumb\"},\"inLanguage\":\"es\",\"potentialAction\":[{\"@type\":\"ReadAction\",\"target\":[\"https:\\\/\\\/www.copealcoy.es\\\/es\\\/el-union-alcoyana-fs-llega-a-la-recta-final-de-la-temporada\\\/\"]}]},{\"@type\":\"ImageObject\",\"inLanguage\":\"es\",\"@id\":\"https:\\\/\\\/www.copealcoy.es\\\/es\\\/el-union-alcoyana-fs-llega-a-la-recta-final-de-la-temporada\\\/#primaryimage\",\"url\":\"https:\\\/\\\/www.copealcoy.es\\\/wp-content\\\/uploads\\\/2021\\\/05\\\/\u00a9-PSTFotografia-270321-0044-1536x1025-1.jpg\",\"contentUrl\":\"https:\\\/\\\/www.copealcoy.es\\\/wp-content\\\/uploads\\\/2021\\\/05\\\/\u00a9-PSTFotografia-270321-0044-1536x1025-1.jpg\",\"width\":1536,\"height\":1025},{\"@type\":\"BreadcrumbList\",\"@id\":\"https:\\\/\\\/www.copealcoy.es\\\/es\\\/el-union-alcoyana-fs-llega-a-la-recta-final-de-la-temporada\\\/#breadcrumb\",\"itemListElement\":[{\"@type\":\"ListItem\",\"position\":1,\"name\":\"Portada\",\"item\":\"https:\\\/\\\/www.copealcoy.es\\\/es\\\/\"},{\"@type\":\"ListItem\",\"position\":2,\"name\":\"El Uni\u00f3n Alcoyana FS llega a la recta final de la temporada\"}]},{\"@type\":\"WebSite\",\"@id\":\"https:\\\/\\\/www.copealcoy.es\\\/es\\\/#website\",\"url\":\"https:\\\/\\\/www.copealcoy.es\\\/es\\\/\",\"name\":\"COPE Alcoy\",\"description\":\"Emisora COPE de radio local con emisi\u00f3n online. Pont de Sant Jordi 8-10 03803 Alcoy\",\"potentialAction\":[{\"@type\":\"SearchAction\",\"target\":{\"@type\":\"EntryPoint\",\"urlTemplate\":\"https:\\\/\\\/www.copealcoy.es\\\/es\\\/?s={search_term_string}\"},\"query-input\":{\"@type\":\"PropertyValueSpecification\",\"valueRequired\":true,\"valueName\":\"search_term_string\"}}],\"inLanguage\":\"es\"},{\"@type\":\"Person\",\"@id\":\"https:\\\/\\\/www.copealcoy.es\\\/es\\\/#\\\/schema\\\/person\\\/e777c87fa024e57d40170af9df39882c\",\"name\":\"Cope Alcoy\",\"image\":{\"@type\":\"ImageObject\",\"inLanguage\":\"es\",\"@id\":\"https:\\\/\\\/secure.gravatar.com\\\/avatar\\\/bb65d0283347e303893ba14f0692005417c1e0e690a325a4c5d8bb2b3943ee14?s=96&d=mm&r=g\",\"url\":\"https:\\\/\\\/secure.gravatar.com\\\/avatar\\\/bb65d0283347e303893ba14f0692005417c1e0e690a325a4c5d8bb2b3943ee14?s=96&d=mm&r=g\",\"contentUrl\":\"https:\\\/\\\/secure.gravatar.com\\\/avatar\\\/bb65d0283347e303893ba14f0692005417c1e0e690a325a4c5d8bb2b3943ee14?s=96&d=mm&r=g\",\"caption\":\"Cope Alcoy\"}}]}<\/script>\n<!-- \/ Yoast SEO plugin. -->","yoast_head_json":{"title":"El Uni\u00f3n Alcoyana FS llega a la recta final de la temporada - COPE Alcoy","robots":{"index":"index","follow":"follow","max-snippet":"max-snippet:-1","max-image-preview":"max-image-preview:large","max-video-preview":"max-video-preview:-1"},"canonical":"https:\/\/www.copealcoy.es\/es\/el-union-alcoyana-fs-llega-a-la-recta-final-de-la-temporada\/","og_locale":"es_ES","og_type":"article","og_title":"El Uni\u00f3n Alcoyana FS llega a la recta final de la temporada - COPE Alcoy","og_description":"Pen\u00faltimo encuentro de la Fase de Ascenso y de la temporada para el Uni\u00f3n Alcoyana FS con la visita a...","og_url":"https:\/\/www.copealcoy.es\/es\/el-union-alcoyana-fs-llega-a-la-recta-final-de-la-temporada\/","og_site_name":"COPE Alcoy","article_published_time":"2021-05-23T16:55:02+00:00","article_modified_time":"2021-05-23T17:05:16+00:00","og_image":[{"width":1536,"height":1025,"url":"https:\/\/www.copealcoy.es\/wp-content\/uploads\/2021\/05\/\u00a9-PSTFotografia-270321-0044-1536x1025-1.jpg","type":"image\/jpeg"}],"author":"Cope Alcoy","twitter_misc":{"Escrito por":"Cope Alcoy","Tiempo de lectura":"4 minutos"},"schema":{"@context":"https:\/\/schema.org","@graph":[{"@type":"Article","@id":"https:\/\/www.copealcoy.es\/es\/el-union-alcoyana-fs-llega-a-la-recta-final-de-la-temporada\/#article","isPartOf":{"@id":"https:\/\/www.copealcoy.es\/es\/el-union-alcoyana-fs-llega-a-la-recta-final-de-la-temporada\/"},"author":{"name":"Cope Alcoy","@id":"https:\/\/www.copealcoy.es\/es\/#\/schema\/person\/e777c87fa024e57d40170af9df39882c"},"headline":"El Uni\u00f3n Alcoyana FS llega a la recta final de la temporada","datePublished":"2021-05-23T16:55:02+00:00","dateModified":"2021-05-23T17:05:16+00:00","mainEntityOfPage":{"@id":"https:\/\/www.copealcoy.es\/es\/el-union-alcoyana-fs-llega-a-la-recta-final-de-la-temporada\/"},"wordCount":742,"commentCount":0,"image":{"@id":"https:\/\/www.copealcoy.es\/es\/el-union-alcoyana-fs-llega-a-la-recta-final-de-la-temporada\/#primaryimage"},"thumbnailUrl":"https:\/\/www.copealcoy.es\/wp-content\/uploads\/2021\/05\/\u00a9-PSTFotografia-270321-0044-1536x1025-1.jpg","keywords":["entidad celeste","Horadada","Partido","recta final temporada","Uni\u00f3n Alcoyana FS"],"articleSection":["Alcoy","Deportes","Noticias"],"inLanguage":"es"},{"@type":"WebPage","@id":"https:\/\/www.copealcoy.es\/es\/el-union-alcoyana-fs-llega-a-la-recta-final-de-la-temporada\/","url":"https:\/\/www.copealcoy.es\/es\/el-union-alcoyana-fs-llega-a-la-recta-final-de-la-temporada\/","name":"El Uni\u00f3n Alcoyana FS llega a la recta final de la temporada - COPE Alcoy","isPartOf":{"@id":"https:\/\/www.copealcoy.es\/es\/#website"},"primaryImageOfPage":{"@id":"https:\/\/www.copealcoy.es\/es\/el-union-alcoyana-fs-llega-a-la-recta-final-de-la-temporada\/#primaryimage"},"image":{"@id":"https:\/\/www.copealcoy.es\/es\/el-union-alcoyana-fs-llega-a-la-recta-final-de-la-temporada\/#primaryimage"},"thumbnailUrl":"https:\/\/www.copealcoy.es\/wp-content\/uploads\/2021\/05\/\u00a9-PSTFotografia-270321-0044-1536x1025-1.jpg","datePublished":"2021-05-23T16:55:02+00:00","dateModified":"2021-05-23T17:05:16+00:00","author":{"@id":"https:\/\/www.copealcoy.es\/es\/#\/schema\/person\/e777c87fa024e57d40170af9df39882c"},"breadcrumb":{"@id":"https:\/\/www.copealcoy.es\/es\/el-union-alcoyana-fs-llega-a-la-recta-final-de-la-temporada\/#breadcrumb"},"inLanguage":"es","potentialAction":[{"@type":"ReadAction","target":["https:\/\/www.copealcoy.es\/es\/el-union-alcoyana-fs-llega-a-la-recta-final-de-la-temporada\/"]}]},{"@type":"ImageObject","inLanguage":"es","@id":"https:\/\/www.copealcoy.es\/es\/el-union-alcoyana-fs-llega-a-la-recta-final-de-la-temporada\/#primaryimage","url":"https:\/\/www.copealcoy.es\/wp-content\/uploads\/2021\/05\/\u00a9-PSTFotografia-270321-0044-1536x1025-1.jpg","contentUrl":"https:\/\/www.copealcoy.es\/wp-content\/uploads\/2021\/05\/\u00a9-PSTFotografia-270321-0044-1536x1025-1.jpg","width":1536,"height":1025},{"@type":"BreadcrumbList","@id":"https:\/\/www.copealcoy.es\/es\/el-union-alcoyana-fs-llega-a-la-recta-final-de-la-temporada\/#breadcrumb","itemListElement":[{"@type":"ListItem","position":1,"name":"Portada","item":"https:\/\/www.copealcoy.es\/es\/"},{"@type":"ListItem","position":2,"name":"El Uni\u00f3n Alcoyana FS llega a la recta final de la temporada"}]},{"@type":"WebSite","@id":"https:\/\/www.copealcoy.es\/es\/#website","url":"https:\/\/www.copealcoy.es\/es\/","name":"COPE Alcoy","description":"Emisora COPE de radio local con emisi\u00f3n online. Pont de Sant Jordi 8-10 03803 Alcoy","potentialAction":[{"@type":"SearchAction","target":{"@type":"EntryPoint","urlTemplate":"https:\/\/www.copealcoy.es\/es\/?s={search_term_string}"},"query-input":{"@type":"PropertyValueSpecification","valueRequired":true,"valueName":"search_term_string"}}],"inLanguage":"es"},{"@type":"Person","@id":"https:\/\/www.copealcoy.es\/es\/#\/schema\/person\/e777c87fa024e57d40170af9df39882c","name":"Cope Alcoy","image":{"@type":"ImageObject","inLanguage":"es","@id":"https:\/\/secure.gravatar.com\/avatar\/bb65d0283347e303893ba14f0692005417c1e0e690a325a4c5d8bb2b3943ee14?s=96&d=mm&r=g","url":"https:\/\/secure.gravatar.com\/avatar\/bb65d0283347e303893ba14f0692005417c1e0e690a325a4c5d8bb2b3943ee14?s=96&d=mm&r=g","contentUrl":"https:\/\/secure.gravatar.com\/avatar\/bb65d0283347e303893ba14f0692005417c1e0e690a325a4c5d8bb2b3943ee14?s=96&d=mm&r=g","caption":"Cope Alcoy"}}]}},"_links":{"self":[{"href":"https:\/\/www.copealcoy.es\/es\/wp-json\/wp\/v2\/posts\/73931","targetHints":{"allow":["GET"]}}],"collection":[{"href":"https:\/\/www.copealcoy.es\/es\/wp-json\/wp\/v2\/posts"}],"about":[{"href":"https:\/\/www.copealcoy.es\/es\/wp-json\/wp\/v2\/types\/post"}],"author":[{"embeddable":true,"href":"https:\/\/www.copealcoy.es\/es\/wp-json\/wp\/v2\/users\/1"}],"replies":[{"embeddable":true,"href":"https:\/\/www.copealcoy.es\/es\/wp-json\/wp\/v2\/comments?post=73931"}],"version-history":[{"count":0,"href":"https:\/\/www.copealcoy.es\/es\/wp-json\/wp\/v2\/posts\/73931\/revisions"}],"wp:featuredmedia":[{"embeddable":true,"href":"https:\/\/www.copealcoy.es\/es\/wp-json\/wp\/v2\/media\/73933"}],"wp:attachment":[{"href":"https:\/\/www.copealcoy.es\/es\/wp-json\/wp\/v2\/media?parent=73931"}],"wp:term":[{"taxonomy":"category","embeddable":true,"href":"https:\/\/www.copealcoy.es\/es\/wp-json\/wp\/v2\/categories?post=73931"},{"taxonomy":"post_tag","embeddable":true,"href":"https:\/\/www.copealcoy.es\/es\/wp-json\/wp\/v2\/tags?post=73931"}],"curies":[{"name":"wp","href":"https:\/\/api.w.org\/{rel}","templated":true}]}}