{"id":73839,"date":"2021-05-21T17:02:56","date_gmt":"2021-05-21T16:02:56","guid":{"rendered":"https:\/\/www.copealcoy.es\/?p=73839"},"modified":"2021-06-20T12:04:11","modified_gmt":"2021-06-20T11:04:11","slug":"la-virgen-de-los-desamparados-visita-nuestras-comarcas","status":"publish","type":"post","link":"https:\/\/www.copealcoy.es\/es\/la-virgen-de-los-desamparados-visita-nuestras-comarcas\/","title":{"rendered":"La Virgen de los Desamparados visita nuestras comarcas"},"content":{"rendered":"<p class=\"p1\" style=\"text-align: justify;\"><span class=\"s1\">La <strong>imagen peregrina de la Virgen de los Desamparados<\/strong>, procedente de la ciudad de Valencia, ha visitado esta ma\u00f1ana <strong>las comarcas de l&#8217;Alcoi\u00e0 i el Comtat<\/strong> pasando por varias localidades de <strong>la Di\u00f3cesis de Valencia<\/strong>. La iniciativa <strong>ha surgido del Cardenal Arzobispo de Valencia<\/strong>,\u00a0 Don Antonio Ca\u00f1izares, y ha servido para que la patrona de los valencianos <strong>pueda \u00a0estar cerca de los fieles<\/strong> en \u00e9poca de pandemia.<\/span><\/p>\n<p class=\"p1\" style=\"text-align: justify;\">La Geperudeta <strong>ha estad<\/strong><span class=\"s1\"><strong>o en Alcoy<\/strong> y\u00a0<\/span><span class=\"s1\">ha pasado por <strong>las Parroquias del Divino Maestro, la Natividad de Nuestra Se\u00f1ora y la de San Mauro y San Francisco<\/strong>, las cuales han recibido a la imagen con las puertas abiertas y volteos de campanas. <\/span><span class=\"s1\">Igualmente el &#8216;Marem\u00f3vil&#8217;, que est\u00e1 haciendo cada d\u00eda jornadas de 12 horas de trayecto, <strong>se ha acercado hasta el Hospital Virgen de los Lirios, el Parque de Cervantes, y el Monumento dedicado a San Jorge<\/strong>, patr\u00f3n de la ciudad, en la conocida <span class=\"s2\">Plaza de la Constituci\u00f3n<\/span>.<\/span><\/p>\n<p class=\"p1\" style=\"text-align: justify;\"><span class=\"s1\">En <strong>Cocentaina<\/strong>, el &#8216;Marem\u00f3vil&#8217; ha pasado por <strong>la Parroquia de Santa Mar\u00eda<\/strong>, donde tambi\u00e9n han sonado con fuerza las campanas, y por <strong>la Calle Mayor<\/strong> donde se conserva en la fachada de un edificio un retablo cer\u00e1mico del siglo XVIII con la imagen de la Virgen de los Desamparados y las de San Vicente M\u00e1rtir y San Vicente Ferrer. Adem\u00e1s, ha estado j<strong>unto al Ayuntamiento y el Monasterio de la Mare de D\u00e9u del Miracle<\/strong> a los pies del Palau Comtal.\u00a0<\/span><\/p>\n<p class=\"p1\" style=\"text-align: justify;\"><span class=\"s1\">Por \u00faltimo, <strong>en Muro<\/strong>, ha visitado <strong>la Parroquia San Juan Bautista<\/strong> as\u00ed como <strong>la Fundaci\u00f3n Casa de Beneficencia<\/strong> donde residen personas de la tercera edad, junto a la ermita Virgen de los Desamparados; patrona tambi\u00e9n del municipio.<\/span><\/p>\n<p class=\"p1\" style=\"text-align: justify;\"><span class=\"s1\">El recorrido del &#8216;<\/span><span class=\"s1\">Marem\u00f3vil&#8217; s<strong>e est\u00e1 realizando sin paradas y sin comunicar el horario ni la ruta previamente<\/strong>, como ya sucedi\u00f3 en anteriores ocasiones con motivo de la pandemia, y acompa\u00f1ado con <strong>m\u00fasica variada vinculada a la Virgen<\/strong> que suena por los altavoces del veh\u00edculo. En esta ocasi\u00f3n, la imagen peregrina de la Virgen de los Desamparados <strong>luce un manto azul de Camilo Miralles<\/strong>, justamente el que estren\u00f3 <strong>cuando fue inaugurado el veh\u00edculo<\/strong> que la est\u00e1 transportando ahora\u00a0por cada pueblo de la Di\u00f3cesis de Valencia.\u00a0<\/span><\/p>\n","protected":false},"excerpt":{"rendered":"<p>La imagen peregrina de la Virgen de los Desamparados, procedente de la ciudad de Valencia, ha visitado esta ma\u00f1ana las&#8230;<\/p>\n","protected":false},"author":1,"featured_media":73840,"comment_status":"open","ping_status":"open","sticky":false,"template":"","format":"standard","meta":{"footnotes":""},"categories":[98,75],"tags":[482,1495,237,4640,2230,1154],"class_list":["post-73839","post","type-post","status-publish","format-standard","has-post-thumbnail","hentry","category-comarcas","category-noticias","tag-alcoia","tag-comarcas","tag-comtat","tag-peregrina","tag-virgen-de-los-desamparados","tag-visita"],"yoast_head":"<!-- This site is optimized with the Yoast SEO plugin v27.3 - https:\/\/yoast.com\/product\/yoast-seo-wordpress\/ -->\n<title>La Virgen de los Desamparados visita nuestras comarcas - COPE Alcoy<\/title>\n<meta name=\"robots\" content=\"index, follow, max-snippet:-1, max-image-preview:large, max-video-preview:-1\" \/>\n<link rel=\"canonical\" href=\"https:\/\/www.copealcoy.es\/es\/la-virgen-de-los-desamparados-visita-nuestras-comarcas\/\" \/>\n<meta property=\"og:locale\" content=\"es_ES\" \/>\n<meta property=\"og:type\" content=\"article\" \/>\n<meta property=\"og:title\" content=\"La Virgen de los Desamparados visita nuestras comarcas - COPE Alcoy\" \/>\n<meta property=\"og:description\" content=\"La imagen peregrina de la Virgen de los Desamparados, procedente de la ciudad de Valencia, ha visitado esta ma\u00f1ana las...\" \/>\n<meta property=\"og:url\" content=\"https:\/\/www.copealcoy.es\/es\/la-virgen-de-los-desamparados-visita-nuestras-comarcas\/\" \/>\n<meta property=\"og:site_name\" content=\"COPE Alcoy\" \/>\n<meta property=\"article:published_time\" content=\"2021-05-21T16:02:56+00:00\" \/>\n<meta property=\"article:modified_time\" content=\"2021-06-20T11:04:11+00:00\" \/>\n<meta property=\"og:image\" content=\"https:\/\/www.copealcoy.es\/wp-content\/uploads\/2021\/05\/189153265_2401038180039653_3989657767044764492_n.jpeg\" \/>\n\t<meta property=\"og:image:width\" content=\"960\" \/>\n\t<meta property=\"og:image:height\" content=\"640\" \/>\n\t<meta property=\"og:image:type\" content=\"image\/jpeg\" \/>\n<meta name=\"author\" content=\"Cope Alcoy\" \/>\n<meta name=\"twitter:label1\" content=\"Escrito por\" \/>\n\t<meta name=\"twitter:data1\" content=\"Cope Alcoy\" \/>\n\t<meta name=\"twitter:label2\" content=\"Tiempo de lectura\" \/>\n\t<meta name=\"twitter:data2\" content=\"2 minutos\" \/>\n<script type=\"application\/ld+json\" class=\"yoast-schema-graph\">{\"@context\":\"https:\\\/\\\/schema.org\",\"@graph\":[{\"@type\":\"Article\",\"@id\":\"https:\\\/\\\/www.copealcoy.es\\\/es\\\/la-virgen-de-los-desamparados-visita-nuestras-comarcas\\\/#article\",\"isPartOf\":{\"@id\":\"https:\\\/\\\/www.copealcoy.es\\\/es\\\/la-virgen-de-los-desamparados-visita-nuestras-comarcas\\\/\"},\"author\":{\"name\":\"Cope Alcoy\",\"@id\":\"https:\\\/\\\/www.copealcoy.es\\\/es\\\/#\\\/schema\\\/person\\\/e777c87fa024e57d40170af9df39882c\"},\"headline\":\"La Virgen de los Desamparados visita nuestras comarcas\",\"datePublished\":\"2021-05-21T16:02:56+00:00\",\"dateModified\":\"2021-06-20T11:04:11+00:00\",\"mainEntityOfPage\":{\"@id\":\"https:\\\/\\\/www.copealcoy.es\\\/es\\\/la-virgen-de-los-desamparados-visita-nuestras-comarcas\\\/\"},\"wordCount\":393,\"commentCount\":0,\"image\":{\"@id\":\"https:\\\/\\\/www.copealcoy.es\\\/es\\\/la-virgen-de-los-desamparados-visita-nuestras-comarcas\\\/#primaryimage\"},\"thumbnailUrl\":\"https:\\\/\\\/www.copealcoy.es\\\/wp-content\\\/uploads\\\/2021\\\/05\\\/189153265_2401038180039653_3989657767044764492_n.jpeg\",\"keywords\":[\"Alcoi\u00e0\",\"Comarcas\",\"Comtat\",\"Peregrina\",\"Virgen de los Desamparados\",\"Visita\"],\"articleSection\":[\"Comarcas\",\"Noticias\"],\"inLanguage\":\"es\"},{\"@type\":\"WebPage\",\"@id\":\"https:\\\/\\\/www.copealcoy.es\\\/es\\\/la-virgen-de-los-desamparados-visita-nuestras-comarcas\\\/\",\"url\":\"https:\\\/\\\/www.copealcoy.es\\\/es\\\/la-virgen-de-los-desamparados-visita-nuestras-comarcas\\\/\",\"name\":\"La Virgen de los Desamparados visita nuestras comarcas - COPE Alcoy\",\"isPartOf\":{\"@id\":\"https:\\\/\\\/www.copealcoy.es\\\/es\\\/#website\"},\"primaryImageOfPage\":{\"@id\":\"https:\\\/\\\/www.copealcoy.es\\\/es\\\/la-virgen-de-los-desamparados-visita-nuestras-comarcas\\\/#primaryimage\"},\"image\":{\"@id\":\"https:\\\/\\\/www.copealcoy.es\\\/es\\\/la-virgen-de-los-desamparados-visita-nuestras-comarcas\\\/#primaryimage\"},\"thumbnailUrl\":\"https:\\\/\\\/www.copealcoy.es\\\/wp-content\\\/uploads\\\/2021\\\/05\\\/189153265_2401038180039653_3989657767044764492_n.jpeg\",\"datePublished\":\"2021-05-21T16:02:56+00:00\",\"dateModified\":\"2021-06-20T11:04:11+00:00\",\"author\":{\"@id\":\"https:\\\/\\\/www.copealcoy.es\\\/es\\\/#\\\/schema\\\/person\\\/e777c87fa024e57d40170af9df39882c\"},\"breadcrumb\":{\"@id\":\"https:\\\/\\\/www.copealcoy.es\\\/es\\\/la-virgen-de-los-desamparados-visita-nuestras-comarcas\\\/#breadcrumb\"},\"inLanguage\":\"es\",\"potentialAction\":[{\"@type\":\"ReadAction\",\"target\":[\"https:\\\/\\\/www.copealcoy.es\\\/es\\\/la-virgen-de-los-desamparados-visita-nuestras-comarcas\\\/\"]}]},{\"@type\":\"ImageObject\",\"inLanguage\":\"es\",\"@id\":\"https:\\\/\\\/www.copealcoy.es\\\/es\\\/la-virgen-de-los-desamparados-visita-nuestras-comarcas\\\/#primaryimage\",\"url\":\"https:\\\/\\\/www.copealcoy.es\\\/wp-content\\\/uploads\\\/2021\\\/05\\\/189153265_2401038180039653_3989657767044764492_n.jpeg\",\"contentUrl\":\"https:\\\/\\\/www.copealcoy.es\\\/wp-content\\\/uploads\\\/2021\\\/05\\\/189153265_2401038180039653_3989657767044764492_n.jpeg\",\"width\":960,\"height\":640},{\"@type\":\"BreadcrumbList\",\"@id\":\"https:\\\/\\\/www.copealcoy.es\\\/es\\\/la-virgen-de-los-desamparados-visita-nuestras-comarcas\\\/#breadcrumb\",\"itemListElement\":[{\"@type\":\"ListItem\",\"position\":1,\"name\":\"Portada\",\"item\":\"https:\\\/\\\/www.copealcoy.es\\\/es\\\/\"},{\"@type\":\"ListItem\",\"position\":2,\"name\":\"La Virgen de los Desamparados visita nuestras comarcas\"}]},{\"@type\":\"WebSite\",\"@id\":\"https:\\\/\\\/www.copealcoy.es\\\/es\\\/#website\",\"url\":\"https:\\\/\\\/www.copealcoy.es\\\/es\\\/\",\"name\":\"COPE Alcoy\",\"description\":\"Emisora COPE de radio local con emisi\u00f3n online. Pont de Sant Jordi 8-10 03803 Alcoy\",\"potentialAction\":[{\"@type\":\"SearchAction\",\"target\":{\"@type\":\"EntryPoint\",\"urlTemplate\":\"https:\\\/\\\/www.copealcoy.es\\\/es\\\/?s={search_term_string}\"},\"query-input\":{\"@type\":\"PropertyValueSpecification\",\"valueRequired\":true,\"valueName\":\"search_term_string\"}}],\"inLanguage\":\"es\"},{\"@type\":\"Person\",\"@id\":\"https:\\\/\\\/www.copealcoy.es\\\/es\\\/#\\\/schema\\\/person\\\/e777c87fa024e57d40170af9df39882c\",\"name\":\"Cope Alcoy\",\"image\":{\"@type\":\"ImageObject\",\"inLanguage\":\"es\",\"@id\":\"https:\\\/\\\/secure.gravatar.com\\\/avatar\\\/bb65d0283347e303893ba14f0692005417c1e0e690a325a4c5d8bb2b3943ee14?s=96&d=mm&r=g\",\"url\":\"https:\\\/\\\/secure.gravatar.com\\\/avatar\\\/bb65d0283347e303893ba14f0692005417c1e0e690a325a4c5d8bb2b3943ee14?s=96&d=mm&r=g\",\"contentUrl\":\"https:\\\/\\\/secure.gravatar.com\\\/avatar\\\/bb65d0283347e303893ba14f0692005417c1e0e690a325a4c5d8bb2b3943ee14?s=96&d=mm&r=g\",\"caption\":\"Cope Alcoy\"}}]}<\/script>\n<!-- \/ Yoast SEO plugin. -->","yoast_head_json":{"title":"La Virgen de los Desamparados visita nuestras comarcas - COPE Alcoy","robots":{"index":"index","follow":"follow","max-snippet":"max-snippet:-1","max-image-preview":"max-image-preview:large","max-video-preview":"max-video-preview:-1"},"canonical":"https:\/\/www.copealcoy.es\/es\/la-virgen-de-los-desamparados-visita-nuestras-comarcas\/","og_locale":"es_ES","og_type":"article","og_title":"La Virgen de los Desamparados visita nuestras comarcas - COPE Alcoy","og_description":"La imagen peregrina de la Virgen de los Desamparados, procedente de la ciudad de Valencia, ha visitado esta ma\u00f1ana las...","og_url":"https:\/\/www.copealcoy.es\/es\/la-virgen-de-los-desamparados-visita-nuestras-comarcas\/","og_site_name":"COPE Alcoy","article_published_time":"2021-05-21T16:02:56+00:00","article_modified_time":"2021-06-20T11:04:11+00:00","og_image":[{"width":960,"height":640,"url":"https:\/\/www.copealcoy.es\/wp-content\/uploads\/2021\/05\/189153265_2401038180039653_3989657767044764492_n.jpeg","type":"image\/jpeg"}],"author":"Cope Alcoy","twitter_misc":{"Escrito por":"Cope Alcoy","Tiempo de lectura":"2 minutos"},"schema":{"@context":"https:\/\/schema.org","@graph":[{"@type":"Article","@id":"https:\/\/www.copealcoy.es\/es\/la-virgen-de-los-desamparados-visita-nuestras-comarcas\/#article","isPartOf":{"@id":"https:\/\/www.copealcoy.es\/es\/la-virgen-de-los-desamparados-visita-nuestras-comarcas\/"},"author":{"name":"Cope Alcoy","@id":"https:\/\/www.copealcoy.es\/es\/#\/schema\/person\/e777c87fa024e57d40170af9df39882c"},"headline":"La Virgen de los Desamparados visita nuestras comarcas","datePublished":"2021-05-21T16:02:56+00:00","dateModified":"2021-06-20T11:04:11+00:00","mainEntityOfPage":{"@id":"https:\/\/www.copealcoy.es\/es\/la-virgen-de-los-desamparados-visita-nuestras-comarcas\/"},"wordCount":393,"commentCount":0,"image":{"@id":"https:\/\/www.copealcoy.es\/es\/la-virgen-de-los-desamparados-visita-nuestras-comarcas\/#primaryimage"},"thumbnailUrl":"https:\/\/www.copealcoy.es\/wp-content\/uploads\/2021\/05\/189153265_2401038180039653_3989657767044764492_n.jpeg","keywords":["Alcoi\u00e0","Comarcas","Comtat","Peregrina","Virgen de los Desamparados","Visita"],"articleSection":["Comarcas","Noticias"],"inLanguage":"es"},{"@type":"WebPage","@id":"https:\/\/www.copealcoy.es\/es\/la-virgen-de-los-desamparados-visita-nuestras-comarcas\/","url":"https:\/\/www.copealcoy.es\/es\/la-virgen-de-los-desamparados-visita-nuestras-comarcas\/","name":"La Virgen de los Desamparados visita nuestras comarcas - COPE Alcoy","isPartOf":{"@id":"https:\/\/www.copealcoy.es\/es\/#website"},"primaryImageOfPage":{"@id":"https:\/\/www.copealcoy.es\/es\/la-virgen-de-los-desamparados-visita-nuestras-comarcas\/#primaryimage"},"image":{"@id":"https:\/\/www.copealcoy.es\/es\/la-virgen-de-los-desamparados-visita-nuestras-comarcas\/#primaryimage"},"thumbnailUrl":"https:\/\/www.copealcoy.es\/wp-content\/uploads\/2021\/05\/189153265_2401038180039653_3989657767044764492_n.jpeg","datePublished":"2021-05-21T16:02:56+00:00","dateModified":"2021-06-20T11:04:11+00:00","author":{"@id":"https:\/\/www.copealcoy.es\/es\/#\/schema\/person\/e777c87fa024e57d40170af9df39882c"},"breadcrumb":{"@id":"https:\/\/www.copealcoy.es\/es\/la-virgen-de-los-desamparados-visita-nuestras-comarcas\/#breadcrumb"},"inLanguage":"es","potentialAction":[{"@type":"ReadAction","target":["https:\/\/www.copealcoy.es\/es\/la-virgen-de-los-desamparados-visita-nuestras-comarcas\/"]}]},{"@type":"ImageObject","inLanguage":"es","@id":"https:\/\/www.copealcoy.es\/es\/la-virgen-de-los-desamparados-visita-nuestras-comarcas\/#primaryimage","url":"https:\/\/www.copealcoy.es\/wp-content\/uploads\/2021\/05\/189153265_2401038180039653_3989657767044764492_n.jpeg","contentUrl":"https:\/\/www.copealcoy.es\/wp-content\/uploads\/2021\/05\/189153265_2401038180039653_3989657767044764492_n.jpeg","width":960,"height":640},{"@type":"BreadcrumbList","@id":"https:\/\/www.copealcoy.es\/es\/la-virgen-de-los-desamparados-visita-nuestras-comarcas\/#breadcrumb","itemListElement":[{"@type":"ListItem","position":1,"name":"Portada","item":"https:\/\/www.copealcoy.es\/es\/"},{"@type":"ListItem","position":2,"name":"La Virgen de los Desamparados visita nuestras comarcas"}]},{"@type":"WebSite","@id":"https:\/\/www.copealcoy.es\/es\/#website","url":"https:\/\/www.copealcoy.es\/es\/","name":"COPE Alcoy","description":"Emisora COPE de radio local con emisi\u00f3n online. Pont de Sant Jordi 8-10 03803 Alcoy","potentialAction":[{"@type":"SearchAction","target":{"@type":"EntryPoint","urlTemplate":"https:\/\/www.copealcoy.es\/es\/?s={search_term_string}"},"query-input":{"@type":"PropertyValueSpecification","valueRequired":true,"valueName":"search_term_string"}}],"inLanguage":"es"},{"@type":"Person","@id":"https:\/\/www.copealcoy.es\/es\/#\/schema\/person\/e777c87fa024e57d40170af9df39882c","name":"Cope Alcoy","image":{"@type":"ImageObject","inLanguage":"es","@id":"https:\/\/secure.gravatar.com\/avatar\/bb65d0283347e303893ba14f0692005417c1e0e690a325a4c5d8bb2b3943ee14?s=96&d=mm&r=g","url":"https:\/\/secure.gravatar.com\/avatar\/bb65d0283347e303893ba14f0692005417c1e0e690a325a4c5d8bb2b3943ee14?s=96&d=mm&r=g","contentUrl":"https:\/\/secure.gravatar.com\/avatar\/bb65d0283347e303893ba14f0692005417c1e0e690a325a4c5d8bb2b3943ee14?s=96&d=mm&r=g","caption":"Cope Alcoy"}}]}},"_links":{"self":[{"href":"https:\/\/www.copealcoy.es\/es\/wp-json\/wp\/v2\/posts\/73839","targetHints":{"allow":["GET"]}}],"collection":[{"href":"https:\/\/www.copealcoy.es\/es\/wp-json\/wp\/v2\/posts"}],"about":[{"href":"https:\/\/www.copealcoy.es\/es\/wp-json\/wp\/v2\/types\/post"}],"author":[{"embeddable":true,"href":"https:\/\/www.copealcoy.es\/es\/wp-json\/wp\/v2\/users\/1"}],"replies":[{"embeddable":true,"href":"https:\/\/www.copealcoy.es\/es\/wp-json\/wp\/v2\/comments?post=73839"}],"version-history":[{"count":0,"href":"https:\/\/www.copealcoy.es\/es\/wp-json\/wp\/v2\/posts\/73839\/revisions"}],"wp:featuredmedia":[{"embeddable":true,"href":"https:\/\/www.copealcoy.es\/es\/wp-json\/wp\/v2\/media\/73840"}],"wp:attachment":[{"href":"https:\/\/www.copealcoy.es\/es\/wp-json\/wp\/v2\/media?parent=73839"}],"wp:term":[{"taxonomy":"category","embeddable":true,"href":"https:\/\/www.copealcoy.es\/es\/wp-json\/wp\/v2\/categories?post=73839"},{"taxonomy":"post_tag","embeddable":true,"href":"https:\/\/www.copealcoy.es\/es\/wp-json\/wp\/v2\/tags?post=73839"}],"curies":[{"name":"wp","href":"https:\/\/api.w.org\/{rel}","templated":true}]}}