{"id":73754,"date":"2021-05-18T16:05:49","date_gmt":"2021-05-18T15:05:49","guid":{"rendered":"https:\/\/www.copealcoy.es\/?p=73754"},"modified":"2021-05-19T15:46:35","modified_gmt":"2021-05-19T14:46:35","slug":"ya-hay-fecha-para-el-inicio-del-proximo-curso-escolar","status":"publish","type":"post","link":"https:\/\/www.copealcoy.es\/es\/ya-hay-fecha-para-el-inicio-del-proximo-curso-escolar\/","title":{"rendered":"Ya hay fecha para el inicio del pr\u00f3ximo curso escolar"},"content":{"rendered":"<p style=\"text-align: justify;\">La Conselleria de Educaci\u00f3n, Cultura y Deporte\u00a0propone que <strong>el pr\u00f3ximo curso escolar 2021-2022<\/strong> se inicie\u00a0<strong>el mi\u00e9rcoles 8 de septiembre <\/strong>para el alumnado de Educaci\u00f3n Infantil, Primaria, ESO, Bachillerato y Formaci\u00f3n Profesional B\u00e1sica y ciclos de grado medio y superior de FP.<\/p>\n<p style=\"text-align: justify;\">En esta propuesta,\u00a0<strong>las clases del curso 2021-2022 finalizar\u00e1n el viernes 17 de junio de 2022 en ESO, Bachillerato y FP; y el martes 21 de junio en el caso de Infantil y Primaria<\/strong>, ha anunciado el departamento que dirige Vicent Marz\u00e0 en un comunicado.<\/p>\n<p style=\"text-align: justify;\">En cuanto al calendario del<strong> resto de ense\u00f1anzas<\/strong>, tanto el alumnado de los programas formativos de calificaci\u00f3n b\u00e1sica como tambi\u00e9n el de Formaci\u00f3n Profesional B\u00e1sica de segunda oportunidad empezar\u00e1n las clases el <strong>mi\u00e9rcoles 15 de septiembre<\/strong>. En el primer caso, <strong>acabar\u00e1n el curso el 17 de junio<\/strong> y en el segundo caso, el <strong>mi\u00e9rcoles 22 de junio<\/strong>.<\/p>\n<p style=\"text-align: justify;\">En <strong>Formaci\u00f3n de Personas Adultas<\/strong>, la idea el inicio de curso el <strong>20 de septiembre<\/strong> y su finalizaci\u00f3n el <strong>17 de junio<\/strong>. En <strong>ense\u00f1anzas deportivas y art\u00edsticas de R\u00e9gimen Especial<\/strong> se propone el inicio de las clases el <strong>mi\u00e9rcoles 22 de septiembre<\/strong> y su finalizaci\u00f3n el <strong>16 de junio<\/strong>. En <strong>las EOI<\/strong> las clases arrancar\u00e1n el lunes<strong> 27 de septiembre<\/strong> y finalizar\u00e1n el lunes<strong> 27 de junio<\/strong>.<\/p>\n<p><span style=\"color: #0000ff;\"><strong>Vacaciones de Navidad y Pascua<\/strong><\/span><\/p>\n<p style=\"text-align: justify;\">Las <strong>vacaciones de Navidad<\/strong> para el profesorado y el alumnado se establecen del <strong>jueves 23 de diciembre<\/strong> hasta el <strong>viernes 7 de enero<\/strong>, ambos d\u00edas incluidos; y las de Pascua, del jueves 14 al lunes 25 de abril, tambi\u00e9n los dos incluidos.<\/p>\n","protected":false},"excerpt":{"rendered":"<p>La Conselleria de Educaci\u00f3n, Cultura y Deporte\u00a0propone que el pr\u00f3ximo curso escolar 2021-2022 se inicie\u00a0el mi\u00e9rcoles 8 de septiembre para&#8230;<\/p>\n","protected":false},"author":1,"featured_media":65185,"comment_status":"open","ping_status":"open","sticky":false,"template":"","format":"standard","meta":{"footnotes":""},"categories":[6909,900,75],"tags":[1494,1784,1246,1215],"class_list":["post-73754","post","type-post","status-publish","format-standard","has-post-thumbnail","hentry","category-actualidad","category-educacion","category-noticias","tag-alcoy","tag-conselleria-de-educacion","tag-curso-escolar","tag-inicio"],"yoast_head":"<!-- This site is optimized with the Yoast SEO plugin v27.3 - https:\/\/yoast.com\/product\/yoast-seo-wordpress\/ -->\n<title>Ya hay fecha para el inicio del pr\u00f3ximo curso escolar - COPE Alcoy<\/title>\n<meta name=\"robots\" content=\"index, follow, max-snippet:-1, max-image-preview:large, max-video-preview:-1\" \/>\n<link rel=\"canonical\" href=\"https:\/\/www.copealcoy.es\/es\/ya-hay-fecha-para-el-inicio-del-proximo-curso-escolar\/\" \/>\n<meta property=\"og:locale\" content=\"es_ES\" \/>\n<meta property=\"og:type\" content=\"article\" \/>\n<meta property=\"og:title\" content=\"Ya hay fecha para el inicio del pr\u00f3ximo curso escolar - COPE Alcoy\" \/>\n<meta property=\"og:description\" content=\"La Conselleria de Educaci\u00f3n, Cultura y Deporte\u00a0propone que el pr\u00f3ximo curso escolar 2021-2022 se inicie\u00a0el mi\u00e9rcoles 8 de septiembre para...\" \/>\n<meta property=\"og:url\" content=\"https:\/\/www.copealcoy.es\/es\/ya-hay-fecha-para-el-inicio-del-proximo-curso-escolar\/\" \/>\n<meta property=\"og:site_name\" content=\"COPE Alcoy\" \/>\n<meta property=\"article:published_time\" content=\"2021-05-18T15:05:49+00:00\" \/>\n<meta property=\"article:modified_time\" content=\"2021-05-19T14:46:35+00:00\" \/>\n<meta property=\"og:image\" content=\"https:\/\/www.copealcoy.es\/wp-content\/uploads\/2020\/09\/IMG-2365-scaled-e1599480455100.jpg\" \/>\n\t<meta property=\"og:image:width\" content=\"2560\" \/>\n\t<meta property=\"og:image:height\" content=\"1728\" \/>\n\t<meta property=\"og:image:type\" content=\"image\/jpeg\" \/>\n<meta name=\"author\" content=\"Cope Alcoy\" \/>\n<meta name=\"twitter:label1\" content=\"Escrito por\" \/>\n\t<meta name=\"twitter:data1\" content=\"Cope Alcoy\" \/>\n\t<meta name=\"twitter:label2\" content=\"Tiempo de lectura\" \/>\n\t<meta name=\"twitter:data2\" content=\"1 minuto\" \/>\n<script type=\"application\/ld+json\" class=\"yoast-schema-graph\">{\"@context\":\"https:\\\/\\\/schema.org\",\"@graph\":[{\"@type\":\"Article\",\"@id\":\"https:\\\/\\\/www.copealcoy.es\\\/es\\\/ya-hay-fecha-para-el-inicio-del-proximo-curso-escolar\\\/#article\",\"isPartOf\":{\"@id\":\"https:\\\/\\\/www.copealcoy.es\\\/es\\\/ya-hay-fecha-para-el-inicio-del-proximo-curso-escolar\\\/\"},\"author\":{\"name\":\"Cope Alcoy\",\"@id\":\"https:\\\/\\\/www.copealcoy.es\\\/es\\\/#\\\/schema\\\/person\\\/e777c87fa024e57d40170af9df39882c\"},\"headline\":\"Ya hay fecha para el inicio del pr\u00f3ximo curso escolar\",\"datePublished\":\"2021-05-18T15:05:49+00:00\",\"dateModified\":\"2021-05-19T14:46:35+00:00\",\"mainEntityOfPage\":{\"@id\":\"https:\\\/\\\/www.copealcoy.es\\\/es\\\/ya-hay-fecha-para-el-inicio-del-proximo-curso-escolar\\\/\"},\"wordCount\":281,\"commentCount\":0,\"image\":{\"@id\":\"https:\\\/\\\/www.copealcoy.es\\\/es\\\/ya-hay-fecha-para-el-inicio-del-proximo-curso-escolar\\\/#primaryimage\"},\"thumbnailUrl\":\"https:\\\/\\\/www.copealcoy.es\\\/wp-content\\\/uploads\\\/2020\\\/09\\\/IMG-2365-scaled-e1599480455100.jpg\",\"keywords\":[\"Alcoy\",\"Conseller\u00eda de Educaci\u00f3n\",\"Curso Escolar\",\"inicio\"],\"articleSection\":[\"Actualidad\",\"Educaci\u00f3n\",\"Noticias\"],\"inLanguage\":\"es\"},{\"@type\":\"WebPage\",\"@id\":\"https:\\\/\\\/www.copealcoy.es\\\/es\\\/ya-hay-fecha-para-el-inicio-del-proximo-curso-escolar\\\/\",\"url\":\"https:\\\/\\\/www.copealcoy.es\\\/es\\\/ya-hay-fecha-para-el-inicio-del-proximo-curso-escolar\\\/\",\"name\":\"Ya hay fecha para el inicio del pr\u00f3ximo curso escolar - COPE Alcoy\",\"isPartOf\":{\"@id\":\"https:\\\/\\\/www.copealcoy.es\\\/es\\\/#website\"},\"primaryImageOfPage\":{\"@id\":\"https:\\\/\\\/www.copealcoy.es\\\/es\\\/ya-hay-fecha-para-el-inicio-del-proximo-curso-escolar\\\/#primaryimage\"},\"image\":{\"@id\":\"https:\\\/\\\/www.copealcoy.es\\\/es\\\/ya-hay-fecha-para-el-inicio-del-proximo-curso-escolar\\\/#primaryimage\"},\"thumbnailUrl\":\"https:\\\/\\\/www.copealcoy.es\\\/wp-content\\\/uploads\\\/2020\\\/09\\\/IMG-2365-scaled-e1599480455100.jpg\",\"datePublished\":\"2021-05-18T15:05:49+00:00\",\"dateModified\":\"2021-05-19T14:46:35+00:00\",\"author\":{\"@id\":\"https:\\\/\\\/www.copealcoy.es\\\/es\\\/#\\\/schema\\\/person\\\/e777c87fa024e57d40170af9df39882c\"},\"breadcrumb\":{\"@id\":\"https:\\\/\\\/www.copealcoy.es\\\/es\\\/ya-hay-fecha-para-el-inicio-del-proximo-curso-escolar\\\/#breadcrumb\"},\"inLanguage\":\"es\",\"potentialAction\":[{\"@type\":\"ReadAction\",\"target\":[\"https:\\\/\\\/www.copealcoy.es\\\/es\\\/ya-hay-fecha-para-el-inicio-del-proximo-curso-escolar\\\/\"]}]},{\"@type\":\"ImageObject\",\"inLanguage\":\"es\",\"@id\":\"https:\\\/\\\/www.copealcoy.es\\\/es\\\/ya-hay-fecha-para-el-inicio-del-proximo-curso-escolar\\\/#primaryimage\",\"url\":\"https:\\\/\\\/www.copealcoy.es\\\/wp-content\\\/uploads\\\/2020\\\/09\\\/IMG-2365-scaled-e1599480455100.jpg\",\"contentUrl\":\"https:\\\/\\\/www.copealcoy.es\\\/wp-content\\\/uploads\\\/2020\\\/09\\\/IMG-2365-scaled-e1599480455100.jpg\",\"width\":2560,\"height\":1728,\"caption\":\"Els alumnes entrant al centre Les Carmelites dAlcoi \\\/ Foto: G. Pascual\"},{\"@type\":\"BreadcrumbList\",\"@id\":\"https:\\\/\\\/www.copealcoy.es\\\/es\\\/ya-hay-fecha-para-el-inicio-del-proximo-curso-escolar\\\/#breadcrumb\",\"itemListElement\":[{\"@type\":\"ListItem\",\"position\":1,\"name\":\"Portada\",\"item\":\"https:\\\/\\\/www.copealcoy.es\\\/es\\\/\"},{\"@type\":\"ListItem\",\"position\":2,\"name\":\"Ya hay fecha para el inicio del pr\u00f3ximo curso escolar\"}]},{\"@type\":\"WebSite\",\"@id\":\"https:\\\/\\\/www.copealcoy.es\\\/es\\\/#website\",\"url\":\"https:\\\/\\\/www.copealcoy.es\\\/es\\\/\",\"name\":\"COPE Alcoy\",\"description\":\"Emisora COPE de radio local con emisi\u00f3n online. Pont de Sant Jordi 8-10 03803 Alcoy\",\"potentialAction\":[{\"@type\":\"SearchAction\",\"target\":{\"@type\":\"EntryPoint\",\"urlTemplate\":\"https:\\\/\\\/www.copealcoy.es\\\/es\\\/?s={search_term_string}\"},\"query-input\":{\"@type\":\"PropertyValueSpecification\",\"valueRequired\":true,\"valueName\":\"search_term_string\"}}],\"inLanguage\":\"es\"},{\"@type\":\"Person\",\"@id\":\"https:\\\/\\\/www.copealcoy.es\\\/es\\\/#\\\/schema\\\/person\\\/e777c87fa024e57d40170af9df39882c\",\"name\":\"Cope Alcoy\",\"image\":{\"@type\":\"ImageObject\",\"inLanguage\":\"es\",\"@id\":\"https:\\\/\\\/secure.gravatar.com\\\/avatar\\\/bb65d0283347e303893ba14f0692005417c1e0e690a325a4c5d8bb2b3943ee14?s=96&d=mm&r=g\",\"url\":\"https:\\\/\\\/secure.gravatar.com\\\/avatar\\\/bb65d0283347e303893ba14f0692005417c1e0e690a325a4c5d8bb2b3943ee14?s=96&d=mm&r=g\",\"contentUrl\":\"https:\\\/\\\/secure.gravatar.com\\\/avatar\\\/bb65d0283347e303893ba14f0692005417c1e0e690a325a4c5d8bb2b3943ee14?s=96&d=mm&r=g\",\"caption\":\"Cope Alcoy\"}}]}<\/script>\n<!-- \/ Yoast SEO plugin. -->","yoast_head_json":{"title":"Ya hay fecha para el inicio del pr\u00f3ximo curso escolar - COPE Alcoy","robots":{"index":"index","follow":"follow","max-snippet":"max-snippet:-1","max-image-preview":"max-image-preview:large","max-video-preview":"max-video-preview:-1"},"canonical":"https:\/\/www.copealcoy.es\/es\/ya-hay-fecha-para-el-inicio-del-proximo-curso-escolar\/","og_locale":"es_ES","og_type":"article","og_title":"Ya hay fecha para el inicio del pr\u00f3ximo curso escolar - COPE Alcoy","og_description":"La Conselleria de Educaci\u00f3n, Cultura y Deporte\u00a0propone que el pr\u00f3ximo curso escolar 2021-2022 se inicie\u00a0el mi\u00e9rcoles 8 de septiembre para...","og_url":"https:\/\/www.copealcoy.es\/es\/ya-hay-fecha-para-el-inicio-del-proximo-curso-escolar\/","og_site_name":"COPE Alcoy","article_published_time":"2021-05-18T15:05:49+00:00","article_modified_time":"2021-05-19T14:46:35+00:00","og_image":[{"width":2560,"height":1728,"url":"https:\/\/www.copealcoy.es\/wp-content\/uploads\/2020\/09\/IMG-2365-scaled-e1599480455100.jpg","type":"image\/jpeg"}],"author":"Cope Alcoy","twitter_misc":{"Escrito por":"Cope Alcoy","Tiempo de lectura":"1 minuto"},"schema":{"@context":"https:\/\/schema.org","@graph":[{"@type":"Article","@id":"https:\/\/www.copealcoy.es\/es\/ya-hay-fecha-para-el-inicio-del-proximo-curso-escolar\/#article","isPartOf":{"@id":"https:\/\/www.copealcoy.es\/es\/ya-hay-fecha-para-el-inicio-del-proximo-curso-escolar\/"},"author":{"name":"Cope Alcoy","@id":"https:\/\/www.copealcoy.es\/es\/#\/schema\/person\/e777c87fa024e57d40170af9df39882c"},"headline":"Ya hay fecha para el inicio del pr\u00f3ximo curso escolar","datePublished":"2021-05-18T15:05:49+00:00","dateModified":"2021-05-19T14:46:35+00:00","mainEntityOfPage":{"@id":"https:\/\/www.copealcoy.es\/es\/ya-hay-fecha-para-el-inicio-del-proximo-curso-escolar\/"},"wordCount":281,"commentCount":0,"image":{"@id":"https:\/\/www.copealcoy.es\/es\/ya-hay-fecha-para-el-inicio-del-proximo-curso-escolar\/#primaryimage"},"thumbnailUrl":"https:\/\/www.copealcoy.es\/wp-content\/uploads\/2020\/09\/IMG-2365-scaled-e1599480455100.jpg","keywords":["Alcoy","Conseller\u00eda de Educaci\u00f3n","Curso Escolar","inicio"],"articleSection":["Actualidad","Educaci\u00f3n","Noticias"],"inLanguage":"es"},{"@type":"WebPage","@id":"https:\/\/www.copealcoy.es\/es\/ya-hay-fecha-para-el-inicio-del-proximo-curso-escolar\/","url":"https:\/\/www.copealcoy.es\/es\/ya-hay-fecha-para-el-inicio-del-proximo-curso-escolar\/","name":"Ya hay fecha para el inicio del pr\u00f3ximo curso escolar - COPE Alcoy","isPartOf":{"@id":"https:\/\/www.copealcoy.es\/es\/#website"},"primaryImageOfPage":{"@id":"https:\/\/www.copealcoy.es\/es\/ya-hay-fecha-para-el-inicio-del-proximo-curso-escolar\/#primaryimage"},"image":{"@id":"https:\/\/www.copealcoy.es\/es\/ya-hay-fecha-para-el-inicio-del-proximo-curso-escolar\/#primaryimage"},"thumbnailUrl":"https:\/\/www.copealcoy.es\/wp-content\/uploads\/2020\/09\/IMG-2365-scaled-e1599480455100.jpg","datePublished":"2021-05-18T15:05:49+00:00","dateModified":"2021-05-19T14:46:35+00:00","author":{"@id":"https:\/\/www.copealcoy.es\/es\/#\/schema\/person\/e777c87fa024e57d40170af9df39882c"},"breadcrumb":{"@id":"https:\/\/www.copealcoy.es\/es\/ya-hay-fecha-para-el-inicio-del-proximo-curso-escolar\/#breadcrumb"},"inLanguage":"es","potentialAction":[{"@type":"ReadAction","target":["https:\/\/www.copealcoy.es\/es\/ya-hay-fecha-para-el-inicio-del-proximo-curso-escolar\/"]}]},{"@type":"ImageObject","inLanguage":"es","@id":"https:\/\/www.copealcoy.es\/es\/ya-hay-fecha-para-el-inicio-del-proximo-curso-escolar\/#primaryimage","url":"https:\/\/www.copealcoy.es\/wp-content\/uploads\/2020\/09\/IMG-2365-scaled-e1599480455100.jpg","contentUrl":"https:\/\/www.copealcoy.es\/wp-content\/uploads\/2020\/09\/IMG-2365-scaled-e1599480455100.jpg","width":2560,"height":1728,"caption":"Els alumnes entrant al centre Les Carmelites dAlcoi \/ Foto: G. Pascual"},{"@type":"BreadcrumbList","@id":"https:\/\/www.copealcoy.es\/es\/ya-hay-fecha-para-el-inicio-del-proximo-curso-escolar\/#breadcrumb","itemListElement":[{"@type":"ListItem","position":1,"name":"Portada","item":"https:\/\/www.copealcoy.es\/es\/"},{"@type":"ListItem","position":2,"name":"Ya hay fecha para el inicio del pr\u00f3ximo curso escolar"}]},{"@type":"WebSite","@id":"https:\/\/www.copealcoy.es\/es\/#website","url":"https:\/\/www.copealcoy.es\/es\/","name":"COPE Alcoy","description":"Emisora COPE de radio local con emisi\u00f3n online. Pont de Sant Jordi 8-10 03803 Alcoy","potentialAction":[{"@type":"SearchAction","target":{"@type":"EntryPoint","urlTemplate":"https:\/\/www.copealcoy.es\/es\/?s={search_term_string}"},"query-input":{"@type":"PropertyValueSpecification","valueRequired":true,"valueName":"search_term_string"}}],"inLanguage":"es"},{"@type":"Person","@id":"https:\/\/www.copealcoy.es\/es\/#\/schema\/person\/e777c87fa024e57d40170af9df39882c","name":"Cope Alcoy","image":{"@type":"ImageObject","inLanguage":"es","@id":"https:\/\/secure.gravatar.com\/avatar\/bb65d0283347e303893ba14f0692005417c1e0e690a325a4c5d8bb2b3943ee14?s=96&d=mm&r=g","url":"https:\/\/secure.gravatar.com\/avatar\/bb65d0283347e303893ba14f0692005417c1e0e690a325a4c5d8bb2b3943ee14?s=96&d=mm&r=g","contentUrl":"https:\/\/secure.gravatar.com\/avatar\/bb65d0283347e303893ba14f0692005417c1e0e690a325a4c5d8bb2b3943ee14?s=96&d=mm&r=g","caption":"Cope Alcoy"}}]}},"_links":{"self":[{"href":"https:\/\/www.copealcoy.es\/es\/wp-json\/wp\/v2\/posts\/73754","targetHints":{"allow":["GET"]}}],"collection":[{"href":"https:\/\/www.copealcoy.es\/es\/wp-json\/wp\/v2\/posts"}],"about":[{"href":"https:\/\/www.copealcoy.es\/es\/wp-json\/wp\/v2\/types\/post"}],"author":[{"embeddable":true,"href":"https:\/\/www.copealcoy.es\/es\/wp-json\/wp\/v2\/users\/1"}],"replies":[{"embeddable":true,"href":"https:\/\/www.copealcoy.es\/es\/wp-json\/wp\/v2\/comments?post=73754"}],"version-history":[{"count":0,"href":"https:\/\/www.copealcoy.es\/es\/wp-json\/wp\/v2\/posts\/73754\/revisions"}],"wp:featuredmedia":[{"embeddable":true,"href":"https:\/\/www.copealcoy.es\/es\/wp-json\/wp\/v2\/media\/65185"}],"wp:attachment":[{"href":"https:\/\/www.copealcoy.es\/es\/wp-json\/wp\/v2\/media?parent=73754"}],"wp:term":[{"taxonomy":"category","embeddable":true,"href":"https:\/\/www.copealcoy.es\/es\/wp-json\/wp\/v2\/categories?post=73754"},{"taxonomy":"post_tag","embeddable":true,"href":"https:\/\/www.copealcoy.es\/es\/wp-json\/wp\/v2\/tags?post=73754"}],"curies":[{"name":"wp","href":"https:\/\/api.w.org\/{rel}","templated":true}]}}