{"id":73682,"date":"2021-05-17T12:23:56","date_gmt":"2021-05-17T11:23:56","guid":{"rendered":"https:\/\/www.copealcoy.es\/?p=73682"},"modified":"2021-05-17T12:35:52","modified_gmt":"2021-05-17T11:35:52","slug":"las-canciones-de-camilo-sesto-reviviran-en-un-espectaculo-con-mas-de-20-artistas","status":"publish","type":"post","link":"https:\/\/www.copealcoy.es\/es\/las-canciones-de-camilo-sesto-reviviran-en-un-espectaculo-con-mas-de-20-artistas\/","title":{"rendered":"Las canciones de Camilo Sesto revivir\u00e1n en un espect\u00e1culo con m\u00e1s de 20 artistas"},"content":{"rendered":"<p style=\"text-align: justify;\">M\u00e1s de <strong>20 artistas<\/strong> participar\u00e1n a partir de diciembre en un nuevo espect\u00e1culo llamado<strong> &#8220;Vivir as\u00ed es morir de amor&#8221;<\/strong> que, concebido como <strong>homenaje a Camilo Sesto<\/strong>, girar\u00e1 por los principales teatros de Espa\u00f1a para <strong>recuperar sus canciones m\u00e1s memorables<\/strong> con &#8220;<em>una puesta en escena impactante<\/em>&#8220;.<\/p>\n<p style=\"text-align: justify;\">&#8220;<em>No va a ser un concierto ni un tributo, sino un espect\u00e1culo con un dinamismo impresionante, con una puesta en escena impactante y un escenario a cinco alturas<\/em>&#8220;, ha prometido hoy su autor y productor, <strong>Juan Fran Senabre<\/strong>, responsable de producciones musicales similares centradas en otras figuras como Freddie Mercury o ABBA.<\/p>\n<p style=\"text-align: justify;\">Como parte del proyecto, a su lado ha comparecido ante la prensa <strong>Toni Franc\u00e9s<\/strong>, alcalde de Alcoy (Alicante), localidad natal de Camilo Sesto y el lugar <strong>donde descansan sus restos<\/strong> desde su fallecimiento en 2019 a los 72 a\u00f1os, dejando tras de s\u00ed unas ventas estimadas en m\u00e1s de 70 millones de copias y \u00e9xitos como &#8220;Melina&#8221;, &#8220;Perd\u00f3name&#8221; o la que da t\u00edtulo al nuevo espect\u00e1culo.<\/p>\n<p style=\"text-align: justify;\">&#8220;<em>Por todo lo que nos ha aportado, estamos en deuda con \u00e9l<\/em>&#8220;, ha justificado <strong>el primer edil de este municipio<\/strong> al que el artista <strong>leg\u00f3 tras su muerte<\/strong> premios, reconocimientos, manuscritos y composiciones, m\u00e1s de 800 objetos que ser\u00e1n exhibidos en el futuro museo dedicado a su memoria y que abrir\u00e1 all\u00ed sus puertas &#8220;<em>en 2022<\/em>&#8220;, un a\u00f1o m\u00e1s tarde de lo previsto inicialmente.<\/p>\n<p style=\"text-align: justify;\">En la rueda de prensa han participado asimismo <strong>Pino Rovereto<\/strong>, quien fuera director musical y bater\u00eda de Camilo Sesto en sus \u00faltimos 15 a\u00f1os de vida aproximadamente, as\u00ed como <strong>dos de los cuatros cantantes del espect\u00e1culo<\/strong>, el argentino <strong>Diego Valdez<\/strong> y el espa\u00f1ol <strong>Pablo Perea<\/strong>, exl\u00edder del grupo La Trampa, una de las sorpresas del elenco.<\/p>\n<p style=\"text-align: justify;\">&#8220;<em>Yo soy cantante gracias a Camilo Sesto. Era muy peque\u00f1o cuando escuchaba &#8216;Melina&#8217; o &#8216;Algo de m\u00ed&#8217; y me marc\u00f3 profund\u00edsimamente no solo por lo buen cantante que era y por esa personalidad tan definida que ten\u00eda, sino porque era un compositor como la copa de un pino<\/em>&#8220;, ha destacado.<\/p>\n<p style=\"text-align: justify;\">Perea ha ratificado <strong>su admiraci\u00f3n<\/strong> asimismo por quien pusiera en pie el musical &#8220;Jesucristo Superstar&#8221;, <strong>un riesgo art\u00edstico y empresarial asumido en la Espa\u00f1a a\u00fan en blanco y negro de 1975<\/strong>. &#8220;<em>Desde ese momento, para m\u00ed est\u00e1 en un pedestal y ahora tengo la oportunidad de cantar esas canciones y llevarlas a escena<\/em>&#8220;, ha dicho.<\/p>\n<p style=\"text-align: justify;\">En total <strong>ser\u00e1n 35 los temas de su repertorio<\/strong> que podr\u00e1n ser escuchadas, interpretadas &#8220;<em>en 35 escenas distintas y enlazadas por un hilo generacional<\/em>&#8220;, sin di\u00e1logos ni actores, apoyando todo el peso en los cuatro cantantes, cuatro coristas y una gran banda con una secci\u00f3n de metales completa.<\/p>\n<p style=\"text-align: justify;\">&#8220;<em>Vamos a llevar las canciones a otro punto&#8221;, ha asegurado Senabre, antes de subrayar que el acercamiento a las mismas ser\u00e1 &#8220;respetuoso y muy estricto<\/em>&#8220;, convencido de que el resultado ser\u00e1 un montaje &#8220;<em>inmersivo y envolvente<\/em>&#8221; que har\u00e1 que los espectadores pasen &#8220;<em>por todas las etapas emocionales<\/em>&#8220;.<\/p>\n<p style=\"text-align: justify;\">Durante su creaci\u00f3n, el productor ha confirmado que <strong>no ha mantenido ning\u00fan tipo de encuentro o interlocuci\u00f3n con el hijo y heredero de Camilo Sesto<\/strong>, Camilo Blanes Ornelas.<\/p>\n<p style=\"text-align: justify;\">En breve <strong>iniciar\u00e1n los ensayos<\/strong> con la intenci\u00f3n de levantar el tel\u00f3n en diciembre, aunque de momento no se ha cerrado la ciudad en la que tendr\u00e1 lugar el estreno. A Madrid, eso s\u00ed, ha anticipado que llegar\u00e1 ya en 2022.<\/p>\n","protected":false},"excerpt":{"rendered":"<p>M\u00e1s de 20 artistas participar\u00e1n a partir de diciembre en un nuevo espect\u00e1culo llamado &#8220;Vivir as\u00ed es morir de amor&#8221;&#8230;<\/p>\n","protected":false},"author":1,"featured_media":73683,"comment_status":"open","ping_status":"open","sticky":false,"template":"","format":"standard","meta":{"footnotes":""},"categories":[97,78,75],"tags":[2559,11263,5025,8637],"class_list":["post-73682","post","type-post","status-publish","format-standard","has-post-thumbnail","hentry","category-alcoy","category-fiestaycultura","category-noticias","tag-camilo-sesto","tag-canciones","tag-espectaculo","tag-musical"],"yoast_head":"<!-- This site is optimized with the Yoast SEO plugin v27.3 - https:\/\/yoast.com\/product\/yoast-seo-wordpress\/ -->\n<title>Las canciones de Camilo Sesto revivir\u00e1n en un espect\u00e1culo con m\u00e1s de 20 artistas - COPE Alcoy<\/title>\n<meta name=\"robots\" content=\"index, follow, max-snippet:-1, max-image-preview:large, max-video-preview:-1\" \/>\n<link rel=\"canonical\" href=\"https:\/\/www.copealcoy.es\/es\/las-canciones-de-camilo-sesto-reviviran-en-un-espectaculo-con-mas-de-20-artistas\/\" \/>\n<meta property=\"og:locale\" content=\"es_ES\" \/>\n<meta property=\"og:type\" content=\"article\" \/>\n<meta property=\"og:title\" content=\"Las canciones de Camilo Sesto revivir\u00e1n en un espect\u00e1culo con m\u00e1s de 20 artistas - COPE Alcoy\" \/>\n<meta property=\"og:description\" content=\"M\u00e1s de 20 artistas participar\u00e1n a partir de diciembre en un nuevo espect\u00e1culo llamado &#8220;Vivir as\u00ed es morir de amor&#8221;...\" \/>\n<meta property=\"og:url\" content=\"https:\/\/www.copealcoy.es\/es\/las-canciones-de-camilo-sesto-reviviran-en-un-espectaculo-con-mas-de-20-artistas\/\" \/>\n<meta property=\"og:site_name\" content=\"COPE Alcoy\" \/>\n<meta property=\"article:published_time\" content=\"2021-05-17T11:23:56+00:00\" \/>\n<meta property=\"article:modified_time\" content=\"2021-05-17T11:35:52+00:00\" \/>\n<meta property=\"og:image\" content=\"https:\/\/www.copealcoy.es\/wp-content\/uploads\/2021\/05\/185931934_6170387066320759_2878517755797379639_n.jpg\" \/>\n\t<meta property=\"og:image:width\" content=\"960\" \/>\n\t<meta property=\"og:image:height\" content=\"720\" \/>\n\t<meta property=\"og:image:type\" content=\"image\/jpeg\" \/>\n<meta name=\"author\" content=\"Cope Alcoy\" \/>\n<meta name=\"twitter:label1\" content=\"Escrito por\" \/>\n\t<meta name=\"twitter:data1\" content=\"Cope Alcoy\" \/>\n\t<meta name=\"twitter:label2\" content=\"Tiempo de lectura\" \/>\n\t<meta name=\"twitter:data2\" content=\"3 minutos\" \/>\n<script type=\"application\/ld+json\" class=\"yoast-schema-graph\">{\"@context\":\"https:\\\/\\\/schema.org\",\"@graph\":[{\"@type\":\"Article\",\"@id\":\"https:\\\/\\\/www.copealcoy.es\\\/es\\\/las-canciones-de-camilo-sesto-reviviran-en-un-espectaculo-con-mas-de-20-artistas\\\/#article\",\"isPartOf\":{\"@id\":\"https:\\\/\\\/www.copealcoy.es\\\/es\\\/las-canciones-de-camilo-sesto-reviviran-en-un-espectaculo-con-mas-de-20-artistas\\\/\"},\"author\":{\"name\":\"Cope Alcoy\",\"@id\":\"https:\\\/\\\/www.copealcoy.es\\\/es\\\/#\\\/schema\\\/person\\\/e777c87fa024e57d40170af9df39882c\"},\"headline\":\"Las canciones de Camilo Sesto revivir\u00e1n en un espect\u00e1culo con m\u00e1s de 20 artistas\",\"datePublished\":\"2021-05-17T11:23:56+00:00\",\"dateModified\":\"2021-05-17T11:35:52+00:00\",\"mainEntityOfPage\":{\"@id\":\"https:\\\/\\\/www.copealcoy.es\\\/es\\\/las-canciones-de-camilo-sesto-reviviran-en-un-espectaculo-con-mas-de-20-artistas\\\/\"},\"wordCount\":596,\"commentCount\":0,\"image\":{\"@id\":\"https:\\\/\\\/www.copealcoy.es\\\/es\\\/las-canciones-de-camilo-sesto-reviviran-en-un-espectaculo-con-mas-de-20-artistas\\\/#primaryimage\"},\"thumbnailUrl\":\"https:\\\/\\\/www.copealcoy.es\\\/wp-content\\\/uploads\\\/2021\\\/05\\\/185931934_6170387066320759_2878517755797379639_n.jpg\",\"keywords\":[\"Camilo Sesto\",\"canciones\",\"espect\u00e1culo\",\"musical\"],\"articleSection\":[\"Alcoy\",\"Fiesta y Cultura\",\"Noticias\"],\"inLanguage\":\"es\"},{\"@type\":\"WebPage\",\"@id\":\"https:\\\/\\\/www.copealcoy.es\\\/es\\\/las-canciones-de-camilo-sesto-reviviran-en-un-espectaculo-con-mas-de-20-artistas\\\/\",\"url\":\"https:\\\/\\\/www.copealcoy.es\\\/es\\\/las-canciones-de-camilo-sesto-reviviran-en-un-espectaculo-con-mas-de-20-artistas\\\/\",\"name\":\"Las canciones de Camilo Sesto revivir\u00e1n en un espect\u00e1culo con m\u00e1s de 20 artistas - COPE Alcoy\",\"isPartOf\":{\"@id\":\"https:\\\/\\\/www.copealcoy.es\\\/es\\\/#website\"},\"primaryImageOfPage\":{\"@id\":\"https:\\\/\\\/www.copealcoy.es\\\/es\\\/las-canciones-de-camilo-sesto-reviviran-en-un-espectaculo-con-mas-de-20-artistas\\\/#primaryimage\"},\"image\":{\"@id\":\"https:\\\/\\\/www.copealcoy.es\\\/es\\\/las-canciones-de-camilo-sesto-reviviran-en-un-espectaculo-con-mas-de-20-artistas\\\/#primaryimage\"},\"thumbnailUrl\":\"https:\\\/\\\/www.copealcoy.es\\\/wp-content\\\/uploads\\\/2021\\\/05\\\/185931934_6170387066320759_2878517755797379639_n.jpg\",\"datePublished\":\"2021-05-17T11:23:56+00:00\",\"dateModified\":\"2021-05-17T11:35:52+00:00\",\"author\":{\"@id\":\"https:\\\/\\\/www.copealcoy.es\\\/es\\\/#\\\/schema\\\/person\\\/e777c87fa024e57d40170af9df39882c\"},\"breadcrumb\":{\"@id\":\"https:\\\/\\\/www.copealcoy.es\\\/es\\\/las-canciones-de-camilo-sesto-reviviran-en-un-espectaculo-con-mas-de-20-artistas\\\/#breadcrumb\"},\"inLanguage\":\"es\",\"potentialAction\":[{\"@type\":\"ReadAction\",\"target\":[\"https:\\\/\\\/www.copealcoy.es\\\/es\\\/las-canciones-de-camilo-sesto-reviviran-en-un-espectaculo-con-mas-de-20-artistas\\\/\"]}]},{\"@type\":\"ImageObject\",\"inLanguage\":\"es\",\"@id\":\"https:\\\/\\\/www.copealcoy.es\\\/es\\\/las-canciones-de-camilo-sesto-reviviran-en-un-espectaculo-con-mas-de-20-artistas\\\/#primaryimage\",\"url\":\"https:\\\/\\\/www.copealcoy.es\\\/wp-content\\\/uploads\\\/2021\\\/05\\\/185931934_6170387066320759_2878517755797379639_n.jpg\",\"contentUrl\":\"https:\\\/\\\/www.copealcoy.es\\\/wp-content\\\/uploads\\\/2021\\\/05\\\/185931934_6170387066320759_2878517755797379639_n.jpg\",\"width\":960,\"height\":720},{\"@type\":\"BreadcrumbList\",\"@id\":\"https:\\\/\\\/www.copealcoy.es\\\/es\\\/las-canciones-de-camilo-sesto-reviviran-en-un-espectaculo-con-mas-de-20-artistas\\\/#breadcrumb\",\"itemListElement\":[{\"@type\":\"ListItem\",\"position\":1,\"name\":\"Portada\",\"item\":\"https:\\\/\\\/www.copealcoy.es\\\/es\\\/\"},{\"@type\":\"ListItem\",\"position\":2,\"name\":\"Las canciones de Camilo Sesto revivir\u00e1n en un espect\u00e1culo con m\u00e1s de 20 artistas\"}]},{\"@type\":\"WebSite\",\"@id\":\"https:\\\/\\\/www.copealcoy.es\\\/es\\\/#website\",\"url\":\"https:\\\/\\\/www.copealcoy.es\\\/es\\\/\",\"name\":\"COPE Alcoy\",\"description\":\"Emisora COPE de radio local con emisi\u00f3n online. Pont de Sant Jordi 8-10 03803 Alcoy\",\"potentialAction\":[{\"@type\":\"SearchAction\",\"target\":{\"@type\":\"EntryPoint\",\"urlTemplate\":\"https:\\\/\\\/www.copealcoy.es\\\/es\\\/?s={search_term_string}\"},\"query-input\":{\"@type\":\"PropertyValueSpecification\",\"valueRequired\":true,\"valueName\":\"search_term_string\"}}],\"inLanguage\":\"es\"},{\"@type\":\"Person\",\"@id\":\"https:\\\/\\\/www.copealcoy.es\\\/es\\\/#\\\/schema\\\/person\\\/e777c87fa024e57d40170af9df39882c\",\"name\":\"Cope Alcoy\",\"image\":{\"@type\":\"ImageObject\",\"inLanguage\":\"es\",\"@id\":\"https:\\\/\\\/secure.gravatar.com\\\/avatar\\\/bb65d0283347e303893ba14f0692005417c1e0e690a325a4c5d8bb2b3943ee14?s=96&d=mm&r=g\",\"url\":\"https:\\\/\\\/secure.gravatar.com\\\/avatar\\\/bb65d0283347e303893ba14f0692005417c1e0e690a325a4c5d8bb2b3943ee14?s=96&d=mm&r=g\",\"contentUrl\":\"https:\\\/\\\/secure.gravatar.com\\\/avatar\\\/bb65d0283347e303893ba14f0692005417c1e0e690a325a4c5d8bb2b3943ee14?s=96&d=mm&r=g\",\"caption\":\"Cope Alcoy\"}}]}<\/script>\n<!-- \/ Yoast SEO plugin. -->","yoast_head_json":{"title":"Las canciones de Camilo Sesto revivir\u00e1n en un espect\u00e1culo con m\u00e1s de 20 artistas - COPE Alcoy","robots":{"index":"index","follow":"follow","max-snippet":"max-snippet:-1","max-image-preview":"max-image-preview:large","max-video-preview":"max-video-preview:-1"},"canonical":"https:\/\/www.copealcoy.es\/es\/las-canciones-de-camilo-sesto-reviviran-en-un-espectaculo-con-mas-de-20-artistas\/","og_locale":"es_ES","og_type":"article","og_title":"Las canciones de Camilo Sesto revivir\u00e1n en un espect\u00e1culo con m\u00e1s de 20 artistas - COPE Alcoy","og_description":"M\u00e1s de 20 artistas participar\u00e1n a partir de diciembre en un nuevo espect\u00e1culo llamado &#8220;Vivir as\u00ed es morir de amor&#8221;...","og_url":"https:\/\/www.copealcoy.es\/es\/las-canciones-de-camilo-sesto-reviviran-en-un-espectaculo-con-mas-de-20-artistas\/","og_site_name":"COPE Alcoy","article_published_time":"2021-05-17T11:23:56+00:00","article_modified_time":"2021-05-17T11:35:52+00:00","og_image":[{"width":960,"height":720,"url":"https:\/\/www.copealcoy.es\/wp-content\/uploads\/2021\/05\/185931934_6170387066320759_2878517755797379639_n.jpg","type":"image\/jpeg"}],"author":"Cope Alcoy","twitter_misc":{"Escrito por":"Cope Alcoy","Tiempo de lectura":"3 minutos"},"schema":{"@context":"https:\/\/schema.org","@graph":[{"@type":"Article","@id":"https:\/\/www.copealcoy.es\/es\/las-canciones-de-camilo-sesto-reviviran-en-un-espectaculo-con-mas-de-20-artistas\/#article","isPartOf":{"@id":"https:\/\/www.copealcoy.es\/es\/las-canciones-de-camilo-sesto-reviviran-en-un-espectaculo-con-mas-de-20-artistas\/"},"author":{"name":"Cope Alcoy","@id":"https:\/\/www.copealcoy.es\/es\/#\/schema\/person\/e777c87fa024e57d40170af9df39882c"},"headline":"Las canciones de Camilo Sesto revivir\u00e1n en un espect\u00e1culo con m\u00e1s de 20 artistas","datePublished":"2021-05-17T11:23:56+00:00","dateModified":"2021-05-17T11:35:52+00:00","mainEntityOfPage":{"@id":"https:\/\/www.copealcoy.es\/es\/las-canciones-de-camilo-sesto-reviviran-en-un-espectaculo-con-mas-de-20-artistas\/"},"wordCount":596,"commentCount":0,"image":{"@id":"https:\/\/www.copealcoy.es\/es\/las-canciones-de-camilo-sesto-reviviran-en-un-espectaculo-con-mas-de-20-artistas\/#primaryimage"},"thumbnailUrl":"https:\/\/www.copealcoy.es\/wp-content\/uploads\/2021\/05\/185931934_6170387066320759_2878517755797379639_n.jpg","keywords":["Camilo Sesto","canciones","espect\u00e1culo","musical"],"articleSection":["Alcoy","Fiesta y Cultura","Noticias"],"inLanguage":"es"},{"@type":"WebPage","@id":"https:\/\/www.copealcoy.es\/es\/las-canciones-de-camilo-sesto-reviviran-en-un-espectaculo-con-mas-de-20-artistas\/","url":"https:\/\/www.copealcoy.es\/es\/las-canciones-de-camilo-sesto-reviviran-en-un-espectaculo-con-mas-de-20-artistas\/","name":"Las canciones de Camilo Sesto revivir\u00e1n en un espect\u00e1culo con m\u00e1s de 20 artistas - COPE Alcoy","isPartOf":{"@id":"https:\/\/www.copealcoy.es\/es\/#website"},"primaryImageOfPage":{"@id":"https:\/\/www.copealcoy.es\/es\/las-canciones-de-camilo-sesto-reviviran-en-un-espectaculo-con-mas-de-20-artistas\/#primaryimage"},"image":{"@id":"https:\/\/www.copealcoy.es\/es\/las-canciones-de-camilo-sesto-reviviran-en-un-espectaculo-con-mas-de-20-artistas\/#primaryimage"},"thumbnailUrl":"https:\/\/www.copealcoy.es\/wp-content\/uploads\/2021\/05\/185931934_6170387066320759_2878517755797379639_n.jpg","datePublished":"2021-05-17T11:23:56+00:00","dateModified":"2021-05-17T11:35:52+00:00","author":{"@id":"https:\/\/www.copealcoy.es\/es\/#\/schema\/person\/e777c87fa024e57d40170af9df39882c"},"breadcrumb":{"@id":"https:\/\/www.copealcoy.es\/es\/las-canciones-de-camilo-sesto-reviviran-en-un-espectaculo-con-mas-de-20-artistas\/#breadcrumb"},"inLanguage":"es","potentialAction":[{"@type":"ReadAction","target":["https:\/\/www.copealcoy.es\/es\/las-canciones-de-camilo-sesto-reviviran-en-un-espectaculo-con-mas-de-20-artistas\/"]}]},{"@type":"ImageObject","inLanguage":"es","@id":"https:\/\/www.copealcoy.es\/es\/las-canciones-de-camilo-sesto-reviviran-en-un-espectaculo-con-mas-de-20-artistas\/#primaryimage","url":"https:\/\/www.copealcoy.es\/wp-content\/uploads\/2021\/05\/185931934_6170387066320759_2878517755797379639_n.jpg","contentUrl":"https:\/\/www.copealcoy.es\/wp-content\/uploads\/2021\/05\/185931934_6170387066320759_2878517755797379639_n.jpg","width":960,"height":720},{"@type":"BreadcrumbList","@id":"https:\/\/www.copealcoy.es\/es\/las-canciones-de-camilo-sesto-reviviran-en-un-espectaculo-con-mas-de-20-artistas\/#breadcrumb","itemListElement":[{"@type":"ListItem","position":1,"name":"Portada","item":"https:\/\/www.copealcoy.es\/es\/"},{"@type":"ListItem","position":2,"name":"Las canciones de Camilo Sesto revivir\u00e1n en un espect\u00e1culo con m\u00e1s de 20 artistas"}]},{"@type":"WebSite","@id":"https:\/\/www.copealcoy.es\/es\/#website","url":"https:\/\/www.copealcoy.es\/es\/","name":"COPE Alcoy","description":"Emisora COPE de radio local con emisi\u00f3n online. Pont de Sant Jordi 8-10 03803 Alcoy","potentialAction":[{"@type":"SearchAction","target":{"@type":"EntryPoint","urlTemplate":"https:\/\/www.copealcoy.es\/es\/?s={search_term_string}"},"query-input":{"@type":"PropertyValueSpecification","valueRequired":true,"valueName":"search_term_string"}}],"inLanguage":"es"},{"@type":"Person","@id":"https:\/\/www.copealcoy.es\/es\/#\/schema\/person\/e777c87fa024e57d40170af9df39882c","name":"Cope Alcoy","image":{"@type":"ImageObject","inLanguage":"es","@id":"https:\/\/secure.gravatar.com\/avatar\/bb65d0283347e303893ba14f0692005417c1e0e690a325a4c5d8bb2b3943ee14?s=96&d=mm&r=g","url":"https:\/\/secure.gravatar.com\/avatar\/bb65d0283347e303893ba14f0692005417c1e0e690a325a4c5d8bb2b3943ee14?s=96&d=mm&r=g","contentUrl":"https:\/\/secure.gravatar.com\/avatar\/bb65d0283347e303893ba14f0692005417c1e0e690a325a4c5d8bb2b3943ee14?s=96&d=mm&r=g","caption":"Cope Alcoy"}}]}},"_links":{"self":[{"href":"https:\/\/www.copealcoy.es\/es\/wp-json\/wp\/v2\/posts\/73682","targetHints":{"allow":["GET"]}}],"collection":[{"href":"https:\/\/www.copealcoy.es\/es\/wp-json\/wp\/v2\/posts"}],"about":[{"href":"https:\/\/www.copealcoy.es\/es\/wp-json\/wp\/v2\/types\/post"}],"author":[{"embeddable":true,"href":"https:\/\/www.copealcoy.es\/es\/wp-json\/wp\/v2\/users\/1"}],"replies":[{"embeddable":true,"href":"https:\/\/www.copealcoy.es\/es\/wp-json\/wp\/v2\/comments?post=73682"}],"version-history":[{"count":0,"href":"https:\/\/www.copealcoy.es\/es\/wp-json\/wp\/v2\/posts\/73682\/revisions"}],"wp:featuredmedia":[{"embeddable":true,"href":"https:\/\/www.copealcoy.es\/es\/wp-json\/wp\/v2\/media\/73683"}],"wp:attachment":[{"href":"https:\/\/www.copealcoy.es\/es\/wp-json\/wp\/v2\/media?parent=73682"}],"wp:term":[{"taxonomy":"category","embeddable":true,"href":"https:\/\/www.copealcoy.es\/es\/wp-json\/wp\/v2\/categories?post=73682"},{"taxonomy":"post_tag","embeddable":true,"href":"https:\/\/www.copealcoy.es\/es\/wp-json\/wp\/v2\/tags?post=73682"}],"curies":[{"name":"wp","href":"https:\/\/api.w.org\/{rel}","templated":true}]}}