{"id":73569,"date":"2021-05-13T15:09:40","date_gmt":"2021-05-13T14:09:40","guid":{"rendered":"https:\/\/www.copealcoy.es\/?p=73569"},"modified":"2021-05-13T15:24:36","modified_gmt":"2021-05-13T14:24:36","slug":"mal-passet-de-cocentaina-prepara-un-concert-extraordinari-per-al-dissabte","status":"publish","type":"post","link":"https:\/\/www.copealcoy.es\/es\/mal-passet-de-cocentaina-prepara-un-concert-extraordinari-per-al-dissabte\/","title":{"rendered":"Mal Passet de Cocentaina prepara un concert extraordinari per al dissabte"},"content":{"rendered":"<p style=\"text-align: justify;\">La <strong>Colla de Doll\u00e7aines i Tabals &#8216;Mal Passet&#8217; de Cocentaina<\/strong> ha preparat <strong>un concert<\/strong> per aquest dissabte 15 de maig a partir de les 18:30h. Ser\u00e0 <strong>la XVIIa edici\u00f3 del Festival de Colles<\/strong> i tindr\u00e0 lloc al Centre Cultural El Teular amb <strong>totes les mesures de seguretat<\/strong> per tal de fer front a la Covid-19.<\/p>\n<p style=\"text-align: justify;\">En aquest any tan diferent i dif\u00edcil, <strong>la Colla vol retre un homenatge a tots els qui els han acompanyat al llarg d\u2019aquestos \u00faltims 12 anys<\/strong> en el Reconeixement Passet a Passet. \u00c9s per aix\u00f3 que, baix el lema &#8216;Concert Reconeixements Passet a Passet&#8217;,\u00a0 Mal Passet <strong>dedicar\u00e0 una pe\u00e7a a cadascun dels guardonats<\/strong>.<\/p>\n<p>Baix <strong>la batuta de Francisco Valor Llor\u00e9ns<\/strong>, la Colla contestana interpretar\u00e0 <strong>peces<\/strong> com &#8216;Al Tall x Sempre&#8217; de Sa\u00fcl G\u00f3mez Soler, &#8216;El Tanina de Cocentaina&#8217;, la &#8216;Malaguenya de Barxeta&#8217; o &#8216;Dependents&#8217; de Jos\u00e9 Rafael Pascual Vilaplana, entre altres.<\/p>\n<p style=\"text-align: justify;\">Assenyalar que <strong>el Reconeixement Passet a Passet va dedicat a totes aquelles persones o entitats que cuiden i fan evolucionar la dol\u00e7aina, el tabal i la seua m\u00fasica<\/strong> com a element cultural i musical dels nostres voltants.<\/p>\n<p style=\"text-align: justify;\">En pro d\u2019aquesta premissa, la Colla <strong>ha atorgat els seg\u00fcents reconeixements<\/strong>:<\/p>\n<ul>\n<li>2009 \u2013 Xavier Richart i Peris<\/li>\n<li>2010 \u2013 Francesc Miquel Vicedo i P\u00e9rez com a primer president\/fundador de la Federaci\u00f3 Valenciana de Dol\u00e7ainers i Tabaleters.<\/li>\n<li>2011 \u2013 Jos\u00e9 Rafael Pascual Vilaplana<\/li>\n<li>2012 \u2013 Seminari de M\u00fasica IES Pare Arques dinamitzat per Josep Alcover i Pons<\/li>\n<li>2013 \u2013 Hip\u00f2lit Agull\u00f3 Ferr\u00e1ndiz<\/li>\n<li>2014 \u2013 Obrint Pas<\/li>\n<li>2015 \u2013 Al Tall<\/li>\n<li>2016 \u2013 Sa\u00fcl G\u00f3mez Soler<\/li>\n<li>2017 \u2013 Antoni de la Asunci\u00f3n<\/li>\n<li>2018 \u2013 Francisco Valor Llor\u00e9ns<\/li>\n<li>2019 \u2013 Xarxa Teatre 2020 \u2013 Vicent Borr\u00e0s \u201cFaenes\u201d<\/li>\n<\/ul>\n","protected":false},"excerpt":{"rendered":"<p>La Colla de Doll\u00e7aines i Tabals &#8216;Mal Passet&#8217; de Cocentaina ha preparat un concert per aquest dissabte 15 de maig&#8230;<\/p>\n","protected":false},"author":1,"featured_media":11059,"comment_status":"open","ping_status":"open","sticky":false,"template":"","format":"standard","meta":{"footnotes":""},"categories":[98,75],"tags":[132,11236,794,11237],"class_list":["post-73569","post","type-post","status-publish","format-standard","has-post-thumbnail","hentry","category-comarcas","category-noticias","tag-cocentaina","tag-concert-extraordinari","tag-mal-passet","tag-reconeixement-passet-a-passet"],"yoast_head":"<!-- This site is optimized with the Yoast SEO plugin v27.3 - https:\/\/yoast.com\/product\/yoast-seo-wordpress\/ -->\n<title>Mal Passet de Cocentaina prepara un concert extraordinari per al dissabte - COPE Alcoy<\/title>\n<meta name=\"robots\" content=\"index, follow, max-snippet:-1, max-image-preview:large, max-video-preview:-1\" \/>\n<link rel=\"canonical\" href=\"https:\/\/www.copealcoy.es\/es\/mal-passet-de-cocentaina-prepara-un-concert-extraordinari-per-al-dissabte\/\" \/>\n<meta property=\"og:locale\" content=\"es_ES\" \/>\n<meta property=\"og:type\" content=\"article\" \/>\n<meta property=\"og:title\" content=\"Mal Passet de Cocentaina prepara un concert extraordinari per al dissabte - COPE Alcoy\" \/>\n<meta property=\"og:description\" content=\"La Colla de Doll\u00e7aines i Tabals &#8216;Mal Passet&#8217; de Cocentaina ha preparat un concert per aquest dissabte 15 de maig...\" \/>\n<meta property=\"og:url\" content=\"https:\/\/www.copealcoy.es\/es\/mal-passet-de-cocentaina-prepara-un-concert-extraordinari-per-al-dissabte\/\" \/>\n<meta property=\"og:site_name\" content=\"COPE Alcoy\" \/>\n<meta property=\"article:published_time\" content=\"2021-05-13T14:09:40+00:00\" \/>\n<meta property=\"article:modified_time\" content=\"2021-05-13T14:24:36+00:00\" \/>\n<meta property=\"og:image\" content=\"https:\/\/www.copealcoy.es\/wp-content\/uploads\/2015\/03\/image14.jpg\" \/>\n\t<meta property=\"og:image:width\" content=\"2048\" \/>\n\t<meta property=\"og:image:height\" content=\"1362\" \/>\n\t<meta property=\"og:image:type\" content=\"image\/jpeg\" \/>\n<meta name=\"author\" content=\"Cope Alcoy\" \/>\n<meta name=\"twitter:label1\" content=\"Escrito por\" \/>\n\t<meta name=\"twitter:data1\" content=\"Cope Alcoy\" \/>\n\t<meta name=\"twitter:label2\" content=\"Tiempo de lectura\" \/>\n\t<meta name=\"twitter:data2\" content=\"1 minuto\" \/>\n<script type=\"application\/ld+json\" class=\"yoast-schema-graph\">{\"@context\":\"https:\\\/\\\/schema.org\",\"@graph\":[{\"@type\":\"Article\",\"@id\":\"https:\\\/\\\/www.copealcoy.es\\\/es\\\/mal-passet-de-cocentaina-prepara-un-concert-extraordinari-per-al-dissabte\\\/#article\",\"isPartOf\":{\"@id\":\"https:\\\/\\\/www.copealcoy.es\\\/es\\\/mal-passet-de-cocentaina-prepara-un-concert-extraordinari-per-al-dissabte\\\/\"},\"author\":{\"name\":\"Cope Alcoy\",\"@id\":\"https:\\\/\\\/www.copealcoy.es\\\/es\\\/#\\\/schema\\\/person\\\/e777c87fa024e57d40170af9df39882c\"},\"headline\":\"Mal Passet de Cocentaina prepara un concert extraordinari per al dissabte\",\"datePublished\":\"2021-05-13T14:09:40+00:00\",\"dateModified\":\"2021-05-13T14:24:36+00:00\",\"mainEntityOfPage\":{\"@id\":\"https:\\\/\\\/www.copealcoy.es\\\/es\\\/mal-passet-de-cocentaina-prepara-un-concert-extraordinari-per-al-dissabte\\\/\"},\"wordCount\":284,\"commentCount\":0,\"image\":{\"@id\":\"https:\\\/\\\/www.copealcoy.es\\\/es\\\/mal-passet-de-cocentaina-prepara-un-concert-extraordinari-per-al-dissabte\\\/#primaryimage\"},\"thumbnailUrl\":\"https:\\\/\\\/www.copealcoy.es\\\/wp-content\\\/uploads\\\/2015\\\/03\\\/image14.jpg\",\"keywords\":[\"Cocentaina\",\"concert extraordinari\",\"Mal Passet\",\"Reconeixement Passet a Passet\"],\"articleSection\":[\"Comarcas\",\"Noticias\"],\"inLanguage\":\"es\"},{\"@type\":\"WebPage\",\"@id\":\"https:\\\/\\\/www.copealcoy.es\\\/es\\\/mal-passet-de-cocentaina-prepara-un-concert-extraordinari-per-al-dissabte\\\/\",\"url\":\"https:\\\/\\\/www.copealcoy.es\\\/es\\\/mal-passet-de-cocentaina-prepara-un-concert-extraordinari-per-al-dissabte\\\/\",\"name\":\"Mal Passet de Cocentaina prepara un concert extraordinari per al dissabte - COPE Alcoy\",\"isPartOf\":{\"@id\":\"https:\\\/\\\/www.copealcoy.es\\\/es\\\/#website\"},\"primaryImageOfPage\":{\"@id\":\"https:\\\/\\\/www.copealcoy.es\\\/es\\\/mal-passet-de-cocentaina-prepara-un-concert-extraordinari-per-al-dissabte\\\/#primaryimage\"},\"image\":{\"@id\":\"https:\\\/\\\/www.copealcoy.es\\\/es\\\/mal-passet-de-cocentaina-prepara-un-concert-extraordinari-per-al-dissabte\\\/#primaryimage\"},\"thumbnailUrl\":\"https:\\\/\\\/www.copealcoy.es\\\/wp-content\\\/uploads\\\/2015\\\/03\\\/image14.jpg\",\"datePublished\":\"2021-05-13T14:09:40+00:00\",\"dateModified\":\"2021-05-13T14:24:36+00:00\",\"author\":{\"@id\":\"https:\\\/\\\/www.copealcoy.es\\\/es\\\/#\\\/schema\\\/person\\\/e777c87fa024e57d40170af9df39882c\"},\"breadcrumb\":{\"@id\":\"https:\\\/\\\/www.copealcoy.es\\\/es\\\/mal-passet-de-cocentaina-prepara-un-concert-extraordinari-per-al-dissabte\\\/#breadcrumb\"},\"inLanguage\":\"es\",\"potentialAction\":[{\"@type\":\"ReadAction\",\"target\":[\"https:\\\/\\\/www.copealcoy.es\\\/es\\\/mal-passet-de-cocentaina-prepara-un-concert-extraordinari-per-al-dissabte\\\/\"]}]},{\"@type\":\"ImageObject\",\"inLanguage\":\"es\",\"@id\":\"https:\\\/\\\/www.copealcoy.es\\\/es\\\/mal-passet-de-cocentaina-prepara-un-concert-extraordinari-per-al-dissabte\\\/#primaryimage\",\"url\":\"https:\\\/\\\/www.copealcoy.es\\\/wp-content\\\/uploads\\\/2015\\\/03\\\/image14.jpg\",\"contentUrl\":\"https:\\\/\\\/www.copealcoy.es\\\/wp-content\\\/uploads\\\/2015\\\/03\\\/image14.jpg\",\"width\":1624,\"height\":1080,\"caption\":\"El Festival de Colles del Mal Passet es una cita consolidada en Cocentaina\"},{\"@type\":\"BreadcrumbList\",\"@id\":\"https:\\\/\\\/www.copealcoy.es\\\/es\\\/mal-passet-de-cocentaina-prepara-un-concert-extraordinari-per-al-dissabte\\\/#breadcrumb\",\"itemListElement\":[{\"@type\":\"ListItem\",\"position\":1,\"name\":\"Portada\",\"item\":\"https:\\\/\\\/www.copealcoy.es\\\/es\\\/\"},{\"@type\":\"ListItem\",\"position\":2,\"name\":\"Mal Passet de Cocentaina prepara un concert extraordinari per al dissabte\"}]},{\"@type\":\"WebSite\",\"@id\":\"https:\\\/\\\/www.copealcoy.es\\\/es\\\/#website\",\"url\":\"https:\\\/\\\/www.copealcoy.es\\\/es\\\/\",\"name\":\"COPE Alcoy\",\"description\":\"Emisora COPE de radio local con emisi\u00f3n online. Pont de Sant Jordi 8-10 03803 Alcoy\",\"potentialAction\":[{\"@type\":\"SearchAction\",\"target\":{\"@type\":\"EntryPoint\",\"urlTemplate\":\"https:\\\/\\\/www.copealcoy.es\\\/es\\\/?s={search_term_string}\"},\"query-input\":{\"@type\":\"PropertyValueSpecification\",\"valueRequired\":true,\"valueName\":\"search_term_string\"}}],\"inLanguage\":\"es\"},{\"@type\":\"Person\",\"@id\":\"https:\\\/\\\/www.copealcoy.es\\\/es\\\/#\\\/schema\\\/person\\\/e777c87fa024e57d40170af9df39882c\",\"name\":\"Cope Alcoy\",\"image\":{\"@type\":\"ImageObject\",\"inLanguage\":\"es\",\"@id\":\"https:\\\/\\\/secure.gravatar.com\\\/avatar\\\/bb65d0283347e303893ba14f0692005417c1e0e690a325a4c5d8bb2b3943ee14?s=96&d=mm&r=g\",\"url\":\"https:\\\/\\\/secure.gravatar.com\\\/avatar\\\/bb65d0283347e303893ba14f0692005417c1e0e690a325a4c5d8bb2b3943ee14?s=96&d=mm&r=g\",\"contentUrl\":\"https:\\\/\\\/secure.gravatar.com\\\/avatar\\\/bb65d0283347e303893ba14f0692005417c1e0e690a325a4c5d8bb2b3943ee14?s=96&d=mm&r=g\",\"caption\":\"Cope Alcoy\"}}]}<\/script>\n<!-- \/ Yoast SEO plugin. -->","yoast_head_json":{"title":"Mal Passet de Cocentaina prepara un concert extraordinari per al dissabte - COPE Alcoy","robots":{"index":"index","follow":"follow","max-snippet":"max-snippet:-1","max-image-preview":"max-image-preview:large","max-video-preview":"max-video-preview:-1"},"canonical":"https:\/\/www.copealcoy.es\/es\/mal-passet-de-cocentaina-prepara-un-concert-extraordinari-per-al-dissabte\/","og_locale":"es_ES","og_type":"article","og_title":"Mal Passet de Cocentaina prepara un concert extraordinari per al dissabte - COPE Alcoy","og_description":"La Colla de Doll\u00e7aines i Tabals &#8216;Mal Passet&#8217; de Cocentaina ha preparat un concert per aquest dissabte 15 de maig...","og_url":"https:\/\/www.copealcoy.es\/es\/mal-passet-de-cocentaina-prepara-un-concert-extraordinari-per-al-dissabte\/","og_site_name":"COPE Alcoy","article_published_time":"2021-05-13T14:09:40+00:00","article_modified_time":"2021-05-13T14:24:36+00:00","og_image":[{"width":2048,"height":1362,"url":"https:\/\/www.copealcoy.es\/wp-content\/uploads\/2015\/03\/image14.jpg","type":"image\/jpeg"}],"author":"Cope Alcoy","twitter_misc":{"Escrito por":"Cope Alcoy","Tiempo de lectura":"1 minuto"},"schema":{"@context":"https:\/\/schema.org","@graph":[{"@type":"Article","@id":"https:\/\/www.copealcoy.es\/es\/mal-passet-de-cocentaina-prepara-un-concert-extraordinari-per-al-dissabte\/#article","isPartOf":{"@id":"https:\/\/www.copealcoy.es\/es\/mal-passet-de-cocentaina-prepara-un-concert-extraordinari-per-al-dissabte\/"},"author":{"name":"Cope Alcoy","@id":"https:\/\/www.copealcoy.es\/es\/#\/schema\/person\/e777c87fa024e57d40170af9df39882c"},"headline":"Mal Passet de Cocentaina prepara un concert extraordinari per al dissabte","datePublished":"2021-05-13T14:09:40+00:00","dateModified":"2021-05-13T14:24:36+00:00","mainEntityOfPage":{"@id":"https:\/\/www.copealcoy.es\/es\/mal-passet-de-cocentaina-prepara-un-concert-extraordinari-per-al-dissabte\/"},"wordCount":284,"commentCount":0,"image":{"@id":"https:\/\/www.copealcoy.es\/es\/mal-passet-de-cocentaina-prepara-un-concert-extraordinari-per-al-dissabte\/#primaryimage"},"thumbnailUrl":"https:\/\/www.copealcoy.es\/wp-content\/uploads\/2015\/03\/image14.jpg","keywords":["Cocentaina","concert extraordinari","Mal Passet","Reconeixement Passet a Passet"],"articleSection":["Comarcas","Noticias"],"inLanguage":"es"},{"@type":"WebPage","@id":"https:\/\/www.copealcoy.es\/es\/mal-passet-de-cocentaina-prepara-un-concert-extraordinari-per-al-dissabte\/","url":"https:\/\/www.copealcoy.es\/es\/mal-passet-de-cocentaina-prepara-un-concert-extraordinari-per-al-dissabte\/","name":"Mal Passet de Cocentaina prepara un concert extraordinari per al dissabte - COPE Alcoy","isPartOf":{"@id":"https:\/\/www.copealcoy.es\/es\/#website"},"primaryImageOfPage":{"@id":"https:\/\/www.copealcoy.es\/es\/mal-passet-de-cocentaina-prepara-un-concert-extraordinari-per-al-dissabte\/#primaryimage"},"image":{"@id":"https:\/\/www.copealcoy.es\/es\/mal-passet-de-cocentaina-prepara-un-concert-extraordinari-per-al-dissabte\/#primaryimage"},"thumbnailUrl":"https:\/\/www.copealcoy.es\/wp-content\/uploads\/2015\/03\/image14.jpg","datePublished":"2021-05-13T14:09:40+00:00","dateModified":"2021-05-13T14:24:36+00:00","author":{"@id":"https:\/\/www.copealcoy.es\/es\/#\/schema\/person\/e777c87fa024e57d40170af9df39882c"},"breadcrumb":{"@id":"https:\/\/www.copealcoy.es\/es\/mal-passet-de-cocentaina-prepara-un-concert-extraordinari-per-al-dissabte\/#breadcrumb"},"inLanguage":"es","potentialAction":[{"@type":"ReadAction","target":["https:\/\/www.copealcoy.es\/es\/mal-passet-de-cocentaina-prepara-un-concert-extraordinari-per-al-dissabte\/"]}]},{"@type":"ImageObject","inLanguage":"es","@id":"https:\/\/www.copealcoy.es\/es\/mal-passet-de-cocentaina-prepara-un-concert-extraordinari-per-al-dissabte\/#primaryimage","url":"https:\/\/www.copealcoy.es\/wp-content\/uploads\/2015\/03\/image14.jpg","contentUrl":"https:\/\/www.copealcoy.es\/wp-content\/uploads\/2015\/03\/image14.jpg","width":1624,"height":1080,"caption":"El Festival de Colles del Mal Passet es una cita consolidada en Cocentaina"},{"@type":"BreadcrumbList","@id":"https:\/\/www.copealcoy.es\/es\/mal-passet-de-cocentaina-prepara-un-concert-extraordinari-per-al-dissabte\/#breadcrumb","itemListElement":[{"@type":"ListItem","position":1,"name":"Portada","item":"https:\/\/www.copealcoy.es\/es\/"},{"@type":"ListItem","position":2,"name":"Mal Passet de Cocentaina prepara un concert extraordinari per al dissabte"}]},{"@type":"WebSite","@id":"https:\/\/www.copealcoy.es\/es\/#website","url":"https:\/\/www.copealcoy.es\/es\/","name":"COPE Alcoy","description":"Emisora COPE de radio local con emisi\u00f3n online. Pont de Sant Jordi 8-10 03803 Alcoy","potentialAction":[{"@type":"SearchAction","target":{"@type":"EntryPoint","urlTemplate":"https:\/\/www.copealcoy.es\/es\/?s={search_term_string}"},"query-input":{"@type":"PropertyValueSpecification","valueRequired":true,"valueName":"search_term_string"}}],"inLanguage":"es"},{"@type":"Person","@id":"https:\/\/www.copealcoy.es\/es\/#\/schema\/person\/e777c87fa024e57d40170af9df39882c","name":"Cope Alcoy","image":{"@type":"ImageObject","inLanguage":"es","@id":"https:\/\/secure.gravatar.com\/avatar\/bb65d0283347e303893ba14f0692005417c1e0e690a325a4c5d8bb2b3943ee14?s=96&d=mm&r=g","url":"https:\/\/secure.gravatar.com\/avatar\/bb65d0283347e303893ba14f0692005417c1e0e690a325a4c5d8bb2b3943ee14?s=96&d=mm&r=g","contentUrl":"https:\/\/secure.gravatar.com\/avatar\/bb65d0283347e303893ba14f0692005417c1e0e690a325a4c5d8bb2b3943ee14?s=96&d=mm&r=g","caption":"Cope Alcoy"}}]}},"_links":{"self":[{"href":"https:\/\/www.copealcoy.es\/es\/wp-json\/wp\/v2\/posts\/73569","targetHints":{"allow":["GET"]}}],"collection":[{"href":"https:\/\/www.copealcoy.es\/es\/wp-json\/wp\/v2\/posts"}],"about":[{"href":"https:\/\/www.copealcoy.es\/es\/wp-json\/wp\/v2\/types\/post"}],"author":[{"embeddable":true,"href":"https:\/\/www.copealcoy.es\/es\/wp-json\/wp\/v2\/users\/1"}],"replies":[{"embeddable":true,"href":"https:\/\/www.copealcoy.es\/es\/wp-json\/wp\/v2\/comments?post=73569"}],"version-history":[{"count":0,"href":"https:\/\/www.copealcoy.es\/es\/wp-json\/wp\/v2\/posts\/73569\/revisions"}],"wp:featuredmedia":[{"embeddable":true,"href":"https:\/\/www.copealcoy.es\/es\/wp-json\/wp\/v2\/media\/11059"}],"wp:attachment":[{"href":"https:\/\/www.copealcoy.es\/es\/wp-json\/wp\/v2\/media?parent=73569"}],"wp:term":[{"taxonomy":"category","embeddable":true,"href":"https:\/\/www.copealcoy.es\/es\/wp-json\/wp\/v2\/categories?post=73569"},{"taxonomy":"post_tag","embeddable":true,"href":"https:\/\/www.copealcoy.es\/es\/wp-json\/wp\/v2\/tags?post=73569"}],"curies":[{"name":"wp","href":"https:\/\/api.w.org\/{rel}","templated":true}]}}