{"id":73327,"date":"2021-04-28T10:03:14","date_gmt":"2021-04-28T09:03:14","guid":{"rendered":"https:\/\/www.copealcoy.es\/?p=73327"},"modified":"2021-04-28T18:10:05","modified_gmt":"2021-04-28T17:10:05","slug":"frances-no-descarta-ejecutar-cambios-en-su-gobierno-municipal","status":"publish","type":"post","link":"https:\/\/www.copealcoy.es\/es\/frances-no-descarta-ejecutar-cambios-en-su-gobierno-municipal\/","title":{"rendered":"Franc\u00e9s no descarta ejecutar cambios en su Gobierno Municipal"},"content":{"rendered":"<p style=\"text-align: justify;\">El alcalde de Alcoy <strong>estudia realizar cambios en su Gobierno Municipal de cara al mes de junio<\/strong>, cuando<strong> se cumplir\u00e1n dos a\u00f1os del inicio de la actual legislatura<\/strong>, y despu\u00e9s de que <strong>la edil Lorena Zamorano<\/strong> vaya a <strong>compaginar<\/strong> a partir de ahora la tarea de estar al frente de sus concejal\u00edas con el puesto de secretaria del Ayuntamiento de Muro.<\/p>\n<p style=\"text-align: justify;\">As\u00ed lo asegur\u00f3\u00a0ayer el primer edil en COPE ALCOY al mismo tiempo que <strong>se mostr\u00f3 cr\u00edtico con las afirmaciones<\/strong> que han hecho en los \u00faltimos d\u00edas algunos partidos pol\u00edticos de la oposici\u00f3n <strong>sobre la nueva situaci\u00f3n de Lorena Zamorano<\/strong>. Franc\u00e9s ha indicado al respecto <strong>la concejala Zamorano est\u00e1 compaginando perfectamente sus dos funciones<\/strong> y ha remarcado que en su Equipo de Gobierno &#8220;<em>estamos ahora en un momento clave para poder repensar si hay algunas competencias que modificar en el Ejecutivo o reorientar la acci\u00f3n de Gobierno para priorizar determinadas \u00e1reas&#8221;<\/em>, dijo.<\/p>\n<p style=\"text-align: justify;\">El alcalde <strong>no concret\u00f3<\/strong>\u00a0si los cambios que tiene previsto realizar afectar\u00e1n solo a modificaciones en las concejal\u00edas o a la entrada y salida de ediles.<\/p>\n","protected":false},"excerpt":{"rendered":"<p>El alcalde de Alcoy estudia realizar cambios en su Gobierno Municipal de cara al mes de junio, cuando se cumplir\u00e1n&#8230;<\/p>\n","protected":false},"author":1,"featured_media":73328,"comment_status":"open","ping_status":"open","sticky":false,"template":"","format":"standard","meta":{"footnotes":""},"categories":[97,75,79],"tags":[1109,4669,11199,671,1195,1796],"class_list":["post-73327","post","type-post","status-publish","format-standard","has-post-thumbnail","hentry","category-alcoy","category-noticias","category-politicayeconomia","tag-cambios","tag-ecuador-legislatura","tag-ejecutivo-municipal","tag-frances","tag-gobierno-local","tag-lorena-zamorano"],"yoast_head":"<!-- This site is optimized with the Yoast SEO plugin v27.3 - https:\/\/yoast.com\/product\/yoast-seo-wordpress\/ -->\n<title>Franc\u00e9s no descarta ejecutar cambios en su Gobierno Municipal - COPE Alcoy<\/title>\n<meta name=\"robots\" content=\"index, follow, max-snippet:-1, max-image-preview:large, max-video-preview:-1\" \/>\n<link rel=\"canonical\" href=\"https:\/\/www.copealcoy.es\/es\/frances-no-descarta-ejecutar-cambios-en-su-gobierno-municipal\/\" \/>\n<meta property=\"og:locale\" content=\"es_ES\" \/>\n<meta property=\"og:type\" content=\"article\" \/>\n<meta property=\"og:title\" content=\"Franc\u00e9s no descarta ejecutar cambios en su Gobierno Municipal - COPE Alcoy\" \/>\n<meta property=\"og:description\" content=\"El alcalde de Alcoy estudia realizar cambios en su Gobierno Municipal de cara al mes de junio, cuando se cumplir\u00e1n...\" \/>\n<meta property=\"og:url\" content=\"https:\/\/www.copealcoy.es\/es\/frances-no-descarta-ejecutar-cambios-en-su-gobierno-municipal\/\" \/>\n<meta property=\"og:site_name\" content=\"COPE Alcoy\" \/>\n<meta property=\"article:published_time\" content=\"2021-04-28T09:03:14+00:00\" \/>\n<meta property=\"article:modified_time\" content=\"2021-04-28T17:10:05+00:00\" \/>\n<meta property=\"og:image\" content=\"https:\/\/www.copealcoy.es\/wp-content\/uploads\/2021\/04\/178519782_2378810522262419_8041177704066259885_n-e1619600635711.jpeg\" \/>\n\t<meta property=\"og:image:width\" content=\"1436\" \/>\n\t<meta property=\"og:image:height\" content=\"849\" \/>\n\t<meta property=\"og:image:type\" content=\"image\/jpeg\" \/>\n<meta name=\"author\" content=\"Cope Alcoy\" \/>\n<meta name=\"twitter:label1\" content=\"Escrito por\" \/>\n\t<meta name=\"twitter:data1\" content=\"Cope Alcoy\" \/>\n\t<meta name=\"twitter:label2\" content=\"Tiempo de lectura\" \/>\n\t<meta name=\"twitter:data2\" content=\"1 minuto\" \/>\n<script type=\"application\/ld+json\" class=\"yoast-schema-graph\">{\"@context\":\"https:\\\/\\\/schema.org\",\"@graph\":[{\"@type\":\"Article\",\"@id\":\"https:\\\/\\\/www.copealcoy.es\\\/es\\\/frances-no-descarta-ejecutar-cambios-en-su-gobierno-municipal\\\/#article\",\"isPartOf\":{\"@id\":\"https:\\\/\\\/www.copealcoy.es\\\/es\\\/frances-no-descarta-ejecutar-cambios-en-su-gobierno-municipal\\\/\"},\"author\":{\"name\":\"Cope Alcoy\",\"@id\":\"https:\\\/\\\/www.copealcoy.es\\\/es\\\/#\\\/schema\\\/person\\\/e777c87fa024e57d40170af9df39882c\"},\"headline\":\"Franc\u00e9s no descarta ejecutar cambios en su Gobierno Municipal\",\"datePublished\":\"2021-04-28T09:03:14+00:00\",\"dateModified\":\"2021-04-28T17:10:05+00:00\",\"mainEntityOfPage\":{\"@id\":\"https:\\\/\\\/www.copealcoy.es\\\/es\\\/frances-no-descarta-ejecutar-cambios-en-su-gobierno-municipal\\\/\"},\"wordCount\":202,\"commentCount\":0,\"image\":{\"@id\":\"https:\\\/\\\/www.copealcoy.es\\\/es\\\/frances-no-descarta-ejecutar-cambios-en-su-gobierno-municipal\\\/#primaryimage\"},\"thumbnailUrl\":\"https:\\\/\\\/www.copealcoy.es\\\/wp-content\\\/uploads\\\/2021\\\/04\\\/178519782_2378810522262419_8041177704066259885_n-e1619600635711.jpeg\",\"keywords\":[\"Cambios\",\"ecuador legislatura\",\"Ejecutivo Municipal\",\"Franc\u00e9s\",\"Gobierno Local\",\"Lorena Zamorano\"],\"articleSection\":[\"Alcoy\",\"Noticias\",\"Pol\u00edtica y Econom\u00eda\"],\"inLanguage\":\"es\"},{\"@type\":\"WebPage\",\"@id\":\"https:\\\/\\\/www.copealcoy.es\\\/es\\\/frances-no-descarta-ejecutar-cambios-en-su-gobierno-municipal\\\/\",\"url\":\"https:\\\/\\\/www.copealcoy.es\\\/es\\\/frances-no-descarta-ejecutar-cambios-en-su-gobierno-municipal\\\/\",\"name\":\"Franc\u00e9s no descarta ejecutar cambios en su Gobierno Municipal - COPE Alcoy\",\"isPartOf\":{\"@id\":\"https:\\\/\\\/www.copealcoy.es\\\/es\\\/#website\"},\"primaryImageOfPage\":{\"@id\":\"https:\\\/\\\/www.copealcoy.es\\\/es\\\/frances-no-descarta-ejecutar-cambios-en-su-gobierno-municipal\\\/#primaryimage\"},\"image\":{\"@id\":\"https:\\\/\\\/www.copealcoy.es\\\/es\\\/frances-no-descarta-ejecutar-cambios-en-su-gobierno-municipal\\\/#primaryimage\"},\"thumbnailUrl\":\"https:\\\/\\\/www.copealcoy.es\\\/wp-content\\\/uploads\\\/2021\\\/04\\\/178519782_2378810522262419_8041177704066259885_n-e1619600635711.jpeg\",\"datePublished\":\"2021-04-28T09:03:14+00:00\",\"dateModified\":\"2021-04-28T17:10:05+00:00\",\"author\":{\"@id\":\"https:\\\/\\\/www.copealcoy.es\\\/es\\\/#\\\/schema\\\/person\\\/e777c87fa024e57d40170af9df39882c\"},\"breadcrumb\":{\"@id\":\"https:\\\/\\\/www.copealcoy.es\\\/es\\\/frances-no-descarta-ejecutar-cambios-en-su-gobierno-municipal\\\/#breadcrumb\"},\"inLanguage\":\"es\",\"potentialAction\":[{\"@type\":\"ReadAction\",\"target\":[\"https:\\\/\\\/www.copealcoy.es\\\/es\\\/frances-no-descarta-ejecutar-cambios-en-su-gobierno-municipal\\\/\"]}]},{\"@type\":\"ImageObject\",\"inLanguage\":\"es\",\"@id\":\"https:\\\/\\\/www.copealcoy.es\\\/es\\\/frances-no-descarta-ejecutar-cambios-en-su-gobierno-municipal\\\/#primaryimage\",\"url\":\"https:\\\/\\\/www.copealcoy.es\\\/wp-content\\\/uploads\\\/2021\\\/04\\\/178519782_2378810522262419_8041177704066259885_n-e1619600635711.jpeg\",\"contentUrl\":\"https:\\\/\\\/www.copealcoy.es\\\/wp-content\\\/uploads\\\/2021\\\/04\\\/178519782_2378810522262419_8041177704066259885_n-e1619600635711.jpeg\",\"width\":1436,\"height\":849},{\"@type\":\"BreadcrumbList\",\"@id\":\"https:\\\/\\\/www.copealcoy.es\\\/es\\\/frances-no-descarta-ejecutar-cambios-en-su-gobierno-municipal\\\/#breadcrumb\",\"itemListElement\":[{\"@type\":\"ListItem\",\"position\":1,\"name\":\"Portada\",\"item\":\"https:\\\/\\\/www.copealcoy.es\\\/es\\\/\"},{\"@type\":\"ListItem\",\"position\":2,\"name\":\"Franc\u00e9s no descarta ejecutar cambios en su Gobierno Municipal\"}]},{\"@type\":\"WebSite\",\"@id\":\"https:\\\/\\\/www.copealcoy.es\\\/es\\\/#website\",\"url\":\"https:\\\/\\\/www.copealcoy.es\\\/es\\\/\",\"name\":\"COPE Alcoy\",\"description\":\"Emisora COPE de radio local con emisi\u00f3n online. Pont de Sant Jordi 8-10 03803 Alcoy\",\"potentialAction\":[{\"@type\":\"SearchAction\",\"target\":{\"@type\":\"EntryPoint\",\"urlTemplate\":\"https:\\\/\\\/www.copealcoy.es\\\/es\\\/?s={search_term_string}\"},\"query-input\":{\"@type\":\"PropertyValueSpecification\",\"valueRequired\":true,\"valueName\":\"search_term_string\"}}],\"inLanguage\":\"es\"},{\"@type\":\"Person\",\"@id\":\"https:\\\/\\\/www.copealcoy.es\\\/es\\\/#\\\/schema\\\/person\\\/e777c87fa024e57d40170af9df39882c\",\"name\":\"Cope Alcoy\",\"image\":{\"@type\":\"ImageObject\",\"inLanguage\":\"es\",\"@id\":\"https:\\\/\\\/secure.gravatar.com\\\/avatar\\\/bb65d0283347e303893ba14f0692005417c1e0e690a325a4c5d8bb2b3943ee14?s=96&d=mm&r=g\",\"url\":\"https:\\\/\\\/secure.gravatar.com\\\/avatar\\\/bb65d0283347e303893ba14f0692005417c1e0e690a325a4c5d8bb2b3943ee14?s=96&d=mm&r=g\",\"contentUrl\":\"https:\\\/\\\/secure.gravatar.com\\\/avatar\\\/bb65d0283347e303893ba14f0692005417c1e0e690a325a4c5d8bb2b3943ee14?s=96&d=mm&r=g\",\"caption\":\"Cope Alcoy\"}}]}<\/script>\n<!-- \/ Yoast SEO plugin. -->","yoast_head_json":{"title":"Franc\u00e9s no descarta ejecutar cambios en su Gobierno Municipal - COPE Alcoy","robots":{"index":"index","follow":"follow","max-snippet":"max-snippet:-1","max-image-preview":"max-image-preview:large","max-video-preview":"max-video-preview:-1"},"canonical":"https:\/\/www.copealcoy.es\/es\/frances-no-descarta-ejecutar-cambios-en-su-gobierno-municipal\/","og_locale":"es_ES","og_type":"article","og_title":"Franc\u00e9s no descarta ejecutar cambios en su Gobierno Municipal - COPE Alcoy","og_description":"El alcalde de Alcoy estudia realizar cambios en su Gobierno Municipal de cara al mes de junio, cuando se cumplir\u00e1n...","og_url":"https:\/\/www.copealcoy.es\/es\/frances-no-descarta-ejecutar-cambios-en-su-gobierno-municipal\/","og_site_name":"COPE Alcoy","article_published_time":"2021-04-28T09:03:14+00:00","article_modified_time":"2021-04-28T17:10:05+00:00","og_image":[{"width":1436,"height":849,"url":"https:\/\/www.copealcoy.es\/wp-content\/uploads\/2021\/04\/178519782_2378810522262419_8041177704066259885_n-e1619600635711.jpeg","type":"image\/jpeg"}],"author":"Cope Alcoy","twitter_misc":{"Escrito por":"Cope Alcoy","Tiempo de lectura":"1 minuto"},"schema":{"@context":"https:\/\/schema.org","@graph":[{"@type":"Article","@id":"https:\/\/www.copealcoy.es\/es\/frances-no-descarta-ejecutar-cambios-en-su-gobierno-municipal\/#article","isPartOf":{"@id":"https:\/\/www.copealcoy.es\/es\/frances-no-descarta-ejecutar-cambios-en-su-gobierno-municipal\/"},"author":{"name":"Cope Alcoy","@id":"https:\/\/www.copealcoy.es\/es\/#\/schema\/person\/e777c87fa024e57d40170af9df39882c"},"headline":"Franc\u00e9s no descarta ejecutar cambios en su Gobierno Municipal","datePublished":"2021-04-28T09:03:14+00:00","dateModified":"2021-04-28T17:10:05+00:00","mainEntityOfPage":{"@id":"https:\/\/www.copealcoy.es\/es\/frances-no-descarta-ejecutar-cambios-en-su-gobierno-municipal\/"},"wordCount":202,"commentCount":0,"image":{"@id":"https:\/\/www.copealcoy.es\/es\/frances-no-descarta-ejecutar-cambios-en-su-gobierno-municipal\/#primaryimage"},"thumbnailUrl":"https:\/\/www.copealcoy.es\/wp-content\/uploads\/2021\/04\/178519782_2378810522262419_8041177704066259885_n-e1619600635711.jpeg","keywords":["Cambios","ecuador legislatura","Ejecutivo Municipal","Franc\u00e9s","Gobierno Local","Lorena Zamorano"],"articleSection":["Alcoy","Noticias","Pol\u00edtica y Econom\u00eda"],"inLanguage":"es"},{"@type":"WebPage","@id":"https:\/\/www.copealcoy.es\/es\/frances-no-descarta-ejecutar-cambios-en-su-gobierno-municipal\/","url":"https:\/\/www.copealcoy.es\/es\/frances-no-descarta-ejecutar-cambios-en-su-gobierno-municipal\/","name":"Franc\u00e9s no descarta ejecutar cambios en su Gobierno Municipal - COPE Alcoy","isPartOf":{"@id":"https:\/\/www.copealcoy.es\/es\/#website"},"primaryImageOfPage":{"@id":"https:\/\/www.copealcoy.es\/es\/frances-no-descarta-ejecutar-cambios-en-su-gobierno-municipal\/#primaryimage"},"image":{"@id":"https:\/\/www.copealcoy.es\/es\/frances-no-descarta-ejecutar-cambios-en-su-gobierno-municipal\/#primaryimage"},"thumbnailUrl":"https:\/\/www.copealcoy.es\/wp-content\/uploads\/2021\/04\/178519782_2378810522262419_8041177704066259885_n-e1619600635711.jpeg","datePublished":"2021-04-28T09:03:14+00:00","dateModified":"2021-04-28T17:10:05+00:00","author":{"@id":"https:\/\/www.copealcoy.es\/es\/#\/schema\/person\/e777c87fa024e57d40170af9df39882c"},"breadcrumb":{"@id":"https:\/\/www.copealcoy.es\/es\/frances-no-descarta-ejecutar-cambios-en-su-gobierno-municipal\/#breadcrumb"},"inLanguage":"es","potentialAction":[{"@type":"ReadAction","target":["https:\/\/www.copealcoy.es\/es\/frances-no-descarta-ejecutar-cambios-en-su-gobierno-municipal\/"]}]},{"@type":"ImageObject","inLanguage":"es","@id":"https:\/\/www.copealcoy.es\/es\/frances-no-descarta-ejecutar-cambios-en-su-gobierno-municipal\/#primaryimage","url":"https:\/\/www.copealcoy.es\/wp-content\/uploads\/2021\/04\/178519782_2378810522262419_8041177704066259885_n-e1619600635711.jpeg","contentUrl":"https:\/\/www.copealcoy.es\/wp-content\/uploads\/2021\/04\/178519782_2378810522262419_8041177704066259885_n-e1619600635711.jpeg","width":1436,"height":849},{"@type":"BreadcrumbList","@id":"https:\/\/www.copealcoy.es\/es\/frances-no-descarta-ejecutar-cambios-en-su-gobierno-municipal\/#breadcrumb","itemListElement":[{"@type":"ListItem","position":1,"name":"Portada","item":"https:\/\/www.copealcoy.es\/es\/"},{"@type":"ListItem","position":2,"name":"Franc\u00e9s no descarta ejecutar cambios en su Gobierno Municipal"}]},{"@type":"WebSite","@id":"https:\/\/www.copealcoy.es\/es\/#website","url":"https:\/\/www.copealcoy.es\/es\/","name":"COPE Alcoy","description":"Emisora COPE de radio local con emisi\u00f3n online. Pont de Sant Jordi 8-10 03803 Alcoy","potentialAction":[{"@type":"SearchAction","target":{"@type":"EntryPoint","urlTemplate":"https:\/\/www.copealcoy.es\/es\/?s={search_term_string}"},"query-input":{"@type":"PropertyValueSpecification","valueRequired":true,"valueName":"search_term_string"}}],"inLanguage":"es"},{"@type":"Person","@id":"https:\/\/www.copealcoy.es\/es\/#\/schema\/person\/e777c87fa024e57d40170af9df39882c","name":"Cope Alcoy","image":{"@type":"ImageObject","inLanguage":"es","@id":"https:\/\/secure.gravatar.com\/avatar\/bb65d0283347e303893ba14f0692005417c1e0e690a325a4c5d8bb2b3943ee14?s=96&d=mm&r=g","url":"https:\/\/secure.gravatar.com\/avatar\/bb65d0283347e303893ba14f0692005417c1e0e690a325a4c5d8bb2b3943ee14?s=96&d=mm&r=g","contentUrl":"https:\/\/secure.gravatar.com\/avatar\/bb65d0283347e303893ba14f0692005417c1e0e690a325a4c5d8bb2b3943ee14?s=96&d=mm&r=g","caption":"Cope Alcoy"}}]}},"_links":{"self":[{"href":"https:\/\/www.copealcoy.es\/es\/wp-json\/wp\/v2\/posts\/73327","targetHints":{"allow":["GET"]}}],"collection":[{"href":"https:\/\/www.copealcoy.es\/es\/wp-json\/wp\/v2\/posts"}],"about":[{"href":"https:\/\/www.copealcoy.es\/es\/wp-json\/wp\/v2\/types\/post"}],"author":[{"embeddable":true,"href":"https:\/\/www.copealcoy.es\/es\/wp-json\/wp\/v2\/users\/1"}],"replies":[{"embeddable":true,"href":"https:\/\/www.copealcoy.es\/es\/wp-json\/wp\/v2\/comments?post=73327"}],"version-history":[{"count":0,"href":"https:\/\/www.copealcoy.es\/es\/wp-json\/wp\/v2\/posts\/73327\/revisions"}],"wp:featuredmedia":[{"embeddable":true,"href":"https:\/\/www.copealcoy.es\/es\/wp-json\/wp\/v2\/media\/73328"}],"wp:attachment":[{"href":"https:\/\/www.copealcoy.es\/es\/wp-json\/wp\/v2\/media?parent=73327"}],"wp:term":[{"taxonomy":"category","embeddable":true,"href":"https:\/\/www.copealcoy.es\/es\/wp-json\/wp\/v2\/categories?post=73327"},{"taxonomy":"post_tag","embeddable":true,"href":"https:\/\/www.copealcoy.es\/es\/wp-json\/wp\/v2\/tags?post=73327"}],"curies":[{"name":"wp","href":"https:\/\/api.w.org\/{rel}","templated":true}]}}