{"id":73325,"date":"2021-04-28T09:56:54","date_gmt":"2021-04-28T08:56:54","guid":{"rendered":"https:\/\/www.copealcoy.es\/?p=73325"},"modified":"2021-04-28T09:57:46","modified_gmt":"2021-04-28T08:57:46","slug":"la-comunitat-valenciana-cuenta-ya-con-mas-personas-inmunizadas-que-contagiadas-de-coronavirus","status":"publish","type":"post","link":"https:\/\/www.copealcoy.es\/es\/la-comunitat-valenciana-cuenta-ya-con-mas-personas-inmunizadas-que-contagiadas-de-coronavirus\/","title":{"rendered":"La Comunitat Valenciana cuenta ya con m\u00e1s personas inmunizadas que contagiadas de Coronavirus"},"content":{"rendered":"<p style=\"text-align: justify;\">La cantidad de personas<strong> que han recibido la pauta \u00f3ptima de vacunaci\u00f3n contra la Covid-19 en la Comunitat Valenciana ya supera el total de personas que se han contagiado desde el inicio de la pandemia<\/strong>. En concreto,\u00a0<strong>un total de 394.281 personas han completado el proceso de inmunizaci\u00f3n mientras que 389.706 han contra\u00eddo la infecci\u00f3n\u00a0<\/strong>por SARS-CoV2 desde que se declar\u00f3 la pandemia, seg\u00fan los datos facilitados por la\u00a0<strong>Conselleria de Sanidad.<\/strong><\/p>\n<p style=\"text-align: justify;\">La Comunitat Valenciana <strong>dispone actualmente de cuatro vacunas<\/strong>: dos de ARNm (Comirnaty de BioNTech\/Pfizer y Moderna), la vacuna de vectores Vaxzevria de AstraZeneca y la del laboratorio Janssen (filial europea de Johnson &amp; Johnson), que comenz\u00f3 a llegar la semana pasada. El <strong>total de dosis administradas<\/strong>, teniendo en cuenta a las cuatro farmac\u00e9uticas, asciende a 1.519.428.<\/p>\n<p style=\"text-align: justify;\">Seg\u00fan destaca el departamento que dirige\u00a0<strong>Ana Barcel\u00f3,<\/strong>\u00a0considerando que la Estrategia Nacional de Vacunaci\u00f3n excluye de momento a la poblaci\u00f3n infantil y adolescente hasta 16 a\u00f1os como grupo a vacunar &#8211;entre otros motivos porque las vacunas autorizadas no disponen de resultados de su utilizaci\u00f3n en esta poblaci\u00f3n&#8211;,\u00a0<strong>un 35,59 por ciento de la poblaci\u00f3n a vacunar de la Comunitat Valenciana tiene ya puesta al menos una dosis, <\/strong>que ofrece en torno a un 70% de protecci\u00f3n. Un 9,24% tiene la protecci\u00f3n \u00f3ptima.<\/p>\n<p style=\"text-align: justify;\">El grado m\u00e1ximo de protecci\u00f3n<strong> no se alcanza de forma inmediata<\/strong> tras el \u00faltimo pinchazo. En el caso de Pfizer\/BioNTech, se obtiene transcurridos siete d\u00edas despu\u00e9s de la segunda dosis; con la vacuna anti-covid-19 de Moderna, 14 d\u00edas despu\u00e9s de la segunda dosis; con la vacuna de AstraZeneca 28 d\u00edas despu\u00e9s de la segunda dosis y con la vacuna de Janssen a los 14 d\u00edas tras su administraci\u00f3n.<\/p>\n<p style=\"text-align: justify;\">Precisamente esta semana la Comuntiat\u00a0<b>batir\u00e1 nuevo r\u00e9cord en vacunaci\u00f3n al inmunizar a casi 250.000 valencianos entre las edades de 70 a 75 a\u00f1os y tambi\u00e9n la franja de edad de los 60 a\u00f1os<\/b>. Al respecto, la previsi\u00f3n de dosis que va a recibir la Generalitat las pr\u00f3ximas semanas hace que hayan adelantado al mes de mayo la previsi\u00f3n de tener inmunizados a todos los mayores de 60 a\u00f1os.<\/p>\n","protected":false},"excerpt":{"rendered":"<p>La cantidad de personas que han recibido la pauta \u00f3ptima de vacunaci\u00f3n contra la Covid-19 en la Comunitat Valenciana ya&#8230;<\/p>\n","protected":false},"author":1,"featured_media":72663,"comment_status":"open","ping_status":"open","sticky":false,"template":"","format":"standard","meta":{"footnotes":""},"categories":[97,75,79],"tags":[1768,7281,10608,10758],"class_list":["post-73325","post","type-post","status-publish","format-standard","has-post-thumbnail","hentry","category-alcoy","category-noticias","category-politicayeconomia","tag-comunitat-valenciana","tag-coronavirus","tag-dosis","tag-vacunas"],"yoast_head":"<!-- This site is optimized with the Yoast SEO plugin v27.3 - https:\/\/yoast.com\/product\/yoast-seo-wordpress\/ -->\n<title>La Comunitat Valenciana cuenta ya con m\u00e1s personas inmunizadas que contagiadas de Coronavirus - COPE Alcoy<\/title>\n<meta name=\"robots\" content=\"index, follow, max-snippet:-1, max-image-preview:large, max-video-preview:-1\" \/>\n<link rel=\"canonical\" href=\"https:\/\/www.copealcoy.es\/es\/la-comunitat-valenciana-cuenta-ya-con-mas-personas-inmunizadas-que-contagiadas-de-coronavirus\/\" \/>\n<meta property=\"og:locale\" content=\"es_ES\" \/>\n<meta property=\"og:type\" content=\"article\" \/>\n<meta property=\"og:title\" content=\"La Comunitat Valenciana cuenta ya con m\u00e1s personas inmunizadas que contagiadas de Coronavirus - COPE Alcoy\" \/>\n<meta property=\"og:description\" content=\"La cantidad de personas que han recibido la pauta \u00f3ptima de vacunaci\u00f3n contra la Covid-19 en la Comunitat Valenciana ya...\" \/>\n<meta property=\"og:url\" content=\"https:\/\/www.copealcoy.es\/es\/la-comunitat-valenciana-cuenta-ya-con-mas-personas-inmunizadas-que-contagiadas-de-coronavirus\/\" \/>\n<meta property=\"og:site_name\" content=\"COPE Alcoy\" \/>\n<meta property=\"article:published_time\" content=\"2021-04-28T08:56:54+00:00\" \/>\n<meta property=\"article:modified_time\" content=\"2021-04-28T08:57:46+00:00\" \/>\n<meta property=\"og:image\" content=\"https:\/\/www.copealcoy.es\/wp-content\/uploads\/2021\/04\/167355503_5945163545509780_3409223777316464782_n.jpg\" \/>\n\t<meta property=\"og:image:width\" content=\"2048\" \/>\n\t<meta property=\"og:image:height\" content=\"1536\" \/>\n\t<meta property=\"og:image:type\" content=\"image\/jpeg\" \/>\n<meta name=\"author\" content=\"Cope Alcoy\" \/>\n<meta name=\"twitter:label1\" content=\"Escrito por\" \/>\n\t<meta name=\"twitter:data1\" content=\"Cope Alcoy\" \/>\n\t<meta name=\"twitter:label2\" content=\"Tiempo de lectura\" \/>\n\t<meta name=\"twitter:data2\" content=\"2 minutos\" \/>\n<script type=\"application\/ld+json\" class=\"yoast-schema-graph\">{\"@context\":\"https:\\\/\\\/schema.org\",\"@graph\":[{\"@type\":\"Article\",\"@id\":\"https:\\\/\\\/www.copealcoy.es\\\/es\\\/la-comunitat-valenciana-cuenta-ya-con-mas-personas-inmunizadas-que-contagiadas-de-coronavirus\\\/#article\",\"isPartOf\":{\"@id\":\"https:\\\/\\\/www.copealcoy.es\\\/es\\\/la-comunitat-valenciana-cuenta-ya-con-mas-personas-inmunizadas-que-contagiadas-de-coronavirus\\\/\"},\"author\":{\"name\":\"Cope Alcoy\",\"@id\":\"https:\\\/\\\/www.copealcoy.es\\\/es\\\/#\\\/schema\\\/person\\\/e777c87fa024e57d40170af9df39882c\"},\"headline\":\"La Comunitat Valenciana cuenta ya con m\u00e1s personas inmunizadas que contagiadas de Coronavirus\",\"datePublished\":\"2021-04-28T08:56:54+00:00\",\"dateModified\":\"2021-04-28T08:57:46+00:00\",\"mainEntityOfPage\":{\"@id\":\"https:\\\/\\\/www.copealcoy.es\\\/es\\\/la-comunitat-valenciana-cuenta-ya-con-mas-personas-inmunizadas-que-contagiadas-de-coronavirus\\\/\"},\"wordCount\":383,\"commentCount\":0,\"image\":{\"@id\":\"https:\\\/\\\/www.copealcoy.es\\\/es\\\/la-comunitat-valenciana-cuenta-ya-con-mas-personas-inmunizadas-que-contagiadas-de-coronavirus\\\/#primaryimage\"},\"thumbnailUrl\":\"https:\\\/\\\/www.copealcoy.es\\\/wp-content\\\/uploads\\\/2021\\\/04\\\/167355503_5945163545509780_3409223777316464782_n.jpg\",\"keywords\":[\"Comunitat Valenciana\",\"Coronavirus\",\"dosis\",\"vacunas\"],\"articleSection\":[\"Alcoy\",\"Noticias\",\"Pol\u00edtica y Econom\u00eda\"],\"inLanguage\":\"es\"},{\"@type\":\"WebPage\",\"@id\":\"https:\\\/\\\/www.copealcoy.es\\\/es\\\/la-comunitat-valenciana-cuenta-ya-con-mas-personas-inmunizadas-que-contagiadas-de-coronavirus\\\/\",\"url\":\"https:\\\/\\\/www.copealcoy.es\\\/es\\\/la-comunitat-valenciana-cuenta-ya-con-mas-personas-inmunizadas-que-contagiadas-de-coronavirus\\\/\",\"name\":\"La Comunitat Valenciana cuenta ya con m\u00e1s personas inmunizadas que contagiadas de Coronavirus - COPE Alcoy\",\"isPartOf\":{\"@id\":\"https:\\\/\\\/www.copealcoy.es\\\/es\\\/#website\"},\"primaryImageOfPage\":{\"@id\":\"https:\\\/\\\/www.copealcoy.es\\\/es\\\/la-comunitat-valenciana-cuenta-ya-con-mas-personas-inmunizadas-que-contagiadas-de-coronavirus\\\/#primaryimage\"},\"image\":{\"@id\":\"https:\\\/\\\/www.copealcoy.es\\\/es\\\/la-comunitat-valenciana-cuenta-ya-con-mas-personas-inmunizadas-que-contagiadas-de-coronavirus\\\/#primaryimage\"},\"thumbnailUrl\":\"https:\\\/\\\/www.copealcoy.es\\\/wp-content\\\/uploads\\\/2021\\\/04\\\/167355503_5945163545509780_3409223777316464782_n.jpg\",\"datePublished\":\"2021-04-28T08:56:54+00:00\",\"dateModified\":\"2021-04-28T08:57:46+00:00\",\"author\":{\"@id\":\"https:\\\/\\\/www.copealcoy.es\\\/es\\\/#\\\/schema\\\/person\\\/e777c87fa024e57d40170af9df39882c\"},\"breadcrumb\":{\"@id\":\"https:\\\/\\\/www.copealcoy.es\\\/es\\\/la-comunitat-valenciana-cuenta-ya-con-mas-personas-inmunizadas-que-contagiadas-de-coronavirus\\\/#breadcrumb\"},\"inLanguage\":\"es\",\"potentialAction\":[{\"@type\":\"ReadAction\",\"target\":[\"https:\\\/\\\/www.copealcoy.es\\\/es\\\/la-comunitat-valenciana-cuenta-ya-con-mas-personas-inmunizadas-que-contagiadas-de-coronavirus\\\/\"]}]},{\"@type\":\"ImageObject\",\"inLanguage\":\"es\",\"@id\":\"https:\\\/\\\/www.copealcoy.es\\\/es\\\/la-comunitat-valenciana-cuenta-ya-con-mas-personas-inmunizadas-que-contagiadas-de-coronavirus\\\/#primaryimage\",\"url\":\"https:\\\/\\\/www.copealcoy.es\\\/wp-content\\\/uploads\\\/2021\\\/04\\\/167355503_5945163545509780_3409223777316464782_n.jpg\",\"contentUrl\":\"https:\\\/\\\/www.copealcoy.es\\\/wp-content\\\/uploads\\\/2021\\\/04\\\/167355503_5945163545509780_3409223777316464782_n.jpg\",\"width\":2048,\"height\":1536},{\"@type\":\"BreadcrumbList\",\"@id\":\"https:\\\/\\\/www.copealcoy.es\\\/es\\\/la-comunitat-valenciana-cuenta-ya-con-mas-personas-inmunizadas-que-contagiadas-de-coronavirus\\\/#breadcrumb\",\"itemListElement\":[{\"@type\":\"ListItem\",\"position\":1,\"name\":\"Portada\",\"item\":\"https:\\\/\\\/www.copealcoy.es\\\/es\\\/\"},{\"@type\":\"ListItem\",\"position\":2,\"name\":\"La Comunitat Valenciana cuenta ya con m\u00e1s personas inmunizadas que contagiadas de Coronavirus\"}]},{\"@type\":\"WebSite\",\"@id\":\"https:\\\/\\\/www.copealcoy.es\\\/es\\\/#website\",\"url\":\"https:\\\/\\\/www.copealcoy.es\\\/es\\\/\",\"name\":\"COPE Alcoy\",\"description\":\"Emisora COPE de radio local con emisi\u00f3n online. Pont de Sant Jordi 8-10 03803 Alcoy\",\"potentialAction\":[{\"@type\":\"SearchAction\",\"target\":{\"@type\":\"EntryPoint\",\"urlTemplate\":\"https:\\\/\\\/www.copealcoy.es\\\/es\\\/?s={search_term_string}\"},\"query-input\":{\"@type\":\"PropertyValueSpecification\",\"valueRequired\":true,\"valueName\":\"search_term_string\"}}],\"inLanguage\":\"es\"},{\"@type\":\"Person\",\"@id\":\"https:\\\/\\\/www.copealcoy.es\\\/es\\\/#\\\/schema\\\/person\\\/e777c87fa024e57d40170af9df39882c\",\"name\":\"Cope Alcoy\",\"image\":{\"@type\":\"ImageObject\",\"inLanguage\":\"es\",\"@id\":\"https:\\\/\\\/secure.gravatar.com\\\/avatar\\\/bb65d0283347e303893ba14f0692005417c1e0e690a325a4c5d8bb2b3943ee14?s=96&d=mm&r=g\",\"url\":\"https:\\\/\\\/secure.gravatar.com\\\/avatar\\\/bb65d0283347e303893ba14f0692005417c1e0e690a325a4c5d8bb2b3943ee14?s=96&d=mm&r=g\",\"contentUrl\":\"https:\\\/\\\/secure.gravatar.com\\\/avatar\\\/bb65d0283347e303893ba14f0692005417c1e0e690a325a4c5d8bb2b3943ee14?s=96&d=mm&r=g\",\"caption\":\"Cope Alcoy\"}}]}<\/script>\n<!-- \/ Yoast SEO plugin. -->","yoast_head_json":{"title":"La Comunitat Valenciana cuenta ya con m\u00e1s personas inmunizadas que contagiadas de Coronavirus - COPE Alcoy","robots":{"index":"index","follow":"follow","max-snippet":"max-snippet:-1","max-image-preview":"max-image-preview:large","max-video-preview":"max-video-preview:-1"},"canonical":"https:\/\/www.copealcoy.es\/es\/la-comunitat-valenciana-cuenta-ya-con-mas-personas-inmunizadas-que-contagiadas-de-coronavirus\/","og_locale":"es_ES","og_type":"article","og_title":"La Comunitat Valenciana cuenta ya con m\u00e1s personas inmunizadas que contagiadas de Coronavirus - COPE Alcoy","og_description":"La cantidad de personas que han recibido la pauta \u00f3ptima de vacunaci\u00f3n contra la Covid-19 en la Comunitat Valenciana ya...","og_url":"https:\/\/www.copealcoy.es\/es\/la-comunitat-valenciana-cuenta-ya-con-mas-personas-inmunizadas-que-contagiadas-de-coronavirus\/","og_site_name":"COPE Alcoy","article_published_time":"2021-04-28T08:56:54+00:00","article_modified_time":"2021-04-28T08:57:46+00:00","og_image":[{"width":2048,"height":1536,"url":"https:\/\/www.copealcoy.es\/wp-content\/uploads\/2021\/04\/167355503_5945163545509780_3409223777316464782_n.jpg","type":"image\/jpeg"}],"author":"Cope Alcoy","twitter_misc":{"Escrito por":"Cope Alcoy","Tiempo de lectura":"2 minutos"},"schema":{"@context":"https:\/\/schema.org","@graph":[{"@type":"Article","@id":"https:\/\/www.copealcoy.es\/es\/la-comunitat-valenciana-cuenta-ya-con-mas-personas-inmunizadas-que-contagiadas-de-coronavirus\/#article","isPartOf":{"@id":"https:\/\/www.copealcoy.es\/es\/la-comunitat-valenciana-cuenta-ya-con-mas-personas-inmunizadas-que-contagiadas-de-coronavirus\/"},"author":{"name":"Cope Alcoy","@id":"https:\/\/www.copealcoy.es\/es\/#\/schema\/person\/e777c87fa024e57d40170af9df39882c"},"headline":"La Comunitat Valenciana cuenta ya con m\u00e1s personas inmunizadas que contagiadas de Coronavirus","datePublished":"2021-04-28T08:56:54+00:00","dateModified":"2021-04-28T08:57:46+00:00","mainEntityOfPage":{"@id":"https:\/\/www.copealcoy.es\/es\/la-comunitat-valenciana-cuenta-ya-con-mas-personas-inmunizadas-que-contagiadas-de-coronavirus\/"},"wordCount":383,"commentCount":0,"image":{"@id":"https:\/\/www.copealcoy.es\/es\/la-comunitat-valenciana-cuenta-ya-con-mas-personas-inmunizadas-que-contagiadas-de-coronavirus\/#primaryimage"},"thumbnailUrl":"https:\/\/www.copealcoy.es\/wp-content\/uploads\/2021\/04\/167355503_5945163545509780_3409223777316464782_n.jpg","keywords":["Comunitat Valenciana","Coronavirus","dosis","vacunas"],"articleSection":["Alcoy","Noticias","Pol\u00edtica y Econom\u00eda"],"inLanguage":"es"},{"@type":"WebPage","@id":"https:\/\/www.copealcoy.es\/es\/la-comunitat-valenciana-cuenta-ya-con-mas-personas-inmunizadas-que-contagiadas-de-coronavirus\/","url":"https:\/\/www.copealcoy.es\/es\/la-comunitat-valenciana-cuenta-ya-con-mas-personas-inmunizadas-que-contagiadas-de-coronavirus\/","name":"La Comunitat Valenciana cuenta ya con m\u00e1s personas inmunizadas que contagiadas de Coronavirus - COPE Alcoy","isPartOf":{"@id":"https:\/\/www.copealcoy.es\/es\/#website"},"primaryImageOfPage":{"@id":"https:\/\/www.copealcoy.es\/es\/la-comunitat-valenciana-cuenta-ya-con-mas-personas-inmunizadas-que-contagiadas-de-coronavirus\/#primaryimage"},"image":{"@id":"https:\/\/www.copealcoy.es\/es\/la-comunitat-valenciana-cuenta-ya-con-mas-personas-inmunizadas-que-contagiadas-de-coronavirus\/#primaryimage"},"thumbnailUrl":"https:\/\/www.copealcoy.es\/wp-content\/uploads\/2021\/04\/167355503_5945163545509780_3409223777316464782_n.jpg","datePublished":"2021-04-28T08:56:54+00:00","dateModified":"2021-04-28T08:57:46+00:00","author":{"@id":"https:\/\/www.copealcoy.es\/es\/#\/schema\/person\/e777c87fa024e57d40170af9df39882c"},"breadcrumb":{"@id":"https:\/\/www.copealcoy.es\/es\/la-comunitat-valenciana-cuenta-ya-con-mas-personas-inmunizadas-que-contagiadas-de-coronavirus\/#breadcrumb"},"inLanguage":"es","potentialAction":[{"@type":"ReadAction","target":["https:\/\/www.copealcoy.es\/es\/la-comunitat-valenciana-cuenta-ya-con-mas-personas-inmunizadas-que-contagiadas-de-coronavirus\/"]}]},{"@type":"ImageObject","inLanguage":"es","@id":"https:\/\/www.copealcoy.es\/es\/la-comunitat-valenciana-cuenta-ya-con-mas-personas-inmunizadas-que-contagiadas-de-coronavirus\/#primaryimage","url":"https:\/\/www.copealcoy.es\/wp-content\/uploads\/2021\/04\/167355503_5945163545509780_3409223777316464782_n.jpg","contentUrl":"https:\/\/www.copealcoy.es\/wp-content\/uploads\/2021\/04\/167355503_5945163545509780_3409223777316464782_n.jpg","width":2048,"height":1536},{"@type":"BreadcrumbList","@id":"https:\/\/www.copealcoy.es\/es\/la-comunitat-valenciana-cuenta-ya-con-mas-personas-inmunizadas-que-contagiadas-de-coronavirus\/#breadcrumb","itemListElement":[{"@type":"ListItem","position":1,"name":"Portada","item":"https:\/\/www.copealcoy.es\/es\/"},{"@type":"ListItem","position":2,"name":"La Comunitat Valenciana cuenta ya con m\u00e1s personas inmunizadas que contagiadas de Coronavirus"}]},{"@type":"WebSite","@id":"https:\/\/www.copealcoy.es\/es\/#website","url":"https:\/\/www.copealcoy.es\/es\/","name":"COPE Alcoy","description":"Emisora COPE de radio local con emisi\u00f3n online. Pont de Sant Jordi 8-10 03803 Alcoy","potentialAction":[{"@type":"SearchAction","target":{"@type":"EntryPoint","urlTemplate":"https:\/\/www.copealcoy.es\/es\/?s={search_term_string}"},"query-input":{"@type":"PropertyValueSpecification","valueRequired":true,"valueName":"search_term_string"}}],"inLanguage":"es"},{"@type":"Person","@id":"https:\/\/www.copealcoy.es\/es\/#\/schema\/person\/e777c87fa024e57d40170af9df39882c","name":"Cope Alcoy","image":{"@type":"ImageObject","inLanguage":"es","@id":"https:\/\/secure.gravatar.com\/avatar\/bb65d0283347e303893ba14f0692005417c1e0e690a325a4c5d8bb2b3943ee14?s=96&d=mm&r=g","url":"https:\/\/secure.gravatar.com\/avatar\/bb65d0283347e303893ba14f0692005417c1e0e690a325a4c5d8bb2b3943ee14?s=96&d=mm&r=g","contentUrl":"https:\/\/secure.gravatar.com\/avatar\/bb65d0283347e303893ba14f0692005417c1e0e690a325a4c5d8bb2b3943ee14?s=96&d=mm&r=g","caption":"Cope Alcoy"}}]}},"_links":{"self":[{"href":"https:\/\/www.copealcoy.es\/es\/wp-json\/wp\/v2\/posts\/73325","targetHints":{"allow":["GET"]}}],"collection":[{"href":"https:\/\/www.copealcoy.es\/es\/wp-json\/wp\/v2\/posts"}],"about":[{"href":"https:\/\/www.copealcoy.es\/es\/wp-json\/wp\/v2\/types\/post"}],"author":[{"embeddable":true,"href":"https:\/\/www.copealcoy.es\/es\/wp-json\/wp\/v2\/users\/1"}],"replies":[{"embeddable":true,"href":"https:\/\/www.copealcoy.es\/es\/wp-json\/wp\/v2\/comments?post=73325"}],"version-history":[{"count":0,"href":"https:\/\/www.copealcoy.es\/es\/wp-json\/wp\/v2\/posts\/73325\/revisions"}],"wp:featuredmedia":[{"embeddable":true,"href":"https:\/\/www.copealcoy.es\/es\/wp-json\/wp\/v2\/media\/72663"}],"wp:attachment":[{"href":"https:\/\/www.copealcoy.es\/es\/wp-json\/wp\/v2\/media?parent=73325"}],"wp:term":[{"taxonomy":"category","embeddable":true,"href":"https:\/\/www.copealcoy.es\/es\/wp-json\/wp\/v2\/categories?post=73325"},{"taxonomy":"post_tag","embeddable":true,"href":"https:\/\/www.copealcoy.es\/es\/wp-json\/wp\/v2\/tags?post=73325"}],"curies":[{"name":"wp","href":"https:\/\/api.w.org\/{rel}","templated":true}]}}