{"id":73284,"date":"2021-04-27T10:36:05","date_gmt":"2021-04-27T09:36:05","guid":{"rendered":"https:\/\/www.copealcoy.es\/?p=73284"},"modified":"2021-04-27T10:41:45","modified_gmt":"2021-04-27T09:41:45","slug":"el-respir-de-cocentaina-recupera-la-seua-activitat-habitual","status":"publish","type":"post","link":"https:\/\/www.copealcoy.es\/es\/el-respir-de-cocentaina-recupera-la-seua-activitat-habitual\/","title":{"rendered":"El Respir de Cocentaina recupera la seua activitat habitual"},"content":{"rendered":"<p style=\"text-align: justify;\">El <strong>programa municipal<\/strong>\u00a0per a persones amb dificultats per al desenvolupament de les activitats b\u00e0siques de Cocentaina, <strong>Respir<\/strong>, va recuperar<strong> el seu ritme habitual<\/strong> amb totes les persones usu\u00e0ries el passat 20 d&#8217;abril.<\/p>\n<p style=\"text-align: justify;\">Aquest centre <strong>va haver de tancar amb la pand\u00e8mia<\/strong> i va tornar a obrir les portes en estiu de 2020 <strong>amb les limitacions que va establir la Conselleria de Pol\u00edtiques Inclusives<\/strong>, una de les quals, obligava a fer que <strong>les usu\u00e0ries assistiren per torns<\/strong> i que en cadascun d\u2019ells<strong> sols hi haguera el 50% del total<\/strong>. A\u00e7\u00f2 va suposar que les persones benefici\u00e0ries d\u2019aquest recurs gratu\u00eft de l\u2019Ajuntament de Cocentaina <strong>sols pogueren acudir una setmana s\u00ed i altra no<\/strong>.<\/p>\n<p style=\"text-align: justify;\">Recentment, la normativa va canviar i es<strong> va autoritzar que la participaci\u00f3 en aquest tipus de programes fora del 100%<\/strong> sempre que es respectara la dist\u00e0ncia de seguretat i la resta de mesures sanit\u00e0ries. A\u00e7\u00f2 va motivar <strong>la tornada a la relativa normalitat del Respir<\/strong>, fet que agra\u00efen totes les fam\u00edlies i les persones usu\u00e0ries &#8220;<em>han sigut mesos molt durs per a les treballadores, les usu\u00e0ries del Respir i les seues fam\u00edlies. Aquestes persones han vist la seua rutina i l\u2019estimulaci\u00f3 que reben al programa frenada per la Covid-19 i ens alegra saber que podem treballar al ritme habitual i que les usu\u00e0ries estan vacunades, malgrat l\u2019esfor\u00e7 re-organitzatiu que suposa per al personal del Respir<\/em>&#8220;, afirma l&#8217;alcaldessa i regidora de Benestar Social; <strong>Mireia Estepa<\/strong>.<\/p>\n<p style=\"text-align: justify;\">Finalment Estepa ha recordat que <strong>porta quatre mesos reclamant a tots els estaments la vacunaci\u00f3 completa de tot el personal<\/strong> que treballa en aquest Centre de Respir de Cocentaina.<\/p>\n","protected":false},"excerpt":{"rendered":"<p>El programa municipal\u00a0per a persones amb dificultats per al desenvolupament de les activitats b\u00e0siques de Cocentaina, Respir, va recuperar el&#8230;<\/p>\n","protected":false},"author":1,"featured_media":73285,"comment_status":"open","ping_status":"open","sticky":false,"template":"","format":"standard","meta":{"footnotes":""},"categories":[98,75],"tags":[11190,9887,132,7862],"class_list":["post-73284","post","type-post","status-publish","format-standard","has-post-thumbnail","hentry","category-comarcas","category-noticias","tag-activitat","tag-centre-de-respir","tag-cocentaina","tag-recuperacio"],"yoast_head":"<!-- This site is optimized with the Yoast SEO plugin v27.3 - https:\/\/yoast.com\/product\/yoast-seo-wordpress\/ -->\n<title>El Respir de Cocentaina recupera la seua activitat habitual - COPE Alcoy<\/title>\n<meta name=\"robots\" content=\"index, follow, max-snippet:-1, max-image-preview:large, max-video-preview:-1\" \/>\n<link rel=\"canonical\" href=\"https:\/\/www.copealcoy.es\/es\/el-respir-de-cocentaina-recupera-la-seua-activitat-habitual\/\" \/>\n<meta property=\"og:locale\" content=\"es_ES\" \/>\n<meta property=\"og:type\" content=\"article\" \/>\n<meta property=\"og:title\" content=\"El Respir de Cocentaina recupera la seua activitat habitual - COPE Alcoy\" \/>\n<meta property=\"og:description\" content=\"El programa municipal\u00a0per a persones amb dificultats per al desenvolupament de les activitats b\u00e0siques de Cocentaina, Respir, va recuperar el...\" \/>\n<meta property=\"og:url\" content=\"https:\/\/www.copealcoy.es\/es\/el-respir-de-cocentaina-recupera-la-seua-activitat-habitual\/\" \/>\n<meta property=\"og:site_name\" content=\"COPE Alcoy\" \/>\n<meta property=\"article:published_time\" content=\"2021-04-27T09:36:05+00:00\" \/>\n<meta property=\"article:modified_time\" content=\"2021-04-27T09:41:45+00:00\" \/>\n<meta property=\"og:image\" content=\"https:\/\/www.copealcoy.es\/wp-content\/uploads\/2021\/04\/imagen1245g.jpg\" \/>\n\t<meta property=\"og:image:width\" content=\"936\" \/>\n\t<meta property=\"og:image:height\" content=\"702\" \/>\n\t<meta property=\"og:image:type\" content=\"image\/jpeg\" \/>\n<meta name=\"author\" content=\"Cope Alcoy\" \/>\n<meta name=\"twitter:label1\" content=\"Escrito por\" \/>\n\t<meta name=\"twitter:data1\" content=\"Cope Alcoy\" \/>\n\t<meta name=\"twitter:label2\" content=\"Tiempo de lectura\" \/>\n\t<meta name=\"twitter:data2\" content=\"1 minuto\" \/>\n<script type=\"application\/ld+json\" class=\"yoast-schema-graph\">{\"@context\":\"https:\\\/\\\/schema.org\",\"@graph\":[{\"@type\":\"Article\",\"@id\":\"https:\\\/\\\/www.copealcoy.es\\\/es\\\/el-respir-de-cocentaina-recupera-la-seua-activitat-habitual\\\/#article\",\"isPartOf\":{\"@id\":\"https:\\\/\\\/www.copealcoy.es\\\/es\\\/el-respir-de-cocentaina-recupera-la-seua-activitat-habitual\\\/\"},\"author\":{\"name\":\"Cope Alcoy\",\"@id\":\"https:\\\/\\\/www.copealcoy.es\\\/es\\\/#\\\/schema\\\/person\\\/e777c87fa024e57d40170af9df39882c\"},\"headline\":\"El Respir de Cocentaina recupera la seua activitat habitual\",\"datePublished\":\"2021-04-27T09:36:05+00:00\",\"dateModified\":\"2021-04-27T09:41:45+00:00\",\"mainEntityOfPage\":{\"@id\":\"https:\\\/\\\/www.copealcoy.es\\\/es\\\/el-respir-de-cocentaina-recupera-la-seua-activitat-habitual\\\/\"},\"wordCount\":292,\"commentCount\":0,\"image\":{\"@id\":\"https:\\\/\\\/www.copealcoy.es\\\/es\\\/el-respir-de-cocentaina-recupera-la-seua-activitat-habitual\\\/#primaryimage\"},\"thumbnailUrl\":\"https:\\\/\\\/www.copealcoy.es\\\/wp-content\\\/uploads\\\/2021\\\/04\\\/imagen1245g.jpg\",\"keywords\":[\"activitat\",\"Centre de Respir\",\"Cocentaina\",\"recuperaci\u00f3\"],\"articleSection\":[\"Comarcas\",\"Noticias\"],\"inLanguage\":\"es\"},{\"@type\":\"WebPage\",\"@id\":\"https:\\\/\\\/www.copealcoy.es\\\/es\\\/el-respir-de-cocentaina-recupera-la-seua-activitat-habitual\\\/\",\"url\":\"https:\\\/\\\/www.copealcoy.es\\\/es\\\/el-respir-de-cocentaina-recupera-la-seua-activitat-habitual\\\/\",\"name\":\"El Respir de Cocentaina recupera la seua activitat habitual - COPE Alcoy\",\"isPartOf\":{\"@id\":\"https:\\\/\\\/www.copealcoy.es\\\/es\\\/#website\"},\"primaryImageOfPage\":{\"@id\":\"https:\\\/\\\/www.copealcoy.es\\\/es\\\/el-respir-de-cocentaina-recupera-la-seua-activitat-habitual\\\/#primaryimage\"},\"image\":{\"@id\":\"https:\\\/\\\/www.copealcoy.es\\\/es\\\/el-respir-de-cocentaina-recupera-la-seua-activitat-habitual\\\/#primaryimage\"},\"thumbnailUrl\":\"https:\\\/\\\/www.copealcoy.es\\\/wp-content\\\/uploads\\\/2021\\\/04\\\/imagen1245g.jpg\",\"datePublished\":\"2021-04-27T09:36:05+00:00\",\"dateModified\":\"2021-04-27T09:41:45+00:00\",\"author\":{\"@id\":\"https:\\\/\\\/www.copealcoy.es\\\/es\\\/#\\\/schema\\\/person\\\/e777c87fa024e57d40170af9df39882c\"},\"breadcrumb\":{\"@id\":\"https:\\\/\\\/www.copealcoy.es\\\/es\\\/el-respir-de-cocentaina-recupera-la-seua-activitat-habitual\\\/#breadcrumb\"},\"inLanguage\":\"es\",\"potentialAction\":[{\"@type\":\"ReadAction\",\"target\":[\"https:\\\/\\\/www.copealcoy.es\\\/es\\\/el-respir-de-cocentaina-recupera-la-seua-activitat-habitual\\\/\"]}]},{\"@type\":\"ImageObject\",\"inLanguage\":\"es\",\"@id\":\"https:\\\/\\\/www.copealcoy.es\\\/es\\\/el-respir-de-cocentaina-recupera-la-seua-activitat-habitual\\\/#primaryimage\",\"url\":\"https:\\\/\\\/www.copealcoy.es\\\/wp-content\\\/uploads\\\/2021\\\/04\\\/imagen1245g.jpg\",\"contentUrl\":\"https:\\\/\\\/www.copealcoy.es\\\/wp-content\\\/uploads\\\/2021\\\/04\\\/imagen1245g.jpg\",\"width\":936,\"height\":702},{\"@type\":\"BreadcrumbList\",\"@id\":\"https:\\\/\\\/www.copealcoy.es\\\/es\\\/el-respir-de-cocentaina-recupera-la-seua-activitat-habitual\\\/#breadcrumb\",\"itemListElement\":[{\"@type\":\"ListItem\",\"position\":1,\"name\":\"Portada\",\"item\":\"https:\\\/\\\/www.copealcoy.es\\\/es\\\/\"},{\"@type\":\"ListItem\",\"position\":2,\"name\":\"El Respir de Cocentaina recupera la seua activitat habitual\"}]},{\"@type\":\"WebSite\",\"@id\":\"https:\\\/\\\/www.copealcoy.es\\\/es\\\/#website\",\"url\":\"https:\\\/\\\/www.copealcoy.es\\\/es\\\/\",\"name\":\"COPE Alcoy\",\"description\":\"Emisora COPE de radio local con emisi\u00f3n online. Pont de Sant Jordi 8-10 03803 Alcoy\",\"potentialAction\":[{\"@type\":\"SearchAction\",\"target\":{\"@type\":\"EntryPoint\",\"urlTemplate\":\"https:\\\/\\\/www.copealcoy.es\\\/es\\\/?s={search_term_string}\"},\"query-input\":{\"@type\":\"PropertyValueSpecification\",\"valueRequired\":true,\"valueName\":\"search_term_string\"}}],\"inLanguage\":\"es\"},{\"@type\":\"Person\",\"@id\":\"https:\\\/\\\/www.copealcoy.es\\\/es\\\/#\\\/schema\\\/person\\\/e777c87fa024e57d40170af9df39882c\",\"name\":\"Cope Alcoy\",\"image\":{\"@type\":\"ImageObject\",\"inLanguage\":\"es\",\"@id\":\"https:\\\/\\\/secure.gravatar.com\\\/avatar\\\/bb65d0283347e303893ba14f0692005417c1e0e690a325a4c5d8bb2b3943ee14?s=96&d=mm&r=g\",\"url\":\"https:\\\/\\\/secure.gravatar.com\\\/avatar\\\/bb65d0283347e303893ba14f0692005417c1e0e690a325a4c5d8bb2b3943ee14?s=96&d=mm&r=g\",\"contentUrl\":\"https:\\\/\\\/secure.gravatar.com\\\/avatar\\\/bb65d0283347e303893ba14f0692005417c1e0e690a325a4c5d8bb2b3943ee14?s=96&d=mm&r=g\",\"caption\":\"Cope Alcoy\"}}]}<\/script>\n<!-- \/ Yoast SEO plugin. -->","yoast_head_json":{"title":"El Respir de Cocentaina recupera la seua activitat habitual - COPE Alcoy","robots":{"index":"index","follow":"follow","max-snippet":"max-snippet:-1","max-image-preview":"max-image-preview:large","max-video-preview":"max-video-preview:-1"},"canonical":"https:\/\/www.copealcoy.es\/es\/el-respir-de-cocentaina-recupera-la-seua-activitat-habitual\/","og_locale":"es_ES","og_type":"article","og_title":"El Respir de Cocentaina recupera la seua activitat habitual - COPE Alcoy","og_description":"El programa municipal\u00a0per a persones amb dificultats per al desenvolupament de les activitats b\u00e0siques de Cocentaina, Respir, va recuperar el...","og_url":"https:\/\/www.copealcoy.es\/es\/el-respir-de-cocentaina-recupera-la-seua-activitat-habitual\/","og_site_name":"COPE Alcoy","article_published_time":"2021-04-27T09:36:05+00:00","article_modified_time":"2021-04-27T09:41:45+00:00","og_image":[{"width":936,"height":702,"url":"https:\/\/www.copealcoy.es\/wp-content\/uploads\/2021\/04\/imagen1245g.jpg","type":"image\/jpeg"}],"author":"Cope Alcoy","twitter_misc":{"Escrito por":"Cope Alcoy","Tiempo de lectura":"1 minuto"},"schema":{"@context":"https:\/\/schema.org","@graph":[{"@type":"Article","@id":"https:\/\/www.copealcoy.es\/es\/el-respir-de-cocentaina-recupera-la-seua-activitat-habitual\/#article","isPartOf":{"@id":"https:\/\/www.copealcoy.es\/es\/el-respir-de-cocentaina-recupera-la-seua-activitat-habitual\/"},"author":{"name":"Cope Alcoy","@id":"https:\/\/www.copealcoy.es\/es\/#\/schema\/person\/e777c87fa024e57d40170af9df39882c"},"headline":"El Respir de Cocentaina recupera la seua activitat habitual","datePublished":"2021-04-27T09:36:05+00:00","dateModified":"2021-04-27T09:41:45+00:00","mainEntityOfPage":{"@id":"https:\/\/www.copealcoy.es\/es\/el-respir-de-cocentaina-recupera-la-seua-activitat-habitual\/"},"wordCount":292,"commentCount":0,"image":{"@id":"https:\/\/www.copealcoy.es\/es\/el-respir-de-cocentaina-recupera-la-seua-activitat-habitual\/#primaryimage"},"thumbnailUrl":"https:\/\/www.copealcoy.es\/wp-content\/uploads\/2021\/04\/imagen1245g.jpg","keywords":["activitat","Centre de Respir","Cocentaina","recuperaci\u00f3"],"articleSection":["Comarcas","Noticias"],"inLanguage":"es"},{"@type":"WebPage","@id":"https:\/\/www.copealcoy.es\/es\/el-respir-de-cocentaina-recupera-la-seua-activitat-habitual\/","url":"https:\/\/www.copealcoy.es\/es\/el-respir-de-cocentaina-recupera-la-seua-activitat-habitual\/","name":"El Respir de Cocentaina recupera la seua activitat habitual - COPE Alcoy","isPartOf":{"@id":"https:\/\/www.copealcoy.es\/es\/#website"},"primaryImageOfPage":{"@id":"https:\/\/www.copealcoy.es\/es\/el-respir-de-cocentaina-recupera-la-seua-activitat-habitual\/#primaryimage"},"image":{"@id":"https:\/\/www.copealcoy.es\/es\/el-respir-de-cocentaina-recupera-la-seua-activitat-habitual\/#primaryimage"},"thumbnailUrl":"https:\/\/www.copealcoy.es\/wp-content\/uploads\/2021\/04\/imagen1245g.jpg","datePublished":"2021-04-27T09:36:05+00:00","dateModified":"2021-04-27T09:41:45+00:00","author":{"@id":"https:\/\/www.copealcoy.es\/es\/#\/schema\/person\/e777c87fa024e57d40170af9df39882c"},"breadcrumb":{"@id":"https:\/\/www.copealcoy.es\/es\/el-respir-de-cocentaina-recupera-la-seua-activitat-habitual\/#breadcrumb"},"inLanguage":"es","potentialAction":[{"@type":"ReadAction","target":["https:\/\/www.copealcoy.es\/es\/el-respir-de-cocentaina-recupera-la-seua-activitat-habitual\/"]}]},{"@type":"ImageObject","inLanguage":"es","@id":"https:\/\/www.copealcoy.es\/es\/el-respir-de-cocentaina-recupera-la-seua-activitat-habitual\/#primaryimage","url":"https:\/\/www.copealcoy.es\/wp-content\/uploads\/2021\/04\/imagen1245g.jpg","contentUrl":"https:\/\/www.copealcoy.es\/wp-content\/uploads\/2021\/04\/imagen1245g.jpg","width":936,"height":702},{"@type":"BreadcrumbList","@id":"https:\/\/www.copealcoy.es\/es\/el-respir-de-cocentaina-recupera-la-seua-activitat-habitual\/#breadcrumb","itemListElement":[{"@type":"ListItem","position":1,"name":"Portada","item":"https:\/\/www.copealcoy.es\/es\/"},{"@type":"ListItem","position":2,"name":"El Respir de Cocentaina recupera la seua activitat habitual"}]},{"@type":"WebSite","@id":"https:\/\/www.copealcoy.es\/es\/#website","url":"https:\/\/www.copealcoy.es\/es\/","name":"COPE Alcoy","description":"Emisora COPE de radio local con emisi\u00f3n online. Pont de Sant Jordi 8-10 03803 Alcoy","potentialAction":[{"@type":"SearchAction","target":{"@type":"EntryPoint","urlTemplate":"https:\/\/www.copealcoy.es\/es\/?s={search_term_string}"},"query-input":{"@type":"PropertyValueSpecification","valueRequired":true,"valueName":"search_term_string"}}],"inLanguage":"es"},{"@type":"Person","@id":"https:\/\/www.copealcoy.es\/es\/#\/schema\/person\/e777c87fa024e57d40170af9df39882c","name":"Cope Alcoy","image":{"@type":"ImageObject","inLanguage":"es","@id":"https:\/\/secure.gravatar.com\/avatar\/bb65d0283347e303893ba14f0692005417c1e0e690a325a4c5d8bb2b3943ee14?s=96&d=mm&r=g","url":"https:\/\/secure.gravatar.com\/avatar\/bb65d0283347e303893ba14f0692005417c1e0e690a325a4c5d8bb2b3943ee14?s=96&d=mm&r=g","contentUrl":"https:\/\/secure.gravatar.com\/avatar\/bb65d0283347e303893ba14f0692005417c1e0e690a325a4c5d8bb2b3943ee14?s=96&d=mm&r=g","caption":"Cope Alcoy"}}]}},"_links":{"self":[{"href":"https:\/\/www.copealcoy.es\/es\/wp-json\/wp\/v2\/posts\/73284","targetHints":{"allow":["GET"]}}],"collection":[{"href":"https:\/\/www.copealcoy.es\/es\/wp-json\/wp\/v2\/posts"}],"about":[{"href":"https:\/\/www.copealcoy.es\/es\/wp-json\/wp\/v2\/types\/post"}],"author":[{"embeddable":true,"href":"https:\/\/www.copealcoy.es\/es\/wp-json\/wp\/v2\/users\/1"}],"replies":[{"embeddable":true,"href":"https:\/\/www.copealcoy.es\/es\/wp-json\/wp\/v2\/comments?post=73284"}],"version-history":[{"count":0,"href":"https:\/\/www.copealcoy.es\/es\/wp-json\/wp\/v2\/posts\/73284\/revisions"}],"wp:featuredmedia":[{"embeddable":true,"href":"https:\/\/www.copealcoy.es\/es\/wp-json\/wp\/v2\/media\/73285"}],"wp:attachment":[{"href":"https:\/\/www.copealcoy.es\/es\/wp-json\/wp\/v2\/media?parent=73284"}],"wp:term":[{"taxonomy":"category","embeddable":true,"href":"https:\/\/www.copealcoy.es\/es\/wp-json\/wp\/v2\/categories?post=73284"},{"taxonomy":"post_tag","embeddable":true,"href":"https:\/\/www.copealcoy.es\/es\/wp-json\/wp\/v2\/tags?post=73284"}],"curies":[{"name":"wp","href":"https:\/\/api.w.org\/{rel}","templated":true}]}}