{"id":73216,"date":"2021-04-24T15:00:52","date_gmt":"2021-04-24T14:00:52","guid":{"rendered":"https:\/\/www.copealcoy.es\/?p=73216"},"modified":"2021-04-24T15:23:58","modified_gmt":"2021-04-24T14:23:58","slug":"alcoy-honra-a-san-jorge-en-un-inedito-23-de-abril","status":"publish","type":"post","link":"https:\/\/www.copealcoy.es\/es\/alcoy-honra-a-san-jorge-en-un-inedito-23-de-abril\/","title":{"rendered":"Alcoy honra a San Jorge en un in\u00e9dito 23 de abril"},"content":{"rendered":"<p style=\"text-align: justify;\">Alcoy vivi\u00f3 ayer <strong>un in\u00e9dito\u00a0 23 de abril<\/strong>, D\u00eda de San Jorge, <strong>marcado por la crisis sanitaria del Coronavirus y sin Fiestas de Moros y Cristianos<\/strong> por segundo a\u00f1o consecutivo. La ausencia de actos festivos <strong>no impidi\u00f3 que la ciudad rindiera homenaje al patr\u00f3n<\/strong> con diferentes actividades religiosas que se desarrollaron con todas las medidas de seguridad frente al Coronavirus.<\/p>\n<p style=\"text-align: justify;\">La jornada <strong>arranc\u00f3 con una misa solemne dedicada a San Jorge<\/strong> en su templo, a las 10:30h de la ma\u00f1ana, y que <strong>cont\u00f3 con la asistencia de numerosos fieles<\/strong>. Adem\u00e1s las puertas de la iglesia estuvieron abiertas durante toda la ma\u00f1ana y <strong>hasta ella se acercaron las Filaes para ofrendar flores as\u00ed como visitar al patr\u00f3n<\/strong>. Tambi\u00e9n hizo su particular ofrenda el Sant Jordiet, <strong>Fernando Rius Mestre<\/strong>, mientras que por la tarde fueron <strong>los cargos festeros del 2020<\/strong> los que cumplieron con este emotivo ritual. A mediod\u00eda <strong>sonaron con fuerza las campanas de todas las iglesias alcoyanas<\/strong> anunciando la festividad de San Jorge y <strong>sigui\u00f3\u00a0el paso de fieles<\/strong> <strong>delante de la imagen ecuestre<\/strong> del santo para rendirle todos los honores.<\/p>\n<p style=\"text-align: justify;\">A las 19:00h <strong>la Parroquia de Santa Mar\u00eda acogi\u00f3 la Misa Mayor en honor a San Jorge<\/strong> y en el altar mayor estuvo presente <strong>la imagen antigua del patr\u00f3n<\/strong> desaparecida en la Guerra Civil y recuperada a\u00f1os atr\u00e1s. La eucarist\u00eda fue presidida por el Vicari de Sant Jordi, <strong>Don Jos\u00e9 Lu\u00eds Llopis<\/strong>, y en su homil\u00eda <b>record\u00f3 la importancia de tener presente a San Jorge en los tiempos dif\u00edciles que vivimos<\/b> &#8220;<em>su lucha contra el mal tiene que servirnos tambi\u00e9n como ejemplo en la batalla que estamos librando para combatir la pandemia<\/em>&#8220;, dijo. Las autoridades, encabezadas por el<strong> Presidente de la Diputaci\u00f3n de Alicante<\/strong> (Carlos Maz\u00f3n) y el <strong>alcalde<\/strong> (Antonio Franc\u00e9s), <strong>presidieron una ceremonia<\/strong> que estuvo cantada por la Polif\u00f3nica Alcoyana.<\/p>\n<p style=\"text-align: justify;\">El D\u00eda de San Jorge culmin\u00f3 con <strong>la gala &#8216;Al\u00e9 de Festa&#8217;<\/strong>, celebrada en el Teatro Calder\u00f3n, presentada por Eugeni Almeny y con la participaci\u00f3n activa del Cuadro Art\u00edstico del Casal.<\/p>\n","protected":false},"excerpt":{"rendered":"<p>Alcoy vivi\u00f3 ayer un in\u00e9dito\u00a0 23 de abril, D\u00eda de San Jorge, marcado por la crisis sanitaria del Coronavirus y&#8230;<\/p>\n","protected":false},"author":1,"featured_media":73217,"comment_status":"open","ping_status":"open","sticky":false,"template":"","format":"standard","meta":{"footnotes":""},"categories":[97,78,75],"tags":[7517,1494,7281,10050,10166,876],"class_list":["post-73216","post","type-post","status-publish","format-standard","has-post-thumbnail","hentry","category-alcoy","category-fiestaycultura","category-noticias","tag-23-de-abril","tag-alcoy","tag-coronavirus","tag-crisis-sanitaria","tag-inedito","tag-san-jorge"],"yoast_head":"<!-- This site is optimized with the Yoast SEO plugin v27.3 - https:\/\/yoast.com\/product\/yoast-seo-wordpress\/ -->\n<title>Alcoy honra a San Jorge en un in\u00e9dito 23 de abril - COPE Alcoy<\/title>\n<meta name=\"robots\" content=\"index, follow, max-snippet:-1, max-image-preview:large, max-video-preview:-1\" \/>\n<link rel=\"canonical\" href=\"https:\/\/www.copealcoy.es\/es\/alcoy-honra-a-san-jorge-en-un-inedito-23-de-abril\/\" \/>\n<meta property=\"og:locale\" content=\"es_ES\" \/>\n<meta property=\"og:type\" content=\"article\" \/>\n<meta property=\"og:title\" content=\"Alcoy honra a San Jorge en un in\u00e9dito 23 de abril - COPE Alcoy\" \/>\n<meta property=\"og:description\" content=\"Alcoy vivi\u00f3 ayer un in\u00e9dito\u00a0 23 de abril, D\u00eda de San Jorge, marcado por la crisis sanitaria del Coronavirus y...\" \/>\n<meta property=\"og:url\" content=\"https:\/\/www.copealcoy.es\/es\/alcoy-honra-a-san-jorge-en-un-inedito-23-de-abril\/\" \/>\n<meta property=\"og:site_name\" content=\"COPE Alcoy\" \/>\n<meta property=\"article:published_time\" content=\"2021-04-24T14:00:52+00:00\" \/>\n<meta property=\"article:modified_time\" content=\"2021-04-24T14:23:58+00:00\" \/>\n<meta property=\"og:image\" content=\"https:\/\/www.copealcoy.es\/wp-content\/uploads\/2021\/04\/176382241_10159298889744715_3016127605239825971_n.jpg\" \/>\n\t<meta property=\"og:image:width\" content=\"1772\" \/>\n\t<meta property=\"og:image:height\" content=\"1181\" \/>\n\t<meta property=\"og:image:type\" content=\"image\/jpeg\" \/>\n<meta name=\"author\" content=\"Cope Alcoy\" \/>\n<meta name=\"twitter:label1\" content=\"Escrito por\" \/>\n\t<meta name=\"twitter:data1\" content=\"Cope Alcoy\" \/>\n\t<meta name=\"twitter:label2\" content=\"Tiempo de lectura\" \/>\n\t<meta name=\"twitter:data2\" content=\"2 minutos\" \/>\n<script type=\"application\/ld+json\" class=\"yoast-schema-graph\">{\"@context\":\"https:\\\/\\\/schema.org\",\"@graph\":[{\"@type\":\"Article\",\"@id\":\"https:\\\/\\\/www.copealcoy.es\\\/es\\\/alcoy-honra-a-san-jorge-en-un-inedito-23-de-abril\\\/#article\",\"isPartOf\":{\"@id\":\"https:\\\/\\\/www.copealcoy.es\\\/es\\\/alcoy-honra-a-san-jorge-en-un-inedito-23-de-abril\\\/\"},\"author\":{\"name\":\"Cope Alcoy\",\"@id\":\"https:\\\/\\\/www.copealcoy.es\\\/es\\\/#\\\/schema\\\/person\\\/e777c87fa024e57d40170af9df39882c\"},\"headline\":\"Alcoy honra a San Jorge en un in\u00e9dito 23 de abril\",\"datePublished\":\"2021-04-24T14:00:52+00:00\",\"dateModified\":\"2021-04-24T14:23:58+00:00\",\"mainEntityOfPage\":{\"@id\":\"https:\\\/\\\/www.copealcoy.es\\\/es\\\/alcoy-honra-a-san-jorge-en-un-inedito-23-de-abril\\\/\"},\"wordCount\":369,\"commentCount\":0,\"image\":{\"@id\":\"https:\\\/\\\/www.copealcoy.es\\\/es\\\/alcoy-honra-a-san-jorge-en-un-inedito-23-de-abril\\\/#primaryimage\"},\"thumbnailUrl\":\"https:\\\/\\\/www.copealcoy.es\\\/wp-content\\\/uploads\\\/2021\\\/04\\\/176382241_10159298889744715_3016127605239825971_n.jpg\",\"keywords\":[\"23 de abril\",\"Alcoy\",\"Coronavirus\",\"crisis sanitaria\",\"in\u00e9dito\",\"San Jorge\"],\"articleSection\":[\"Alcoy\",\"Fiesta y Cultura\",\"Noticias\"],\"inLanguage\":\"es\"},{\"@type\":\"WebPage\",\"@id\":\"https:\\\/\\\/www.copealcoy.es\\\/es\\\/alcoy-honra-a-san-jorge-en-un-inedito-23-de-abril\\\/\",\"url\":\"https:\\\/\\\/www.copealcoy.es\\\/es\\\/alcoy-honra-a-san-jorge-en-un-inedito-23-de-abril\\\/\",\"name\":\"Alcoy honra a San Jorge en un in\u00e9dito 23 de abril - COPE Alcoy\",\"isPartOf\":{\"@id\":\"https:\\\/\\\/www.copealcoy.es\\\/es\\\/#website\"},\"primaryImageOfPage\":{\"@id\":\"https:\\\/\\\/www.copealcoy.es\\\/es\\\/alcoy-honra-a-san-jorge-en-un-inedito-23-de-abril\\\/#primaryimage\"},\"image\":{\"@id\":\"https:\\\/\\\/www.copealcoy.es\\\/es\\\/alcoy-honra-a-san-jorge-en-un-inedito-23-de-abril\\\/#primaryimage\"},\"thumbnailUrl\":\"https:\\\/\\\/www.copealcoy.es\\\/wp-content\\\/uploads\\\/2021\\\/04\\\/176382241_10159298889744715_3016127605239825971_n.jpg\",\"datePublished\":\"2021-04-24T14:00:52+00:00\",\"dateModified\":\"2021-04-24T14:23:58+00:00\",\"author\":{\"@id\":\"https:\\\/\\\/www.copealcoy.es\\\/es\\\/#\\\/schema\\\/person\\\/e777c87fa024e57d40170af9df39882c\"},\"breadcrumb\":{\"@id\":\"https:\\\/\\\/www.copealcoy.es\\\/es\\\/alcoy-honra-a-san-jorge-en-un-inedito-23-de-abril\\\/#breadcrumb\"},\"inLanguage\":\"es\",\"potentialAction\":[{\"@type\":\"ReadAction\",\"target\":[\"https:\\\/\\\/www.copealcoy.es\\\/es\\\/alcoy-honra-a-san-jorge-en-un-inedito-23-de-abril\\\/\"]}]},{\"@type\":\"ImageObject\",\"inLanguage\":\"es\",\"@id\":\"https:\\\/\\\/www.copealcoy.es\\\/es\\\/alcoy-honra-a-san-jorge-en-un-inedito-23-de-abril\\\/#primaryimage\",\"url\":\"https:\\\/\\\/www.copealcoy.es\\\/wp-content\\\/uploads\\\/2021\\\/04\\\/176382241_10159298889744715_3016127605239825971_n.jpg\",\"contentUrl\":\"https:\\\/\\\/www.copealcoy.es\\\/wp-content\\\/uploads\\\/2021\\\/04\\\/176382241_10159298889744715_3016127605239825971_n.jpg\",\"width\":1772,\"height\":1181},{\"@type\":\"BreadcrumbList\",\"@id\":\"https:\\\/\\\/www.copealcoy.es\\\/es\\\/alcoy-honra-a-san-jorge-en-un-inedito-23-de-abril\\\/#breadcrumb\",\"itemListElement\":[{\"@type\":\"ListItem\",\"position\":1,\"name\":\"Portada\",\"item\":\"https:\\\/\\\/www.copealcoy.es\\\/es\\\/\"},{\"@type\":\"ListItem\",\"position\":2,\"name\":\"Alcoy honra a San Jorge en un in\u00e9dito 23 de abril\"}]},{\"@type\":\"WebSite\",\"@id\":\"https:\\\/\\\/www.copealcoy.es\\\/es\\\/#website\",\"url\":\"https:\\\/\\\/www.copealcoy.es\\\/es\\\/\",\"name\":\"COPE Alcoy\",\"description\":\"Emisora COPE de radio local con emisi\u00f3n online. Pont de Sant Jordi 8-10 03803 Alcoy\",\"potentialAction\":[{\"@type\":\"SearchAction\",\"target\":{\"@type\":\"EntryPoint\",\"urlTemplate\":\"https:\\\/\\\/www.copealcoy.es\\\/es\\\/?s={search_term_string}\"},\"query-input\":{\"@type\":\"PropertyValueSpecification\",\"valueRequired\":true,\"valueName\":\"search_term_string\"}}],\"inLanguage\":\"es\"},{\"@type\":\"Person\",\"@id\":\"https:\\\/\\\/www.copealcoy.es\\\/es\\\/#\\\/schema\\\/person\\\/e777c87fa024e57d40170af9df39882c\",\"name\":\"Cope Alcoy\",\"image\":{\"@type\":\"ImageObject\",\"inLanguage\":\"es\",\"@id\":\"https:\\\/\\\/secure.gravatar.com\\\/avatar\\\/bb65d0283347e303893ba14f0692005417c1e0e690a325a4c5d8bb2b3943ee14?s=96&d=mm&r=g\",\"url\":\"https:\\\/\\\/secure.gravatar.com\\\/avatar\\\/bb65d0283347e303893ba14f0692005417c1e0e690a325a4c5d8bb2b3943ee14?s=96&d=mm&r=g\",\"contentUrl\":\"https:\\\/\\\/secure.gravatar.com\\\/avatar\\\/bb65d0283347e303893ba14f0692005417c1e0e690a325a4c5d8bb2b3943ee14?s=96&d=mm&r=g\",\"caption\":\"Cope Alcoy\"}}]}<\/script>\n<!-- \/ Yoast SEO plugin. -->","yoast_head_json":{"title":"Alcoy honra a San Jorge en un in\u00e9dito 23 de abril - COPE Alcoy","robots":{"index":"index","follow":"follow","max-snippet":"max-snippet:-1","max-image-preview":"max-image-preview:large","max-video-preview":"max-video-preview:-1"},"canonical":"https:\/\/www.copealcoy.es\/es\/alcoy-honra-a-san-jorge-en-un-inedito-23-de-abril\/","og_locale":"es_ES","og_type":"article","og_title":"Alcoy honra a San Jorge en un in\u00e9dito 23 de abril - COPE Alcoy","og_description":"Alcoy vivi\u00f3 ayer un in\u00e9dito\u00a0 23 de abril, D\u00eda de San Jorge, marcado por la crisis sanitaria del Coronavirus y...","og_url":"https:\/\/www.copealcoy.es\/es\/alcoy-honra-a-san-jorge-en-un-inedito-23-de-abril\/","og_site_name":"COPE Alcoy","article_published_time":"2021-04-24T14:00:52+00:00","article_modified_time":"2021-04-24T14:23:58+00:00","og_image":[{"width":1772,"height":1181,"url":"https:\/\/www.copealcoy.es\/wp-content\/uploads\/2021\/04\/176382241_10159298889744715_3016127605239825971_n.jpg","type":"image\/jpeg"}],"author":"Cope Alcoy","twitter_misc":{"Escrito por":"Cope Alcoy","Tiempo de lectura":"2 minutos"},"schema":{"@context":"https:\/\/schema.org","@graph":[{"@type":"Article","@id":"https:\/\/www.copealcoy.es\/es\/alcoy-honra-a-san-jorge-en-un-inedito-23-de-abril\/#article","isPartOf":{"@id":"https:\/\/www.copealcoy.es\/es\/alcoy-honra-a-san-jorge-en-un-inedito-23-de-abril\/"},"author":{"name":"Cope Alcoy","@id":"https:\/\/www.copealcoy.es\/es\/#\/schema\/person\/e777c87fa024e57d40170af9df39882c"},"headline":"Alcoy honra a San Jorge en un in\u00e9dito 23 de abril","datePublished":"2021-04-24T14:00:52+00:00","dateModified":"2021-04-24T14:23:58+00:00","mainEntityOfPage":{"@id":"https:\/\/www.copealcoy.es\/es\/alcoy-honra-a-san-jorge-en-un-inedito-23-de-abril\/"},"wordCount":369,"commentCount":0,"image":{"@id":"https:\/\/www.copealcoy.es\/es\/alcoy-honra-a-san-jorge-en-un-inedito-23-de-abril\/#primaryimage"},"thumbnailUrl":"https:\/\/www.copealcoy.es\/wp-content\/uploads\/2021\/04\/176382241_10159298889744715_3016127605239825971_n.jpg","keywords":["23 de abril","Alcoy","Coronavirus","crisis sanitaria","in\u00e9dito","San Jorge"],"articleSection":["Alcoy","Fiesta y Cultura","Noticias"],"inLanguage":"es"},{"@type":"WebPage","@id":"https:\/\/www.copealcoy.es\/es\/alcoy-honra-a-san-jorge-en-un-inedito-23-de-abril\/","url":"https:\/\/www.copealcoy.es\/es\/alcoy-honra-a-san-jorge-en-un-inedito-23-de-abril\/","name":"Alcoy honra a San Jorge en un in\u00e9dito 23 de abril - COPE Alcoy","isPartOf":{"@id":"https:\/\/www.copealcoy.es\/es\/#website"},"primaryImageOfPage":{"@id":"https:\/\/www.copealcoy.es\/es\/alcoy-honra-a-san-jorge-en-un-inedito-23-de-abril\/#primaryimage"},"image":{"@id":"https:\/\/www.copealcoy.es\/es\/alcoy-honra-a-san-jorge-en-un-inedito-23-de-abril\/#primaryimage"},"thumbnailUrl":"https:\/\/www.copealcoy.es\/wp-content\/uploads\/2021\/04\/176382241_10159298889744715_3016127605239825971_n.jpg","datePublished":"2021-04-24T14:00:52+00:00","dateModified":"2021-04-24T14:23:58+00:00","author":{"@id":"https:\/\/www.copealcoy.es\/es\/#\/schema\/person\/e777c87fa024e57d40170af9df39882c"},"breadcrumb":{"@id":"https:\/\/www.copealcoy.es\/es\/alcoy-honra-a-san-jorge-en-un-inedito-23-de-abril\/#breadcrumb"},"inLanguage":"es","potentialAction":[{"@type":"ReadAction","target":["https:\/\/www.copealcoy.es\/es\/alcoy-honra-a-san-jorge-en-un-inedito-23-de-abril\/"]}]},{"@type":"ImageObject","inLanguage":"es","@id":"https:\/\/www.copealcoy.es\/es\/alcoy-honra-a-san-jorge-en-un-inedito-23-de-abril\/#primaryimage","url":"https:\/\/www.copealcoy.es\/wp-content\/uploads\/2021\/04\/176382241_10159298889744715_3016127605239825971_n.jpg","contentUrl":"https:\/\/www.copealcoy.es\/wp-content\/uploads\/2021\/04\/176382241_10159298889744715_3016127605239825971_n.jpg","width":1772,"height":1181},{"@type":"BreadcrumbList","@id":"https:\/\/www.copealcoy.es\/es\/alcoy-honra-a-san-jorge-en-un-inedito-23-de-abril\/#breadcrumb","itemListElement":[{"@type":"ListItem","position":1,"name":"Portada","item":"https:\/\/www.copealcoy.es\/es\/"},{"@type":"ListItem","position":2,"name":"Alcoy honra a San Jorge en un in\u00e9dito 23 de abril"}]},{"@type":"WebSite","@id":"https:\/\/www.copealcoy.es\/es\/#website","url":"https:\/\/www.copealcoy.es\/es\/","name":"COPE Alcoy","description":"Emisora COPE de radio local con emisi\u00f3n online. Pont de Sant Jordi 8-10 03803 Alcoy","potentialAction":[{"@type":"SearchAction","target":{"@type":"EntryPoint","urlTemplate":"https:\/\/www.copealcoy.es\/es\/?s={search_term_string}"},"query-input":{"@type":"PropertyValueSpecification","valueRequired":true,"valueName":"search_term_string"}}],"inLanguage":"es"},{"@type":"Person","@id":"https:\/\/www.copealcoy.es\/es\/#\/schema\/person\/e777c87fa024e57d40170af9df39882c","name":"Cope Alcoy","image":{"@type":"ImageObject","inLanguage":"es","@id":"https:\/\/secure.gravatar.com\/avatar\/bb65d0283347e303893ba14f0692005417c1e0e690a325a4c5d8bb2b3943ee14?s=96&d=mm&r=g","url":"https:\/\/secure.gravatar.com\/avatar\/bb65d0283347e303893ba14f0692005417c1e0e690a325a4c5d8bb2b3943ee14?s=96&d=mm&r=g","contentUrl":"https:\/\/secure.gravatar.com\/avatar\/bb65d0283347e303893ba14f0692005417c1e0e690a325a4c5d8bb2b3943ee14?s=96&d=mm&r=g","caption":"Cope Alcoy"}}]}},"_links":{"self":[{"href":"https:\/\/www.copealcoy.es\/es\/wp-json\/wp\/v2\/posts\/73216","targetHints":{"allow":["GET"]}}],"collection":[{"href":"https:\/\/www.copealcoy.es\/es\/wp-json\/wp\/v2\/posts"}],"about":[{"href":"https:\/\/www.copealcoy.es\/es\/wp-json\/wp\/v2\/types\/post"}],"author":[{"embeddable":true,"href":"https:\/\/www.copealcoy.es\/es\/wp-json\/wp\/v2\/users\/1"}],"replies":[{"embeddable":true,"href":"https:\/\/www.copealcoy.es\/es\/wp-json\/wp\/v2\/comments?post=73216"}],"version-history":[{"count":0,"href":"https:\/\/www.copealcoy.es\/es\/wp-json\/wp\/v2\/posts\/73216\/revisions"}],"wp:featuredmedia":[{"embeddable":true,"href":"https:\/\/www.copealcoy.es\/es\/wp-json\/wp\/v2\/media\/73217"}],"wp:attachment":[{"href":"https:\/\/www.copealcoy.es\/es\/wp-json\/wp\/v2\/media?parent=73216"}],"wp:term":[{"taxonomy":"category","embeddable":true,"href":"https:\/\/www.copealcoy.es\/es\/wp-json\/wp\/v2\/categories?post=73216"},{"taxonomy":"post_tag","embeddable":true,"href":"https:\/\/www.copealcoy.es\/es\/wp-json\/wp\/v2\/tags?post=73216"}],"curies":[{"name":"wp","href":"https:\/\/api.w.org\/{rel}","templated":true}]}}