{"id":73187,"date":"2021-04-23T15:44:21","date_gmt":"2021-04-23T14:44:21","guid":{"rendered":"https:\/\/www.copealcoy.es\/?p=73187"},"modified":"2021-04-23T15:47:13","modified_gmt":"2021-04-23T14:47:13","slug":"intento-de-estafa-a-la-generalitat-valenciana-con-vacunas-de-astrazeneca","status":"publish","type":"post","link":"https:\/\/www.copealcoy.es\/es\/intento-de-estafa-a-la-generalitat-valenciana-con-vacunas-de-astrazeneca\/","title":{"rendered":"Intento de estafa a la Generalitat Valenciana con vacunas de AstraZeneca"},"content":{"rendered":"<p style=\"text-align: justify;\"><strong>La Guardia Civil\u00a0investiga a tres personas que ha detenido\u00a0<\/strong>en Valencia y Barcelona por tentativa de estafa relacionada con la venta de la vacuna AstraZeneca, despu\u00e9s de que ofrecieran a la\u00a0<a href=\"http:\/\/www.san.gva.es\/web_estatica\/index_va.html\"><strong>Conselleria de Sanidad<\/strong><\/a>\u00a0valenciana dosis de esta vacuna de las que no dispon\u00edan.<\/p>\n<p style=\"text-align: justify;\">L<strong>os sospechosos dec\u00edan actuar en nombre de un reconocido distribuidor farmac\u00e9utico afincado en la Regi\u00f3n de Murcia<\/strong>. Durante el mes de enero, antes de que la Agencia Europea del Medicamento (EMA) aprobara para su uso dicha vacuna, los autores se pusieron en contacto telef\u00f3nico en varias ocasiones con la Conselleria de Sanidad ofreciendo proveer en un plazo de dos d\u00edas las dosis que fueran necesarias, seg\u00fan la Guardia Civil.<\/p>\n<p style=\"text-align: justify;\"><strong>Se\u00f1alaron que el precio final de cada dosis se deb\u00eda concretar una vez formalizado el pedido<\/strong>, en funci\u00f3n del volumen de dosis solicitadas. La Conselleria de Sanidad puso los hechos en conocimiento de la Agencia Espa\u00f1ola del Medicamento y Productos Sanitarios (AEMPS) y de la Oficina de Lucha contra el Fraude de la Uni\u00f3n Europea (OLAF), participando los mismos a la Guardia Civil a trav\u00e9s de los canales internacionales de cooperaci\u00f3n.<\/p>\n<p style=\"text-align: justify;\"><strong><a href=\"https:\/\/www.guardiacivil.es\/es\/index.html\">La Guardia Civil<\/a>\u00a0inspeccion\u00f3 los almacenes del supuesto distribuidor farmac\u00e9utico afincado en Murcia y concluyeron que no exist\u00eda ning\u00fan lote de la vacuna en los citados almacenes momento<\/strong>\u00a0en el que los agentes encargados de la investigaci\u00f3n detectaron que la situaci\u00f3n denunciada por el Gobierno valenciano pod\u00eda tratrase de una estafa evidente.<\/p>\n<p style=\"text-align: justify;\">A partir de ah\u00ed, <strong>se produjeron las detenciones<\/strong>: el Equipo de Delitos Econ\u00f3micos de la Comandancia de la Guardia Civil de Valencia fue el encargado de los arrestos de dos hombres y una mujer, en Valencia y Barcelona.<\/p>\n","protected":false},"excerpt":{"rendered":"<p>La Guardia Civil\u00a0investiga a tres personas que ha detenido\u00a0en Valencia y Barcelona por tentativa de estafa relacionada con la venta&#8230;<\/p>\n","protected":false},"author":1,"featured_media":69675,"comment_status":"open","ping_status":"open","sticky":false,"template":"","format":"standard","meta":{"footnotes":""},"categories":[97,75,79],"tags":[9665,1840,994,11180,11181],"class_list":["post-73187","post","type-post","status-publish","format-standard","has-post-thumbnail","hentry","category-alcoy","category-noticias","category-politicayeconomia","tag-coronavius","tag-estafa","tag-generalitat-valenciana","tag-intento","tag-vacuna-astrazeneca"],"yoast_head":"<!-- This site is optimized with the Yoast SEO plugin v27.3 - https:\/\/yoast.com\/product\/yoast-seo-wordpress\/ -->\n<title>Intento de estafa a la Generalitat Valenciana con vacunas de AstraZeneca - COPE Alcoy<\/title>\n<meta name=\"robots\" content=\"index, follow, max-snippet:-1, max-image-preview:large, max-video-preview:-1\" \/>\n<link rel=\"canonical\" href=\"https:\/\/www.copealcoy.es\/es\/intento-de-estafa-a-la-generalitat-valenciana-con-vacunas-de-astrazeneca\/\" \/>\n<meta property=\"og:locale\" content=\"es_ES\" \/>\n<meta property=\"og:type\" content=\"article\" \/>\n<meta property=\"og:title\" content=\"Intento de estafa a la Generalitat Valenciana con vacunas de AstraZeneca - COPE Alcoy\" \/>\n<meta property=\"og:description\" content=\"La Guardia Civil\u00a0investiga a tres personas que ha detenido\u00a0en Valencia y Barcelona por tentativa de estafa relacionada con la venta...\" \/>\n<meta property=\"og:url\" content=\"https:\/\/www.copealcoy.es\/es\/intento-de-estafa-a-la-generalitat-valenciana-con-vacunas-de-astrazeneca\/\" \/>\n<meta property=\"og:site_name\" content=\"COPE Alcoy\" \/>\n<meta property=\"article:published_time\" content=\"2021-04-23T14:44:21+00:00\" \/>\n<meta property=\"article:modified_time\" content=\"2021-04-23T14:47:13+00:00\" \/>\n<meta property=\"og:image\" content=\"https:\/\/www.copealcoy.es\/wp-content\/uploads\/2021\/01\/1610360590384.jpg\" \/>\n\t<meta property=\"og:image:width\" content=\"976\" \/>\n\t<meta property=\"og:image:height\" content=\"732\" \/>\n\t<meta property=\"og:image:type\" content=\"image\/jpeg\" \/>\n<meta name=\"author\" content=\"Cope Alcoy\" \/>\n<meta name=\"twitter:label1\" content=\"Escrito por\" \/>\n\t<meta name=\"twitter:data1\" content=\"Cope Alcoy\" \/>\n\t<meta name=\"twitter:label2\" content=\"Tiempo de lectura\" \/>\n\t<meta name=\"twitter:data2\" content=\"1 minuto\" \/>\n<script type=\"application\/ld+json\" class=\"yoast-schema-graph\">{\"@context\":\"https:\\\/\\\/schema.org\",\"@graph\":[{\"@type\":\"Article\",\"@id\":\"https:\\\/\\\/www.copealcoy.es\\\/es\\\/intento-de-estafa-a-la-generalitat-valenciana-con-vacunas-de-astrazeneca\\\/#article\",\"isPartOf\":{\"@id\":\"https:\\\/\\\/www.copealcoy.es\\\/es\\\/intento-de-estafa-a-la-generalitat-valenciana-con-vacunas-de-astrazeneca\\\/\"},\"author\":{\"name\":\"Cope Alcoy\",\"@id\":\"https:\\\/\\\/www.copealcoy.es\\\/es\\\/#\\\/schema\\\/person\\\/e777c87fa024e57d40170af9df39882c\"},\"headline\":\"Intento de estafa a la Generalitat Valenciana con vacunas de AstraZeneca\",\"datePublished\":\"2021-04-23T14:44:21+00:00\",\"dateModified\":\"2021-04-23T14:47:13+00:00\",\"mainEntityOfPage\":{\"@id\":\"https:\\\/\\\/www.copealcoy.es\\\/es\\\/intento-de-estafa-a-la-generalitat-valenciana-con-vacunas-de-astrazeneca\\\/\"},\"wordCount\":308,\"commentCount\":0,\"image\":{\"@id\":\"https:\\\/\\\/www.copealcoy.es\\\/es\\\/intento-de-estafa-a-la-generalitat-valenciana-con-vacunas-de-astrazeneca\\\/#primaryimage\"},\"thumbnailUrl\":\"https:\\\/\\\/www.copealcoy.es\\\/wp-content\\\/uploads\\\/2021\\\/01\\\/1610360590384.jpg\",\"keywords\":[\"Coronavius\",\"Estafa\",\"Generalitat Valenciana\",\"Intento\",\"vacuna Astrazeneca\"],\"articleSection\":[\"Alcoy\",\"Noticias\",\"Pol\u00edtica y Econom\u00eda\"],\"inLanguage\":\"es\"},{\"@type\":\"WebPage\",\"@id\":\"https:\\\/\\\/www.copealcoy.es\\\/es\\\/intento-de-estafa-a-la-generalitat-valenciana-con-vacunas-de-astrazeneca\\\/\",\"url\":\"https:\\\/\\\/www.copealcoy.es\\\/es\\\/intento-de-estafa-a-la-generalitat-valenciana-con-vacunas-de-astrazeneca\\\/\",\"name\":\"Intento de estafa a la Generalitat Valenciana con vacunas de AstraZeneca - COPE Alcoy\",\"isPartOf\":{\"@id\":\"https:\\\/\\\/www.copealcoy.es\\\/es\\\/#website\"},\"primaryImageOfPage\":{\"@id\":\"https:\\\/\\\/www.copealcoy.es\\\/es\\\/intento-de-estafa-a-la-generalitat-valenciana-con-vacunas-de-astrazeneca\\\/#primaryimage\"},\"image\":{\"@id\":\"https:\\\/\\\/www.copealcoy.es\\\/es\\\/intento-de-estafa-a-la-generalitat-valenciana-con-vacunas-de-astrazeneca\\\/#primaryimage\"},\"thumbnailUrl\":\"https:\\\/\\\/www.copealcoy.es\\\/wp-content\\\/uploads\\\/2021\\\/01\\\/1610360590384.jpg\",\"datePublished\":\"2021-04-23T14:44:21+00:00\",\"dateModified\":\"2021-04-23T14:47:13+00:00\",\"author\":{\"@id\":\"https:\\\/\\\/www.copealcoy.es\\\/es\\\/#\\\/schema\\\/person\\\/e777c87fa024e57d40170af9df39882c\"},\"breadcrumb\":{\"@id\":\"https:\\\/\\\/www.copealcoy.es\\\/es\\\/intento-de-estafa-a-la-generalitat-valenciana-con-vacunas-de-astrazeneca\\\/#breadcrumb\"},\"inLanguage\":\"es\",\"potentialAction\":[{\"@type\":\"ReadAction\",\"target\":[\"https:\\\/\\\/www.copealcoy.es\\\/es\\\/intento-de-estafa-a-la-generalitat-valenciana-con-vacunas-de-astrazeneca\\\/\"]}]},{\"@type\":\"ImageObject\",\"inLanguage\":\"es\",\"@id\":\"https:\\\/\\\/www.copealcoy.es\\\/es\\\/intento-de-estafa-a-la-generalitat-valenciana-con-vacunas-de-astrazeneca\\\/#primaryimage\",\"url\":\"https:\\\/\\\/www.copealcoy.es\\\/wp-content\\\/uploads\\\/2021\\\/01\\\/1610360590384.jpg\",\"contentUrl\":\"https:\\\/\\\/www.copealcoy.es\\\/wp-content\\\/uploads\\\/2021\\\/01\\\/1610360590384.jpg\",\"width\":976,\"height\":732},{\"@type\":\"BreadcrumbList\",\"@id\":\"https:\\\/\\\/www.copealcoy.es\\\/es\\\/intento-de-estafa-a-la-generalitat-valenciana-con-vacunas-de-astrazeneca\\\/#breadcrumb\",\"itemListElement\":[{\"@type\":\"ListItem\",\"position\":1,\"name\":\"Portada\",\"item\":\"https:\\\/\\\/www.copealcoy.es\\\/es\\\/\"},{\"@type\":\"ListItem\",\"position\":2,\"name\":\"Intento de estafa a la Generalitat Valenciana con vacunas de AstraZeneca\"}]},{\"@type\":\"WebSite\",\"@id\":\"https:\\\/\\\/www.copealcoy.es\\\/es\\\/#website\",\"url\":\"https:\\\/\\\/www.copealcoy.es\\\/es\\\/\",\"name\":\"COPE Alcoy\",\"description\":\"Emisora COPE de radio local con emisi\u00f3n online. Pont de Sant Jordi 8-10 03803 Alcoy\",\"potentialAction\":[{\"@type\":\"SearchAction\",\"target\":{\"@type\":\"EntryPoint\",\"urlTemplate\":\"https:\\\/\\\/www.copealcoy.es\\\/es\\\/?s={search_term_string}\"},\"query-input\":{\"@type\":\"PropertyValueSpecification\",\"valueRequired\":true,\"valueName\":\"search_term_string\"}}],\"inLanguage\":\"es\"},{\"@type\":\"Person\",\"@id\":\"https:\\\/\\\/www.copealcoy.es\\\/es\\\/#\\\/schema\\\/person\\\/e777c87fa024e57d40170af9df39882c\",\"name\":\"Cope Alcoy\",\"image\":{\"@type\":\"ImageObject\",\"inLanguage\":\"es\",\"@id\":\"https:\\\/\\\/secure.gravatar.com\\\/avatar\\\/bb65d0283347e303893ba14f0692005417c1e0e690a325a4c5d8bb2b3943ee14?s=96&d=mm&r=g\",\"url\":\"https:\\\/\\\/secure.gravatar.com\\\/avatar\\\/bb65d0283347e303893ba14f0692005417c1e0e690a325a4c5d8bb2b3943ee14?s=96&d=mm&r=g\",\"contentUrl\":\"https:\\\/\\\/secure.gravatar.com\\\/avatar\\\/bb65d0283347e303893ba14f0692005417c1e0e690a325a4c5d8bb2b3943ee14?s=96&d=mm&r=g\",\"caption\":\"Cope Alcoy\"}}]}<\/script>\n<!-- \/ Yoast SEO plugin. -->","yoast_head_json":{"title":"Intento de estafa a la Generalitat Valenciana con vacunas de AstraZeneca - COPE Alcoy","robots":{"index":"index","follow":"follow","max-snippet":"max-snippet:-1","max-image-preview":"max-image-preview:large","max-video-preview":"max-video-preview:-1"},"canonical":"https:\/\/www.copealcoy.es\/es\/intento-de-estafa-a-la-generalitat-valenciana-con-vacunas-de-astrazeneca\/","og_locale":"es_ES","og_type":"article","og_title":"Intento de estafa a la Generalitat Valenciana con vacunas de AstraZeneca - COPE Alcoy","og_description":"La Guardia Civil\u00a0investiga a tres personas que ha detenido\u00a0en Valencia y Barcelona por tentativa de estafa relacionada con la venta...","og_url":"https:\/\/www.copealcoy.es\/es\/intento-de-estafa-a-la-generalitat-valenciana-con-vacunas-de-astrazeneca\/","og_site_name":"COPE Alcoy","article_published_time":"2021-04-23T14:44:21+00:00","article_modified_time":"2021-04-23T14:47:13+00:00","og_image":[{"width":976,"height":732,"url":"https:\/\/www.copealcoy.es\/wp-content\/uploads\/2021\/01\/1610360590384.jpg","type":"image\/jpeg"}],"author":"Cope Alcoy","twitter_misc":{"Escrito por":"Cope Alcoy","Tiempo de lectura":"1 minuto"},"schema":{"@context":"https:\/\/schema.org","@graph":[{"@type":"Article","@id":"https:\/\/www.copealcoy.es\/es\/intento-de-estafa-a-la-generalitat-valenciana-con-vacunas-de-astrazeneca\/#article","isPartOf":{"@id":"https:\/\/www.copealcoy.es\/es\/intento-de-estafa-a-la-generalitat-valenciana-con-vacunas-de-astrazeneca\/"},"author":{"name":"Cope Alcoy","@id":"https:\/\/www.copealcoy.es\/es\/#\/schema\/person\/e777c87fa024e57d40170af9df39882c"},"headline":"Intento de estafa a la Generalitat Valenciana con vacunas de AstraZeneca","datePublished":"2021-04-23T14:44:21+00:00","dateModified":"2021-04-23T14:47:13+00:00","mainEntityOfPage":{"@id":"https:\/\/www.copealcoy.es\/es\/intento-de-estafa-a-la-generalitat-valenciana-con-vacunas-de-astrazeneca\/"},"wordCount":308,"commentCount":0,"image":{"@id":"https:\/\/www.copealcoy.es\/es\/intento-de-estafa-a-la-generalitat-valenciana-con-vacunas-de-astrazeneca\/#primaryimage"},"thumbnailUrl":"https:\/\/www.copealcoy.es\/wp-content\/uploads\/2021\/01\/1610360590384.jpg","keywords":["Coronavius","Estafa","Generalitat Valenciana","Intento","vacuna Astrazeneca"],"articleSection":["Alcoy","Noticias","Pol\u00edtica y Econom\u00eda"],"inLanguage":"es"},{"@type":"WebPage","@id":"https:\/\/www.copealcoy.es\/es\/intento-de-estafa-a-la-generalitat-valenciana-con-vacunas-de-astrazeneca\/","url":"https:\/\/www.copealcoy.es\/es\/intento-de-estafa-a-la-generalitat-valenciana-con-vacunas-de-astrazeneca\/","name":"Intento de estafa a la Generalitat Valenciana con vacunas de AstraZeneca - COPE Alcoy","isPartOf":{"@id":"https:\/\/www.copealcoy.es\/es\/#website"},"primaryImageOfPage":{"@id":"https:\/\/www.copealcoy.es\/es\/intento-de-estafa-a-la-generalitat-valenciana-con-vacunas-de-astrazeneca\/#primaryimage"},"image":{"@id":"https:\/\/www.copealcoy.es\/es\/intento-de-estafa-a-la-generalitat-valenciana-con-vacunas-de-astrazeneca\/#primaryimage"},"thumbnailUrl":"https:\/\/www.copealcoy.es\/wp-content\/uploads\/2021\/01\/1610360590384.jpg","datePublished":"2021-04-23T14:44:21+00:00","dateModified":"2021-04-23T14:47:13+00:00","author":{"@id":"https:\/\/www.copealcoy.es\/es\/#\/schema\/person\/e777c87fa024e57d40170af9df39882c"},"breadcrumb":{"@id":"https:\/\/www.copealcoy.es\/es\/intento-de-estafa-a-la-generalitat-valenciana-con-vacunas-de-astrazeneca\/#breadcrumb"},"inLanguage":"es","potentialAction":[{"@type":"ReadAction","target":["https:\/\/www.copealcoy.es\/es\/intento-de-estafa-a-la-generalitat-valenciana-con-vacunas-de-astrazeneca\/"]}]},{"@type":"ImageObject","inLanguage":"es","@id":"https:\/\/www.copealcoy.es\/es\/intento-de-estafa-a-la-generalitat-valenciana-con-vacunas-de-astrazeneca\/#primaryimage","url":"https:\/\/www.copealcoy.es\/wp-content\/uploads\/2021\/01\/1610360590384.jpg","contentUrl":"https:\/\/www.copealcoy.es\/wp-content\/uploads\/2021\/01\/1610360590384.jpg","width":976,"height":732},{"@type":"BreadcrumbList","@id":"https:\/\/www.copealcoy.es\/es\/intento-de-estafa-a-la-generalitat-valenciana-con-vacunas-de-astrazeneca\/#breadcrumb","itemListElement":[{"@type":"ListItem","position":1,"name":"Portada","item":"https:\/\/www.copealcoy.es\/es\/"},{"@type":"ListItem","position":2,"name":"Intento de estafa a la Generalitat Valenciana con vacunas de AstraZeneca"}]},{"@type":"WebSite","@id":"https:\/\/www.copealcoy.es\/es\/#website","url":"https:\/\/www.copealcoy.es\/es\/","name":"COPE Alcoy","description":"Emisora COPE de radio local con emisi\u00f3n online. Pont de Sant Jordi 8-10 03803 Alcoy","potentialAction":[{"@type":"SearchAction","target":{"@type":"EntryPoint","urlTemplate":"https:\/\/www.copealcoy.es\/es\/?s={search_term_string}"},"query-input":{"@type":"PropertyValueSpecification","valueRequired":true,"valueName":"search_term_string"}}],"inLanguage":"es"},{"@type":"Person","@id":"https:\/\/www.copealcoy.es\/es\/#\/schema\/person\/e777c87fa024e57d40170af9df39882c","name":"Cope Alcoy","image":{"@type":"ImageObject","inLanguage":"es","@id":"https:\/\/secure.gravatar.com\/avatar\/bb65d0283347e303893ba14f0692005417c1e0e690a325a4c5d8bb2b3943ee14?s=96&d=mm&r=g","url":"https:\/\/secure.gravatar.com\/avatar\/bb65d0283347e303893ba14f0692005417c1e0e690a325a4c5d8bb2b3943ee14?s=96&d=mm&r=g","contentUrl":"https:\/\/secure.gravatar.com\/avatar\/bb65d0283347e303893ba14f0692005417c1e0e690a325a4c5d8bb2b3943ee14?s=96&d=mm&r=g","caption":"Cope Alcoy"}}]}},"_links":{"self":[{"href":"https:\/\/www.copealcoy.es\/es\/wp-json\/wp\/v2\/posts\/73187","targetHints":{"allow":["GET"]}}],"collection":[{"href":"https:\/\/www.copealcoy.es\/es\/wp-json\/wp\/v2\/posts"}],"about":[{"href":"https:\/\/www.copealcoy.es\/es\/wp-json\/wp\/v2\/types\/post"}],"author":[{"embeddable":true,"href":"https:\/\/www.copealcoy.es\/es\/wp-json\/wp\/v2\/users\/1"}],"replies":[{"embeddable":true,"href":"https:\/\/www.copealcoy.es\/es\/wp-json\/wp\/v2\/comments?post=73187"}],"version-history":[{"count":0,"href":"https:\/\/www.copealcoy.es\/es\/wp-json\/wp\/v2\/posts\/73187\/revisions"}],"wp:featuredmedia":[{"embeddable":true,"href":"https:\/\/www.copealcoy.es\/es\/wp-json\/wp\/v2\/media\/69675"}],"wp:attachment":[{"href":"https:\/\/www.copealcoy.es\/es\/wp-json\/wp\/v2\/media?parent=73187"}],"wp:term":[{"taxonomy":"category","embeddable":true,"href":"https:\/\/www.copealcoy.es\/es\/wp-json\/wp\/v2\/categories?post=73187"},{"taxonomy":"post_tag","embeddable":true,"href":"https:\/\/www.copealcoy.es\/es\/wp-json\/wp\/v2\/tags?post=73187"}],"curies":[{"name":"wp","href":"https:\/\/api.w.org\/{rel}","templated":true}]}}