{"id":73137,"date":"2021-04-22T15:00:23","date_gmt":"2021-04-22T14:00:23","guid":{"rendered":"https:\/\/www.copealcoy.es\/?p=73137"},"modified":"2021-04-22T15:22:46","modified_gmt":"2021-04-22T14:22:46","slug":"un-sender-ecologic-al-serpis-proposta-mes-votada-en-els-pressupostos-participatius-de-cocentaina","status":"publish","type":"post","link":"https:\/\/www.copealcoy.es\/es\/un-sender-ecologic-al-serpis-proposta-mes-votada-en-els-pressupostos-participatius-de-cocentaina\/","title":{"rendered":"Un sender ecol\u00f2gic al Serpis, proposta m\u00e9s votada en els Pressupostos Participatius de Cocentaina"},"content":{"rendered":"<p style=\"text-align: justify;\">L&#8217;Ajuntament de Cocentaina ha fet p\u00fablics <strong>els resultats de les votacions dels Pressupostos Participatius de 2021<\/strong>, una campanya en la qual <strong>han votat 556 persones<\/strong>. La proposta m\u00e9s votada ha sigut <strong>l&#8217;execuci\u00f3 d&#8217;un projecte de sender ecol\u00f2gic &#8216;Joan Pellicer&#8217; al Riu Serpis<\/strong>, una iniciativa que presenta un elevat cost i a la qual <strong>aniran assignats quasi tots els recursos econ\u00f2mics previstos per als Pressupostos Participatius<\/strong> &#8220;<em>t\u00e9 un cost elevat i no se sap encara si es podran realitzar les altres, encara que la voluntat de l&#8217;equip de govern \u00e9s executar el m\u00e0xim de propostes possibles<\/em>&#8220;, afirma la regidora de Participaci\u00f3 Ciutadana; <strong>Maite Valls<\/strong>.<\/p>\n<p style=\"text-align: justify;\">Les <strong>seg\u00fcents propostes m\u00e9s votades<\/strong> han sigut col\u00b7locar un monument escult\u00f2ric com a homenatge a les v\u00edctimes del franquisme (406 vots), instal\u00b7lar equipament esportiu als parcs i \u00e0rees recreatives (279 vots), reconstruir el rellotge de sol del Palau (212 vots), adequar l\u2019acc\u00e9s a Santa B\u00e0rbara des de l\u2019aparcament per a persones amb discapacitat (173 vots), adequar els carrers adjacents al Teular (172 vots), i restaurar la bassa del Moro (143 vots). Seguidament han sigut m\u00e9s recolzades iniciatives com retolar els carrers amb el nom popular (128 vots), incloure en la p\u00e0gina web de l\u2019Ajuntament un portal de mem\u00f2ria hist\u00f2rica (78 vots), realitzar un record a\u00a0<span class=\"hiddenSpellError\">Blas<\/span>\u00a0Benilloba Ruiz \u00abel\u00a0<span class=\"hiddenSpellError\">Cistellero<\/span>\u00bb (36 vots) i organitzar un concurs de poesia i relat curt per a persones majors (30 vots) &#8220;<em>valorem molt positivament la participaci\u00f3 de totes i cadascuna de les persones que, de manera transparent i democr\u00e0tica, han em\u00e9s el seu vot. Felicitem a totes les persones que han impulsat els projectes que han obtingut m\u00e9s vots<\/em>&#8220;, assenyala Valls.<\/p>\n<p style=\"text-align: justify;\">La campanya dels Pressupostos Participatius de Cocentaina <strong>va arrancar al mes de gener de 2021<\/strong> i en la fase final cada contest\u00e0 podia votar per un o m\u00e9s projectes dels que resultaren viables per a la\u00a0votaci\u00f3.<\/p>\n","protected":false},"excerpt":{"rendered":"<p>L&#8217;Ajuntament de Cocentaina ha fet p\u00fablics els resultats de les votacions dels Pressupostos Participatius de 2021, una campanya en la&#8230;<\/p>\n","protected":false},"author":1,"featured_media":18561,"comment_status":"open","ping_status":"open","sticky":false,"template":"","format":"standard","meta":{"footnotes":""},"categories":[98,75],"tags":[132,10920,9669,9668,11173,11172],"class_list":["post-73137","post","type-post","status-publish","format-standard","has-post-thumbnail","hentry","category-comarcas","category-noticias","tag-cocentaina","tag-maite-valls","tag-pressupostos-participatius","tag-proposta-mes-votada","tag-riu-serpis","tag-sender"],"yoast_head":"<!-- This site is optimized with the Yoast SEO plugin v27.3 - https:\/\/yoast.com\/product\/yoast-seo-wordpress\/ -->\n<title>Un sender ecol\u00f2gic al Serpis, proposta m\u00e9s votada en els Pressupostos Participatius de Cocentaina - COPE Alcoy<\/title>\n<meta name=\"robots\" content=\"index, follow, max-snippet:-1, max-image-preview:large, max-video-preview:-1\" \/>\n<link rel=\"canonical\" href=\"https:\/\/www.copealcoy.es\/es\/un-sender-ecologic-al-serpis-proposta-mes-votada-en-els-pressupostos-participatius-de-cocentaina\/\" \/>\n<meta property=\"og:locale\" content=\"es_ES\" \/>\n<meta property=\"og:type\" content=\"article\" \/>\n<meta property=\"og:title\" content=\"Un sender ecol\u00f2gic al Serpis, proposta m\u00e9s votada en els Pressupostos Participatius de Cocentaina - COPE Alcoy\" \/>\n<meta property=\"og:description\" content=\"L&#8217;Ajuntament de Cocentaina ha fet p\u00fablics els resultats de les votacions dels Pressupostos Participatius de 2021, una campanya en la...\" \/>\n<meta property=\"og:url\" content=\"https:\/\/www.copealcoy.es\/es\/un-sender-ecologic-al-serpis-proposta-mes-votada-en-els-pressupostos-participatius-de-cocentaina\/\" \/>\n<meta property=\"og:site_name\" content=\"COPE Alcoy\" \/>\n<meta property=\"article:published_time\" content=\"2021-04-22T14:00:23+00:00\" \/>\n<meta property=\"article:modified_time\" content=\"2021-04-22T14:22:46+00:00\" \/>\n<meta property=\"og:image\" content=\"https:\/\/www.copealcoy.es\/wp-content\/uploads\/2016\/02\/Ajuntament-Cocentaina-2.jpg\" \/>\n\t<meta property=\"og:image:width\" content=\"2400\" \/>\n\t<meta property=\"og:image:height\" content=\"1679\" \/>\n\t<meta property=\"og:image:type\" content=\"image\/jpeg\" \/>\n<meta name=\"author\" content=\"Cope Alcoy\" \/>\n<meta name=\"twitter:label1\" content=\"Escrito por\" \/>\n\t<meta name=\"twitter:data1\" content=\"Cope Alcoy\" \/>\n\t<meta name=\"twitter:label2\" content=\"Tiempo de lectura\" \/>\n\t<meta name=\"twitter:data2\" content=\"2 minutos\" \/>\n<script type=\"application\/ld+json\" class=\"yoast-schema-graph\">{\"@context\":\"https:\\\/\\\/schema.org\",\"@graph\":[{\"@type\":\"Article\",\"@id\":\"https:\\\/\\\/www.copealcoy.es\\\/es\\\/un-sender-ecologic-al-serpis-proposta-mes-votada-en-els-pressupostos-participatius-de-cocentaina\\\/#article\",\"isPartOf\":{\"@id\":\"https:\\\/\\\/www.copealcoy.es\\\/es\\\/un-sender-ecologic-al-serpis-proposta-mes-votada-en-els-pressupostos-participatius-de-cocentaina\\\/\"},\"author\":{\"name\":\"Cope Alcoy\",\"@id\":\"https:\\\/\\\/www.copealcoy.es\\\/es\\\/#\\\/schema\\\/person\\\/e777c87fa024e57d40170af9df39882c\"},\"headline\":\"Un sender ecol\u00f2gic al Serpis, proposta m\u00e9s votada en els Pressupostos Participatius de Cocentaina\",\"datePublished\":\"2021-04-22T14:00:23+00:00\",\"dateModified\":\"2021-04-22T14:22:46+00:00\",\"mainEntityOfPage\":{\"@id\":\"https:\\\/\\\/www.copealcoy.es\\\/es\\\/un-sender-ecologic-al-serpis-proposta-mes-votada-en-els-pressupostos-participatius-de-cocentaina\\\/\"},\"wordCount\":338,\"commentCount\":0,\"image\":{\"@id\":\"https:\\\/\\\/www.copealcoy.es\\\/es\\\/un-sender-ecologic-al-serpis-proposta-mes-votada-en-els-pressupostos-participatius-de-cocentaina\\\/#primaryimage\"},\"thumbnailUrl\":\"https:\\\/\\\/www.copealcoy.es\\\/wp-content\\\/uploads\\\/2016\\\/02\\\/Ajuntament-Cocentaina-2.jpg\",\"keywords\":[\"Cocentaina\",\"Maite Valls\",\"Pressupostos Participatius\",\"proposta m\u00e9s votada\",\"Riu Serpis\",\"sender\"],\"articleSection\":[\"Comarcas\",\"Noticias\"],\"inLanguage\":\"es\"},{\"@type\":\"WebPage\",\"@id\":\"https:\\\/\\\/www.copealcoy.es\\\/es\\\/un-sender-ecologic-al-serpis-proposta-mes-votada-en-els-pressupostos-participatius-de-cocentaina\\\/\",\"url\":\"https:\\\/\\\/www.copealcoy.es\\\/es\\\/un-sender-ecologic-al-serpis-proposta-mes-votada-en-els-pressupostos-participatius-de-cocentaina\\\/\",\"name\":\"Un sender ecol\u00f2gic al Serpis, proposta m\u00e9s votada en els Pressupostos Participatius de Cocentaina - COPE Alcoy\",\"isPartOf\":{\"@id\":\"https:\\\/\\\/www.copealcoy.es\\\/es\\\/#website\"},\"primaryImageOfPage\":{\"@id\":\"https:\\\/\\\/www.copealcoy.es\\\/es\\\/un-sender-ecologic-al-serpis-proposta-mes-votada-en-els-pressupostos-participatius-de-cocentaina\\\/#primaryimage\"},\"image\":{\"@id\":\"https:\\\/\\\/www.copealcoy.es\\\/es\\\/un-sender-ecologic-al-serpis-proposta-mes-votada-en-els-pressupostos-participatius-de-cocentaina\\\/#primaryimage\"},\"thumbnailUrl\":\"https:\\\/\\\/www.copealcoy.es\\\/wp-content\\\/uploads\\\/2016\\\/02\\\/Ajuntament-Cocentaina-2.jpg\",\"datePublished\":\"2021-04-22T14:00:23+00:00\",\"dateModified\":\"2021-04-22T14:22:46+00:00\",\"author\":{\"@id\":\"https:\\\/\\\/www.copealcoy.es\\\/es\\\/#\\\/schema\\\/person\\\/e777c87fa024e57d40170af9df39882c\"},\"breadcrumb\":{\"@id\":\"https:\\\/\\\/www.copealcoy.es\\\/es\\\/un-sender-ecologic-al-serpis-proposta-mes-votada-en-els-pressupostos-participatius-de-cocentaina\\\/#breadcrumb\"},\"inLanguage\":\"es\",\"potentialAction\":[{\"@type\":\"ReadAction\",\"target\":[\"https:\\\/\\\/www.copealcoy.es\\\/es\\\/un-sender-ecologic-al-serpis-proposta-mes-votada-en-els-pressupostos-participatius-de-cocentaina\\\/\"]}]},{\"@type\":\"ImageObject\",\"inLanguage\":\"es\",\"@id\":\"https:\\\/\\\/www.copealcoy.es\\\/es\\\/un-sender-ecologic-al-serpis-proposta-mes-votada-en-els-pressupostos-participatius-de-cocentaina\\\/#primaryimage\",\"url\":\"https:\\\/\\\/www.copealcoy.es\\\/wp-content\\\/uploads\\\/2016\\\/02\\\/Ajuntament-Cocentaina-2.jpg\",\"contentUrl\":\"https:\\\/\\\/www.copealcoy.es\\\/wp-content\\\/uploads\\\/2016\\\/02\\\/Ajuntament-Cocentaina-2.jpg\",\"width\":2400,\"height\":1679,\"caption\":\"Ayuntamiento de Cocentaina \\\/ Foto: G. Pascual\"},{\"@type\":\"BreadcrumbList\",\"@id\":\"https:\\\/\\\/www.copealcoy.es\\\/es\\\/un-sender-ecologic-al-serpis-proposta-mes-votada-en-els-pressupostos-participatius-de-cocentaina\\\/#breadcrumb\",\"itemListElement\":[{\"@type\":\"ListItem\",\"position\":1,\"name\":\"Portada\",\"item\":\"https:\\\/\\\/www.copealcoy.es\\\/es\\\/\"},{\"@type\":\"ListItem\",\"position\":2,\"name\":\"Un sender ecol\u00f2gic al Serpis, proposta m\u00e9s votada en els Pressupostos Participatius de Cocentaina\"}]},{\"@type\":\"WebSite\",\"@id\":\"https:\\\/\\\/www.copealcoy.es\\\/es\\\/#website\",\"url\":\"https:\\\/\\\/www.copealcoy.es\\\/es\\\/\",\"name\":\"COPE Alcoy\",\"description\":\"Emisora COPE de radio local con emisi\u00f3n online. Pont de Sant Jordi 8-10 03803 Alcoy\",\"potentialAction\":[{\"@type\":\"SearchAction\",\"target\":{\"@type\":\"EntryPoint\",\"urlTemplate\":\"https:\\\/\\\/www.copealcoy.es\\\/es\\\/?s={search_term_string}\"},\"query-input\":{\"@type\":\"PropertyValueSpecification\",\"valueRequired\":true,\"valueName\":\"search_term_string\"}}],\"inLanguage\":\"es\"},{\"@type\":\"Person\",\"@id\":\"https:\\\/\\\/www.copealcoy.es\\\/es\\\/#\\\/schema\\\/person\\\/e777c87fa024e57d40170af9df39882c\",\"name\":\"Cope Alcoy\",\"image\":{\"@type\":\"ImageObject\",\"inLanguage\":\"es\",\"@id\":\"https:\\\/\\\/secure.gravatar.com\\\/avatar\\\/bb65d0283347e303893ba14f0692005417c1e0e690a325a4c5d8bb2b3943ee14?s=96&d=mm&r=g\",\"url\":\"https:\\\/\\\/secure.gravatar.com\\\/avatar\\\/bb65d0283347e303893ba14f0692005417c1e0e690a325a4c5d8bb2b3943ee14?s=96&d=mm&r=g\",\"contentUrl\":\"https:\\\/\\\/secure.gravatar.com\\\/avatar\\\/bb65d0283347e303893ba14f0692005417c1e0e690a325a4c5d8bb2b3943ee14?s=96&d=mm&r=g\",\"caption\":\"Cope Alcoy\"}}]}<\/script>\n<!-- \/ Yoast SEO plugin. -->","yoast_head_json":{"title":"Un sender ecol\u00f2gic al Serpis, proposta m\u00e9s votada en els Pressupostos Participatius de Cocentaina - COPE Alcoy","robots":{"index":"index","follow":"follow","max-snippet":"max-snippet:-1","max-image-preview":"max-image-preview:large","max-video-preview":"max-video-preview:-1"},"canonical":"https:\/\/www.copealcoy.es\/es\/un-sender-ecologic-al-serpis-proposta-mes-votada-en-els-pressupostos-participatius-de-cocentaina\/","og_locale":"es_ES","og_type":"article","og_title":"Un sender ecol\u00f2gic al Serpis, proposta m\u00e9s votada en els Pressupostos Participatius de Cocentaina - COPE Alcoy","og_description":"L&#8217;Ajuntament de Cocentaina ha fet p\u00fablics els resultats de les votacions dels Pressupostos Participatius de 2021, una campanya en la...","og_url":"https:\/\/www.copealcoy.es\/es\/un-sender-ecologic-al-serpis-proposta-mes-votada-en-els-pressupostos-participatius-de-cocentaina\/","og_site_name":"COPE Alcoy","article_published_time":"2021-04-22T14:00:23+00:00","article_modified_time":"2021-04-22T14:22:46+00:00","og_image":[{"width":2400,"height":1679,"url":"https:\/\/www.copealcoy.es\/wp-content\/uploads\/2016\/02\/Ajuntament-Cocentaina-2.jpg","type":"image\/jpeg"}],"author":"Cope Alcoy","twitter_misc":{"Escrito por":"Cope Alcoy","Tiempo de lectura":"2 minutos"},"schema":{"@context":"https:\/\/schema.org","@graph":[{"@type":"Article","@id":"https:\/\/www.copealcoy.es\/es\/un-sender-ecologic-al-serpis-proposta-mes-votada-en-els-pressupostos-participatius-de-cocentaina\/#article","isPartOf":{"@id":"https:\/\/www.copealcoy.es\/es\/un-sender-ecologic-al-serpis-proposta-mes-votada-en-els-pressupostos-participatius-de-cocentaina\/"},"author":{"name":"Cope Alcoy","@id":"https:\/\/www.copealcoy.es\/es\/#\/schema\/person\/e777c87fa024e57d40170af9df39882c"},"headline":"Un sender ecol\u00f2gic al Serpis, proposta m\u00e9s votada en els Pressupostos Participatius de Cocentaina","datePublished":"2021-04-22T14:00:23+00:00","dateModified":"2021-04-22T14:22:46+00:00","mainEntityOfPage":{"@id":"https:\/\/www.copealcoy.es\/es\/un-sender-ecologic-al-serpis-proposta-mes-votada-en-els-pressupostos-participatius-de-cocentaina\/"},"wordCount":338,"commentCount":0,"image":{"@id":"https:\/\/www.copealcoy.es\/es\/un-sender-ecologic-al-serpis-proposta-mes-votada-en-els-pressupostos-participatius-de-cocentaina\/#primaryimage"},"thumbnailUrl":"https:\/\/www.copealcoy.es\/wp-content\/uploads\/2016\/02\/Ajuntament-Cocentaina-2.jpg","keywords":["Cocentaina","Maite Valls","Pressupostos Participatius","proposta m\u00e9s votada","Riu Serpis","sender"],"articleSection":["Comarcas","Noticias"],"inLanguage":"es"},{"@type":"WebPage","@id":"https:\/\/www.copealcoy.es\/es\/un-sender-ecologic-al-serpis-proposta-mes-votada-en-els-pressupostos-participatius-de-cocentaina\/","url":"https:\/\/www.copealcoy.es\/es\/un-sender-ecologic-al-serpis-proposta-mes-votada-en-els-pressupostos-participatius-de-cocentaina\/","name":"Un sender ecol\u00f2gic al Serpis, proposta m\u00e9s votada en els Pressupostos Participatius de Cocentaina - COPE Alcoy","isPartOf":{"@id":"https:\/\/www.copealcoy.es\/es\/#website"},"primaryImageOfPage":{"@id":"https:\/\/www.copealcoy.es\/es\/un-sender-ecologic-al-serpis-proposta-mes-votada-en-els-pressupostos-participatius-de-cocentaina\/#primaryimage"},"image":{"@id":"https:\/\/www.copealcoy.es\/es\/un-sender-ecologic-al-serpis-proposta-mes-votada-en-els-pressupostos-participatius-de-cocentaina\/#primaryimage"},"thumbnailUrl":"https:\/\/www.copealcoy.es\/wp-content\/uploads\/2016\/02\/Ajuntament-Cocentaina-2.jpg","datePublished":"2021-04-22T14:00:23+00:00","dateModified":"2021-04-22T14:22:46+00:00","author":{"@id":"https:\/\/www.copealcoy.es\/es\/#\/schema\/person\/e777c87fa024e57d40170af9df39882c"},"breadcrumb":{"@id":"https:\/\/www.copealcoy.es\/es\/un-sender-ecologic-al-serpis-proposta-mes-votada-en-els-pressupostos-participatius-de-cocentaina\/#breadcrumb"},"inLanguage":"es","potentialAction":[{"@type":"ReadAction","target":["https:\/\/www.copealcoy.es\/es\/un-sender-ecologic-al-serpis-proposta-mes-votada-en-els-pressupostos-participatius-de-cocentaina\/"]}]},{"@type":"ImageObject","inLanguage":"es","@id":"https:\/\/www.copealcoy.es\/es\/un-sender-ecologic-al-serpis-proposta-mes-votada-en-els-pressupostos-participatius-de-cocentaina\/#primaryimage","url":"https:\/\/www.copealcoy.es\/wp-content\/uploads\/2016\/02\/Ajuntament-Cocentaina-2.jpg","contentUrl":"https:\/\/www.copealcoy.es\/wp-content\/uploads\/2016\/02\/Ajuntament-Cocentaina-2.jpg","width":2400,"height":1679,"caption":"Ayuntamiento de Cocentaina \/ Foto: G. Pascual"},{"@type":"BreadcrumbList","@id":"https:\/\/www.copealcoy.es\/es\/un-sender-ecologic-al-serpis-proposta-mes-votada-en-els-pressupostos-participatius-de-cocentaina\/#breadcrumb","itemListElement":[{"@type":"ListItem","position":1,"name":"Portada","item":"https:\/\/www.copealcoy.es\/es\/"},{"@type":"ListItem","position":2,"name":"Un sender ecol\u00f2gic al Serpis, proposta m\u00e9s votada en els Pressupostos Participatius de Cocentaina"}]},{"@type":"WebSite","@id":"https:\/\/www.copealcoy.es\/es\/#website","url":"https:\/\/www.copealcoy.es\/es\/","name":"COPE Alcoy","description":"Emisora COPE de radio local con emisi\u00f3n online. Pont de Sant Jordi 8-10 03803 Alcoy","potentialAction":[{"@type":"SearchAction","target":{"@type":"EntryPoint","urlTemplate":"https:\/\/www.copealcoy.es\/es\/?s={search_term_string}"},"query-input":{"@type":"PropertyValueSpecification","valueRequired":true,"valueName":"search_term_string"}}],"inLanguage":"es"},{"@type":"Person","@id":"https:\/\/www.copealcoy.es\/es\/#\/schema\/person\/e777c87fa024e57d40170af9df39882c","name":"Cope Alcoy","image":{"@type":"ImageObject","inLanguage":"es","@id":"https:\/\/secure.gravatar.com\/avatar\/bb65d0283347e303893ba14f0692005417c1e0e690a325a4c5d8bb2b3943ee14?s=96&d=mm&r=g","url":"https:\/\/secure.gravatar.com\/avatar\/bb65d0283347e303893ba14f0692005417c1e0e690a325a4c5d8bb2b3943ee14?s=96&d=mm&r=g","contentUrl":"https:\/\/secure.gravatar.com\/avatar\/bb65d0283347e303893ba14f0692005417c1e0e690a325a4c5d8bb2b3943ee14?s=96&d=mm&r=g","caption":"Cope Alcoy"}}]}},"_links":{"self":[{"href":"https:\/\/www.copealcoy.es\/es\/wp-json\/wp\/v2\/posts\/73137","targetHints":{"allow":["GET"]}}],"collection":[{"href":"https:\/\/www.copealcoy.es\/es\/wp-json\/wp\/v2\/posts"}],"about":[{"href":"https:\/\/www.copealcoy.es\/es\/wp-json\/wp\/v2\/types\/post"}],"author":[{"embeddable":true,"href":"https:\/\/www.copealcoy.es\/es\/wp-json\/wp\/v2\/users\/1"}],"replies":[{"embeddable":true,"href":"https:\/\/www.copealcoy.es\/es\/wp-json\/wp\/v2\/comments?post=73137"}],"version-history":[{"count":0,"href":"https:\/\/www.copealcoy.es\/es\/wp-json\/wp\/v2\/posts\/73137\/revisions"}],"wp:featuredmedia":[{"embeddable":true,"href":"https:\/\/www.copealcoy.es\/es\/wp-json\/wp\/v2\/media\/18561"}],"wp:attachment":[{"href":"https:\/\/www.copealcoy.es\/es\/wp-json\/wp\/v2\/media?parent=73137"}],"wp:term":[{"taxonomy":"category","embeddable":true,"href":"https:\/\/www.copealcoy.es\/es\/wp-json\/wp\/v2\/categories?post=73137"},{"taxonomy":"post_tag","embeddable":true,"href":"https:\/\/www.copealcoy.es\/es\/wp-json\/wp\/v2\/tags?post=73137"}],"curies":[{"name":"wp","href":"https:\/\/api.w.org\/{rel}","templated":true}]}}