{"id":73097,"date":"2021-04-21T16:18:17","date_gmt":"2021-04-21T15:18:17","guid":{"rendered":"https:\/\/www.copealcoy.es\/?p=73097"},"modified":"2021-04-21T16:25:23","modified_gmt":"2021-04-21T15:25:23","slug":"la-hosteleria-de-alcoy-recibe-marcadores-de-co2","status":"publish","type":"post","link":"https:\/\/www.copealcoy.es\/es\/la-hosteleria-de-alcoy-recibe-marcadores-de-co2\/","title":{"rendered":"La hosteler\u00eda de Alcoy recibe marcadores de CO2"},"content":{"rendered":"<p align=\"justify\"><span lang=\"es-ES\">El <strong>Ayuntamiento de Alcoy<\/strong> ha dispensado<strong> marcadores de C02<\/strong> a todos los establecimientos de restauraci\u00f3n de la ciudad, sin disponibilidad de terraza en sus negocios, y <strong>cuya \u00fanica forma de dar servicio sea en el interior de su negocio<\/strong>. Cabe destacar que estos <strong>un total de 65 han solicitado el medidor<\/strong> y <strong>ya se han instalado un<\/strong><\/span><span lang=\"es-ES\"><strong>os 25<\/strong> con el respaldo de la Conselleria de Econom\u00eda Sostenible de la Generalitat Valenciana.\u00a0<\/span><\/p>\n<p align=\"justify\">Este dispositivo inteligente <strong>monitoriza la calidad del aire<\/strong> y <strong>avisa si el espacio ha de ser ventilado<\/strong> para crear una z<span lang=\"es-ES\">ona<\/span> segura. Adem\u00e1s <strong><span lang=\"es-ES\">o<\/span>frece un control visual del estado de la calidad del aire<\/strong> que se representa en c<span lang=\"es-ES\">olor verde <\/span>si es \u00f3ptimo mientras que el naranja y rojo nos indicar\u00e1 que la estancia tiene que ser ventilada &#8220;<em>t<span lang=\"es-ES\">ener una correcta calidad del aire se ha convertido en una prioridad para nuestra salud como forma preventiva para evitar la transmisi\u00f3n del virus. Seg\u00fan los expertos la ventilaci\u00f3n de los espacios de interior es igual de importante que las mascarillas y con estos marcadores se dar\u00e1 la tranquilidad a los clientes de una buena ventilaci\u00f3n. Sabemos que los establecimientos hosteleros realizan correctamente esta ventilaci\u00f3n y la intenci\u00f3n es reforzar la tranquilidad de los clientes y demostrar que se act\u00faa bien, por eso tambi\u00e9n se puede ver en la web del ayuntamiento\u00a0<\/span><span lang=\"es-ES\">en tiempo real<\/span><span lang=\"es-ES\">, es una\u00a0<\/span><span lang=\"es-ES\">muestra<\/span><\/em><span lang=\"es-ES\"><em> m\u00e1s de transparencia. Con esta medida queremos favorecer a estos negocios que no disponen de terraza y peor lo han estado pasando y al mismo tiempo tratar de garantizar la salud de la ciudadan\u00eda<\/em>&#8220;, explica la concejala de Comercio, <strong>Vanessa Molt\u00f3<\/strong>.<\/span><\/p>\n<p align=\"justify\">Los marcadores <strong>est\u00e1n homologados<\/strong> seg\u00fan los criterios del CSIC (Consejo Superior de Investigaciones Cient\u00edficas) y con Certificado Europeo \u2013 CE. Asimismo <span lang=\"es-ES\"><strong>los datos se podr\u00e1n visualizar en tiempo real desde la web del Ayuntamiento de Alcoy <\/strong>a trav\u00e9s de <span style=\"color: #0000ff;\"><a style=\"color: #0000ff;\" href=\"https:\/\/www.alcoi.org\/ca\/areas\/comercio\/medidores.html.\"><strong>este enlace<\/strong><\/a><\/span>.<\/span><\/p>\n","protected":false},"excerpt":{"rendered":"<p>El Ayuntamiento de Alcoy ha dispensado marcadores de C02 a todos los establecimientos de restauraci\u00f3n de la ciudad, sin disponibilidad&#8230;<\/p>\n","protected":false},"author":1,"featured_media":73098,"comment_status":"open","ping_status":"open","sticky":false,"template":"","format":"standard","meta":{"footnotes":""},"categories":[97,75,79],"tags":[1494,11166,7281,10050,1377,11165],"class_list":["post-73097","post","type-post","status-publish","format-standard","has-post-thumbnail","hentry","category-alcoy","category-noticias","category-politicayeconomia","tag-alcoy","tag-co2","tag-coronavirus","tag-crisis-sanitaria","tag-hosteleria","tag-marcadores"],"yoast_head":"<!-- This site is optimized with the Yoast SEO plugin v27.3 - https:\/\/yoast.com\/product\/yoast-seo-wordpress\/ -->\n<title>La hosteler\u00eda de Alcoy recibe marcadores de CO2 - COPE Alcoy<\/title>\n<meta name=\"robots\" content=\"index, follow, max-snippet:-1, max-image-preview:large, max-video-preview:-1\" \/>\n<link rel=\"canonical\" href=\"https:\/\/www.copealcoy.es\/es\/la-hosteleria-de-alcoy-recibe-marcadores-de-co2\/\" \/>\n<meta property=\"og:locale\" content=\"es_ES\" \/>\n<meta property=\"og:type\" content=\"article\" \/>\n<meta property=\"og:title\" content=\"La hosteler\u00eda de Alcoy recibe marcadores de CO2 - COPE Alcoy\" \/>\n<meta property=\"og:description\" content=\"El Ayuntamiento de Alcoy ha dispensado marcadores de C02 a todos los establecimientos de restauraci\u00f3n de la ciudad, sin disponibilidad...\" \/>\n<meta property=\"og:url\" content=\"https:\/\/www.copealcoy.es\/es\/la-hosteleria-de-alcoy-recibe-marcadores-de-co2\/\" \/>\n<meta property=\"og:site_name\" content=\"COPE Alcoy\" \/>\n<meta property=\"article:published_time\" content=\"2021-04-21T15:18:17+00:00\" \/>\n<meta property=\"article:modified_time\" content=\"2021-04-21T15:25:23+00:00\" \/>\n<meta property=\"og:image\" content=\"https:\/\/www.copealcoy.es\/wp-content\/uploads\/2021\/04\/Marcador-CO2.jpg\" \/>\n\t<meta property=\"og:image:width\" content=\"1600\" \/>\n\t<meta property=\"og:image:height\" content=\"1200\" \/>\n\t<meta property=\"og:image:type\" content=\"image\/jpeg\" \/>\n<meta name=\"author\" content=\"Cope Alcoy\" \/>\n<meta name=\"twitter:label1\" content=\"Escrito por\" \/>\n\t<meta name=\"twitter:data1\" content=\"Cope Alcoy\" \/>\n\t<meta name=\"twitter:label2\" content=\"Tiempo de lectura\" \/>\n\t<meta name=\"twitter:data2\" content=\"2 minutos\" \/>\n<script type=\"application\/ld+json\" class=\"yoast-schema-graph\">{\"@context\":\"https:\\\/\\\/schema.org\",\"@graph\":[{\"@type\":\"Article\",\"@id\":\"https:\\\/\\\/www.copealcoy.es\\\/es\\\/la-hosteleria-de-alcoy-recibe-marcadores-de-co2\\\/#article\",\"isPartOf\":{\"@id\":\"https:\\\/\\\/www.copealcoy.es\\\/es\\\/la-hosteleria-de-alcoy-recibe-marcadores-de-co2\\\/\"},\"author\":{\"name\":\"Cope Alcoy\",\"@id\":\"https:\\\/\\\/www.copealcoy.es\\\/es\\\/#\\\/schema\\\/person\\\/e777c87fa024e57d40170af9df39882c\"},\"headline\":\"La hosteler\u00eda de Alcoy recibe marcadores de CO2\",\"datePublished\":\"2021-04-21T15:18:17+00:00\",\"dateModified\":\"2021-04-21T15:25:23+00:00\",\"mainEntityOfPage\":{\"@id\":\"https:\\\/\\\/www.copealcoy.es\\\/es\\\/la-hosteleria-de-alcoy-recibe-marcadores-de-co2\\\/\"},\"wordCount\":334,\"commentCount\":0,\"image\":{\"@id\":\"https:\\\/\\\/www.copealcoy.es\\\/es\\\/la-hosteleria-de-alcoy-recibe-marcadores-de-co2\\\/#primaryimage\"},\"thumbnailUrl\":\"https:\\\/\\\/www.copealcoy.es\\\/wp-content\\\/uploads\\\/2021\\\/04\\\/Marcador-CO2.jpg\",\"keywords\":[\"Alcoy\",\"CO2\",\"Coronavirus\",\"crisis sanitaria\",\"hosteler\u00eda\",\"marcadores\"],\"articleSection\":[\"Alcoy\",\"Noticias\",\"Pol\u00edtica y Econom\u00eda\"],\"inLanguage\":\"es\"},{\"@type\":\"WebPage\",\"@id\":\"https:\\\/\\\/www.copealcoy.es\\\/es\\\/la-hosteleria-de-alcoy-recibe-marcadores-de-co2\\\/\",\"url\":\"https:\\\/\\\/www.copealcoy.es\\\/es\\\/la-hosteleria-de-alcoy-recibe-marcadores-de-co2\\\/\",\"name\":\"La hosteler\u00eda de Alcoy recibe marcadores de CO2 - COPE Alcoy\",\"isPartOf\":{\"@id\":\"https:\\\/\\\/www.copealcoy.es\\\/es\\\/#website\"},\"primaryImageOfPage\":{\"@id\":\"https:\\\/\\\/www.copealcoy.es\\\/es\\\/la-hosteleria-de-alcoy-recibe-marcadores-de-co2\\\/#primaryimage\"},\"image\":{\"@id\":\"https:\\\/\\\/www.copealcoy.es\\\/es\\\/la-hosteleria-de-alcoy-recibe-marcadores-de-co2\\\/#primaryimage\"},\"thumbnailUrl\":\"https:\\\/\\\/www.copealcoy.es\\\/wp-content\\\/uploads\\\/2021\\\/04\\\/Marcador-CO2.jpg\",\"datePublished\":\"2021-04-21T15:18:17+00:00\",\"dateModified\":\"2021-04-21T15:25:23+00:00\",\"author\":{\"@id\":\"https:\\\/\\\/www.copealcoy.es\\\/es\\\/#\\\/schema\\\/person\\\/e777c87fa024e57d40170af9df39882c\"},\"breadcrumb\":{\"@id\":\"https:\\\/\\\/www.copealcoy.es\\\/es\\\/la-hosteleria-de-alcoy-recibe-marcadores-de-co2\\\/#breadcrumb\"},\"inLanguage\":\"es\",\"potentialAction\":[{\"@type\":\"ReadAction\",\"target\":[\"https:\\\/\\\/www.copealcoy.es\\\/es\\\/la-hosteleria-de-alcoy-recibe-marcadores-de-co2\\\/\"]}]},{\"@type\":\"ImageObject\",\"inLanguage\":\"es\",\"@id\":\"https:\\\/\\\/www.copealcoy.es\\\/es\\\/la-hosteleria-de-alcoy-recibe-marcadores-de-co2\\\/#primaryimage\",\"url\":\"https:\\\/\\\/www.copealcoy.es\\\/wp-content\\\/uploads\\\/2021\\\/04\\\/Marcador-CO2.jpg\",\"contentUrl\":\"https:\\\/\\\/www.copealcoy.es\\\/wp-content\\\/uploads\\\/2021\\\/04\\\/Marcador-CO2.jpg\",\"width\":1600,\"height\":1200},{\"@type\":\"BreadcrumbList\",\"@id\":\"https:\\\/\\\/www.copealcoy.es\\\/es\\\/la-hosteleria-de-alcoy-recibe-marcadores-de-co2\\\/#breadcrumb\",\"itemListElement\":[{\"@type\":\"ListItem\",\"position\":1,\"name\":\"Portada\",\"item\":\"https:\\\/\\\/www.copealcoy.es\\\/es\\\/\"},{\"@type\":\"ListItem\",\"position\":2,\"name\":\"La hosteler\u00eda de Alcoy recibe marcadores de CO2\"}]},{\"@type\":\"WebSite\",\"@id\":\"https:\\\/\\\/www.copealcoy.es\\\/es\\\/#website\",\"url\":\"https:\\\/\\\/www.copealcoy.es\\\/es\\\/\",\"name\":\"COPE Alcoy\",\"description\":\"Emisora COPE de radio local con emisi\u00f3n online. Pont de Sant Jordi 8-10 03803 Alcoy\",\"potentialAction\":[{\"@type\":\"SearchAction\",\"target\":{\"@type\":\"EntryPoint\",\"urlTemplate\":\"https:\\\/\\\/www.copealcoy.es\\\/es\\\/?s={search_term_string}\"},\"query-input\":{\"@type\":\"PropertyValueSpecification\",\"valueRequired\":true,\"valueName\":\"search_term_string\"}}],\"inLanguage\":\"es\"},{\"@type\":\"Person\",\"@id\":\"https:\\\/\\\/www.copealcoy.es\\\/es\\\/#\\\/schema\\\/person\\\/e777c87fa024e57d40170af9df39882c\",\"name\":\"Cope Alcoy\",\"image\":{\"@type\":\"ImageObject\",\"inLanguage\":\"es\",\"@id\":\"https:\\\/\\\/secure.gravatar.com\\\/avatar\\\/bb65d0283347e303893ba14f0692005417c1e0e690a325a4c5d8bb2b3943ee14?s=96&d=mm&r=g\",\"url\":\"https:\\\/\\\/secure.gravatar.com\\\/avatar\\\/bb65d0283347e303893ba14f0692005417c1e0e690a325a4c5d8bb2b3943ee14?s=96&d=mm&r=g\",\"contentUrl\":\"https:\\\/\\\/secure.gravatar.com\\\/avatar\\\/bb65d0283347e303893ba14f0692005417c1e0e690a325a4c5d8bb2b3943ee14?s=96&d=mm&r=g\",\"caption\":\"Cope Alcoy\"}}]}<\/script>\n<!-- \/ Yoast SEO plugin. -->","yoast_head_json":{"title":"La hosteler\u00eda de Alcoy recibe marcadores de CO2 - COPE Alcoy","robots":{"index":"index","follow":"follow","max-snippet":"max-snippet:-1","max-image-preview":"max-image-preview:large","max-video-preview":"max-video-preview:-1"},"canonical":"https:\/\/www.copealcoy.es\/es\/la-hosteleria-de-alcoy-recibe-marcadores-de-co2\/","og_locale":"es_ES","og_type":"article","og_title":"La hosteler\u00eda de Alcoy recibe marcadores de CO2 - COPE Alcoy","og_description":"El Ayuntamiento de Alcoy ha dispensado marcadores de C02 a todos los establecimientos de restauraci\u00f3n de la ciudad, sin disponibilidad...","og_url":"https:\/\/www.copealcoy.es\/es\/la-hosteleria-de-alcoy-recibe-marcadores-de-co2\/","og_site_name":"COPE Alcoy","article_published_time":"2021-04-21T15:18:17+00:00","article_modified_time":"2021-04-21T15:25:23+00:00","og_image":[{"width":1600,"height":1200,"url":"https:\/\/www.copealcoy.es\/wp-content\/uploads\/2021\/04\/Marcador-CO2.jpg","type":"image\/jpeg"}],"author":"Cope Alcoy","twitter_misc":{"Escrito por":"Cope Alcoy","Tiempo de lectura":"2 minutos"},"schema":{"@context":"https:\/\/schema.org","@graph":[{"@type":"Article","@id":"https:\/\/www.copealcoy.es\/es\/la-hosteleria-de-alcoy-recibe-marcadores-de-co2\/#article","isPartOf":{"@id":"https:\/\/www.copealcoy.es\/es\/la-hosteleria-de-alcoy-recibe-marcadores-de-co2\/"},"author":{"name":"Cope Alcoy","@id":"https:\/\/www.copealcoy.es\/es\/#\/schema\/person\/e777c87fa024e57d40170af9df39882c"},"headline":"La hosteler\u00eda de Alcoy recibe marcadores de CO2","datePublished":"2021-04-21T15:18:17+00:00","dateModified":"2021-04-21T15:25:23+00:00","mainEntityOfPage":{"@id":"https:\/\/www.copealcoy.es\/es\/la-hosteleria-de-alcoy-recibe-marcadores-de-co2\/"},"wordCount":334,"commentCount":0,"image":{"@id":"https:\/\/www.copealcoy.es\/es\/la-hosteleria-de-alcoy-recibe-marcadores-de-co2\/#primaryimage"},"thumbnailUrl":"https:\/\/www.copealcoy.es\/wp-content\/uploads\/2021\/04\/Marcador-CO2.jpg","keywords":["Alcoy","CO2","Coronavirus","crisis sanitaria","hosteler\u00eda","marcadores"],"articleSection":["Alcoy","Noticias","Pol\u00edtica y Econom\u00eda"],"inLanguage":"es"},{"@type":"WebPage","@id":"https:\/\/www.copealcoy.es\/es\/la-hosteleria-de-alcoy-recibe-marcadores-de-co2\/","url":"https:\/\/www.copealcoy.es\/es\/la-hosteleria-de-alcoy-recibe-marcadores-de-co2\/","name":"La hosteler\u00eda de Alcoy recibe marcadores de CO2 - COPE Alcoy","isPartOf":{"@id":"https:\/\/www.copealcoy.es\/es\/#website"},"primaryImageOfPage":{"@id":"https:\/\/www.copealcoy.es\/es\/la-hosteleria-de-alcoy-recibe-marcadores-de-co2\/#primaryimage"},"image":{"@id":"https:\/\/www.copealcoy.es\/es\/la-hosteleria-de-alcoy-recibe-marcadores-de-co2\/#primaryimage"},"thumbnailUrl":"https:\/\/www.copealcoy.es\/wp-content\/uploads\/2021\/04\/Marcador-CO2.jpg","datePublished":"2021-04-21T15:18:17+00:00","dateModified":"2021-04-21T15:25:23+00:00","author":{"@id":"https:\/\/www.copealcoy.es\/es\/#\/schema\/person\/e777c87fa024e57d40170af9df39882c"},"breadcrumb":{"@id":"https:\/\/www.copealcoy.es\/es\/la-hosteleria-de-alcoy-recibe-marcadores-de-co2\/#breadcrumb"},"inLanguage":"es","potentialAction":[{"@type":"ReadAction","target":["https:\/\/www.copealcoy.es\/es\/la-hosteleria-de-alcoy-recibe-marcadores-de-co2\/"]}]},{"@type":"ImageObject","inLanguage":"es","@id":"https:\/\/www.copealcoy.es\/es\/la-hosteleria-de-alcoy-recibe-marcadores-de-co2\/#primaryimage","url":"https:\/\/www.copealcoy.es\/wp-content\/uploads\/2021\/04\/Marcador-CO2.jpg","contentUrl":"https:\/\/www.copealcoy.es\/wp-content\/uploads\/2021\/04\/Marcador-CO2.jpg","width":1600,"height":1200},{"@type":"BreadcrumbList","@id":"https:\/\/www.copealcoy.es\/es\/la-hosteleria-de-alcoy-recibe-marcadores-de-co2\/#breadcrumb","itemListElement":[{"@type":"ListItem","position":1,"name":"Portada","item":"https:\/\/www.copealcoy.es\/es\/"},{"@type":"ListItem","position":2,"name":"La hosteler\u00eda de Alcoy recibe marcadores de CO2"}]},{"@type":"WebSite","@id":"https:\/\/www.copealcoy.es\/es\/#website","url":"https:\/\/www.copealcoy.es\/es\/","name":"COPE Alcoy","description":"Emisora COPE de radio local con emisi\u00f3n online. Pont de Sant Jordi 8-10 03803 Alcoy","potentialAction":[{"@type":"SearchAction","target":{"@type":"EntryPoint","urlTemplate":"https:\/\/www.copealcoy.es\/es\/?s={search_term_string}"},"query-input":{"@type":"PropertyValueSpecification","valueRequired":true,"valueName":"search_term_string"}}],"inLanguage":"es"},{"@type":"Person","@id":"https:\/\/www.copealcoy.es\/es\/#\/schema\/person\/e777c87fa024e57d40170af9df39882c","name":"Cope Alcoy","image":{"@type":"ImageObject","inLanguage":"es","@id":"https:\/\/secure.gravatar.com\/avatar\/bb65d0283347e303893ba14f0692005417c1e0e690a325a4c5d8bb2b3943ee14?s=96&d=mm&r=g","url":"https:\/\/secure.gravatar.com\/avatar\/bb65d0283347e303893ba14f0692005417c1e0e690a325a4c5d8bb2b3943ee14?s=96&d=mm&r=g","contentUrl":"https:\/\/secure.gravatar.com\/avatar\/bb65d0283347e303893ba14f0692005417c1e0e690a325a4c5d8bb2b3943ee14?s=96&d=mm&r=g","caption":"Cope Alcoy"}}]}},"_links":{"self":[{"href":"https:\/\/www.copealcoy.es\/es\/wp-json\/wp\/v2\/posts\/73097","targetHints":{"allow":["GET"]}}],"collection":[{"href":"https:\/\/www.copealcoy.es\/es\/wp-json\/wp\/v2\/posts"}],"about":[{"href":"https:\/\/www.copealcoy.es\/es\/wp-json\/wp\/v2\/types\/post"}],"author":[{"embeddable":true,"href":"https:\/\/www.copealcoy.es\/es\/wp-json\/wp\/v2\/users\/1"}],"replies":[{"embeddable":true,"href":"https:\/\/www.copealcoy.es\/es\/wp-json\/wp\/v2\/comments?post=73097"}],"version-history":[{"count":0,"href":"https:\/\/www.copealcoy.es\/es\/wp-json\/wp\/v2\/posts\/73097\/revisions"}],"wp:featuredmedia":[{"embeddable":true,"href":"https:\/\/www.copealcoy.es\/es\/wp-json\/wp\/v2\/media\/73098"}],"wp:attachment":[{"href":"https:\/\/www.copealcoy.es\/es\/wp-json\/wp\/v2\/media?parent=73097"}],"wp:term":[{"taxonomy":"category","embeddable":true,"href":"https:\/\/www.copealcoy.es\/es\/wp-json\/wp\/v2\/categories?post=73097"},{"taxonomy":"post_tag","embeddable":true,"href":"https:\/\/www.copealcoy.es\/es\/wp-json\/wp\/v2\/tags?post=73097"}],"curies":[{"name":"wp","href":"https:\/\/api.w.org\/{rel}","templated":true}]}}