{"id":73041,"date":"2021-04-18T19:59:43","date_gmt":"2021-04-18T18:59:43","guid":{"rendered":"https:\/\/www.copealcoy.es\/?p=73041"},"modified":"2021-04-19T20:41:55","modified_gmt":"2021-04-19T19:41:55","slug":"inedit-trasllat-de-la-mare-de-deu-del-miracle-a-la-parroquia-de-santa-maria","status":"publish","type":"post","link":"https:\/\/www.copealcoy.es\/es\/inedit-trasllat-de-la-mare-de-deu-del-miracle-a-la-parroquia-de-santa-maria\/","title":{"rendered":"In\u00e8dit trasllat de la Mare de D\u00e9u del Miracle a la Parr\u00f2quia de Santa Maria"},"content":{"rendered":"<p style=\"text-align: justify;\">Cocentaina ha iniciat avui diumenge 18 d&#8217;abril <strong>les Festes Patronals de la Mare de D\u00e9u del Miracle<\/strong> amb <strong>un\u00a0<span class=\"hiddenSpellError\">insolit<\/span>\u00a0trasllat de la patrona<\/strong> des del Monestir de les\u00a0Clarisses, on es venera tot l&#8217;any, fins a la\u00a0Parr\u00f2quia\u00a0de Santa Maria. Ha sigut <strong>a les 8 del mat\u00ed<\/strong>, sense p\u00fablic, amb tan sols sis graus de temperatura i amb\u00a0l&#8217;\u00fanica\u00a0pres\u00e8ncia dels <strong>protagonistes dels festejos d&#8217;aquest 2021<\/strong>: Comte (Pablo Jord\u00e0),\u00a0Comtessa\u00a0(<span class=\"hiddenSpellError\">Celia<\/span>\u00a0<span class=\"hiddenSpellError\">Boyero<\/span>),\u00a0Moss\u00e8n\u00a0(Joan Ferri) i Suplicant (<span class=\"hiddenSpellError\">Celia<\/span>\u00a0<span class=\"hiddenSpellError\">Torregrosa<\/span>).<\/p>\n<p style=\"text-align: justify;\">La icona de la Mareta ha eixit del temple<strong> a una Pla\u00e7a del Pla totalment buida<\/strong> i ha sigut portada\u00a0en mans\u00a0de\u00a0<strong><span class=\"hiddenSuggestion\">Don<\/span>\u00a0<span class=\"hiddenSpellError\">Javier<\/span>\u00a0<span class=\"hiddenSpellError\">Sanchiz<\/span><\/strong>, titular de la\u00a0Parr\u00f2quia\u00a0del Salvador. Precisament les campanes d&#8217;aquest temple<strong> han saludat l&#8217;eixida de la Verge<\/strong> i els participants en el trasllat no\u00a0processional\u00a0<strong>han enfilat r\u00e0pidament el carrer de la Mare de D\u00e9u del Miracle<\/strong> davant la mirada d&#8217;alguns fidels que, amb ll\u00e0grimes als ulls i coberts amb la mascareta, han aplaudit a la patrona al pas per davant de les cases. Quasi 10 minuts despr\u00e9s, <strong>la patrona contestana ha arribat a Santa Maria<\/strong>, entre el vol general de campanes; i <strong>ha entrat a la Parr\u00f2quia flanquejada pels Presidents de la Pia Uni\u00f3<\/strong>; Jos\u00e9 <span class=\"hiddenSpellError\">Lu\u00eds<\/span>\u00a0Molina i\u00a0<span class=\"hiddenSpellError\">Ana<\/span>\u00a0<span class=\"hiddenSpellError\">Massanet<\/span>. Despr\u00e9s <strong>ha sigut posada en les andes antigues<\/strong>, davant un altar\u00a0preparat per a l&#8217;ocasi\u00f3, i <strong>s&#8217;ha celebrat la primera Missa de la jornada<\/strong> a c\u00e0rrec de\u00a0<strong><span class=\"hiddenSuggestion\">Don<\/span>\u00a0<span class=\"hiddenSpellError\">Eduardo<\/span>\u00a0<span class=\"hiddenSpellError\">Rengel<\/span><\/strong>, titular de l&#8217;esmentada\u00a0Esgl\u00e9sia\u00a0de Santa\u00a0Maria. A migdia <strong>tamb\u00e9 s&#8217;ha celebrat una nova\u00a0Eucaristia\u00a0dominical<\/strong> i de vesprada han tingut lloc <strong>les Vespres Solemnes<\/strong> en pres\u00e8ncia del Bisbe d&#8217;Alcal\u00e0 d&#8217;Henares;\u00a0<strong><span class=\"hiddenSuggestion\">Don<\/span>\u00a0<span class=\"hiddenSpellError\">Juan<\/span>\u00a0Antonio Reig Pla<\/strong>.<\/p>\n<p style=\"text-align: justify;\">El primer dia de les Festes Patronals de la Mare de D\u00e9u del Miracle <strong>ha acabat amb la disparada de 27 salves de color en homenatge a les 27 fogueres<\/strong> que recorden que cada any el prodigi\u00a0miracul\u00f3s\u00a0de les ll\u00e0grimes de sang.<\/p>\n","protected":false},"excerpt":{"rendered":"<p>Cocentaina ha iniciat avui diumenge 18 d&#8217;abril les Festes Patronals de la Mare de D\u00e9u del Miracle amb un\u00a0insolit\u00a0trasllat de&#8230;<\/p>\n","protected":false},"author":1,"featured_media":73043,"comment_status":"open","ping_status":"open","sticky":false,"template":"","format":"standard","meta":{"footnotes":""},"categories":[98,75],"tags":[132,7281,9822,1984,864,9773],"class_list":["post-73041","post","type-post","status-publish","format-standard","has-post-thumbnail","hentry","category-comarcas","category-noticias","tag-cocentaina","tag-coronavirus","tag-festes-patronals","tag-mare-de-deu-del-miracle","tag-mareta","tag-trasllat"],"yoast_head":"<!-- This site is optimized with the Yoast SEO plugin v27.3 - https:\/\/yoast.com\/product\/yoast-seo-wordpress\/ -->\n<title>In\u00e8dit trasllat de la Mare de D\u00e9u del Miracle a la Parr\u00f2quia de Santa Maria - COPE Alcoy<\/title>\n<meta name=\"robots\" content=\"index, follow, max-snippet:-1, max-image-preview:large, max-video-preview:-1\" \/>\n<link rel=\"canonical\" href=\"https:\/\/www.copealcoy.es\/es\/inedit-trasllat-de-la-mare-de-deu-del-miracle-a-la-parroquia-de-santa-maria\/\" \/>\n<meta property=\"og:locale\" content=\"es_ES\" \/>\n<meta property=\"og:type\" content=\"article\" \/>\n<meta property=\"og:title\" content=\"In\u00e8dit trasllat de la Mare de D\u00e9u del Miracle a la Parr\u00f2quia de Santa Maria - COPE Alcoy\" \/>\n<meta property=\"og:description\" content=\"Cocentaina ha iniciat avui diumenge 18 d&#8217;abril les Festes Patronals de la Mare de D\u00e9u del Miracle amb un\u00a0insolit\u00a0trasllat de...\" \/>\n<meta property=\"og:url\" content=\"https:\/\/www.copealcoy.es\/es\/inedit-trasllat-de-la-mare-de-deu-del-miracle-a-la-parroquia-de-santa-maria\/\" \/>\n<meta property=\"og:site_name\" content=\"COPE Alcoy\" \/>\n<meta property=\"article:published_time\" content=\"2021-04-18T18:59:43+00:00\" \/>\n<meta property=\"article:modified_time\" content=\"2021-04-19T19:41:55+00:00\" \/>\n<meta property=\"og:image\" content=\"https:\/\/www.copealcoy.es\/wp-content\/uploads\/2021\/04\/174641255_2370440859766052_953209857059774416_n.jpg\" \/>\n\t<meta property=\"og:image:width\" content=\"1428\" \/>\n\t<meta property=\"og:image:height\" content=\"916\" \/>\n\t<meta property=\"og:image:type\" content=\"image\/jpeg\" \/>\n<meta name=\"author\" content=\"Cope Alcoy\" \/>\n<meta name=\"twitter:label1\" content=\"Escrito por\" \/>\n\t<meta name=\"twitter:data1\" content=\"Cope Alcoy\" \/>\n\t<meta name=\"twitter:label2\" content=\"Tiempo de lectura\" \/>\n\t<meta name=\"twitter:data2\" content=\"2 minutos\" \/>\n<script type=\"application\/ld+json\" class=\"yoast-schema-graph\">{\"@context\":\"https:\\\/\\\/schema.org\",\"@graph\":[{\"@type\":\"Article\",\"@id\":\"https:\\\/\\\/www.copealcoy.es\\\/es\\\/inedit-trasllat-de-la-mare-de-deu-del-miracle-a-la-parroquia-de-santa-maria\\\/#article\",\"isPartOf\":{\"@id\":\"https:\\\/\\\/www.copealcoy.es\\\/es\\\/inedit-trasllat-de-la-mare-de-deu-del-miracle-a-la-parroquia-de-santa-maria\\\/\"},\"author\":{\"name\":\"Cope Alcoy\",\"@id\":\"https:\\\/\\\/www.copealcoy.es\\\/es\\\/#\\\/schema\\\/person\\\/e777c87fa024e57d40170af9df39882c\"},\"headline\":\"In\u00e8dit trasllat de la Mare de D\u00e9u del Miracle a la Parr\u00f2quia de Santa Maria\",\"datePublished\":\"2021-04-18T18:59:43+00:00\",\"dateModified\":\"2021-04-19T19:41:55+00:00\",\"mainEntityOfPage\":{\"@id\":\"https:\\\/\\\/www.copealcoy.es\\\/es\\\/inedit-trasllat-de-la-mare-de-deu-del-miracle-a-la-parroquia-de-santa-maria\\\/\"},\"wordCount\":362,\"commentCount\":0,\"image\":{\"@id\":\"https:\\\/\\\/www.copealcoy.es\\\/es\\\/inedit-trasllat-de-la-mare-de-deu-del-miracle-a-la-parroquia-de-santa-maria\\\/#primaryimage\"},\"thumbnailUrl\":\"https:\\\/\\\/www.copealcoy.es\\\/wp-content\\\/uploads\\\/2021\\\/04\\\/174641255_2370440859766052_953209857059774416_n.jpg\",\"keywords\":[\"Cocentaina\",\"Coronavirus\",\"Festes Patronals\",\"Mare de D\u00e9u del Miracle\",\"Mareta\",\"trasllat\"],\"articleSection\":[\"Comarcas\",\"Noticias\"],\"inLanguage\":\"es\"},{\"@type\":\"WebPage\",\"@id\":\"https:\\\/\\\/www.copealcoy.es\\\/es\\\/inedit-trasllat-de-la-mare-de-deu-del-miracle-a-la-parroquia-de-santa-maria\\\/\",\"url\":\"https:\\\/\\\/www.copealcoy.es\\\/es\\\/inedit-trasllat-de-la-mare-de-deu-del-miracle-a-la-parroquia-de-santa-maria\\\/\",\"name\":\"In\u00e8dit trasllat de la Mare de D\u00e9u del Miracle a la Parr\u00f2quia de Santa Maria - COPE Alcoy\",\"isPartOf\":{\"@id\":\"https:\\\/\\\/www.copealcoy.es\\\/es\\\/#website\"},\"primaryImageOfPage\":{\"@id\":\"https:\\\/\\\/www.copealcoy.es\\\/es\\\/inedit-trasllat-de-la-mare-de-deu-del-miracle-a-la-parroquia-de-santa-maria\\\/#primaryimage\"},\"image\":{\"@id\":\"https:\\\/\\\/www.copealcoy.es\\\/es\\\/inedit-trasllat-de-la-mare-de-deu-del-miracle-a-la-parroquia-de-santa-maria\\\/#primaryimage\"},\"thumbnailUrl\":\"https:\\\/\\\/www.copealcoy.es\\\/wp-content\\\/uploads\\\/2021\\\/04\\\/174641255_2370440859766052_953209857059774416_n.jpg\",\"datePublished\":\"2021-04-18T18:59:43+00:00\",\"dateModified\":\"2021-04-19T19:41:55+00:00\",\"author\":{\"@id\":\"https:\\\/\\\/www.copealcoy.es\\\/es\\\/#\\\/schema\\\/person\\\/e777c87fa024e57d40170af9df39882c\"},\"breadcrumb\":{\"@id\":\"https:\\\/\\\/www.copealcoy.es\\\/es\\\/inedit-trasllat-de-la-mare-de-deu-del-miracle-a-la-parroquia-de-santa-maria\\\/#breadcrumb\"},\"inLanguage\":\"es\",\"potentialAction\":[{\"@type\":\"ReadAction\",\"target\":[\"https:\\\/\\\/www.copealcoy.es\\\/es\\\/inedit-trasllat-de-la-mare-de-deu-del-miracle-a-la-parroquia-de-santa-maria\\\/\"]}]},{\"@type\":\"ImageObject\",\"inLanguage\":\"es\",\"@id\":\"https:\\\/\\\/www.copealcoy.es\\\/es\\\/inedit-trasllat-de-la-mare-de-deu-del-miracle-a-la-parroquia-de-santa-maria\\\/#primaryimage\",\"url\":\"https:\\\/\\\/www.copealcoy.es\\\/wp-content\\\/uploads\\\/2021\\\/04\\\/174641255_2370440859766052_953209857059774416_n.jpg\",\"contentUrl\":\"https:\\\/\\\/www.copealcoy.es\\\/wp-content\\\/uploads\\\/2021\\\/04\\\/174641255_2370440859766052_953209857059774416_n.jpg\",\"width\":1428,\"height\":916},{\"@type\":\"BreadcrumbList\",\"@id\":\"https:\\\/\\\/www.copealcoy.es\\\/es\\\/inedit-trasllat-de-la-mare-de-deu-del-miracle-a-la-parroquia-de-santa-maria\\\/#breadcrumb\",\"itemListElement\":[{\"@type\":\"ListItem\",\"position\":1,\"name\":\"Portada\",\"item\":\"https:\\\/\\\/www.copealcoy.es\\\/es\\\/\"},{\"@type\":\"ListItem\",\"position\":2,\"name\":\"In\u00e8dit trasllat de la Mare de D\u00e9u del Miracle a la Parr\u00f2quia de Santa Maria\"}]},{\"@type\":\"WebSite\",\"@id\":\"https:\\\/\\\/www.copealcoy.es\\\/es\\\/#website\",\"url\":\"https:\\\/\\\/www.copealcoy.es\\\/es\\\/\",\"name\":\"COPE Alcoy\",\"description\":\"Emisora COPE de radio local con emisi\u00f3n online. Pont de Sant Jordi 8-10 03803 Alcoy\",\"potentialAction\":[{\"@type\":\"SearchAction\",\"target\":{\"@type\":\"EntryPoint\",\"urlTemplate\":\"https:\\\/\\\/www.copealcoy.es\\\/es\\\/?s={search_term_string}\"},\"query-input\":{\"@type\":\"PropertyValueSpecification\",\"valueRequired\":true,\"valueName\":\"search_term_string\"}}],\"inLanguage\":\"es\"},{\"@type\":\"Person\",\"@id\":\"https:\\\/\\\/www.copealcoy.es\\\/es\\\/#\\\/schema\\\/person\\\/e777c87fa024e57d40170af9df39882c\",\"name\":\"Cope Alcoy\",\"image\":{\"@type\":\"ImageObject\",\"inLanguage\":\"es\",\"@id\":\"https:\\\/\\\/secure.gravatar.com\\\/avatar\\\/bb65d0283347e303893ba14f0692005417c1e0e690a325a4c5d8bb2b3943ee14?s=96&d=mm&r=g\",\"url\":\"https:\\\/\\\/secure.gravatar.com\\\/avatar\\\/bb65d0283347e303893ba14f0692005417c1e0e690a325a4c5d8bb2b3943ee14?s=96&d=mm&r=g\",\"contentUrl\":\"https:\\\/\\\/secure.gravatar.com\\\/avatar\\\/bb65d0283347e303893ba14f0692005417c1e0e690a325a4c5d8bb2b3943ee14?s=96&d=mm&r=g\",\"caption\":\"Cope Alcoy\"}}]}<\/script>\n<!-- \/ Yoast SEO plugin. -->","yoast_head_json":{"title":"In\u00e8dit trasllat de la Mare de D\u00e9u del Miracle a la Parr\u00f2quia de Santa Maria - COPE Alcoy","robots":{"index":"index","follow":"follow","max-snippet":"max-snippet:-1","max-image-preview":"max-image-preview:large","max-video-preview":"max-video-preview:-1"},"canonical":"https:\/\/www.copealcoy.es\/es\/inedit-trasllat-de-la-mare-de-deu-del-miracle-a-la-parroquia-de-santa-maria\/","og_locale":"es_ES","og_type":"article","og_title":"In\u00e8dit trasllat de la Mare de D\u00e9u del Miracle a la Parr\u00f2quia de Santa Maria - COPE Alcoy","og_description":"Cocentaina ha iniciat avui diumenge 18 d&#8217;abril les Festes Patronals de la Mare de D\u00e9u del Miracle amb un\u00a0insolit\u00a0trasllat de...","og_url":"https:\/\/www.copealcoy.es\/es\/inedit-trasllat-de-la-mare-de-deu-del-miracle-a-la-parroquia-de-santa-maria\/","og_site_name":"COPE Alcoy","article_published_time":"2021-04-18T18:59:43+00:00","article_modified_time":"2021-04-19T19:41:55+00:00","og_image":[{"width":1428,"height":916,"url":"https:\/\/www.copealcoy.es\/wp-content\/uploads\/2021\/04\/174641255_2370440859766052_953209857059774416_n.jpg","type":"image\/jpeg"}],"author":"Cope Alcoy","twitter_misc":{"Escrito por":"Cope Alcoy","Tiempo de lectura":"2 minutos"},"schema":{"@context":"https:\/\/schema.org","@graph":[{"@type":"Article","@id":"https:\/\/www.copealcoy.es\/es\/inedit-trasllat-de-la-mare-de-deu-del-miracle-a-la-parroquia-de-santa-maria\/#article","isPartOf":{"@id":"https:\/\/www.copealcoy.es\/es\/inedit-trasllat-de-la-mare-de-deu-del-miracle-a-la-parroquia-de-santa-maria\/"},"author":{"name":"Cope Alcoy","@id":"https:\/\/www.copealcoy.es\/es\/#\/schema\/person\/e777c87fa024e57d40170af9df39882c"},"headline":"In\u00e8dit trasllat de la Mare de D\u00e9u del Miracle a la Parr\u00f2quia de Santa Maria","datePublished":"2021-04-18T18:59:43+00:00","dateModified":"2021-04-19T19:41:55+00:00","mainEntityOfPage":{"@id":"https:\/\/www.copealcoy.es\/es\/inedit-trasllat-de-la-mare-de-deu-del-miracle-a-la-parroquia-de-santa-maria\/"},"wordCount":362,"commentCount":0,"image":{"@id":"https:\/\/www.copealcoy.es\/es\/inedit-trasllat-de-la-mare-de-deu-del-miracle-a-la-parroquia-de-santa-maria\/#primaryimage"},"thumbnailUrl":"https:\/\/www.copealcoy.es\/wp-content\/uploads\/2021\/04\/174641255_2370440859766052_953209857059774416_n.jpg","keywords":["Cocentaina","Coronavirus","Festes Patronals","Mare de D\u00e9u del Miracle","Mareta","trasllat"],"articleSection":["Comarcas","Noticias"],"inLanguage":"es"},{"@type":"WebPage","@id":"https:\/\/www.copealcoy.es\/es\/inedit-trasllat-de-la-mare-de-deu-del-miracle-a-la-parroquia-de-santa-maria\/","url":"https:\/\/www.copealcoy.es\/es\/inedit-trasllat-de-la-mare-de-deu-del-miracle-a-la-parroquia-de-santa-maria\/","name":"In\u00e8dit trasllat de la Mare de D\u00e9u del Miracle a la Parr\u00f2quia de Santa Maria - COPE Alcoy","isPartOf":{"@id":"https:\/\/www.copealcoy.es\/es\/#website"},"primaryImageOfPage":{"@id":"https:\/\/www.copealcoy.es\/es\/inedit-trasllat-de-la-mare-de-deu-del-miracle-a-la-parroquia-de-santa-maria\/#primaryimage"},"image":{"@id":"https:\/\/www.copealcoy.es\/es\/inedit-trasllat-de-la-mare-de-deu-del-miracle-a-la-parroquia-de-santa-maria\/#primaryimage"},"thumbnailUrl":"https:\/\/www.copealcoy.es\/wp-content\/uploads\/2021\/04\/174641255_2370440859766052_953209857059774416_n.jpg","datePublished":"2021-04-18T18:59:43+00:00","dateModified":"2021-04-19T19:41:55+00:00","author":{"@id":"https:\/\/www.copealcoy.es\/es\/#\/schema\/person\/e777c87fa024e57d40170af9df39882c"},"breadcrumb":{"@id":"https:\/\/www.copealcoy.es\/es\/inedit-trasllat-de-la-mare-de-deu-del-miracle-a-la-parroquia-de-santa-maria\/#breadcrumb"},"inLanguage":"es","potentialAction":[{"@type":"ReadAction","target":["https:\/\/www.copealcoy.es\/es\/inedit-trasllat-de-la-mare-de-deu-del-miracle-a-la-parroquia-de-santa-maria\/"]}]},{"@type":"ImageObject","inLanguage":"es","@id":"https:\/\/www.copealcoy.es\/es\/inedit-trasllat-de-la-mare-de-deu-del-miracle-a-la-parroquia-de-santa-maria\/#primaryimage","url":"https:\/\/www.copealcoy.es\/wp-content\/uploads\/2021\/04\/174641255_2370440859766052_953209857059774416_n.jpg","contentUrl":"https:\/\/www.copealcoy.es\/wp-content\/uploads\/2021\/04\/174641255_2370440859766052_953209857059774416_n.jpg","width":1428,"height":916},{"@type":"BreadcrumbList","@id":"https:\/\/www.copealcoy.es\/es\/inedit-trasllat-de-la-mare-de-deu-del-miracle-a-la-parroquia-de-santa-maria\/#breadcrumb","itemListElement":[{"@type":"ListItem","position":1,"name":"Portada","item":"https:\/\/www.copealcoy.es\/es\/"},{"@type":"ListItem","position":2,"name":"In\u00e8dit trasllat de la Mare de D\u00e9u del Miracle a la Parr\u00f2quia de Santa Maria"}]},{"@type":"WebSite","@id":"https:\/\/www.copealcoy.es\/es\/#website","url":"https:\/\/www.copealcoy.es\/es\/","name":"COPE Alcoy","description":"Emisora COPE de radio local con emisi\u00f3n online. Pont de Sant Jordi 8-10 03803 Alcoy","potentialAction":[{"@type":"SearchAction","target":{"@type":"EntryPoint","urlTemplate":"https:\/\/www.copealcoy.es\/es\/?s={search_term_string}"},"query-input":{"@type":"PropertyValueSpecification","valueRequired":true,"valueName":"search_term_string"}}],"inLanguage":"es"},{"@type":"Person","@id":"https:\/\/www.copealcoy.es\/es\/#\/schema\/person\/e777c87fa024e57d40170af9df39882c","name":"Cope Alcoy","image":{"@type":"ImageObject","inLanguage":"es","@id":"https:\/\/secure.gravatar.com\/avatar\/bb65d0283347e303893ba14f0692005417c1e0e690a325a4c5d8bb2b3943ee14?s=96&d=mm&r=g","url":"https:\/\/secure.gravatar.com\/avatar\/bb65d0283347e303893ba14f0692005417c1e0e690a325a4c5d8bb2b3943ee14?s=96&d=mm&r=g","contentUrl":"https:\/\/secure.gravatar.com\/avatar\/bb65d0283347e303893ba14f0692005417c1e0e690a325a4c5d8bb2b3943ee14?s=96&d=mm&r=g","caption":"Cope Alcoy"}}]}},"_links":{"self":[{"href":"https:\/\/www.copealcoy.es\/es\/wp-json\/wp\/v2\/posts\/73041","targetHints":{"allow":["GET"]}}],"collection":[{"href":"https:\/\/www.copealcoy.es\/es\/wp-json\/wp\/v2\/posts"}],"about":[{"href":"https:\/\/www.copealcoy.es\/es\/wp-json\/wp\/v2\/types\/post"}],"author":[{"embeddable":true,"href":"https:\/\/www.copealcoy.es\/es\/wp-json\/wp\/v2\/users\/1"}],"replies":[{"embeddable":true,"href":"https:\/\/www.copealcoy.es\/es\/wp-json\/wp\/v2\/comments?post=73041"}],"version-history":[{"count":0,"href":"https:\/\/www.copealcoy.es\/es\/wp-json\/wp\/v2\/posts\/73041\/revisions"}],"wp:featuredmedia":[{"embeddable":true,"href":"https:\/\/www.copealcoy.es\/es\/wp-json\/wp\/v2\/media\/73043"}],"wp:attachment":[{"href":"https:\/\/www.copealcoy.es\/es\/wp-json\/wp\/v2\/media?parent=73041"}],"wp:term":[{"taxonomy":"category","embeddable":true,"href":"https:\/\/www.copealcoy.es\/es\/wp-json\/wp\/v2\/categories?post=73041"},{"taxonomy":"post_tag","embeddable":true,"href":"https:\/\/www.copealcoy.es\/es\/wp-json\/wp\/v2\/tags?post=73041"}],"curies":[{"name":"wp","href":"https:\/\/api.w.org\/{rel}","templated":true}]}}