{"id":72987,"date":"2021-04-16T16:03:19","date_gmt":"2021-04-16T15:03:19","guid":{"rendered":"https:\/\/www.copealcoy.es\/?p=72987"},"modified":"2021-04-16T16:19:37","modified_gmt":"2021-04-16T15:19:37","slug":"el-pp-alerta-del-aumento-de-la-pobreza-en-alcoy","status":"publish","type":"post","link":"https:\/\/www.copealcoy.es\/es\/el-pp-alerta-del-aumento-de-la-pobreza-en-alcoy\/","title":{"rendered":"El PP alerta del aumento de la pobreza en Alcoy"},"content":{"rendered":"<p style=\"text-align: justify;\">El <strong>Partido Popular de Alcoy<\/strong> ha advertido del<strong> incremento de la pobreza <\/strong>en la ciudad y <strong>ha exigido <\/strong>al Gobierno Municipal del PSOE<strong> que adopte medidas urgentes <\/strong>para frenar este grave problema.<\/p>\n<p style=\"text-align: justify;\">Los populares indican que <strong>un informe del Departamento Municipal de Servicios Sociale<\/strong>s revela que <strong>10.029 alcoyanos tienen rentas por debajo del umbral de la pobreza<\/strong> y que <strong>12.985 est\u00e1n en riesgo de exclusi\u00f3n social<\/strong>. Adem\u00e1s los t\u00e9cnicos constatan que <strong>la ciudad pierde mano de obra que se marcha a otras ciudades<\/strong> y advierten del<strong> incremento de poblaci\u00f3n que perpet\u00faa las ayudas sociales<\/strong> como medio de vida. De igual manera detallan que<strong> el 43,23% de la poblaci\u00f3n entre 16 y 64 a\u00f1os permanece inactiva<\/strong>, esto es, sin trabajo y sin estar registrada en los sistemas p\u00fablicos como demandantes de empleo &#8220;<em>la consecuencia de esta emigraci\u00f3n de mano de obra es el envejecimiento de la poblaci\u00f3n que va a generar que la ciudad no encuentre reemplazo cuando la generaci\u00f3n del baby boom se jubile. El informe considera alarmante el descenso del \u00edndice de renovaci\u00f3n de la poblaci\u00f3n activa, es decir, la relaci\u00f3n entre los que se incorporan a la actividad y los que la abandonan. La tasa ha pasado del 115% en 2010 al 73,8% en 2019. Este \u00edndice es cinco puntos inferior al de la provincia y al de la Comunidad Valenciana. Es urgente abordar un plan con medidas e incentivos para que los j\u00f3venes de Alcoy tengan oportunidades en su ciudad. Ya es hora de dejar lemas falsos como el Alcoi en positiu y dedicarse a afrontar la realidad con pol\u00edticas que incentiven los sectores econ\u00f3micos. Diez a\u00f1os de un Gobierno que no hace nada est\u00e1n teniendo unas consecuencias catastr\u00f3ficas para Alcoy<\/em>&#8220;, afirma la edil; <strong>Amalia Pay\u00e0<\/strong>.<\/p>\n<p style=\"text-align: justify;\">El informe, tal y como explica el PP, advierte de que estos indicadores, <strong>cuando ofrecen datos en el \u00e1mbito comarcal<\/strong> (con resultados mejores que los de la provincia y la comunidad), &#8220;<em>sesgan la realidad<\/em>&#8221; porque incluyen &#8220;<em>algunos de los municipios m\u00e1s relevantes en material industrial de la provincia y de la Comunidad Valenciana&#8221;<\/em>, concretamente Ibi, Onil y Castalla.<\/p>\n","protected":false},"excerpt":{"rendered":"<p>El Partido Popular de Alcoy ha advertido del incremento de la pobreza en la ciudad y ha exigido al Gobierno&#8230;<\/p>\n","protected":false},"author":1,"featured_media":70921,"comment_status":"open","ping_status":"open","sticky":false,"template":"","format":"standard","meta":{"footnotes":""},"categories":[97,75,79],"tags":[1494,5114,448,2311],"class_list":["post-72987","post","type-post","status-publish","format-standard","has-post-thumbnail","hentry","category-alcoy","category-noticias","category-politicayeconomia","tag-alcoy","tag-incremento","tag-partido-popular","tag-pobreza"],"yoast_head":"<!-- This site is optimized with the Yoast SEO plugin v27.3 - https:\/\/yoast.com\/product\/yoast-seo-wordpress\/ -->\n<title>El PP alerta del aumento de la pobreza en Alcoy - COPE Alcoy<\/title>\n<meta name=\"robots\" content=\"index, follow, max-snippet:-1, max-image-preview:large, max-video-preview:-1\" \/>\n<link rel=\"canonical\" href=\"https:\/\/www.copealcoy.es\/es\/el-pp-alerta-del-aumento-de-la-pobreza-en-alcoy\/\" \/>\n<meta property=\"og:locale\" content=\"es_ES\" \/>\n<meta property=\"og:type\" content=\"article\" \/>\n<meta property=\"og:title\" content=\"El PP alerta del aumento de la pobreza en Alcoy - COPE Alcoy\" \/>\n<meta property=\"og:description\" content=\"El Partido Popular de Alcoy ha advertido del incremento de la pobreza en la ciudad y ha exigido al Gobierno...\" \/>\n<meta property=\"og:url\" content=\"https:\/\/www.copealcoy.es\/es\/el-pp-alerta-del-aumento-de-la-pobreza-en-alcoy\/\" \/>\n<meta property=\"og:site_name\" content=\"COPE Alcoy\" \/>\n<meta property=\"article:published_time\" content=\"2021-04-16T15:03:19+00:00\" \/>\n<meta property=\"article:modified_time\" content=\"2021-04-16T15:19:37+00:00\" \/>\n<meta property=\"og:image\" content=\"https:\/\/www.copealcoy.es\/wp-content\/uploads\/2021\/02\/0-alcoy-2.jpg\" \/>\n\t<meta property=\"og:image:width\" content=\"1280\" \/>\n\t<meta property=\"og:image:height\" content=\"720\" \/>\n\t<meta property=\"og:image:type\" content=\"image\/jpeg\" \/>\n<meta name=\"author\" content=\"Cope Alcoy\" \/>\n<meta name=\"twitter:label1\" content=\"Escrito por\" \/>\n\t<meta name=\"twitter:data1\" content=\"Cope Alcoy\" \/>\n\t<meta name=\"twitter:label2\" content=\"Tiempo de lectura\" \/>\n\t<meta name=\"twitter:data2\" content=\"2 minutos\" \/>\n<script type=\"application\/ld+json\" class=\"yoast-schema-graph\">{\"@context\":\"https:\\\/\\\/schema.org\",\"@graph\":[{\"@type\":\"Article\",\"@id\":\"https:\\\/\\\/www.copealcoy.es\\\/es\\\/el-pp-alerta-del-aumento-de-la-pobreza-en-alcoy\\\/#article\",\"isPartOf\":{\"@id\":\"https:\\\/\\\/www.copealcoy.es\\\/es\\\/el-pp-alerta-del-aumento-de-la-pobreza-en-alcoy\\\/\"},\"author\":{\"name\":\"Cope Alcoy\",\"@id\":\"https:\\\/\\\/www.copealcoy.es\\\/es\\\/#\\\/schema\\\/person\\\/e777c87fa024e57d40170af9df39882c\"},\"headline\":\"El PP alerta del aumento de la pobreza en Alcoy\",\"datePublished\":\"2021-04-16T15:03:19+00:00\",\"dateModified\":\"2021-04-16T15:19:37+00:00\",\"mainEntityOfPage\":{\"@id\":\"https:\\\/\\\/www.copealcoy.es\\\/es\\\/el-pp-alerta-del-aumento-de-la-pobreza-en-alcoy\\\/\"},\"wordCount\":370,\"commentCount\":0,\"image\":{\"@id\":\"https:\\\/\\\/www.copealcoy.es\\\/es\\\/el-pp-alerta-del-aumento-de-la-pobreza-en-alcoy\\\/#primaryimage\"},\"thumbnailUrl\":\"https:\\\/\\\/www.copealcoy.es\\\/wp-content\\\/uploads\\\/2021\\\/02\\\/0-alcoy-2.jpg\",\"keywords\":[\"Alcoy\",\"incremento\",\"Partido Popular\",\"pobreza\"],\"articleSection\":[\"Alcoy\",\"Noticias\",\"Pol\u00edtica y Econom\u00eda\"],\"inLanguage\":\"es\"},{\"@type\":\"WebPage\",\"@id\":\"https:\\\/\\\/www.copealcoy.es\\\/es\\\/el-pp-alerta-del-aumento-de-la-pobreza-en-alcoy\\\/\",\"url\":\"https:\\\/\\\/www.copealcoy.es\\\/es\\\/el-pp-alerta-del-aumento-de-la-pobreza-en-alcoy\\\/\",\"name\":\"El PP alerta del aumento de la pobreza en Alcoy - COPE Alcoy\",\"isPartOf\":{\"@id\":\"https:\\\/\\\/www.copealcoy.es\\\/es\\\/#website\"},\"primaryImageOfPage\":{\"@id\":\"https:\\\/\\\/www.copealcoy.es\\\/es\\\/el-pp-alerta-del-aumento-de-la-pobreza-en-alcoy\\\/#primaryimage\"},\"image\":{\"@id\":\"https:\\\/\\\/www.copealcoy.es\\\/es\\\/el-pp-alerta-del-aumento-de-la-pobreza-en-alcoy\\\/#primaryimage\"},\"thumbnailUrl\":\"https:\\\/\\\/www.copealcoy.es\\\/wp-content\\\/uploads\\\/2021\\\/02\\\/0-alcoy-2.jpg\",\"datePublished\":\"2021-04-16T15:03:19+00:00\",\"dateModified\":\"2021-04-16T15:19:37+00:00\",\"author\":{\"@id\":\"https:\\\/\\\/www.copealcoy.es\\\/es\\\/#\\\/schema\\\/person\\\/e777c87fa024e57d40170af9df39882c\"},\"breadcrumb\":{\"@id\":\"https:\\\/\\\/www.copealcoy.es\\\/es\\\/el-pp-alerta-del-aumento-de-la-pobreza-en-alcoy\\\/#breadcrumb\"},\"inLanguage\":\"es\",\"potentialAction\":[{\"@type\":\"ReadAction\",\"target\":[\"https:\\\/\\\/www.copealcoy.es\\\/es\\\/el-pp-alerta-del-aumento-de-la-pobreza-en-alcoy\\\/\"]}]},{\"@type\":\"ImageObject\",\"inLanguage\":\"es\",\"@id\":\"https:\\\/\\\/www.copealcoy.es\\\/es\\\/el-pp-alerta-del-aumento-de-la-pobreza-en-alcoy\\\/#primaryimage\",\"url\":\"https:\\\/\\\/www.copealcoy.es\\\/wp-content\\\/uploads\\\/2021\\\/02\\\/0-alcoy-2.jpg\",\"contentUrl\":\"https:\\\/\\\/www.copealcoy.es\\\/wp-content\\\/uploads\\\/2021\\\/02\\\/0-alcoy-2.jpg\",\"width\":1280,\"height\":720},{\"@type\":\"BreadcrumbList\",\"@id\":\"https:\\\/\\\/www.copealcoy.es\\\/es\\\/el-pp-alerta-del-aumento-de-la-pobreza-en-alcoy\\\/#breadcrumb\",\"itemListElement\":[{\"@type\":\"ListItem\",\"position\":1,\"name\":\"Portada\",\"item\":\"https:\\\/\\\/www.copealcoy.es\\\/es\\\/\"},{\"@type\":\"ListItem\",\"position\":2,\"name\":\"El PP alerta del aumento de la pobreza en Alcoy\"}]},{\"@type\":\"WebSite\",\"@id\":\"https:\\\/\\\/www.copealcoy.es\\\/es\\\/#website\",\"url\":\"https:\\\/\\\/www.copealcoy.es\\\/es\\\/\",\"name\":\"COPE Alcoy\",\"description\":\"Emisora COPE de radio local con emisi\u00f3n online. Pont de Sant Jordi 8-10 03803 Alcoy\",\"potentialAction\":[{\"@type\":\"SearchAction\",\"target\":{\"@type\":\"EntryPoint\",\"urlTemplate\":\"https:\\\/\\\/www.copealcoy.es\\\/es\\\/?s={search_term_string}\"},\"query-input\":{\"@type\":\"PropertyValueSpecification\",\"valueRequired\":true,\"valueName\":\"search_term_string\"}}],\"inLanguage\":\"es\"},{\"@type\":\"Person\",\"@id\":\"https:\\\/\\\/www.copealcoy.es\\\/es\\\/#\\\/schema\\\/person\\\/e777c87fa024e57d40170af9df39882c\",\"name\":\"Cope Alcoy\",\"image\":{\"@type\":\"ImageObject\",\"inLanguage\":\"es\",\"@id\":\"https:\\\/\\\/secure.gravatar.com\\\/avatar\\\/bb65d0283347e303893ba14f0692005417c1e0e690a325a4c5d8bb2b3943ee14?s=96&d=mm&r=g\",\"url\":\"https:\\\/\\\/secure.gravatar.com\\\/avatar\\\/bb65d0283347e303893ba14f0692005417c1e0e690a325a4c5d8bb2b3943ee14?s=96&d=mm&r=g\",\"contentUrl\":\"https:\\\/\\\/secure.gravatar.com\\\/avatar\\\/bb65d0283347e303893ba14f0692005417c1e0e690a325a4c5d8bb2b3943ee14?s=96&d=mm&r=g\",\"caption\":\"Cope Alcoy\"}}]}<\/script>\n<!-- \/ Yoast SEO plugin. -->","yoast_head_json":{"title":"El PP alerta del aumento de la pobreza en Alcoy - COPE Alcoy","robots":{"index":"index","follow":"follow","max-snippet":"max-snippet:-1","max-image-preview":"max-image-preview:large","max-video-preview":"max-video-preview:-1"},"canonical":"https:\/\/www.copealcoy.es\/es\/el-pp-alerta-del-aumento-de-la-pobreza-en-alcoy\/","og_locale":"es_ES","og_type":"article","og_title":"El PP alerta del aumento de la pobreza en Alcoy - COPE Alcoy","og_description":"El Partido Popular de Alcoy ha advertido del incremento de la pobreza en la ciudad y ha exigido al Gobierno...","og_url":"https:\/\/www.copealcoy.es\/es\/el-pp-alerta-del-aumento-de-la-pobreza-en-alcoy\/","og_site_name":"COPE Alcoy","article_published_time":"2021-04-16T15:03:19+00:00","article_modified_time":"2021-04-16T15:19:37+00:00","og_image":[{"width":1280,"height":720,"url":"https:\/\/www.copealcoy.es\/wp-content\/uploads\/2021\/02\/0-alcoy-2.jpg","type":"image\/jpeg"}],"author":"Cope Alcoy","twitter_misc":{"Escrito por":"Cope Alcoy","Tiempo de lectura":"2 minutos"},"schema":{"@context":"https:\/\/schema.org","@graph":[{"@type":"Article","@id":"https:\/\/www.copealcoy.es\/es\/el-pp-alerta-del-aumento-de-la-pobreza-en-alcoy\/#article","isPartOf":{"@id":"https:\/\/www.copealcoy.es\/es\/el-pp-alerta-del-aumento-de-la-pobreza-en-alcoy\/"},"author":{"name":"Cope Alcoy","@id":"https:\/\/www.copealcoy.es\/es\/#\/schema\/person\/e777c87fa024e57d40170af9df39882c"},"headline":"El PP alerta del aumento de la pobreza en Alcoy","datePublished":"2021-04-16T15:03:19+00:00","dateModified":"2021-04-16T15:19:37+00:00","mainEntityOfPage":{"@id":"https:\/\/www.copealcoy.es\/es\/el-pp-alerta-del-aumento-de-la-pobreza-en-alcoy\/"},"wordCount":370,"commentCount":0,"image":{"@id":"https:\/\/www.copealcoy.es\/es\/el-pp-alerta-del-aumento-de-la-pobreza-en-alcoy\/#primaryimage"},"thumbnailUrl":"https:\/\/www.copealcoy.es\/wp-content\/uploads\/2021\/02\/0-alcoy-2.jpg","keywords":["Alcoy","incremento","Partido Popular","pobreza"],"articleSection":["Alcoy","Noticias","Pol\u00edtica y Econom\u00eda"],"inLanguage":"es"},{"@type":"WebPage","@id":"https:\/\/www.copealcoy.es\/es\/el-pp-alerta-del-aumento-de-la-pobreza-en-alcoy\/","url":"https:\/\/www.copealcoy.es\/es\/el-pp-alerta-del-aumento-de-la-pobreza-en-alcoy\/","name":"El PP alerta del aumento de la pobreza en Alcoy - COPE Alcoy","isPartOf":{"@id":"https:\/\/www.copealcoy.es\/es\/#website"},"primaryImageOfPage":{"@id":"https:\/\/www.copealcoy.es\/es\/el-pp-alerta-del-aumento-de-la-pobreza-en-alcoy\/#primaryimage"},"image":{"@id":"https:\/\/www.copealcoy.es\/es\/el-pp-alerta-del-aumento-de-la-pobreza-en-alcoy\/#primaryimage"},"thumbnailUrl":"https:\/\/www.copealcoy.es\/wp-content\/uploads\/2021\/02\/0-alcoy-2.jpg","datePublished":"2021-04-16T15:03:19+00:00","dateModified":"2021-04-16T15:19:37+00:00","author":{"@id":"https:\/\/www.copealcoy.es\/es\/#\/schema\/person\/e777c87fa024e57d40170af9df39882c"},"breadcrumb":{"@id":"https:\/\/www.copealcoy.es\/es\/el-pp-alerta-del-aumento-de-la-pobreza-en-alcoy\/#breadcrumb"},"inLanguage":"es","potentialAction":[{"@type":"ReadAction","target":["https:\/\/www.copealcoy.es\/es\/el-pp-alerta-del-aumento-de-la-pobreza-en-alcoy\/"]}]},{"@type":"ImageObject","inLanguage":"es","@id":"https:\/\/www.copealcoy.es\/es\/el-pp-alerta-del-aumento-de-la-pobreza-en-alcoy\/#primaryimage","url":"https:\/\/www.copealcoy.es\/wp-content\/uploads\/2021\/02\/0-alcoy-2.jpg","contentUrl":"https:\/\/www.copealcoy.es\/wp-content\/uploads\/2021\/02\/0-alcoy-2.jpg","width":1280,"height":720},{"@type":"BreadcrumbList","@id":"https:\/\/www.copealcoy.es\/es\/el-pp-alerta-del-aumento-de-la-pobreza-en-alcoy\/#breadcrumb","itemListElement":[{"@type":"ListItem","position":1,"name":"Portada","item":"https:\/\/www.copealcoy.es\/es\/"},{"@type":"ListItem","position":2,"name":"El PP alerta del aumento de la pobreza en Alcoy"}]},{"@type":"WebSite","@id":"https:\/\/www.copealcoy.es\/es\/#website","url":"https:\/\/www.copealcoy.es\/es\/","name":"COPE Alcoy","description":"Emisora COPE de radio local con emisi\u00f3n online. Pont de Sant Jordi 8-10 03803 Alcoy","potentialAction":[{"@type":"SearchAction","target":{"@type":"EntryPoint","urlTemplate":"https:\/\/www.copealcoy.es\/es\/?s={search_term_string}"},"query-input":{"@type":"PropertyValueSpecification","valueRequired":true,"valueName":"search_term_string"}}],"inLanguage":"es"},{"@type":"Person","@id":"https:\/\/www.copealcoy.es\/es\/#\/schema\/person\/e777c87fa024e57d40170af9df39882c","name":"Cope Alcoy","image":{"@type":"ImageObject","inLanguage":"es","@id":"https:\/\/secure.gravatar.com\/avatar\/bb65d0283347e303893ba14f0692005417c1e0e690a325a4c5d8bb2b3943ee14?s=96&d=mm&r=g","url":"https:\/\/secure.gravatar.com\/avatar\/bb65d0283347e303893ba14f0692005417c1e0e690a325a4c5d8bb2b3943ee14?s=96&d=mm&r=g","contentUrl":"https:\/\/secure.gravatar.com\/avatar\/bb65d0283347e303893ba14f0692005417c1e0e690a325a4c5d8bb2b3943ee14?s=96&d=mm&r=g","caption":"Cope Alcoy"}}]}},"_links":{"self":[{"href":"https:\/\/www.copealcoy.es\/es\/wp-json\/wp\/v2\/posts\/72987","targetHints":{"allow":["GET"]}}],"collection":[{"href":"https:\/\/www.copealcoy.es\/es\/wp-json\/wp\/v2\/posts"}],"about":[{"href":"https:\/\/www.copealcoy.es\/es\/wp-json\/wp\/v2\/types\/post"}],"author":[{"embeddable":true,"href":"https:\/\/www.copealcoy.es\/es\/wp-json\/wp\/v2\/users\/1"}],"replies":[{"embeddable":true,"href":"https:\/\/www.copealcoy.es\/es\/wp-json\/wp\/v2\/comments?post=72987"}],"version-history":[{"count":0,"href":"https:\/\/www.copealcoy.es\/es\/wp-json\/wp\/v2\/posts\/72987\/revisions"}],"wp:featuredmedia":[{"embeddable":true,"href":"https:\/\/www.copealcoy.es\/es\/wp-json\/wp\/v2\/media\/70921"}],"wp:attachment":[{"href":"https:\/\/www.copealcoy.es\/es\/wp-json\/wp\/v2\/media?parent=72987"}],"wp:term":[{"taxonomy":"category","embeddable":true,"href":"https:\/\/www.copealcoy.es\/es\/wp-json\/wp\/v2\/categories?post=72987"},{"taxonomy":"post_tag","embeddable":true,"href":"https:\/\/www.copealcoy.es\/es\/wp-json\/wp\/v2\/tags?post=72987"}],"curies":[{"name":"wp","href":"https:\/\/api.w.org\/{rel}","templated":true}]}}